{"id":122691,"date":"2020-03-17T12:36:50","date_gmt":"2020-03-17T11:36:50","guid":{"rendered":"https:\/\/www.radiopiu.net\/wordpress\/?p=122691"},"modified":"2020-03-17T14:58:03","modified_gmt":"2020-03-17T13:58:03","slug":"conferenza-stampa-del-presidente-del-veneto-luca-zaia-17-marzo-2020","status":"publish","type":"post","link":"https:\/\/www.radiopiu.net\/wordpress\/conferenza-stampa-del-presidente-del-veneto-luca-zaia-17-marzo-2020\/","title":{"rendered":"CONFERENZA STAMPA DEL PRESIDENTE DEL VENETO LUCA ZAIA 17 MARZO 2020"},"content":{"rendered":"<p><strong>VENEZIA<\/strong> Il consueto appuntamento giornaliero con la conferenza stampa del Presidente del Veneto Luca Zaia<\/p>\n<p><strong>LUCA ZAIA\u00a0<\/strong><\/p>\n<p>&#8220;Non abbassate la guardia &#8211; attacca il governatore &#8211; noi continueremo con la politica dei tamponi ci\u00f2 che non sgozza ingrassa diciamo in veneto e se un tampone in pi\u00f9 puo&#8217; salvare una vita siamo sulla strada giusta. Ma voi rispettate le regole e le distanze. Stiamo per presentare un nuovo dispositivo di protezione individuale. Grazie a chi lavora nei supermercati oltre a quelli della sanit\u00e0, sono attivit\u00e0 essenziali. Non abbassate la guardia, rimanete a casa. Faro&#8217; in modo che le uscite non si possano fare, piu&#8217; restiamo a casa e meglio \u00e8 per l&#8217;esito della nostra strategia&#8221;.<\/p>\n<p>&#8220;Siamo partiti con i controlli nella aziende, il primo giro: 60 aziende nelle Ulss, grandi e medio grandi. Lo faermo tutti i giorni, doveroso nel rispetto dei lavoratori. Non possiamo chiudere le aziende ma i controlli si con uomini e donne dello Spisal. E&#8217; la nostra strategia, siamo appena partiti. E&#8217; un&#8217;azione molto presente. Se ci sono realt\u00e0 da segnalare che disattendono il rispetto delle regole ditelo. Non\u00a0 un&#8217;attivit\u00e0 inquisitoria, ma se i lavoratori di ammalano o muoiono non sono pi\u00f9 quelle di prima&#8221;.<\/p>\n<p><strong>ASSESSORE MANUELA LANZARIN\u00a0<\/strong><\/p>\n<p>&#8220;Delle 525 persone richieste nelle Ulss gi\u00e0 molte ne sono state aggiunte, usiamo anche i specializzandi ed \u00e8 una grande possibilit\u00e0. In totale operatori medici che hanno risposto all&#8217;ultimo bando 486 persone oltre 525 gi\u00e0 ipotizzati&#8221;.<\/p>\n<p><strong>LUCA ZAIA<\/strong><br \/>\n&#8220;Questa emergena impegna un migliaio di persone in pi\u00f9 nella sanit\u00e0 un grande sacrificio chiesto alla comunit\u00e0&#8221;<br \/>\n&#8220;Seconde case, il Veneto non mander\u00e0 mai via nessuno che questo sia chiaro a meno che non manchino i medici per garantire le attivit\u00e0. In Veneto dalla montagna ai laghi il turismo e&#8217; sacro e lo sar\u00e0 fino alla fine&#8221;.<\/p>\n<p><strong>DOMANDE<\/strong><br \/>\nCONTROLLI PRIMI RISULTATI? &#8220;Grandi aziende usano i dispositivi con il massimo del rispetto delle indicazioni&#8221;<\/p>\n<p>DEI 525 MEDICI SONO AUTORIZZATI?\u00a0 &#8220;Si saranno assunti&#8221;<\/p>\n<p>TEMPI DEL BANDO? &#8220;Pronti ad iniziare, prevediamo un migliaio di persone&#8221;<\/p>\n<p>LUCA ZAIA &#8220;Stiamo acquistando i dispositivi\u00a0 su estero.Mascherine non se ne trovano c&#8217;e&#8217; un mondo in crisi.Abbiamo almeno 2 milioni e mezzo di mascherine in arrivo ma anche 50 mila dipendenti in casa di riposo.. ci vogliono almeno 150 mila mascherine al giorno. Buoni contatti che forse intercettiamo a livello internazionale. Dobbiamo difenderci da speculatori infami che arrivano a proporci mascherine anche a 5 euro&#8221;.<\/p>\n<p>&#8220;E&#8217; passata la norma dei dispositivi di protezione e presenteremo un&#8217;operazione che stiamo costruendo da una settimana made in veneto, anche chirurgiche. Il decreto ha risolto i problemi&#8221;<\/p>\n<p>POLITICA DEI TAMPONI<br \/>\n&#8220;E&#8217; partito il procedimento acquistiamo attrezzatura per potenziarli ancora di piu&#8217; iniziando da tutto il personale sanitario AMMINISTRATIVO COMPRESO. Tamponi li stiamo facendo ad oggi 40 mila, prima noi, poi Corea, Lombardia e gli altri&#8221;.<\/p>\n<p>&#8220;Se c&#8217;arrivano tutti arrivano una montagna di respiratori. Stiamo lavorando anche sui fondi di magazzino. Non voglio che qualcuno perda la vita perche&#8217; non c&#8217;e&#8217; un tubo da mettere in bocca. E&#8217; un virus che devasta altro che sintomi influenzali&#8221;.<\/p>\n<p>COSA POSSONO FARE I VENETI?<\/p>\n<p>&#8220;La contribuzione dei veneti? Un sola, stare a casa. Di domenica bisogna chiudere tutto anche i supermercati. Dico di non andare 10 volte al giorno a fare la spesa il viruso e&#8217; dietro l&#8217;angolo che aspetta&#8221;<\/p>\n<p>LA SCUOLA NON E&#8217; UNA VOSTRA DECISIONE FINIRA&#8217; L&#8217;ANNO?&#8221;<br \/>\n&#8220;Va tenuta chiusa in queste condizioni. Non so quando finir\u00e0 la tragedia. Spero ci siano misure importanti nelle aziende. Della scuola non so dirlo, meglio si organizzi con l&#8217;educazione a distanza, la partita non si risolve entro il 3 aprile.<\/p>\n<p>CHE LE USCITE NON SI POSSANO FARE?<br \/>\n&#8220;Si valuti l&#8217;opportunit\u00e0 di vietare anche le passeggiate, fuori solo per attivit\u00e0 indifferibili. Il problema non e&#8217; l&#8217;uscita in solitaria, ma chi vive in rea urbana va al passeggiare al parco e qui si riversa la citt\u00e0&#8221;.<\/p>\n<p>QUANTI DEI SANITARI IN ISOLAMENTO SONO TORNATI AL LAVORO?<br \/>\n&#8220;Il decreto prevede che si vada in pensione alla cessazione dell&#8217;emergenza&#8221;<\/p>\n<p>SITUAZIONE AZIENDE<br \/>\n&#8220;La soluzione migliore stare in casa e chiudersi con il silicone, ma ci sono aziende che devono tenere aperte, la filiera alimentare, quella dei farmaci, per il resto molte hanno chiuso autonomamente. Luxottica non lo so. Electrolux chiusa. Se un&#8217;azienda sa di mettere in sicurezza i lavoratori continua altrimenti chiude perch\u00e8 facciamo i controlli&#8221;<\/p>\n<p>DIVIETI CHIEDERA&#8217; QUELLO CHE DICE AL GOVERNO?<br \/>\n&#8220;Certo&#8221;<\/p>\n<p>FACCIAMO NOI GLI ORDINI PER TUTTI?<br \/>\n&#8220;Chi le ha ce le porti che le prendiamo non facciamo differenza&#8221;<br \/>\nORDINANZA?<br \/>\n&#8220;Le farei a purtroppo alcune non le posso fare, tipo vietare la passeggiata alla domenica. Ci vuole a monte una norma superiore&#8221;.<br \/>\nDELEGAZIONE CINESE CHE FA?<br \/>\n&#8220;E&#8217; arrivata non so cosa fa&#8221;.<\/p>\n<p>&#8220;Non diffondete notizie positive, non diffondiamo il modello perch\u00e9 creerebbe solo angoscia. Nulla di tranquilizzante e non \u00e8 una strategia. SIamo in emergenza. Ora emergenza su Villafranca&#8221;.<br \/>\n&#8220;Grazie ai sindaci per il lavoro che fanno, e i cittadini, siamo in battaglia, poi torner\u00e0 tutto come prima anche i punti nascita. Ora ci sono delle priorit\u00e0, salvare la vita ai cittadinI&#8221;.<\/p>\n<p>PROGETTO CRISANTI?<\/p>\n<p>&#8220;Siamo operativi&#8221;<\/p>\n<p>QUANDO PRONTI GLI EX OSPEDALI RINNOVATI?<br \/>\n&#8220;Sono gi\u00e0 pronti anche a Vittorio Veneto e Treviso. I famosi 5 ospedali da oltre 700 posti letto li abbiamo aperti in una decina di giorni nonostante fossero chiusi da 8-9-10 anni. Sono stati chiusi in ordine perch\u00e9 abbiamo deciso cosi&#8217;. Non sono hub provinciali ma servono come polmoni e tali rimarranno all&#8217;occorrenza&#8221;.<\/p>\n<p>CAMPIONI ON THE ROAD?<br \/>\n&#8220;Presenteremo il progetto&#8221;<\/p>\n<p>VERSO MARTEDI VI DIRO&#8217; QUALCHE COSA DEI MODELLI, SE SIAMO NELLA DIREZIONE GIUSTA.<br \/>\n&#8220;SIamo preoccupati come 5 giorni fa, non ci sono cali, non \u00e8 una passeggiata. Non discuto la politica degli inglesi ma ha fatto danni. Si vergognino quelli che dicono che muoiono solo gli anziani&#8221;.<\/p>\n<p>&nbsp;<\/p>\n<p>&nbsp;<\/p>\n<p><strong>DALLA PAGINA UFFICIALE DEL PRESIDENTE DEL VENETO LUCA ZAIA<\/strong><\/p>\n<div id=\"fb-root\"><\/div>\n<p><script async=\"1\" defer=\"1\" crossorigin=\"anonymous\" src=\"https:\/\/connect.facebook.net\/it_IT\/sdk.js#xfbml=1&amp;version=v6.0\"><\/script><\/p>\n<div class=\"fb-video\" data-href=\"https:\/\/www.facebook.com\/zaiaufficiale\/videos\/208235880240955\/\" data-width=\"1200\">\n<blockquote cite=\"https:\/\/www.facebook.com\/zaiaufficiale\/videos\/208235880240955\/\" class=\"fb-xfbml-parse-ignore\"><p><a href=\"https:\/\/www.facebook.com\/zaiaufficiale\/videos\/208235880240955\/\"><\/a><\/p>\n<p>\u274c #CORONAVIRUS \/ SEGUITE LA DIRETTA PER TUTTI GLI AGGIORNAMENTI. \u274c<\/p>\n<p>Pubblicato da <a href=\"https:\/\/www.facebook.com\/zaiaufficiale\/\">Luca Zaia<\/a> su Marted\u00ec 17 marzo 2020<\/p><\/blockquote>\n<\/div>\n","protected":false},"excerpt":{"rendered":"<p>VENEZIA Il consueto appuntamento giornaliero con la conferenza stampa del Presidente del Veneto Luca Zaia LUCA ZAIA\u00a0 &#8220;Non abbassate la guardia &#8211; attacca il governatore &#8211; noi continueremo con la politica dei tamponi ci\u00f2 che non sgozza ingrassa diciamo in veneto e se un tampone in pi\u00f9 puo&#8217; salvare una vita siamo sulla strada giusta.&hellip;<\/p>\n","protected":false},"author":1,"featured_media":121391,"comment_status":"closed","ping_status":"closed","sticky":false,"template":"","format":"standard","meta":{"_monsterinsights_skip_tracking":false,"_monsterinsights_sitenote_active":false,"_monsterinsights_sitenote_note":"","_monsterinsights_sitenote_category":0,"footnotes":""},"categories":[49],"tags":[],"class_list":["post-122691","post","type-post","status-publish","format-standard","has-post-thumbnail","hentry","category-news-18","category-49","description-off"],"img_url":"https:\/\/www.radiopiu.net\/wordpress\/wp-content\/uploads\/2020\/03\/covid-zaia.jpg","_links":{"self":[{"href":"https:\/\/www.radiopiu.net\/wordpress\/wp-json\/wp\/v2\/posts\/122691","targetHints":{"allow":["GET"]}}],"collection":[{"href":"https:\/\/www.radiopiu.net\/wordpress\/wp-json\/wp\/v2\/posts"}],"about":[{"href":"https:\/\/www.radiopiu.net\/wordpress\/wp-json\/wp\/v2\/types\/post"}],"author":[{"embeddable":true,"href":"https:\/\/www.radiopiu.net\/wordpress\/wp-json\/wp\/v2\/users\/1"}],"replies":[{"embeddable":true,"href":"https:\/\/www.radiopiu.net\/wordpress\/wp-json\/wp\/v2\/comments?post=122691"}],"version-history":[{"count":0,"href":"https:\/\/www.radiopiu.net\/wordpress\/wp-json\/wp\/v2\/posts\/122691\/revisions"}],"wp:featuredmedia":[{"embeddable":true,"href":"https:\/\/www.radiopiu.net\/wordpress\/wp-json\/wp\/v2\/media\/121391"}],"wp:attachment":[{"href":"https:\/\/www.radiopiu.net\/wordpress\/wp-json\/wp\/v2\/media?parent=122691"}],"wp:term":[{"taxonomy":"category","embeddable":true,"href":"https:\/\/www.radiopiu.net\/wordpress\/wp-json\/wp\/v2\/categories?post=122691"},{"taxonomy":"post_tag","embeddable":true,"href":"https:\/\/www.radiopiu.net\/wordpress\/wp-json\/wp\/v2\/tags?post=122691"}],"curies":[{"name":"wp","href":"https:\/\/api.w.org\/{rel}","templated":true}]}}