{"id":122985,"date":"2020-03-17T23:59:57","date_gmt":"2020-03-17T22:59:57","guid":{"rendered":"https:\/\/www.radiopiu.net\/wordpress\/?p=122985"},"modified":"2020-03-17T21:28:57","modified_gmt":"2020-03-17T20:28:57","slug":"nonostante-le-rassicurazioni-del-sindaco-il-gruppo-di-minoranza-chiede-il-rinvio-del-consiglio-comunale","status":"publish","type":"post","link":"https:\/\/www.radiopiu.net\/wordpress\/nonostante-le-rassicurazioni-del-sindaco-il-gruppo-di-minoranza-chiede-il-rinvio-del-consiglio-comunale\/","title":{"rendered":"NONOSTANTE LE RASSICURAZIONI DEL SINDACO IL GRUPPO DI MINORANZA CHIEDE IL RINVIO DEL CONSIGLIO COMUNALE"},"content":{"rendered":"<p><strong><a class=\"dt-pswp-item\" href=\"https:\/\/www.radiopiu.net\/wordpress\/wp-content\/uploads\/2020\/03\/CONSIGLIO-AGORDO.jpg\" data-dt-img-description=\"\" data-large_image_width=\"1477\" data-large_image_height=\"832\"><img loading=\"lazy\" decoding=\"async\" class=\"size-medium wp-image-122996 alignleft\" src=\"https:\/\/www.radiopiu.net\/wordpress\/wp-content\/uploads\/2020\/03\/CONSIGLIO-AGORDO-300x169.jpg\" alt=\"\" width=\"300\" height=\"169\" srcset=\"https:\/\/www.radiopiu.net\/wordpress\/wp-content\/uploads\/2020\/03\/CONSIGLIO-AGORDO-300x169.jpg 300w, https:\/\/www.radiopiu.net\/wordpress\/wp-content\/uploads\/2020\/03\/CONSIGLIO-AGORDO-1024x577.jpg 1024w, https:\/\/www.radiopiu.net\/wordpress\/wp-content\/uploads\/2020\/03\/CONSIGLIO-AGORDO-768x433.jpg 768w, https:\/\/www.radiopiu.net\/wordpress\/wp-content\/uploads\/2020\/03\/CONSIGLIO-AGORDO.jpg 1477w\" sizes=\"auto, (max-width: 300px) 100vw, 300px\" \/><\/a>AGORDO<\/strong> Il Gruppo di minoranza del Comune di Agordo chiede che venga rinviato \u2013 a data da destinarsi \u2013 il Consiglio Comunale convocato per gioved\u00ec alle ore 17.30. Abbiamo gi\u00e0 inoltrato al Segretario Comunale richiesta di delucidazioni in merito a eventuali motivi che giustifichino l\u2019impossibilit\u00e0 del rinvio, che cos\u00ec ci risponde: \u201c.<em>&#8230;.non sussistendo alcun divieto normativo in tema di svolgimento delle sedute della Giunta e Consiglio Comunale, spetta al sindaco nella sua qualit\u00e0 di presidente dell&#8217;organo collegiale ogni decisione in merito alla convocazione e alla trattazione degli argomenti posti all&#8217;ordine del giorno dell&#8217;adunanza, fermo restando il vincolo inderogabile del rispetto della distanza interpersonale di almeno un metro tra tutti gli intervenuti alla seduta, oltre all&#8217;applicazione delle misure di igienizzazione e sanificazione dell&#8217;aula consigliare. Nel merito si fa notare che il Comune di Agordo, non avendo alla data del 31\/12\/2019 approvato il Bilancio di previsione, sta operando in esercizio provvisorio autorizzato con Decreto del Ministro dell&#8217;Interno fino al 30 aprile. La disciplina dell&#8217;esercizio provvisorio contenuta nell&#8217;art. 163 TUEL prevede importanti limitazioni alla gestione finanziaria dell&#8217;Ente\u2026<\/em>.\u201d Le motivazioni per le quali chiediamo l\u2019annullamento del presente Consiglio e il suo differimento a data da destinarsi risiedono nella situazione di estrema ed eccezionale emergenza provocata dal Coronavirus, anche in considerazione del fatto che \u2013 pur nell\u2019eventualit\u00e0 di mantenere le \u201cdistanze di sicurezza\u201d e tutte le precauzioni igienico-sanitarie che il caso impone \u2013 alcuni degli argomenti all\u2019ordine del giorno fanno prevedere lunghi tempi di discussione per essere adeguatamente analizzati e, data la contingenza, non ci pare opportuno permanere riuniti in un ambiente chiuso. In ottemperanza alle disposizioni nazionali, regionali e comunali che invitano a limitare quanto pi\u00f9 possibile ogni contatto non strettamente indispensabile e in virt\u00f9 del fatto che \u2013 dato il dilagare della pandemia \u2013 potremmo, ad oggi, essere tutti potenziali \u201cportatori asintomatici\u201d del virus, riteniamo che sia d\u2019obbligo, per il momento, non effettuare il Consiglio Comunale. Il Gruppo di minoranza dichiara \u2013 coeso e compatto \u2013 che NON SARA\u2019 PRESENTE alla assemblea consiliare di gioved\u00ec. Quanto sopra \u00e8 ritenuto dal Gruppo di minoranza un doveroso atto di senso civico, di sensibilit\u00e0, di rispetto e di esempio nei confronti della popolazione tutta.<\/p>\n","protected":false},"excerpt":{"rendered":"<p>AGORDO Il Gruppo di minoranza del Comune di Agordo chiede che venga rinviato \u2013 a data da destinarsi \u2013 il Consiglio Comunale convocato per gioved\u00ec alle ore 17.30. Abbiamo gi\u00e0 inoltrato al Segretario Comunale richiesta di delucidazioni in merito a eventuali motivi che giustifichino l\u2019impossibilit\u00e0 del rinvio, che cos\u00ec ci risponde: \u201c.&#8230;.non sussistendo alcun divieto&hellip;<\/p>\n","protected":false},"author":4,"featured_media":122996,"comment_status":"closed","ping_status":"closed","sticky":false,"template":"","format":"standard","meta":{"_monsterinsights_skip_tracking":false,"_monsterinsights_sitenote_active":false,"_monsterinsights_sitenote_note":"","_monsterinsights_sitenote_category":0,"footnotes":""},"categories":[49],"tags":[],"class_list":["post-122985","post","type-post","status-publish","format-standard","has-post-thumbnail","hentry","category-news-18","category-49","description-off"],"img_url":"https:\/\/www.radiopiu.net\/wordpress\/wp-content\/uploads\/2020\/03\/CONSIGLIO-AGORDO.jpg","_links":{"self":[{"href":"https:\/\/www.radiopiu.net\/wordpress\/wp-json\/wp\/v2\/posts\/122985","targetHints":{"allow":["GET"]}}],"collection":[{"href":"https:\/\/www.radiopiu.net\/wordpress\/wp-json\/wp\/v2\/posts"}],"about":[{"href":"https:\/\/www.radiopiu.net\/wordpress\/wp-json\/wp\/v2\/types\/post"}],"author":[{"embeddable":true,"href":"https:\/\/www.radiopiu.net\/wordpress\/wp-json\/wp\/v2\/users\/4"}],"replies":[{"embeddable":true,"href":"https:\/\/www.radiopiu.net\/wordpress\/wp-json\/wp\/v2\/comments?post=122985"}],"version-history":[{"count":0,"href":"https:\/\/www.radiopiu.net\/wordpress\/wp-json\/wp\/v2\/posts\/122985\/revisions"}],"wp:featuredmedia":[{"embeddable":true,"href":"https:\/\/www.radiopiu.net\/wordpress\/wp-json\/wp\/v2\/media\/122996"}],"wp:attachment":[{"href":"https:\/\/www.radiopiu.net\/wordpress\/wp-json\/wp\/v2\/media?parent=122985"}],"wp:term":[{"taxonomy":"category","embeddable":true,"href":"https:\/\/www.radiopiu.net\/wordpress\/wp-json\/wp\/v2\/categories?post=122985"},{"taxonomy":"post_tag","embeddable":true,"href":"https:\/\/www.radiopiu.net\/wordpress\/wp-json\/wp\/v2\/tags?post=122985"}],"curies":[{"name":"wp","href":"https:\/\/api.w.org\/{rel}","templated":true}]}}