{"id":123128,"date":"2020-03-18T18:56:36","date_gmt":"2020-03-18T17:56:36","guid":{"rendered":"https:\/\/www.radiopiu.net\/wordpress\/?p=123128"},"modified":"2020-03-18T21:09:32","modified_gmt":"2020-03-18T20:09:32","slug":"ventiquattro-decessi-in-poche-ore-in-crescita-i-contagi","status":"publish","type":"post","link":"https:\/\/www.radiopiu.net\/wordpress\/ventiquattro-decessi-in-poche-ore-in-crescita-i-contagi\/","title":{"rendered":"VENTIQUATTRO DECESSI IN POCHE ORE, IN CRESCITA I CONTAGI"},"content":{"rendered":"<p><strong>VENEZIA<\/strong> 24 decessi in poche ore, da questa mattina al pomeriggio, 6 pazienti in pi\u00f9 in terapia intensiva e 45 nuovi ricoveri. Aumentano i contagiati di 170 unit\u00e0. A Belluno un nuovo decesso ma non aumentano i ricoveri come a Feltre. Cresce per\u00f2 il numero dei contagiati, dieci in pi\u00f9 di questa mattina<\/p>\n<p>&nbsp;<\/p>\n<p><strong>BELLUNO<\/strong>\u00a0 Un paziente di 69 anni con patologie pregresse, ricoverato presso l\u2019 area COVID19 del San Martino di Belluno, e riscontrato positivo al Covid-19, \u00e8 deceduto. Sono in corso le valutazioni del caso da parte dell\u2019Istituto Superiore di Sanit\u00e0 sulle cause del decesso. La Direzione Generale esprime il proprio cordoglio ai familiari per il decesso.<\/p>\n<p><strong>POSITIVITA&#8217; IN PROVINCIA:<\/strong> Alpago* Belluno 18,\u00a0 Feltre 14, Pedavena 8, Borgo Valbelluna, Ponte nelle Alpi 6, Chies, Cortina, Lamon, Santa Giustina 5, Cesiomaggiore 4, Alano, Fonzaso, Quero Vas, Sedico, Seren del Grappa 3, Agordo, La Valle Agordina, San Gregorio nelle Alpi, Taibon, Val di Zoldo, Voltago Agordino 2, Alleghe, Arsi\u00e8, Borca, Colle Santa Lucia, Danta, Falcade, Gosaldo, Limana, Lozzo, Pieve di Cadore, San Tomaso Agordino, Tambre e Vallada Agordina 1.\u00a0 <em>*13 casi su 18 in casa di riposo.<\/em><\/p>\n<p><strong>VENETO COMUNI<\/strong> Verona 185,\u00a0 Padova 152,\u00a0 Venezia 141. <strong>VENETO<\/strong> <strong>PROVINCE<\/strong> Padova 781,\u00a0 Treviso 502 Rovigo 28 casi. <em>*aggiornamento 17 maggio<\/em><\/p>\n<p><strong>BELLUNO<\/strong> <span style=\"font-size: medium;\"><span style=\"font-family: Calibri, serif;\">Numero totale tamponi effettuati per ricerca nCoV al 18 marzo 2020:<\/span><span style=\"font-family: Calibri, serif;\"><b> 2.807 <\/b><\/span><\/span><span style=\"font-size: medium;\"><span style=\"font-family: Calibri, serif;\">persone residenti in Ulss Dolomiti in isolamento domiciliare fiduciario e sorveglianza attiva al 18 marzo 2020: <\/span><span style=\"font-family: Calibri, serif;\"><b>707 <\/b><\/span><\/span><span style=\"font-family: Calibri, serif; font-size: medium;\">Alcuni tamponi sono stati effettuati pi\u00f9 volte sulle stesse persone<\/span><\/p>\n<div class=\"su-document su-u-responsive-media-yes\"><iframe loading=\"lazy\" src=\"\/\/docs.google.com\/viewer?embedded=true&url=https:\/\/www.radiopiu.net\/wordpress\/wp-content\/uploads\/2020\/03\/aggiornamento-casi-e-ricoveri-18.3-ore-17.00.pdf.pdf.pdf\" width=\"600\" height=\"800\" class=\"su-document\" title=\"Decreto\"><\/iframe><\/div>\n<p>&nbsp;<\/p>\n","protected":false},"excerpt":{"rendered":"<p>VENEZIA 24 decessi in poche ore, da questa mattina al pomeriggio, 6 pazienti in pi\u00f9 in terapia intensiva e 45 nuovi ricoveri. Aumentano i contagiati di 170 unit\u00e0. A Belluno un nuovo decesso ma non aumentano i ricoveri come a Feltre. Cresce per\u00f2 il numero dei contagiati, dieci in pi\u00f9 di questa mattina &nbsp; BELLUNO\u00a0&hellip;<\/p>\n","protected":false},"author":1,"featured_media":121950,"comment_status":"closed","ping_status":"closed","sticky":false,"template":"","format":"standard","meta":{"_monsterinsights_skip_tracking":false,"_monsterinsights_sitenote_active":false,"_monsterinsights_sitenote_note":"","_monsterinsights_sitenote_category":0,"footnotes":""},"categories":[51,104,49],"tags":[],"class_list":["post-123128","post","type-post","status-publish","format-standard","has-post-thumbnail","hentry","category-evidenza-top","category-evidenza_3","category-news-18","category-51","category-104","category-49","description-off"],"img_url":"https:\/\/www.radiopiu.net\/wordpress\/wp-content\/uploads\/2020\/03\/covid-azienda-zero.jpg","_links":{"self":[{"href":"https:\/\/www.radiopiu.net\/wordpress\/wp-json\/wp\/v2\/posts\/123128","targetHints":{"allow":["GET"]}}],"collection":[{"href":"https:\/\/www.radiopiu.net\/wordpress\/wp-json\/wp\/v2\/posts"}],"about":[{"href":"https:\/\/www.radiopiu.net\/wordpress\/wp-json\/wp\/v2\/types\/post"}],"author":[{"embeddable":true,"href":"https:\/\/www.radiopiu.net\/wordpress\/wp-json\/wp\/v2\/users\/1"}],"replies":[{"embeddable":true,"href":"https:\/\/www.radiopiu.net\/wordpress\/wp-json\/wp\/v2\/comments?post=123128"}],"version-history":[{"count":0,"href":"https:\/\/www.radiopiu.net\/wordpress\/wp-json\/wp\/v2\/posts\/123128\/revisions"}],"wp:featuredmedia":[{"embeddable":true,"href":"https:\/\/www.radiopiu.net\/wordpress\/wp-json\/wp\/v2\/media\/121950"}],"wp:attachment":[{"href":"https:\/\/www.radiopiu.net\/wordpress\/wp-json\/wp\/v2\/media?parent=123128"}],"wp:term":[{"taxonomy":"category","embeddable":true,"href":"https:\/\/www.radiopiu.net\/wordpress\/wp-json\/wp\/v2\/categories?post=123128"},{"taxonomy":"post_tag","embeddable":true,"href":"https:\/\/www.radiopiu.net\/wordpress\/wp-json\/wp\/v2\/tags?post=123128"}],"curies":[{"name":"wp","href":"https:\/\/api.w.org\/{rel}","templated":true}]}}