{"id":123287,"date":"2020-03-19T09:00:59","date_gmt":"2020-03-19T08:00:59","guid":{"rendered":"https:\/\/www.radiopiu.net\/wordpress\/?p=123287"},"modified":"2020-03-19T07:59:03","modified_gmt":"2020-03-19T06:59:03","slug":"quinta-vittima-in-provincia-sedico-piange-il-fabbro-carlo-casagrande-nessun-rallentamento-nei-contagi","status":"publish","type":"post","link":"https:\/\/www.radiopiu.net\/wordpress\/quinta-vittima-in-provincia-sedico-piange-il-fabbro-carlo-casagrande-nessun-rallentamento-nei-contagi\/","title":{"rendered":"QUINTA VITTIMA IN PROVINCIA SEDICO PIANGE\u00a0 IL FABBRO CARLO CASAGRANDE, NESSUN RALLENTAMENTO NEI CONTAGI."},"content":{"rendered":"<h2><span style=\"color: #ff0000;\">QUANDO L&#8217;INDENNIZZO PER CURARE L&#8217;ITALIA E&#8217; INFERIORE AL REDDITO DI CITTADINANZA<\/span><\/h2>\n<blockquote><p><strong>QUINTA VITTIMA IN PROVINCIA SEDICO PIANGE\u00a0 IL FABBRO CARLO CASAGRANDE (foto), NESSUN RALLENTAMENTO NEI CONTAGI. L&#8217;ALPAGO TREMA, FOCOLAIO IN CASA DI RIPOSO SONO 13 I POSITIVI. LUXOTTICA RIPARTE DOPO <\/strong><strong>IL CONFORTANTE MESSAGGIO DI DEL VECCHIO E MILLERI.\u00a0 SUL DECRETO LEGGE \u201cCURA ITALIA\u201d, INSODDISFATTI GLI INDUSTRIALI DI VENEZIA E BELLUNO CHE RAPPRESENTANO I PRIMI CINQUE DISTRETTI DEL VENETO<br \/>\n<\/strong><\/p><\/blockquote>\n<p><em>Le case di riposo preoccupano i sindacati, aumentano i contagi tra ospiti e personale. Gianluigi Della Giacoma della FP CGIL denuncia la situazione &#8220;Operatori senza sicurezza, a Livinallongo con mascherine di stoffa cucite dalla sarta del paese. Si teme l&#8217;effetto bomba ad orologeria.\u00a0<\/em><\/p>\n<p><a class=\"dt-pswp-item\" href=\"https:\/\/www.radiopiu.net\/wordpress\/wp-content\/uploads\/2020\/03\/90801339_2663586920531576_7501582242741747712_n.png\" data-dt-img-description=\"\" data-large_image_width=\"486\" data-large_image_height=\"596\"><img loading=\"lazy\" decoding=\"async\" class=\"wp-image-123288 alignleft\" src=\"https:\/\/www.radiopiu.net\/wordpress\/wp-content\/uploads\/2020\/03\/90801339_2663586920531576_7501582242741747712_n.png\" alt=\"\" width=\"183\" height=\"224\" srcset=\"https:\/\/www.radiopiu.net\/wordpress\/wp-content\/uploads\/2020\/03\/90801339_2663586920531576_7501582242741747712_n.png 486w, https:\/\/www.radiopiu.net\/wordpress\/wp-content\/uploads\/2020\/03\/90801339_2663586920531576_7501582242741747712_n-245x300.png 245w\" sizes=\"auto, (max-width: 183px) 100vw, 183px\" \/><\/a>Siamo nel mezzo di una settimana decisiva per il coronavirus, ma secondo i modelli degli esperti della Regione il picco \u00e8 ancora lontano, gi\u00e0 si ipotizza una data, il 15 di aprile mentre la gente continua a morire. Solo ieri in Regione 24 vittime e oltre 450 nuovi contagi di questa epidemia che non solo sta cambiando il nostro stile di vita, ma il mondo intero. Il Nordest sta pagando un caro prezzo, l&#8217;escalation non conosce n\u00e8 freni n\u00e8 confini. Ieri \u00e8 mancato Carlo\u00a0 il fabbro di Sedico, aveva 69 anni moglie e due figli \u00e8 la quinta vittima in provincia del Coronavirus e mentre i contagi continuano a salire la Ulss1 Dolomiti porta in corsia altri 4 medici, 12 Oss e 2 infermieri. Sono i rinforzi per far fronte all&#8217;emergenza Covid_19 in una provincia che conta 150 persone positive, 34 solo nella giornata di ieri ed in poche ore (2807 i tamponi eseguiti) e 707 persone in isolamento domiciliare. Sono 27 i pazienti ricoverati in area critica al San Martino di Belluno (4 in terapia intensiva), 10 a Feltre. La mappa dei contagi vede primeggiare il feltrino come nei giorni scorsi, ma si aggiunge anche l&#8217;Alpago dove la situazione si fa preoccupante con 18 casi di positivit\u00e0, 13 in casa di riposo. Ieri \u00e8 stata anche la giornata del made in Veneto con la presentazione delle mascherine prodotte da Grafica Veneta di Fabio Franceschini, 2 milioni di pezzi che saranno distribuite dalla protezione civile ed \u00e8 scattata la caccia alla protezione.I continui appelli a restare a casa spesso sono inascoltati, i &#8220;duri&#8221; di cuore, perch\u00e9 se ne fregano della salute degli altri continuano a girare per le strade, si fermano in gruppo e la scusa dell&#8217;attivit\u00e0 fisica ne \u00e8 la\u00a0 causa al punto che gi\u00e0 si prospetta lo stop totale, anche alla corsetta in tuta sgargiante e il corpo imperlato di sudore. Il Ministro per lo sport minaccia lo stop assoluto mentre Rosolina passa alle vie di fatto chiudendo la spiaggia. In ogni paese i sentieri e le ciclabili sono meta di passeggiate quotidiane, a Sedico la popolazione protesta e chiede al primo cittadino di chiudere il percorso della Antiche Rogge. Anche i bellunesi si pongono in cima alle classifiche del &#8220;siamo di coccio&#8221;, ieri la Prefettura ha comunicato il numero dei denunciati, oltre trenta compreso un altro esercente del commercio. Nei giorni scorsi era invece stata data la notizia della denuncia di un agente immobiliare che oggi si difende affermando di aver rispettato il decreto, l&#8217;incontro contestato dai Carabinieri per l&#8217;atto notarile era improrogabile perch\u00e8 l&#8217;acquirente aveva necessit\u00e0 di entrare nella nuova abitazione sfrattato dalla vecchia.\u00a0 A Ponte nelle Alpi la Giunta comunale ha deciso di non riunirsi troppi i rischi di contagio, lo far\u00e0 in video conferenza. Ad Agordo la minoranza non parteciper\u00e0 al consiglio comunale per responsabilit\u00e0 versi se stessi e i cittadini &#8220;Un doveroso senso civico di sensibilit\u00e0 e rispetto verso la popolazione&#8221; scrive in un documento Paolo Selva Moretti per &#8220;Agordo Cambia&#8221;, la richiesta di rinviare il consiglio comunale non \u00e8 stata accolta dal gruppo di maggioranza che si riunir\u00e0 a porte chiuse (diretta facebook su RADIO PIU). Leonardo Del Vecchio, invocato dai suoi dipendenti ieri ha parlato ai &#8220;cari colleghi&#8221;, sono arrivate rassicurazioni importanti nei giorni in cui Luxottica riprende l&#8217;attivit\u00e0 mettendo davanti a tutto la salute dei lavoratori con ulteriori misure preventive, dalla misurazione della temperatura, alle distanze, al lavoro su pi\u00f9 turni per evitare assembramenti &#8220;<em>In questo momento facciamoci guidare dall\u2019amore e dalla passione per questa nostra azienda e dall\u2019attenzione e dal rispetto per tutte le persone che vi lavorano e contribuiscono ogni giorno al suo successo. Saranno proprio questi sentimenti, assieme alle nostre capacit\u00e0 professionali, che ci permetteranno di superare questo momento e ripartire pi\u00f9 forti e vincenti che mai&#8221; ha detto l&#8217;amato presidente <\/em>nel comunicato firmato anche da Francesco\u00a0 Milleri. La Manifattura Valcismon ha scelto di chiudere fino al 20 marzo, solo lavoro da casa. Fedon blocca la produzione per due giorni per sanificare gli ambienti e riorganizzare il lavoro e per chi contrae il virus copertura sanitaria fino a 3000 euro. Novit\u00e0 anche nei supermercati della catena Walber dove da sempre tutte le prescrizioni sono rispettate con uso di mascherine costruite in loco perch\u00e9 difficili da reperire sul mercato, senza risparmiare sull&#8217;ingienizzante, potente la comunicazione con la radio interna (ed esterna), attento il controllo all&#8217;ingresso per contingentare l&#8217;entrate dei clienti. A partire dal 22 marzo fino a nuova comunicazione tutti i Supermercati del Gruppo Walber, SuperW, JuniorW e WStore chiuderanno alle 19,30 e rimarranno chiusi al pubblico nelle giornate di domenica. &#8220;Pur nella consapevolezza di limitare il servizio\u00a0 &#8211; spiega il direttore Giancarlo Deola.-\u00a0 riteniamo doveroso alleggerire il lavoro dei nostri Collaboratori in questo periodo intenso e consentire loro di trascorrere almeno una giornata in famiglia&#8221;. Anche per questo \u00e8 stato ulteriormente rafforzato il servizio di distribuzione a domicilio anche con prenotazione on line. Da oggi Dolomitibus taglia il 70 per cento delle corse entra infatti in vigore il nuovo orario anche perch\u00e9 i passeggeri sono sempre meno. Rimangono in piedi per corse per i lavoratori Luxottica (ma non ci sono le navette), per l&#8217;area di Longarone e l&#8217;Alpago. Garantiti i collegamenti tra Belluno, Feltre, destra e sinistra Piave e le corse sostitutive di Trenitalia per Conegliano.<\/p>\n<p>&nbsp;<\/p>\n<p>&nbsp;<\/p>\n","protected":false},"excerpt":{"rendered":"<p>QUANDO L&#8217;INDENNIZZO PER CURARE L&#8217;ITALIA E&#8217; INFERIORE AL REDDITO DI CITTADINANZA QUINTA VITTIMA IN PROVINCIA SEDICO PIANGE\u00a0 IL FABBRO CARLO CASAGRANDE (foto), NESSUN RALLENTAMENTO NEI CONTAGI. L&#8217;ALPAGO TREMA, FOCOLAIO IN CASA DI RIPOSO SONO 13 I POSITIVI. LUXOTTICA RIPARTE DOPO IL CONFORTANTE MESSAGGIO DI DEL VECCHIO E MILLERI.\u00a0 SUL DECRETO LEGGE \u201cCURA ITALIA\u201d, INSODDISFATTI GLI&hellip;<\/p>\n","protected":false},"author":1,"featured_media":123288,"comment_status":"closed","ping_status":"closed","sticky":false,"template":"","format":"standard","meta":{"_monsterinsights_skip_tracking":false,"_monsterinsights_sitenote_active":false,"_monsterinsights_sitenote_note":"","_monsterinsights_sitenote_category":0,"footnotes":""},"categories":[51,49],"tags":[],"class_list":["post-123287","post","type-post","status-publish","format-standard","has-post-thumbnail","hentry","category-evidenza-top","category-news-18","category-51","category-49","description-off"],"img_url":"https:\/\/www.radiopiu.net\/wordpress\/wp-content\/uploads\/2020\/03\/90801339_2663586920531576_7501582242741747712_n.png","_links":{"self":[{"href":"https:\/\/www.radiopiu.net\/wordpress\/wp-json\/wp\/v2\/posts\/123287","targetHints":{"allow":["GET"]}}],"collection":[{"href":"https:\/\/www.radiopiu.net\/wordpress\/wp-json\/wp\/v2\/posts"}],"about":[{"href":"https:\/\/www.radiopiu.net\/wordpress\/wp-json\/wp\/v2\/types\/post"}],"author":[{"embeddable":true,"href":"https:\/\/www.radiopiu.net\/wordpress\/wp-json\/wp\/v2\/users\/1"}],"replies":[{"embeddable":true,"href":"https:\/\/www.radiopiu.net\/wordpress\/wp-json\/wp\/v2\/comments?post=123287"}],"version-history":[{"count":0,"href":"https:\/\/www.radiopiu.net\/wordpress\/wp-json\/wp\/v2\/posts\/123287\/revisions"}],"wp:featuredmedia":[{"embeddable":true,"href":"https:\/\/www.radiopiu.net\/wordpress\/wp-json\/wp\/v2\/media\/123288"}],"wp:attachment":[{"href":"https:\/\/www.radiopiu.net\/wordpress\/wp-json\/wp\/v2\/media?parent=123287"}],"wp:term":[{"taxonomy":"category","embeddable":true,"href":"https:\/\/www.radiopiu.net\/wordpress\/wp-json\/wp\/v2\/categories?post=123287"},{"taxonomy":"post_tag","embeddable":true,"href":"https:\/\/www.radiopiu.net\/wordpress\/wp-json\/wp\/v2\/tags?post=123287"}],"curies":[{"name":"wp","href":"https:\/\/api.w.org\/{rel}","templated":true}]}}