{"id":123424,"date":"2020-03-19T16:37:06","date_gmt":"2020-03-19T15:37:06","guid":{"rendered":"https:\/\/www.radiopiu.net\/wordpress\/?p=123424"},"modified":"2020-03-19T16:39:59","modified_gmt":"2020-03-19T15:39:59","slug":"covid19domani","status":"publish","type":"post","link":"https:\/\/www.radiopiu.net\/wordpress\/covid19domani\/","title":{"rendered":"COVID19: Domani al via\u00a0 il \u201cProgetto sostegno psicologico\u201d"},"content":{"rendered":"<h3 style=\"text-align: center;\"><\/h3>\n<p><strong>BELLUNO<\/strong> Parte il progetto \u201csostegno psicologico\u201d coordinato dalla psicologia ospedaliera dell&#8217;ULSS 1 Dolomiti\u00a0 con il\u00a0 contributo dell&#8217;AIL per l&#8217;attivit\u00e0 degli psicologi e del Fondo Welfare Dolomiti provinciale, per la supervisione\/formazione dei professionisti da parte di un Centro specializzato in psicologia dell&#8217;emergenza e di psicotraumatologia e la copertura dell&#8217;attivit\u00e0 rivolta con chi \u00e8 in quarantena nel week-end. Sempre da oggi\u00a0 inizier\u00e0 l&#8217;attivit\u00e0 verso degenti e operatori sanitari delle tre unit\u00e0 operative direttamente coinvolte con la cura dei malati CODIV 19. Inoltre,sono stati realizzati dei volantini informativi per affrontare il contagio emotivo nelle diverse fasce d&#8217;et\u00e0: bambini, adulti e anziani\/anziani con demenza.<\/p>\n<blockquote><p><em>\u00abE&#8217; un contesto nuovo, imprevisto che mai come ora nella storia sta coinvolgendo tutta la collettivit\u00e0\u00a0 rendendo cos\u00ec quasi impossibile rimanere immuni da ansie e paure.\u00a0 Quando il nostro sistema di allerta \u00e8 tuttavia troppo attivato rischiamo di non agire in modo protettivo. E&#8217; cos\u00ec necessario pi\u00f9 che mai che ciascuno nella nostra comunit\u00e0 abbia il suo supporto a partire dai malati e dagli operatori che ora li curano, per continuare con tutta la popolazione almeno con informazioni psicoeducazionali utili a ristabilire\u00a0 un minimo senso di sicurezza. La comunit\u00e0 in qualche modo \u00e8 a rischio di ammalarsi, ed \u00e8 la comunit\u00e0 insieme che potr\u00e0 guarire\u00bb, spiega la coordinatrice del progetto Francesca De Biasi.<\/em><\/p><\/blockquote>\n<p>&nbsp;<\/p>\n<div class=\"su-document su-u-responsive-media-yes\"><iframe loading=\"lazy\" src=\"\/\/docs.google.com\/viewer?embedded=true&url=https:\/\/www.radiopiu.net\/wordpress\/wp-content\/uploads\/2020\/03\/consigli_anziani.pdf\" width=\"600\" height=\"800\" class=\"su-document\" title=\"Decreto\"><\/iframe><\/div>\n<p>&nbsp;<\/p>\n<div class=\"su-document su-u-responsive-media-yes\"><iframe loading=\"lazy\" src=\"\/\/docs.google.com\/viewer?embedded=true&url=https:\/\/www.radiopiu.net\/wordpress\/wp-content\/uploads\/2020\/03\/consigli_adulti-1.pdf\" width=\"600\" height=\"800\" class=\"su-document\" title=\"Decreto\"><\/iframe><\/div>\n<p>&nbsp;<\/p>\n<div class=\"su-document su-u-responsive-media-yes\"><iframe loading=\"lazy\" src=\"\/\/docs.google.com\/viewer?embedded=true&url=https:\/\/www.radiopiu.net\/wordpress\/wp-content\/uploads\/2020\/03\/consigli_adulti-1.pdf\" width=\"600\" height=\"800\" class=\"su-document\" title=\"Decreto\"><\/iframe><\/div>\n<p>&nbsp;<\/p>\n<p>&nbsp;<\/p>\n<hr \/>\n<p>&nbsp;<\/p>\n","protected":false},"excerpt":{"rendered":"<p>BELLUNO Parte il progetto \u201csostegno psicologico\u201d coordinato dalla psicologia ospedaliera dell&#8217;ULSS 1 Dolomiti\u00a0 con il\u00a0 contributo dell&#8217;AIL per l&#8217;attivit\u00e0 degli psicologi e del Fondo Welfare Dolomiti provinciale, per la supervisione\/formazione dei professionisti da parte di un Centro specializzato in psicologia dell&#8217;emergenza e di psicotraumatologia e la copertura dell&#8217;attivit\u00e0 rivolta con chi \u00e8 in quarantena nel&hellip;<\/p>\n","protected":false},"author":1,"featured_media":121260,"comment_status":"closed","ping_status":"closed","sticky":false,"template":"","format":"standard","meta":{"_monsterinsights_skip_tracking":false,"_monsterinsights_sitenote_active":false,"_monsterinsights_sitenote_note":"","_monsterinsights_sitenote_category":0,"footnotes":""},"categories":[49],"tags":[],"class_list":["post-123424","post","type-post","status-publish","format-standard","has-post-thumbnail","hentry","category-news-18","category-49","description-off"],"img_url":"https:\/\/www.radiopiu.net\/wordpress\/wp-content\/uploads\/2020\/03\/covid-ulss.jpg","_links":{"self":[{"href":"https:\/\/www.radiopiu.net\/wordpress\/wp-json\/wp\/v2\/posts\/123424","targetHints":{"allow":["GET"]}}],"collection":[{"href":"https:\/\/www.radiopiu.net\/wordpress\/wp-json\/wp\/v2\/posts"}],"about":[{"href":"https:\/\/www.radiopiu.net\/wordpress\/wp-json\/wp\/v2\/types\/post"}],"author":[{"embeddable":true,"href":"https:\/\/www.radiopiu.net\/wordpress\/wp-json\/wp\/v2\/users\/1"}],"replies":[{"embeddable":true,"href":"https:\/\/www.radiopiu.net\/wordpress\/wp-json\/wp\/v2\/comments?post=123424"}],"version-history":[{"count":0,"href":"https:\/\/www.radiopiu.net\/wordpress\/wp-json\/wp\/v2\/posts\/123424\/revisions"}],"wp:featuredmedia":[{"embeddable":true,"href":"https:\/\/www.radiopiu.net\/wordpress\/wp-json\/wp\/v2\/media\/121260"}],"wp:attachment":[{"href":"https:\/\/www.radiopiu.net\/wordpress\/wp-json\/wp\/v2\/media?parent=123424"}],"wp:term":[{"taxonomy":"category","embeddable":true,"href":"https:\/\/www.radiopiu.net\/wordpress\/wp-json\/wp\/v2\/categories?post=123424"},{"taxonomy":"post_tag","embeddable":true,"href":"https:\/\/www.radiopiu.net\/wordpress\/wp-json\/wp\/v2\/tags?post=123424"}],"curies":[{"name":"wp","href":"https:\/\/api.w.org\/{rel}","templated":true}]}}