{"id":123557,"date":"2020-03-20T12:35:25","date_gmt":"2020-03-20T11:35:25","guid":{"rendered":"https:\/\/www.radiopiu.net\/wordpress\/?p=123557"},"modified":"2020-03-20T15:02:55","modified_gmt":"2020-03-20T14:02:55","slug":"la-conferenza-stampa-del-presidente-del-veneto-luca-zaia-20-marzo-2020","status":"publish","type":"post","link":"https:\/\/www.radiopiu.net\/wordpress\/la-conferenza-stampa-del-presidente-del-veneto-luca-zaia-20-marzo-2020\/","title":{"rendered":"LA CONFERENZA STAMPA DEL PRESIDENTE DEL VENETO LUCA ZAIA 20 MARZO 2020"},"content":{"rendered":"<p><strong>VENEZIA<\/strong> Il Presidente del Veneto Luca Zaia fa il punto della situazione sull&#8217;emergenza COVID-19<\/p>\n<p><strong>I DATI<\/strong> 4031 i positivi, 12.432 in isolamento, in terapia intensiva 236 pazienti, i ricoverati 1070. I decessi 131. Stiamo crescendo anche se non in modo rapido, ma soffermiamoci sui 1070 che \u00e8 un grande ospedale hub, abbiamo pazienti che occupano un grande ospedale. Forse qualcuno non si \u00e8 reso conto della gravit\u00e0 di quanto sta accadendo. Abbiamo 1070 letti portati via alla degenza ordinaria e dedicati ad una patologia che mai avremmo pensato di avere \u00e8 una pandemia. Molte persone perdono la vita, un quarto dei ricoverati finisce intubato. Sono morte 131 persone, un tema che pesa sul nostro paese. Mi dispiace per i disagi che stiamo creando ai cittadini che devono pero&#8217; sentiri parte di questa squadra.<\/p>\n<p><strong>OSPEDALI<\/strong> Quando arriver\u00e0 l&#8217;onda in crescita graduale &#8211; forse anche per le nostre scelte dei tamponi &#8211; in alcuni ospedali dovremo contrarre l&#8217;attivit\u00e0 e chiuderli. Lasceremo aperti i punti nascita se riusciremo ad avere accessi delicati e la giusta attenzione chirugica. Qualche esperto ipotizza di prendere gli ospedali chiusi, non \u00e8 logico dal punto di vista clinica. Molti ospedali da riaprire hanno pochi posti letto e abbiamo la necessit\u00e0 di concentrare i professionisti. Questi pazienti che abbiamo in terapia intensiva consumano tanto ossigeno anche 20 volte pi\u00f9 d una persona normale. Arriviamo alla congelazione dei tubi che portano l&#8217;ossigeno. Negli ospedali vecchi non ci avventureremo mai tra impianti vecchi magari non usati da 10 anni fa, ma questo \u00e8 solo un esempio. Le azioni le abbiamo scelte con staff tecnico-scientifico. Dietro alle decisioni che facciamo c&#8217;e&#8217; un comitato scientifico che valuta, propone e decide. Dovevamo fare la scelta del capannone? Siamo in emergenza totale per gli approvigionamenti, dallo schermo, alla visiera, alle mascherine, ventilatori e anche ai farmaci.<\/p>\n<p><strong>APPROVIGIONAMENTO MATERIALI<\/strong> Avevamo un carico che doveva arrivare dalla Svizzera di respiratori dirottato verso altri lidi, cos\u00ec quello che doveva arrivare dalla Cina &#8220;soffiato&#8221; da quelli con la valigia piena di contatti. Invito la Guardia di Finanza a scovare chi si approfitta di questa emergenza. Mascherine da 1 euro che costano fino a 5, \u00e8 immorale, siamo in questo mercato. I medici devono accontentarsi dei presidi che hanno, siamo sempre sul filo del rasoio. La realt\u00e0 \u00e8 che non ci sono dispositivi in giro per il mondo. Non riusciamo a comperare e sar\u00e0 sempre pi\u00f9 tragica. Mi ha chiamato un grosso industriale che vorrebbe produrre mascherine anche se non omologate e non \u00e8 operazione di marketing, tra niente e questo e&#8217; meglio questo con il mercato mondiale collassato.Non \u00e8 possibile che dalla sera alla mattina gli ordini vengano decimati o centellinati. Se nascono i cartelli\u00a0 ad esempio per i tamponi faro&#8217; di tutto per romperlo. Finch\u00e9 non partiamo con le iniziative troviamo tutto sul mercato, poi scompare tutto in fretta.<\/p>\n<p><strong>DONAZIONI<\/strong> Stanno andando benissimo abbiamo gi\u00e0 una cinquantina di milioni. Ringrazio una persona il dottor Ennio Dorid patron di Mediolanum, filantropo di fama,\u00a0 che ama il Veneto mi ha chiesto delle nostre necessit\u00e0 e gli ho detto che servono macchinari o risorse per pagare quello che abbiamo, ha versato 5 milioni di euro con umilt\u00e0 e amore nei confronti del Veneto. Ha donato una cifra importante per almeno 150 postazioni di terapia intensiva, \u00e8 un grande apripista per altri imprenditori stimolati a seguire questa importante strada. Siamo nella pi\u00f9 grande tragedia mai vissuta.<\/p>\n<p><strong>NUOVO CASO A VO&#8217;<\/strong> Pu\u00f2 rientrare nella fisiologia di questa epidemia, Vo&#8217; rimane tra le zone pi\u00f9 pulite della pandemia. Giornalisticamente piace ma non cambia nulla. E&#8217; un caso venuto fuori da chi ha avuto un contatto, con 12 mila persone in isolamento puo&#8217; capitare. Non creiamo la storia del nuovo caso Vo&#8217; il mostro non sta tornando, \u00e8 sempre stato. Mi preoccupano gli 80 casi al giorno di Verona non di Vo&#8217;. Verona nuovo impegnativo Cluster\u00a0 al confine con Brescia, cresce in maniera esponenziale.<\/p>\n<p><strong>MATERIALI<\/strong> Un cargo che parte per l&#8217;Italia dall&#8217;America e non si capisce dove sia finito. Non \u00e8 normale. Il collega Fontana viene a sapere che un&#8217;azienda di Brescia consegna 500 mila tamponi e l\u00ec non si trovano.<\/p>\n<p><strong>TERAPIE INTENSIVE<\/strong> Siamo a quota 825 ma mancano macchine almeno un centinaio che abbiamo sulla carta in arrivo ma non sono arrivate. Ne hanno confermate 20 questa mattina ieri ne hanno consegnate 15. Il Presidente del Consiglio si sta interessando di questa partita. Dobbiamo allestire pi\u00f9 postazioni possibili. Siamo angosciati e tirati come una corda di violino. Non ci sono mascherine sul mercato mondiale, alcune le perdiamo per strada perch\u00e9 c&#8217;\u00e8 chi vuole i soldi primi, non garantiscono che arrivi la merce.<\/p>\n<p>&nbsp;<\/p>\n<blockquote><p><strong><span style=\"color: #ff0000;\">LE ORDINANZE SONO IN VIGORE DA OGGI , SALVO PROROGHE FINO AL 03\u00a0 APRILE\u00a0 DECISIONI AUTONOME DELLA REGIONE<\/span> Non \u00e8 escluso &#8211; ha detto Zaia &#8211; che altri le adottino. Il mio invito al Governo di andare fino in fondo con le scelte.\u00a0<\/strong><\/p><\/blockquote>\n<p><strong>DOMENICA TUTTO CHIUSO ECCETTO FARMACIE, PARAFARMACIE ED EDICOLE. PASSEGGIATE FINO A 200 METRI NON OLTRE.<\/strong><\/p>\n<p><strong>ORDINANZA<\/strong> Da subito cambiano alcune cose per evitare gli assembramenti: chiusi parchi, giardini pubblici o ambienti analoghi per l&#8217;attivit\u00e0 motoria, in tutta la Regione. L&#8217;uso della bicicletta anche elettrica o monopattino, cavallo e altro e spostamento a piedi nei centri urbani e territorio extraurbano sono vietati se non per motivi di lavoro o indifferibili (salute, necessit\u00e0, esercizi aperi). L&#8217;attivit\u00e0 motoria comprese le passeggiate con il cane sono vietate oltre i 200 metri della residenza o dimora.<\/p>\n<p><strong>LOCALI PUBBLICI<\/strong> aperti fascia oraria 6 mattino 18 della sera negli extraurbani. Chiusura esercizi commerciali di qualsiasi dimensione (alimentari grandi e piccoli) alla domenica. Aperti farmacie, parafarmacie ed edicole. Pu\u00f2 andare a fare la spese un&#8217;unica persona a famiglia se non necessit\u00e0 di accompagnatore.<\/p>\n<p><strong>COME PER LE SCUOLE LA REGIONE NON POTRA&#8217; PRENDERE DECISIONI PER L&#8217;APERTURA O CHIUSURA DELLE FABBRICHE<\/strong>. Il tema delle imprese \u00e8 un tema complesso che si basa sugli accordi con le parti sociali. Noi possiamo agire con i controlli delle Spisal per le protezioni e le distanze di sicurezza. E&#8217; inevitabile che molte aziende chiuderanno perch\u00e9 le aziende sono chiuse. I lavoratori sono angosciati. Gli imprenditori sono preoccupati perch\u00e9 non capiscono la direzione, prima o poi il Governo si esprimer\u00e0 in maniera ufficiale.<\/p>\n<p>&nbsp;<\/p>\n<p>&nbsp;<\/p>\n<div id=\"fb-root\"><\/div>\n<p><script async=\"1\" defer=\"1\" crossorigin=\"anonymous\" src=\"https:\/\/connect.facebook.net\/it_IT\/sdk.js#xfbml=1&amp;version=v6.0\"><\/script><\/p>\n<div class=\"fb-video\" data-href=\"https:\/\/www.facebook.com\/zaiaufficiale\/videos\/1257749407766044\" data-width=\"1200\">\n<blockquote cite=\"https:\/\/www.facebook.com\/zaiaufficiale\/videos\/1257749407766044\/\" class=\"fb-xfbml-parse-ignore\"><p><a href=\"https:\/\/www.facebook.com\/zaiaufficiale\/videos\/1257749407766044\/\"><\/a><\/p>\n<p>Pubblicato da <a href=\"https:\/\/www.facebook.com\/zaiaufficiale\/\">Luca Zaia<\/a> su Venerd\u00ec 20 marzo 2020<\/p><\/blockquote>\n<\/div>\n","protected":false},"excerpt":{"rendered":"<p>VENEZIA Il Presidente del Veneto Luca Zaia fa il punto della situazione sull&#8217;emergenza COVID-19 I DATI 4031 i positivi, 12.432 in isolamento, in terapia intensiva 236 pazienti, i ricoverati 1070. I decessi 131. Stiamo crescendo anche se non in modo rapido, ma soffermiamoci sui 1070 che \u00e8 un grande ospedale hub, abbiamo pazienti che occupano&hellip;<\/p>\n","protected":false},"author":4,"featured_media":121391,"comment_status":"closed","ping_status":"closed","sticky":false,"template":"","format":"standard","meta":{"_monsterinsights_skip_tracking":false,"_monsterinsights_sitenote_active":false,"_monsterinsights_sitenote_note":"","_monsterinsights_sitenote_category":0,"footnotes":""},"categories":[49],"tags":[],"class_list":["post-123557","post","type-post","status-publish","format-standard","has-post-thumbnail","hentry","category-news-18","category-49","description-off"],"img_url":"https:\/\/www.radiopiu.net\/wordpress\/wp-content\/uploads\/2020\/03\/covid-zaia.jpg","_links":{"self":[{"href":"https:\/\/www.radiopiu.net\/wordpress\/wp-json\/wp\/v2\/posts\/123557","targetHints":{"allow":["GET"]}}],"collection":[{"href":"https:\/\/www.radiopiu.net\/wordpress\/wp-json\/wp\/v2\/posts"}],"about":[{"href":"https:\/\/www.radiopiu.net\/wordpress\/wp-json\/wp\/v2\/types\/post"}],"author":[{"embeddable":true,"href":"https:\/\/www.radiopiu.net\/wordpress\/wp-json\/wp\/v2\/users\/4"}],"replies":[{"embeddable":true,"href":"https:\/\/www.radiopiu.net\/wordpress\/wp-json\/wp\/v2\/comments?post=123557"}],"version-history":[{"count":0,"href":"https:\/\/www.radiopiu.net\/wordpress\/wp-json\/wp\/v2\/posts\/123557\/revisions"}],"wp:featuredmedia":[{"embeddable":true,"href":"https:\/\/www.radiopiu.net\/wordpress\/wp-json\/wp\/v2\/media\/121391"}],"wp:attachment":[{"href":"https:\/\/www.radiopiu.net\/wordpress\/wp-json\/wp\/v2\/media?parent=123557"}],"wp:term":[{"taxonomy":"category","embeddable":true,"href":"https:\/\/www.radiopiu.net\/wordpress\/wp-json\/wp\/v2\/categories?post=123557"},{"taxonomy":"post_tag","embeddable":true,"href":"https:\/\/www.radiopiu.net\/wordpress\/wp-json\/wp\/v2\/tags?post=123557"}],"curies":[{"name":"wp","href":"https:\/\/api.w.org\/{rel}","templated":true}]}}