{"id":123732,"date":"2020-03-20T22:18:36","date_gmt":"2020-03-20T21:18:36","guid":{"rendered":"https:\/\/www.radiopiu.net\/wordpress\/?p=123732"},"modified":"2020-03-20T22:18:36","modified_gmt":"2020-03-20T21:18:36","slug":"con-i-segni-sulla-faccia-e-sulle-mani","status":"publish","type":"post","link":"https:\/\/www.radiopiu.net\/wordpress\/con-i-segni-sulla-faccia-e-sulle-mani\/","title":{"rendered":"CON I SEGNI SULLA FACCIA E SULLE MANI"},"content":{"rendered":"<p><a class=\"dt-pswp-item\" href=\"https:\/\/www.radiopiu.net\/wordpress\/wp-content\/uploads\/2020\/03\/90026521_226275128760183_8917017336800608256_n.jpg\" data-dt-img-description=\"\" data-large_image_width=\"1200\" data-large_image_height=\"1600\"><img loading=\"lazy\" decoding=\"async\" class=\"wp-image-123731 alignleft\" src=\"https:\/\/www.radiopiu.net\/wordpress\/wp-content\/uploads\/2020\/03\/90026521_226275128760183_8917017336800608256_n-768x1024.jpg\" alt=\"\" width=\"225\" height=\"300\" srcset=\"https:\/\/www.radiopiu.net\/wordpress\/wp-content\/uploads\/2020\/03\/90026521_226275128760183_8917017336800608256_n-768x1024.jpg 768w, https:\/\/www.radiopiu.net\/wordpress\/wp-content\/uploads\/2020\/03\/90026521_226275128760183_8917017336800608256_n-225x300.jpg 225w, https:\/\/www.radiopiu.net\/wordpress\/wp-content\/uploads\/2020\/03\/90026521_226275128760183_8917017336800608256_n-1152x1536.jpg 1152w, https:\/\/www.radiopiu.net\/wordpress\/wp-content\/uploads\/2020\/03\/90026521_226275128760183_8917017336800608256_n.jpg 1200w\" sizes=\"auto, (max-width: 225px) 100vw, 225px\" \/><\/a>Coraggio, questa \u00e8 la parola che in questo periodo noi Operatori Socio Sanitari continuiamo a ripeterci e ad incoraggiare quella fascia pi\u00f9 debole che ha creato la storia di una nazione, chiamata Italia. Adesso pi\u00f9 che mai va salvaguardata, ci potranno essere i nostri genitori i nostri nonni.. quindi noi lottiamo con tutte le nostre forze per aiutarli a superare questo momento di solitudine. Prima di entrare in reparto , ogni turno prende ossigeno per i polmoni, per poi iniziare.. e vedere i loro volti sorridenti e felici di vederci. Ed \u00e8 qui che scatta quella carica che serve per affrontare una nuova giornata di lavoro, piena di aggiornamenti e cambiamenti opportuni per la loro vita. Cerchiamo di capire al volo tutto ci\u00f2 che i nostri referenti ci dicono perch\u00e9 si va avanti tutti per un solo scopo \u201cuscire da questo momento di difficolt\u00e0 \u201c. Siamo tutti sulla stessa barca, ma a loro dobbiamo dare quel coraggio che solo noi possiamo dare perch\u00e9 siamo la loro ancora. Loro ci vedono, ci capiscono e capiscono il nostro stato d\u2019animo. Rimaniamo con il nostro sorriso sulle labbra e confortiamo loro e le loro famiglie, che chiamano e videochiamano in questo periodo di isolamento dicendogli che passera, andr\u00e0 tutto bene e che ci vuole coraggio. Anche se, in fondo, non sappiamo come andr\u00e0. Pensiamo alle nostre famiglie lontane, pensiamo ai nostri figli che restano a casa e ci vedono al ritorno a casa stremati dal lavoro, con segni sulla faccia e sulle mani e si chiedono anche loro quando tutto questo finir\u00e0. Noi con la nostra forza di genitore, cerchiamo di non fargli pesare la situazione, anche se alla fine sono loro ad incoraggiare noi , dicendo \u201cAndr\u00e0 tutto bene\u201d, come i disegni che ormai vanno avanti gi\u00e0 da diverse settimane, da parte dei nostri figli. Voglio concludere dicendo che se non restiamo a casa tutti, tutti questi sforzi che \u201cDottori, infermieri e Operatori Socio Sanitari\u201d stanno facendo, saranno stati inutili . Spero che tutto ci\u00f2 sia riuscito ad entrare nei vostri cuori. Forza, forza, Forza.<\/p>\n<p><strong> un Operatore Socio Sanitario.<\/strong><\/p>\n<p>&nbsp;<\/p>\n","protected":false},"excerpt":{"rendered":"<p>Coraggio, questa \u00e8 la parola che in questo periodo noi Operatori Socio Sanitari continuiamo a ripeterci e ad incoraggiare quella fascia pi\u00f9 debole che ha creato la storia di una nazione, chiamata Italia. Adesso pi\u00f9 che mai va salvaguardata, ci potranno essere i nostri genitori i nostri nonni.. quindi noi lottiamo con tutte le nostre&hellip;<\/p>\n","protected":false},"author":1,"featured_media":123731,"comment_status":"closed","ping_status":"closed","sticky":false,"template":"","format":"standard","meta":{"_monsterinsights_skip_tracking":false,"_monsterinsights_sitenote_active":false,"_monsterinsights_sitenote_note":"","_monsterinsights_sitenote_category":0,"footnotes":""},"categories":[49],"tags":[],"class_list":["post-123732","post","type-post","status-publish","format-standard","has-post-thumbnail","hentry","category-news-18","category-49","description-off"],"img_url":"https:\/\/www.radiopiu.net\/wordpress\/wp-content\/uploads\/2020\/03\/90026521_226275128760183_8917017336800608256_n.jpg","_links":{"self":[{"href":"https:\/\/www.radiopiu.net\/wordpress\/wp-json\/wp\/v2\/posts\/123732","targetHints":{"allow":["GET"]}}],"collection":[{"href":"https:\/\/www.radiopiu.net\/wordpress\/wp-json\/wp\/v2\/posts"}],"about":[{"href":"https:\/\/www.radiopiu.net\/wordpress\/wp-json\/wp\/v2\/types\/post"}],"author":[{"embeddable":true,"href":"https:\/\/www.radiopiu.net\/wordpress\/wp-json\/wp\/v2\/users\/1"}],"replies":[{"embeddable":true,"href":"https:\/\/www.radiopiu.net\/wordpress\/wp-json\/wp\/v2\/comments?post=123732"}],"version-history":[{"count":0,"href":"https:\/\/www.radiopiu.net\/wordpress\/wp-json\/wp\/v2\/posts\/123732\/revisions"}],"wp:featuredmedia":[{"embeddable":true,"href":"https:\/\/www.radiopiu.net\/wordpress\/wp-json\/wp\/v2\/media\/123731"}],"wp:attachment":[{"href":"https:\/\/www.radiopiu.net\/wordpress\/wp-json\/wp\/v2\/media?parent=123732"}],"wp:term":[{"taxonomy":"category","embeddable":true,"href":"https:\/\/www.radiopiu.net\/wordpress\/wp-json\/wp\/v2\/categories?post=123732"},{"taxonomy":"post_tag","embeddable":true,"href":"https:\/\/www.radiopiu.net\/wordpress\/wp-json\/wp\/v2\/tags?post=123732"}],"curies":[{"name":"wp","href":"https:\/\/api.w.org\/{rel}","templated":true}]}}