{"id":123799,"date":"2020-03-21T20:30:37","date_gmt":"2020-03-21T19:30:37","guid":{"rendered":"https:\/\/www.radiopiu.net\/wordpress\/?p=123799"},"modified":"2020-03-21T11:33:28","modified_gmt":"2020-03-21T10:33:28","slug":"lappuntamento-del-sabato-con-don-fabiano-il-pentaparroco-del-poi","status":"publish","type":"post","link":"https:\/\/www.radiopiu.net\/wordpress\/lappuntamento-del-sabato-con-don-fabiano-il-pentaparroco-del-poi\/","title":{"rendered":"L&#8217;APPUNTAMENTO DEL SABATO CON DON FABIANO, IL PENTAPARROCO DEL POI"},"content":{"rendered":"<p><strong>VOLTAGO<\/strong> Don Fabiano continua a stare vicino alla comunit\u00e0 del Poi in questi giorni di emergenza.<\/p>\n<p><strong>IL MESSAGGIO DI DON FABIANO<\/strong><\/p>\n<p><em>Carissimi, eccoci con l&#8217;appuntamento del sabato, occasione preziosa per ricordarci a vicenda nei legami e negli affetti che ci fanno sentire ed essere comunit\u00e0, anche e soprattutto in momenti come questo.\u00a0MI RACCOMANDO: stiamo a casa, che c&#8217;\u00e8 chi \u00e8 disponibile con grande generosit\u00e0 per venire incontro alle nostre necessit\u00e0, quelle reali, ben s&#8217;intende!<\/em><\/p>\n<p><strong>NEL VIDEO<\/strong>: il saluto del don e la lettura del Testament a Frassen\u00e9, bruciando in solitaria la donaza, ma segno di ci\u00f2 che appartiene al nostro sempre amato territorio<\/p>\n<div style=\"width: 960px;\" class=\"wp-video\"><video class=\"wp-video-shortcode\" id=\"video-123799-1\" width=\"960\" height=\"540\" preload=\"metadata\" controls=\"controls\"><source type=\"video\/mp4\" src=\"https:\/\/www.radiopiu.net\/wordpress\/wp-content\/uploads\/2020\/03\/DON-FABIANO-21-MARZO-2020-OK.mp4?_=1\" \/><a href=\"https:\/\/www.radiopiu.net\/wordpress\/wp-content\/uploads\/2020\/03\/DON-FABIANO-21-MARZO-2020-OK.mp4\">https:\/\/www.radiopiu.net\/wordpress\/wp-content\/uploads\/2020\/03\/DON-FABIANO-21-MARZO-2020-OK.mp4<\/a><\/video><\/div>\n","protected":false},"excerpt":{"rendered":"<p>VOLTAGO Don Fabiano continua a stare vicino alla comunit\u00e0 del Poi in questi giorni di emergenza. IL MESSAGGIO DI DON FABIANO Carissimi, eccoci con l&#8217;appuntamento del sabato, occasione preziosa per ricordarci a vicenda nei legami e negli affetti che ci fanno sentire ed essere comunit\u00e0, anche e soprattutto in momenti come questo.\u00a0MI RACCOMANDO: stiamo a&hellip;<\/p>\n","protected":false},"author":4,"featured_media":122260,"comment_status":"closed","ping_status":"closed","sticky":false,"template":"","format":"standard","meta":{"_monsterinsights_skip_tracking":false,"_monsterinsights_sitenote_active":false,"_monsterinsights_sitenote_note":"","_monsterinsights_sitenote_category":0,"footnotes":""},"categories":[49],"tags":[],"class_list":["post-123799","post","type-post","status-publish","format-standard","has-post-thumbnail","hentry","category-news-18","category-49","description-off"],"img_url":"https:\/\/www.radiopiu.net\/wordpress\/wp-content\/uploads\/2020\/03\/DON-FABIANO.jpg","_links":{"self":[{"href":"https:\/\/www.radiopiu.net\/wordpress\/wp-json\/wp\/v2\/posts\/123799","targetHints":{"allow":["GET"]}}],"collection":[{"href":"https:\/\/www.radiopiu.net\/wordpress\/wp-json\/wp\/v2\/posts"}],"about":[{"href":"https:\/\/www.radiopiu.net\/wordpress\/wp-json\/wp\/v2\/types\/post"}],"author":[{"embeddable":true,"href":"https:\/\/www.radiopiu.net\/wordpress\/wp-json\/wp\/v2\/users\/4"}],"replies":[{"embeddable":true,"href":"https:\/\/www.radiopiu.net\/wordpress\/wp-json\/wp\/v2\/comments?post=123799"}],"version-history":[{"count":0,"href":"https:\/\/www.radiopiu.net\/wordpress\/wp-json\/wp\/v2\/posts\/123799\/revisions"}],"wp:featuredmedia":[{"embeddable":true,"href":"https:\/\/www.radiopiu.net\/wordpress\/wp-json\/wp\/v2\/media\/122260"}],"wp:attachment":[{"href":"https:\/\/www.radiopiu.net\/wordpress\/wp-json\/wp\/v2\/media?parent=123799"}],"wp:term":[{"taxonomy":"category","embeddable":true,"href":"https:\/\/www.radiopiu.net\/wordpress\/wp-json\/wp\/v2\/categories?post=123799"},{"taxonomy":"post_tag","embeddable":true,"href":"https:\/\/www.radiopiu.net\/wordpress\/wp-json\/wp\/v2\/tags?post=123799"}],"curies":[{"name":"wp","href":"https:\/\/api.w.org\/{rel}","templated":true}]}}