{"id":123852,"date":"2020-03-21T15:42:38","date_gmt":"2020-03-21T14:42:38","guid":{"rendered":"https:\/\/www.radiopiu.net\/wordpress\/?p=123852"},"modified":"2020-03-21T15:43:54","modified_gmt":"2020-03-21T14:43:54","slug":"il-dottor-renzo-scaggiante-in-servizio-da-oggi-in-ulss-1-dolomiti","status":"publish","type":"post","link":"https:\/\/www.radiopiu.net\/wordpress\/il-dottor-renzo-scaggiante-in-servizio-da-oggi-in-ulss-1-dolomiti\/","title":{"rendered":"IL DOTTOR RENZO SCAGGIANTE IN SERVIZIO DA OGGI IN ULSS 1 DOLOMITI"},"content":{"rendered":"<p><strong><a class=\"dt-pswp-item\" href=\"https:\/\/www.radiopiu.net\/wordpress\/wp-content\/uploads\/2020\/03\/scaggiante.jpg\" data-dt-img-description=\"\" data-large_image_width=\"768\" data-large_image_height=\"1024\"><img loading=\"lazy\" decoding=\"async\" class=\"wp-image-123853 alignleft\" src=\"https:\/\/www.radiopiu.net\/wordpress\/wp-content\/uploads\/2020\/03\/scaggiante-225x300.jpg\" alt=\"\" width=\"185\" height=\"247\" srcset=\"https:\/\/www.radiopiu.net\/wordpress\/wp-content\/uploads\/2020\/03\/scaggiante-225x300.jpg 225w, https:\/\/www.radiopiu.net\/wordpress\/wp-content\/uploads\/2020\/03\/scaggiante.jpg 768w\" sizes=\"auto, (max-width: 185px) 100vw, 185px\" \/><\/a>BELLUNO<\/strong>. Renzo Scaggiante, nuovo direttore della Unit\u00e0 Operativa Complessa di Malattie Infettive dell\u2019Ulss Dolomiti, nominato il 18 marzo, ha preso servizio gi\u00e0 oggi in Ulss Dolomiti.<span class=\"Apple-converted-space\">\u00a0\u00a0<\/span>Dopo il pensionamento del dott. Ermenegildo Francavilla, sono state avviate in tempi rapidi le procedure per la nomina del nuovo primario anche in considerazione dell\u2019emergenza COVID19.<span class=\"Apple-converted-space\">\u00a0\u00a0<\/span>Le prove concorsuali si sono svolte il 16 marzo, la nomina \u00e8 diventata effettiva il 18 marzo. Il dottor Scaggiante, precedentemente in servizio all\u2019Azienda Ospedaliera di Padova, ha rinunciato alle ferie che aveva accumulato in Azienda Ospedaliera e ha preso servizio gi\u00e0 oggi come direttore dell\u2019Unit\u00e0 operativa di Malattie infettive di Belluno.<span class=\"Apple-converted-space\">\u00a0<\/span>Nato a Marcon (VE) nel 1960, il dottor Scaggiante si \u00e8 laureato in Medicina<span class=\"Apple-converted-space\">\u00a0 <\/span>e Chirurgia a Padova nel 1988. Nel 1998 si \u00e8 specializzato in Pediatria all\u2019universit\u00e0 di Padova e nel 1994 in Malattie infettive e tropicali all\u2019universit\u00e0 di Torino. Dal 2007 ha diretto l\u2019unit\u00e0 operativa semplice di \u201cdiagnosi, terapia e prevenzione delle infezioni dell\u2019immunodepresso\u201d<span class=\"Apple-converted-space\">\u00a0 <\/span>nella unit\u00e0 operativa di Malattie infettive dell\u2019azienda ospedaliera di Padova. L\u2019Ulss Dolomiti ringrazia il dottor Scaggiante per la generosit\u00e0 e la professionalit\u00e0 gi\u00e0 dimostrata con l\u2019immediata entrata in servizio. <a class=\"dt-pswp-item\" href=\"https:\/\/www.radiopiu.net\/wordpress\/wp-content\/uploads\/2020\/03\/francavilla.jpg\" data-dt-img-description=\"\" data-large_image_width=\"247\" data-large_image_height=\"272\"><img loading=\"lazy\" decoding=\"async\" class=\" wp-image-123855 alignright\" src=\"https:\/\/www.radiopiu.net\/wordpress\/wp-content\/uploads\/2020\/03\/francavilla-150x150.jpg\" alt=\"\" width=\"119\" height=\"119\" \/><\/a>Si rinnova, inoltre, il ringraziamento al dott. Ermegildo Francavilla, gi\u00e0 primario delle Malattie infettive in quiescenza dal 1 gennaio 2020, che ha ripreso servizio GRATUITAMENTE in reparto vista l\u2019emergenza e a tutto il personale dell\u2019Ulss Dolomiti impegnato a tutti i livelli in prima file con grande dedizione e senso di responsabilit\u00e0.<\/p>\n<p><a class=\"dt-pswp-item\" href=\"https:\/\/www.radiopiu.net\/wordpress\/wp-content\/uploads\/2020\/03\/malattie-infettive.jpg\" data-dt-img-description=\"\" data-large_image_width=\"1024\" data-large_image_height=\"768\"><img loading=\"lazy\" decoding=\"async\" class=\"alignnone size-full wp-image-123854\" src=\"https:\/\/www.radiopiu.net\/wordpress\/wp-content\/uploads\/2020\/03\/malattie-infettive.jpg\" alt=\"\" width=\"1024\" height=\"768\" srcset=\"https:\/\/www.radiopiu.net\/wordpress\/wp-content\/uploads\/2020\/03\/malattie-infettive.jpg 1024w, https:\/\/www.radiopiu.net\/wordpress\/wp-content\/uploads\/2020\/03\/malattie-infettive-300x225.jpg 300w, https:\/\/www.radiopiu.net\/wordpress\/wp-content\/uploads\/2020\/03\/malattie-infettive-768x576.jpg 768w\" sizes=\"auto, (max-width: 1024px) 100vw, 1024px\" \/><\/a><\/p>\n","protected":false},"excerpt":{"rendered":"<p>BELLUNO. Renzo Scaggiante, nuovo direttore della Unit\u00e0 Operativa Complessa di Malattie Infettive dell\u2019Ulss Dolomiti, nominato il 18 marzo, ha preso servizio gi\u00e0 oggi in Ulss Dolomiti.\u00a0\u00a0Dopo il pensionamento del dott. Ermenegildo Francavilla, sono state avviate in tempi rapidi le procedure per la nomina del nuovo primario anche in considerazione dell\u2019emergenza COVID19.\u00a0\u00a0Le prove concorsuali si sono&hellip;<\/p>\n","protected":false},"author":4,"featured_media":123853,"comment_status":"closed","ping_status":"closed","sticky":false,"template":"","format":"standard","meta":{"_monsterinsights_skip_tracking":false,"_monsterinsights_sitenote_active":false,"_monsterinsights_sitenote_note":"","_monsterinsights_sitenote_category":0,"footnotes":""},"categories":[49],"tags":[],"class_list":["post-123852","post","type-post","status-publish","format-standard","has-post-thumbnail","hentry","category-news-18","category-49","description-off"],"img_url":"https:\/\/www.radiopiu.net\/wordpress\/wp-content\/uploads\/2020\/03\/scaggiante.jpg","_links":{"self":[{"href":"https:\/\/www.radiopiu.net\/wordpress\/wp-json\/wp\/v2\/posts\/123852","targetHints":{"allow":["GET"]}}],"collection":[{"href":"https:\/\/www.radiopiu.net\/wordpress\/wp-json\/wp\/v2\/posts"}],"about":[{"href":"https:\/\/www.radiopiu.net\/wordpress\/wp-json\/wp\/v2\/types\/post"}],"author":[{"embeddable":true,"href":"https:\/\/www.radiopiu.net\/wordpress\/wp-json\/wp\/v2\/users\/4"}],"replies":[{"embeddable":true,"href":"https:\/\/www.radiopiu.net\/wordpress\/wp-json\/wp\/v2\/comments?post=123852"}],"version-history":[{"count":0,"href":"https:\/\/www.radiopiu.net\/wordpress\/wp-json\/wp\/v2\/posts\/123852\/revisions"}],"wp:featuredmedia":[{"embeddable":true,"href":"https:\/\/www.radiopiu.net\/wordpress\/wp-json\/wp\/v2\/media\/123853"}],"wp:attachment":[{"href":"https:\/\/www.radiopiu.net\/wordpress\/wp-json\/wp\/v2\/media?parent=123852"}],"wp:term":[{"taxonomy":"category","embeddable":true,"href":"https:\/\/www.radiopiu.net\/wordpress\/wp-json\/wp\/v2\/categories?post=123852"},{"taxonomy":"post_tag","embeddable":true,"href":"https:\/\/www.radiopiu.net\/wordpress\/wp-json\/wp\/v2\/tags?post=123852"}],"curies":[{"name":"wp","href":"https:\/\/api.w.org\/{rel}","templated":true}]}}