{"id":123951,"date":"2020-03-22T08:56:26","date_gmt":"2020-03-22T07:56:26","guid":{"rendered":"https:\/\/www.radiopiu.net\/wordpress\/?p=123951"},"modified":"2020-03-22T08:56:26","modified_gmt":"2020-03-22T07:56:26","slug":"stop-italia-anche-il-premier-conte-ha-deciso","status":"publish","type":"post","link":"https:\/\/www.radiopiu.net\/wordpress\/stop-italia-anche-il-premier-conte-ha-deciso\/","title":{"rendered":"STOP ITALIA, ANCHE IL PREMIER CONTE HA DECISO"},"content":{"rendered":"<h2>NELLA NOTTE IL GOVERNO <span style=\"color: #ff0000;\">HA DECISO: SI FERMI L&#8217;ITALIA CI SONO TROPPE PERSONE<\/span> <span style=\"color: #339966;\">CHE PERDONO LA VITA. CE NE SIAMO ACCORTI DA GIORNI<\/span><\/h2>\n<blockquote><p><em>Oggi aprono solo farmacie, parafarmacie ed edicole come Whuan dove sono stati azzerati i contagi. E chi opera nella sanit\u00e0 lavora quasi 20 ore al giorno oppure ritorna in corsia pur nel pieno della pensione senza chiedere un&#8217;euro (foto copertina, il dottore Ermenegildo Francavilla)<\/em><\/p><\/blockquote>\n<p>di M<span style=\"color: #ff0000;\">irko Mez<\/span><span style=\"color: #339966;\">zacasa\u00a0<\/span><\/p>\n<p><a class=\"dt-pswp-item\" href=\"https:\/\/www.radiopiu.net\/wordpress\/wp-content\/uploads\/2020\/03\/francavilla.jpg\" data-dt-img-description=\"\" data-large_image_width=\"247\" data-large_image_height=\"272\"><img loading=\"lazy\" decoding=\"async\" class=\"wp-image-123855 alignleft\" src=\"https:\/\/www.radiopiu.net\/wordpress\/wp-content\/uploads\/2020\/03\/francavilla.jpg\" alt=\"\" width=\"115\" height=\"127\" \/><\/a>Siamo nel pieno dell&#8217;emergenza, della crisi, della paura, si spengono i sorrisi, le facce si fanno ancora pi\u00f9 serie come quella del Premier Giuseppe Conte che questa notte ha deciso la stretta finale che il Governatore della Lombardia e Piemonte auspicavano: l&#8217;Italia si blocca, il nuovo decreto chiude uffici, fabbriche di prodotti non essenziali. Una stretta che in Veneto in parte era gi\u00e0 stata anticipata dal Presidente Luca Zaia con lo stop dei supermercati, delle passeggiate, delle corsette degli sportivi veri e improvvisati con la tutina nuova e le donnine a spasso per i paesi con il cagnolino incuranti di poter diventare potenziali portatrici di morte. Gli appelli sono serviti solo fino ad un certo punto in questi ultimi giorni perch\u00e8 i &#8220;de coccio&#8221; hanno continuato a snobbare i divieti, quasi a deridere coloro che si sono confinati in casa, si sono arrabbiati medici, infermieri, oss, sindaci, consiglieri comunali, gente comune, ma gli inossidabile dell&#8217;ignoranza hanno perseverato nei loro comportamenti obbligando gli uomini delle Forze di Polizia a passare dal clima di prevenzione a quello della sanzione perch\u00e9 anche in tempi di crisi toccare il portafoglio conta, pi\u00f9 della minaccia di finire in terapia intensiva intubati con il respiro che si blocca tra i denti portando ad una morte atroce per soffocamento lontano dai propri cari per finire in una bara destinata a chiss\u00e0 quale luogo per la cremazione a bordo di un mezzo dell&#8217;esercito senza l&#8217;ultimo sguardo, senza una carezza di chi ti ha amato per tutta la vita. Parole pesanti, lo so ma sono vere. Parole che ti uccidono dentro e io\u00a0 dal momento che le ho sentite urlare al telefono da un&#8217;operatrice della sanit\u00e0 in preda ad un giustificabile sfogo non riesco a dimenticarle e mi rimbalzano in testa ogni volta che mi appresto a scrivere queste poche righe al mattino o quando aprendo il microfono della radio mi ritrovo a ripetere con costanza l&#8217;appello &#8220;state a case&#8221; aiutate i sanitari ad aiutarci, fatelo per voi, per i vostri cari, per non morire, per non ucciderli. Eppure pare molta gente non capisca, ora c&#8217;\u00e8 anche chi impugna l&#8217;ordinanza del sindaco &#8211; a Santa Giustina &#8211; perch\u00e9 vuole andare in cimitero a pregare, neanche non lo si possa fare da casa ma mi pare che anche il Vescovo e i parroci abbiano chiuso con le messe,\u00a0 le chiese e i cimiteri non garantiscono l&#8217;immunit\u00e0 nemmeno con il rosario tra le mani.\u00a0 Ieri in Veneto si sono contati 24 morti, uno ogni ora. I medici sono allo stremo, la nostra sanit\u00e0 \u00e8 messa a dura prova e non pu\u00f2 permettersi di aprire le porte ad esterni, tanto meno alla Costa Vittoria che sta vivendo un&#8217;odissea, chiede di poter attraccare con 1400 persone a bordo, 700 passeggeri soprattutto australiani, \u00e8 in navigazione da due mesi avrebbe dovuto arrivare a Venezia il 28 marzo ma il presidente Zaia \u00e8 stato chiaro: non se ne parla nemmeno. Sesta vittima ieri a Belluno, un paziente arrivato da un&#8217;altra struttura sanitaria, un 78enne che era ricoverato in terapia intensiva. Ieri si sono contate 212 persone positive, al secondo posto in Veneto nel rapporto contagi-popolazione, -ma non \u00e8 una novit\u00e0 perch\u00e8 Radio Pi\u00f9 lo dice da giorni con tabelle alla mano. Da domani in corsia a Belluno si sperimentano i nuovi farmaci e l&#8217;ultima arma che viene porta ai nostri medici.\u00a0 C&#8217;\u00e8 poi il problema dei senza tetto, la Caritas bellunese \u00e8 gi\u00e0 scesa in campo preparando un progetto straordinario in accordo con Comune di Belluno e Diocesi, gi\u00e0 disponibile una casa per sei persone. Gli alpini sono concentrati nell&#8217;emergenza e per ora rinunciano all&#8217;adunata nazionale che non \u00e8 stata annullata ma posticipata a tempi migliori, cio\u00e8 nella stagione autunnale ammesso che l&#8217;emergenza sia stata superata e abbia lasciato la voglia di marciare sotto il cappello alpino che in queste ore si sta consumando nel sudore e nella fatica dei nostri alpini che hanno ben altro a cui pensare che all&#8217;adunata nazionale, come ad esempio aiutare la protezione civile regionale a distribuire le mascherine, a Belluno ne sono arrivate 25mila.<\/p>\n<p>&nbsp;<\/p>\n<h2>QUESTA NOTTE: GIUSEPPE CONTE E LA STRETTA FINALE<\/h2>\n<blockquote class=\"wp-embedded-content\" data-secret=\"owxzmv3vO0\"><p><a href=\"https:\/\/www.radiopiu.net\/wordpress\/il-presidente-del-consiglio-giuseppe-conte-in-diretta\/\">IL PRESIDENTE DEL CONSIGLIO GIUSEPPE CONTE IN DIRETTA<\/a><\/p><\/blockquote>\n<p><iframe loading=\"lazy\" title=\"&#8220;IL PRESIDENTE DEL CONSIGLIO GIUSEPPE CONTE IN DIRETTA&#8221; &#8212; Radio Pi\u00f9\" class=\"wp-embedded-content\" sandbox=\"allow-scripts\" security=\"restricted\" style=\"position: absolute; clip: rect(1px, 1px, 1px, 1px);\" src=\"https:\/\/www.radiopiu.net\/wordpress\/il-presidente-del-consiglio-giuseppe-conte-in-diretta\/embed\/#?secret=owxzmv3vO0\" data-secret=\"owxzmv3vO0\" width=\"600\" height=\"338\" frameborder=\"0\" marginwidth=\"0\" marginheight=\"0\" scrolling=\"no\"><\/iframe><\/p>\n<p><iframe loading=\"lazy\" title=\"#turestaacasa\" width=\"1200\" height=\"675\" src=\"https:\/\/www.youtube.com\/embed\/6C5khf0oYzE?feature=oembed\" frameborder=\"0\" allow=\"accelerometer; autoplay; encrypted-media; gyroscope; picture-in-picture\" allowfullscreen><\/iframe><\/p>\n","protected":false},"excerpt":{"rendered":"<p>NELLA NOTTE IL GOVERNO HA DECISO: SI FERMI L&#8217;ITALIA CI SONO TROPPE PERSONE CHE PERDONO LA VITA. CE NE SIAMO ACCORTI DA GIORNI Oggi aprono solo farmacie, parafarmacie ed edicole come Whuan dove sono stati azzerati i contagi. E chi opera nella sanit\u00e0 lavora quasi 20 ore al giorno oppure ritorna in corsia pur nel&hellip;<\/p>\n","protected":false},"author":1,"featured_media":123854,"comment_status":"closed","ping_status":"closed","sticky":false,"template":"","format":"standard","meta":{"_monsterinsights_skip_tracking":false,"_monsterinsights_sitenote_active":false,"_monsterinsights_sitenote_note":"","_monsterinsights_sitenote_category":0,"footnotes":""},"categories":[51,49],"tags":[],"class_list":["post-123951","post","type-post","status-publish","format-standard","has-post-thumbnail","hentry","category-evidenza-top","category-news-18","category-51","category-49","description-off"],"img_url":"https:\/\/www.radiopiu.net\/wordpress\/wp-content\/uploads\/2020\/03\/malattie-infettive.jpg","_links":{"self":[{"href":"https:\/\/www.radiopiu.net\/wordpress\/wp-json\/wp\/v2\/posts\/123951","targetHints":{"allow":["GET"]}}],"collection":[{"href":"https:\/\/www.radiopiu.net\/wordpress\/wp-json\/wp\/v2\/posts"}],"about":[{"href":"https:\/\/www.radiopiu.net\/wordpress\/wp-json\/wp\/v2\/types\/post"}],"author":[{"embeddable":true,"href":"https:\/\/www.radiopiu.net\/wordpress\/wp-json\/wp\/v2\/users\/1"}],"replies":[{"embeddable":true,"href":"https:\/\/www.radiopiu.net\/wordpress\/wp-json\/wp\/v2\/comments?post=123951"}],"version-history":[{"count":0,"href":"https:\/\/www.radiopiu.net\/wordpress\/wp-json\/wp\/v2\/posts\/123951\/revisions"}],"wp:featuredmedia":[{"embeddable":true,"href":"https:\/\/www.radiopiu.net\/wordpress\/wp-json\/wp\/v2\/media\/123854"}],"wp:attachment":[{"href":"https:\/\/www.radiopiu.net\/wordpress\/wp-json\/wp\/v2\/media?parent=123951"}],"wp:term":[{"taxonomy":"category","embeddable":true,"href":"https:\/\/www.radiopiu.net\/wordpress\/wp-json\/wp\/v2\/categories?post=123951"},{"taxonomy":"post_tag","embeddable":true,"href":"https:\/\/www.radiopiu.net\/wordpress\/wp-json\/wp\/v2\/tags?post=123951"}],"curies":[{"name":"wp","href":"https:\/\/api.w.org\/{rel}","templated":true}]}}