{"id":123961,"date":"2020-03-23T06:00:45","date_gmt":"2020-03-23T05:00:45","guid":{"rendered":"https:\/\/www.radiopiu.net\/wordpress\/?p=123961"},"modified":"2020-03-23T09:27:55","modified_gmt":"2020-03-23T08:27:55","slug":"giornale-radiopiu-23-marzo-2020-direttore-mirko-mezzacasa","status":"publish","type":"post","link":"https:\/\/www.radiopiu.net\/wordpress\/giornale-radiopiu-23-marzo-2020-direttore-mirko-mezzacasa\/","title":{"rendered":"GIORNALE RADIOPIU 23 MARZO 2020 DIRETTORE MIRKO MEZZACASA"},"content":{"rendered":"<h3><strong>PER RICEVERE QUESTO NOTIZIARIO DIRETTAMENTE SUL TUO CELLULARE ISCRIVITI AL CANALE\u00a0TELEGRAM\u00a0<\/strong><strong>\u201cRADIO PIU\u00a0 INFORMAZIONE\u201d<\/strong><\/h3>\n<hr \/>\n<p><strong>STAI A CASA, A TAIBON E\u2019 LA FARMACIA CHE VIENE DA TE! AIUTACI AD AIUTARCI\u00a0 <\/strong>La distribuzione dei farmaci a domicilio, per gli abitanti di Taibon, funziona bene, ma ancora tante e troppe persone si recano in farmacia. \u00c8 importante ! Stiamo a casa e la boccata d\u2019aria la possiamo prendere anche sul balcone di casa. Approfittiamo di questo servizio. Le medicine ve le portiamo noi.<\/p>\n<hr \/>\n<p>&nbsp;<\/p>\n<p><iframe loading=\"lazy\" title=\"Coro virtuale &quot;Va pensiero&quot; (&quot;Nabucco&quot; di G. Verdi) - International Opera Choir\" width=\"1200\" height=\"675\" src=\"https:\/\/www.youtube.com\/embed\/JTVXEGIS3LE?feature=oembed\" frameborder=\"0\" allow=\"accelerometer; autoplay; clipboard-write; encrypted-media; gyroscope; picture-in-picture\" allowfullscreen><\/iframe><\/p>\n<p>&nbsp;<\/p>\n<p><span style=\"color: #339966;\">LA LEGG<\/span><span style=\"color: #ff0000;\"><span style=\"color: #339966;\">EREZ<\/span><span style=\"color: #000000;\">ZA DE<\/span><\/span><span style=\"color: #000000;\">LL<\/span><span style=\"color: #339966;\"><span style=\"color: #000000;\">A<\/span> <span style=\"color: #ff0000;\">POLITICA<\/span><\/span><span style=\"color: #ff0000;\"> MA NOI NON CEDIAMO!<\/span><\/p>\n<h3><span style=\"color: #339966;\">LE SORPRESE DEL MATTINO, <\/span><span style=\"color: #000000;\"><span style=\"color: #339966;\">SE LA NOTTE E&#8217; FATTA PER DORMIRE<\/span> PER ALTRI LA NOTTE E&#8217; FATTA PER FIRMARE DECRETI<\/span>.<span style=\"color: #ff0000;\"> DURANTE IL GIORNO I DATI DI ASCOLTO NON RENDONO IN FATTO DI VISIBILITA&#8217;, TANTOMENO I CONTATTI DA SOCIAL.<\/span><\/h3>\n<p><a class=\"dt-pswp-item\" href=\"https:\/\/www.radiopiu.net\/wordpress\/wp-content\/uploads\/2020\/03\/4177f69d-cc6c-426b-b591-de8acdbab16f.jpg\" data-dt-img-description=\"\" data-large_image_width=\"720\" data-large_image_height=\"1440\"><img loading=\"lazy\" decoding=\"async\" class=\"wp-image-124116 alignleft\" src=\"https:\/\/www.radiopiu.net\/wordpress\/wp-content\/uploads\/2020\/03\/4177f69d-cc6c-426b-b591-de8acdbab16f-512x1024.jpg\" alt=\"\" width=\"149\" height=\"298\" srcset=\"https:\/\/www.radiopiu.net\/wordpress\/wp-content\/uploads\/2020\/03\/4177f69d-cc6c-426b-b591-de8acdbab16f-512x1024.jpg 512w, https:\/\/www.radiopiu.net\/wordpress\/wp-content\/uploads\/2020\/03\/4177f69d-cc6c-426b-b591-de8acdbab16f-150x300.jpg 150w, https:\/\/www.radiopiu.net\/wordpress\/wp-content\/uploads\/2020\/03\/4177f69d-cc6c-426b-b591-de8acdbab16f.jpg 720w\" sizes=\"auto, (max-width: 149px) 100vw, 149px\" \/><\/a>Per coronavirus si muore anche di domenica, ieri in Regione 22 vittime, un altro decesso in provincia, il settimo dal 21 febbraio, il terzo all&#8217;ospedale di Feltre dove si \u00e8 spento un uomo di Alano di Piave di 83 anni ricoverato in area Covid, costernazione ad Alano per la scomparsa di Piero Piccolotto (foto) fratello dell&#8217;ex sindaco Orazio molto noto in provincia. A Belluno il numero di infetti sale a 245 (5272 in Regione) e sono 1004 le persone in isolamento domiciliare fiduciario. La Ulss1 di tamponi ne ha gi\u00e0 fatti 3106. Negli ospedali ci sono 39 pazienti al San Martino di Belluno, 9 a Feltre, 6 ad Agordo, 4 i pazienti in terapia intensiva al San Martino di Belluno. A Belluno 27 contagi, 17 a Feltre, 10 a Cortina,9 Ponte nelle Alpi, 8 Pedavena e Santa Giustina, 7 Alano di Piave, Borgo Valbelluna, 5 Chies d&#8217;Alpago, Lamon, Seren Del Grappa, 4 Quero Vas, 3 Fonzaso, Sedico, Taibon e Voltago, 2 Zoldo, Tambre, San Vito di Cadore, San Gregorio nelle Alpi, Rocca Pietore, Limana, Colle Santa Lucia e Agordo, 1 Alleghe, Arsie&#8217;, Borca di Cadore, Calalzo di Cadore, Canale d&#8217;Agordo, Danta di Cadore, Falcade, Gosaldo, Lozzo di Cadore, Pieve di Cadore, Rivamonte, San Tomaso, Vallada e Valle di Cadore. Luxottica, Benetton, Carraro, le grandi aziende del Veneto da oggi fermano la produzione. In Safilo via allo sciopero di otto ore perche&#8217; l&#8217;azienda non ha comunicato la chiusura. Dopo la firma sul decreto Conte arriva lo stop per tutte le attivit\u00e0 produttive non essenziali ovvero non legate alle filiere necessarie (alimentari, medicinali, trasporti etc.). Per sindacalisti, organizzazioni di categoria e responsabili delle risorse umane \u00e8 stata una giornata difficile, una domenica di caos, poche ore per capire come muoversi, come informare i dipendenti. Gli addetti al lavoro da sempre chiedono misure chiare e tempestive ma in quanto a tempistiche di questi tempi di crisi corona virus ci sarebbe molto da ridire, infatti il decreto anticipato sotto la luna domenicale \u00e8 arrivato ieri al tramonto. Per tutto il giorno un rincorrersi di voci e provvedimenti per scoprire poi dalle carte bollate che tutte le aziende che dovranno chiudere la produziona avranno tempo per farlo fino a mercoledi. Nel frattempo in molti, in primis Luxottica gi\u00e0 avevano deciso per lo stop, notizia che ha fatto rapidamente il giro di tutte le redazioni giornalistiche del paese. Nella mappa del contagio primeggia l&#8217;Alpago (31) in casa di riposo a Puos non si contano nuovi casi ma i sindacalisti mettono in evidenza la sempre loro grande preoccupazione\u00a0 in un momento in cui servono e subito cordoni e un piano coordinato per la sicurezza.\u00a0 Non solo produzione, non \u00e8 l&#8217;unica stretta dell&#8217;ultimo decreto, a questa si aggiunge quella degli spostamenti perch\u00e8 i Ministri Speranza e Lamorgese hanno vietato tutti i trasferimenti da un Comune all&#8217;altro tanto con mezzi pubblici che privati, si potranno muovere dal Comune in cui si trovano solo coloro che necessitano spostarsi per motivi di lavoro o di salute gravi o indifferibili. Da oggi negli ospedali della nostra regione saranno sperimentati i nuovi farmaci contro il Covid 19, ad annunciarlo il presidente Luca Zaia nella consueta conferenza stampa di ieri a mezzogiorno e mezzo. Sar\u00e0 portato in corsia anche il farmaco giapponese che da giorni sta girando in rete, c&#8217;\u00e8 il nulla osta dell&#8217;Aifa alla sperimentazione e il Veneto si \u00e8 fatto trovare pronto ed in prima linea. Da domani via alla distribuzione delle mascherine, in una circolare della Regione si fa chiarezza, saranno portate casa per casa da incaricati del Comune e della Protezione Civile e mondo volontaristico con tutte le cautele del caso lasciandole sull&#8217;uscio o sul davanzale sincerandosi che vengano ritirate da uno dei componenti del nucleo famigliare. <em><strong>Sia chiaro che nessuno \u00e8 autorizzato ad entrare nelle vostre abitazioni, per nessuno motivo come dire: attenzione alle truffe ed agli sconosciuti, gli anziani soprattutto non aprano la porta a nessuno e pretendano che chi suona il campanello o bussa alla porta lasci la mascherina o le mascherine fuori dalla porta di casa.<\/strong><\/em> Dopo quella del vescovo ecco l&#8217;altra iniziativa della candela, l&#8217;idea arriva dal mondo della scuola ma senza un invito alla prudenza, bene si accendano le candele in tutta Italia ma sarebbe altrettanto opportuno ammonire che chi lo fa che se la candela sfugge di mano o dal davanzale finisce nell&#8217;erba e causa incendi dei quali i vigili del fuoco ne farebbero volentieri a meno visto che di problemi a cui pensare ne hanno gi\u00e0 abbastanza. A proposito di candele ieri una donna ha deciso di uscire di casa contravvenendo alle regole per andare in chiesa, una volta tornata a casa si \u00e8 resa conto di essere rimasta chiusa fuori ed ha dovuto far correre i pompieri. Ancora una volta l&#8217;invito anche a pregare dalle mura domestiche non \u00e8 servito e non ci sono scusanti.<\/p>\n<blockquote><p><strong>DI GIOVANNI CREMA<\/strong><\/p><\/blockquote>\n<blockquote><p><em>Con grande dolore ho appreso la scomparsa del carissimo amico e compagno Piero PICCOLOTTO. Con Piero ho trascorso anni di impegno ideale comune. Ho potuto apprezzare le sua generosit\u00e0, intelligenza e disinteresse personale con le quali ha partecipato e diretto le numerose battaglie per l\u2019avanzamento sociale e civile della nostra comunit\u00e0. A lui vada il mio pi\u00f9 doveroso e grato ringraziamento. Ai suoi carissimi famigliari vada la mia pi\u00f9 fraterna vicinanza ed il cordoglio pi\u00f9 sentito.<\/em><\/p><\/blockquote>\n<p>&nbsp;<\/p>\n<p><strong><a class=\"dt-pswp-item\" href=\"https:\/\/www.radiopiu.net\/wordpress\/wp-content\/uploads\/2020\/03\/GIANLUIGI-DELLA-GIACOMA.jpg\" data-dt-img-description=\"\" data-large_image_width=\"1199\" data-large_image_height=\"1200\"><img loading=\"lazy\" decoding=\"async\" class=\"wp-image-122293 alignright\" src=\"https:\/\/www.radiopiu.net\/wordpress\/wp-content\/uploads\/2020\/03\/GIANLUIGI-DELLA-GIACOMA-1024x1024.jpg\" alt=\"\" width=\"114\" height=\"114\" \/><\/a><\/strong><\/p>\n<p>&nbsp;<\/p>\n<p>&nbsp;<\/p>\n<p><strong>DALLA FP CGIL, GIANLUIGI DELLA GIACOMA<\/strong><\/p>\n<audio class=\"wp-audio-shortcode\" id=\"audio-123961-1\" preload=\"none\" style=\"width: 100%;\" controls=\"controls\"><source type=\"audio\/mpeg\" src=\"https:\/\/www.radiopiu.net\/wordpress\/wp-content\/uploads\/2020\/03\/GIANLUIGI-1.mp3?_=1\" \/><a href=\"https:\/\/www.radiopiu.net\/wordpress\/wp-content\/uploads\/2020\/03\/GIANLUIGI-1.mp3\">https:\/\/www.radiopiu.net\/wordpress\/wp-content\/uploads\/2020\/03\/GIANLUIGI-1.mp3<\/a><\/audio>\n<p>&nbsp;<\/p>\n<h2>IL PRESIDENTE LUCA ZAIA, IL PUNTO DI IERI<\/h2>\n<p>https:\/\/www.facebook.com\/zaiaufficiale\/videos\/641940303270542\/<\/p>\n<p>&nbsp;<\/p>\n<hr \/>\n<h2>LA LETTERA<\/h2>\n<p>DA GIUSEPPE SCHENA, UN&#8217;INVITO ALL&#8217;UNIONE DA VOLTAGO COORDINATORE GRUPPO COMUNALE PROTEZIONE CIVILE.<\/p>\n<p><strong>DI GIANNI SANTOMASO<\/strong><\/p>\n<p>&nbsp;<\/p>\n<div class=\"page-title-head hgroup\">\n<blockquote><audio class=\"wp-audio-shortcode\" id=\"audio-123961-2\" preload=\"none\" style=\"width: 100%;\" controls=\"controls\"><source type=\"audio\/mpeg\" src=\"https:\/\/www.radiopiu.net\/wordpress\/wp-content\/uploads\/2020\/03\/GIANNI-LETTERA.mp3?_=2\" \/><a href=\"https:\/\/www.radiopiu.net\/wordpress\/wp-content\/uploads\/2020\/03\/GIANNI-LETTERA.mp3\">https:\/\/www.radiopiu.net\/wordpress\/wp-content\/uploads\/2020\/03\/GIANNI-LETTERA.mp3<\/a><\/audio>\n<h3 style=\"text-align: left;\"><\/h3>\n<h3><\/h3>\n<\/blockquote>\n<hr \/>\n<blockquote>\n<h3><\/h3>\n<div class=\"\" data-block=\"true\" data-editor=\"4e59m\" data-offset-key=\"36ii3-0-0\">\n<div class=\"_1mf _1mj\" data-offset-key=\"36ii3-0-0\"><strong>che la gente che va a fare la spesa anche nei negozietti piccolissimi di montagna abbia l&#8217;accortezza di mettersi la mascherina o un fazzoletto sul naso per rispetto di chi ha davanti oltre per s\u00e9 stesso<\/strong><\/div>\n<\/div>\n<div class=\"\" data-block=\"true\" data-editor=\"4e59m\" data-offset-key=\"8t79g-0-0\">\n<div class=\"_1mf _1mj\" data-offset-key=\"8t79g-0-0\"><strong>Sembra che la gente si vergogni nel mettere una mascherina<\/strong><\/div>\n<\/div>\n<\/blockquote>\n<hr \/>\n<blockquote>\n<h3><\/h3>\n<h3 class=\"entry-title\">SPAGNA CHIAMA ITALIA, LE ULTIME NOTIZIE DA AMEDEO FRANCESCHINI<\/h3>\n<\/blockquote>\n<\/div>\n<div class=\"page-title-breadcrumbs\"><strong class=\"photoswipe-wrapper\"><img loading=\"lazy\" decoding=\"async\" class=\"wp-image-124029 jetpack-lazy-image jetpack-lazy-image--handled alignleft\" src=\"https:\/\/i2.wp.com\/www.radiopiu.net\/wordpress\/wp-content\/uploads\/2020\/03\/5a87af01-ef31-433a-8638-51b5ec80192d-1.jpg?resize=1024%2C768&amp;ssl=1\" sizes=\"auto, (max-width: 1024px) 100vw, 1024px\" srcset=\"https:\/\/i2.wp.com\/www.radiopiu.net\/wordpress\/wp-content\/uploads\/2020\/03\/5a87af01-ef31-433a-8638-51b5ec80192d-1.jpg?resize=1024%2C768&amp;ssl=1 1024w, https:\/\/i2.wp.com\/www.radiopiu.net\/wordpress\/wp-content\/uploads\/2020\/03\/5a87af01-ef31-433a-8638-51b5ec80192d-1.jpg?resize=300%2C225&amp;ssl=1 300w, https:\/\/i2.wp.com\/www.radiopiu.net\/wordpress\/wp-content\/uploads\/2020\/03\/5a87af01-ef31-433a-8638-51b5ec80192d-1.jpg?resize=768%2C576&amp;ssl=1 768w, https:\/\/i2.wp.com\/www.radiopiu.net\/wordpress\/wp-content\/uploads\/2020\/03\/5a87af01-ef31-433a-8638-51b5ec80192d-1.jpg?resize=1536%2C1153&amp;ssl=1 1536w, https:\/\/i2.wp.com\/www.radiopiu.net\/wordpress\/wp-content\/uploads\/2020\/03\/5a87af01-ef31-433a-8638-51b5ec80192d-1.jpg?w=1599&amp;ssl=1 1599w\" alt=\"\" width=\"131\" height=\"98\" data-recalc-dims=\"1\" data-lazy-loaded=\"1\" \/>TENERIFE<\/strong> Ecco cosa succede in Spagna dove le regole vengono fatte rispettare nel vero senso della parola. Ce ne parla l\u2019amico Amedeo Franceschini<\/div>\n<div class=\"page-title-breadcrumbs\">\n<audio class=\"wp-audio-shortcode\" id=\"audio-123961-3\" preload=\"none\" style=\"width: 100%;\" controls=\"controls\"><source type=\"audio\/mpeg\" src=\"https:\/\/www.radiopiu.net\/wordpress\/wp-content\/uploads\/2020\/03\/MEDEOOOOOOOOOOOOOO.mp3?_=3\" \/><a href=\"https:\/\/www.radiopiu.net\/wordpress\/wp-content\/uploads\/2020\/03\/MEDEOOOOOOOOOOOOOO.mp3\">https:\/\/www.radiopiu.net\/wordpress\/wp-content\/uploads\/2020\/03\/MEDEOOOOOOOOOOOOOO.mp3<\/a><\/audio>\n<\/div>\n<div class=\"page-title-breadcrumbs\">\n<hr \/>\n<\/div>\n<div><\/div>\n<div>\n<div class=\"page-title-head hgroup\">\n<blockquote>\n<h3 class=\"entry-title\">BUENOS AIRES CHIAMA ITALIA, DI LUCIA CODIGLIA<\/h3>\n<\/blockquote>\n<\/div>\n<div class=\"page-title-breadcrumbs\"><img loading=\"lazy\" decoding=\"async\" class=\"wp-image-124050 alignleft jetpack-lazy-image jetpack-lazy-image--handled\" src=\"https:\/\/i2.wp.com\/www.radiopiu.net\/wordpress\/wp-content\/uploads\/2020\/03\/2467a749-fe8d-499f-b5e9-2d07722b7035.jpg?resize=152%2C93&amp;ssl=1\" sizes=\"auto, (max-width: 152px) 100vw, 152px\" srcset=\"https:\/\/i2.wp.com\/www.radiopiu.net\/wordpress\/wp-content\/uploads\/2020\/03\/2467a749-fe8d-499f-b5e9-2d07722b7035.jpg?resize=1024%2C628&amp;ssl=1 1024w, https:\/\/i2.wp.com\/www.radiopiu.net\/wordpress\/wp-content\/uploads\/2020\/03\/2467a749-fe8d-499f-b5e9-2d07722b7035.jpg?resize=300%2C184&amp;ssl=1 300w, https:\/\/i2.wp.com\/www.radiopiu.net\/wordpress\/wp-content\/uploads\/2020\/03\/2467a749-fe8d-499f-b5e9-2d07722b7035.jpg?resize=768%2C471&amp;ssl=1 768w, https:\/\/i2.wp.com\/www.radiopiu.net\/wordpress\/wp-content\/uploads\/2020\/03\/2467a749-fe8d-499f-b5e9-2d07722b7035.jpg?w=1079&amp;ssl=1 1079w\" alt=\"\" width=\"152\" height=\"93\" data-recalc-dims=\"1\" data-lazy-loaded=\"1\" \/><strong>BUENOS AIRES<\/strong> Volto noto quello di Lucia Codiglia a Taibon, amica dell\u2019Agordino e RADIO PIU\u2019 ecco la sua testimonianza da Buenos Aires<\/div>\n<\/div>\n<div><\/div>\n<div><\/div>\n<div><\/div>\n<div>\n<audio class=\"wp-audio-shortcode\" id=\"audio-123961-4\" preload=\"none\" style=\"width: 100%;\" controls=\"controls\"><source type=\"audio\/mpeg\" src=\"https:\/\/www.radiopiu.net\/wordpress\/wp-content\/uploads\/2020\/03\/LUCIA.mp3?_=4\" \/><a href=\"https:\/\/www.radiopiu.net\/wordpress\/wp-content\/uploads\/2020\/03\/LUCIA.mp3\">https:\/\/www.radiopiu.net\/wordpress\/wp-content\/uploads\/2020\/03\/LUCIA.mp3<\/a><\/audio>\n<p>&nbsp;<\/p>\n<hr \/>\n<blockquote class=\"wp-embedded-content\" data-secret=\"tTNtsrFZkl\"><p><a href=\"https:\/\/www.radiopiu.net\/wordpress\/ecessi-in-92-ore-e-crescono-i-contagi-ovunque-ma-non-a-vo-e-rovigo-meno-a-venezia\/\">DICIASETTE DECESSI  IN 12 ORE E CRESCONO I CONTAGI, OVUNQUE MA NON A VO&#8217; E ROVIGO MENO A VENEZIA<\/a><\/p><\/blockquote>\n<p><iframe loading=\"lazy\" title=\"&#8220;DICIASETTE DECESSI  IN 12 ORE E CRESCONO I CONTAGI, OVUNQUE MA NON A VO&#8217; E ROVIGO MENO A VENEZIA&#8221; &#8212; Radio Pi\u00f9\" class=\"wp-embedded-content\" sandbox=\"allow-scripts\" security=\"restricted\" style=\"position: absolute; clip: rect(1px, 1px, 1px, 1px);\" src=\"https:\/\/www.radiopiu.net\/wordpress\/ecessi-in-92-ore-e-crescono-i-contagi-ovunque-ma-non-a-vo-e-rovigo-meno-a-venezia\/embed\/#?secret=tTNtsrFZkl\" data-secret=\"tTNtsrFZkl\" width=\"600\" height=\"338\" frameborder=\"0\" marginwidth=\"0\" marginheight=\"0\" scrolling=\"no\"><\/iframe><\/p>\n<p>&nbsp;<\/p>\n<hr \/>\n<p>&nbsp;<\/p>\n<div class=\"page-title-head hgroup\">\n<blockquote>\n<h3 class=\"entry-title\">ULSS 1 DOLOMITI: ANCORA UNA VITTIMA. PIU\u2019 DI MILLE LE PERSONE IN ISOLAMENTO DOMICILIARE FIDUCIARIO<\/h3>\n<\/blockquote>\n<\/div>\n<div class=\"page-title-breadcrumbs\">\n<p><strong>BELLUNO\u00a0<\/strong>Nella notte tra il 21 e il 22 marzo 2020, un paziente COVID positivo di anni 83, ricoverato nell\u2019area COVID di Feltre, \u00e8 deceduto. Sono in corso gli accertamenti per stabilire le cause del decesso da parte dell\u2019Istituto Superiore di Sanit\u00e0.<\/p>\n<p><strong>SORVEGLIANZA SANITARIA COVID-19<\/strong>\u00a0Numero totale tamponi effettuati per ricerca nCoV al 22 marzo 2020:<b> 3.106\u00a0<\/b>Persone residenti in Ulss Dolomiti in isolamento domiciliare fiduciario e sorveglianza attiva al 22 marzo 2020: <b>1.004 (+67 rispetto ieri)\u00a0<\/b>Alcuni tamponi sono stati effettuati pi\u00f9 volte sulle stesse persone<\/p>\n<p><b>OSPEDALE DI BELLUNO<\/b> Installate altre 3 tende della Protezione Civile al Blocco F per il percorso dedicato ai sospetti COVID Attivato il Punto Medico Avanzato , le degenze di CHIRURGIA, NEFROLOGIA e UROLOGIA sono state compattate al 3\u00b0 piano del Blocco Chirurgico del San Martino di Belluno, le degenze della PNEUMOLOGIA e GERIATRIA sono state collocate al 3\u00b0 piano del Blocco Chirurgico (lato EST) del San Martino. Le degenze di NEUROLOGIA sono state spostate al 2\u00b0 piano del Blocco Medico del San Martino Le aree per sospetti COVID e pazienti COVID a bassa intensit\u00e0 sono collocate al 3\u00b0 piano del Blocco medico del San Martino.<\/p>\n<p><b>OSPEDALE DI AGORDO<\/b> attivata attivit\u00e0 di ricovero per pazienti COVID positivi a bassa intensit\u00e0 di cura \u2013 modello ospedale di comunit\u00e0;<\/p>\n<p><b>OSPEDALE DI PIEVE DI CADORE <\/b>\u00e8 attivo un filtro all\u2019ingresso per il controllo degli accessi grazie al personale della Protezione Civile, attivata un\u2019area per sospetti COVID al 2\u00b0 piano<\/p>\n<p><b>OSPEDALE DI FELTRE<\/b> Il reparto di PNEUMOLOGIA \u00e8 stato trasferito al 5\u00b0 piano del Padiglione Dalla Palma. Il reparto di GERIATRIA \u00e8 stato riattivato al 1\u00b0 piano del Padiglione Gaggia. E\u2019 stata predisposta un\u2019area per eventuali pazienti Covid-19 che necessitano di ospedalizzazione e un\u2019area degenza dedicata ai casi positivi Covid-19 ma con altre patologie che ne prevedono l\u2019ospedalizzazione nelle due ali del 4\u00b0 Piano del Padiglione Dalla Palma. L\u2019ingresso in ospedale \u00e8 consentito solo con l\u2019utilizzo di mascherina portata da casa ed esclusivamente a: mariti\/compagni di partorienti, parenti stretti di pazienti in fin di vita o deceduti, una sola persona al giorno negli orari di visita per i degenti, pazienti per visite ambulatoriali, donatori di sangue. Situazioni specifiche saranno valutate dal personale sanitario preposto. \u00c8 vietato per gli accompagnatori o visitatori entrare nelle aree COVID.<span class=\"Apple-converted-space\">\u00a0<\/span><\/p>\n<p>&nbsp;<\/p>\n<\/div>\n<hr \/>\n<blockquote class=\"wp-embedded-content\" data-secret=\"sAL2opJPwJ\"><p><a href=\"https:\/\/www.radiopiu.net\/wordpress\/aggiornamento-coronavirus-dalla-protezione-civile-22-marzo-2020-ok\/\">AGGIORNAMENTO CORONAVIRUS DALLA PROTEZIONE CIVILE 22 MARZO 2020<\/a><\/p><\/blockquote>\n<p><iframe loading=\"lazy\" title=\"&#8220;AGGIORNAMENTO CORONAVIRUS DALLA PROTEZIONE CIVILE 22 MARZO 2020&#8221; &#8212; Radio Pi\u00f9\" class=\"wp-embedded-content\" sandbox=\"allow-scripts\" security=\"restricted\" style=\"position: absolute; clip: rect(1px, 1px, 1px, 1px);\" src=\"https:\/\/www.radiopiu.net\/wordpress\/aggiornamento-coronavirus-dalla-protezione-civile-22-marzo-2020-ok\/embed\/#?secret=sAL2opJPwJ\" data-secret=\"sAL2opJPwJ\" width=\"600\" height=\"338\" frameborder=\"0\" marginwidth=\"0\" marginheight=\"0\" scrolling=\"no\"><\/iframe><\/p>\n<p>&nbsp;<\/p>\n<p><a class=\"dt-pswp-item\" href=\"https:\/\/www.radiopiu.net\/wordpress\/wp-content\/uploads\/2020\/03\/DATI-COVID-VENETO-22-MARZO.jpg\" data-dt-img-description=\"\" data-large_image_width=\"722\" data-large_image_height=\"464\"><img loading=\"lazy\" decoding=\"async\" class=\"alignnone size-full wp-image-124104\" src=\"https:\/\/www.radiopiu.net\/wordpress\/wp-content\/uploads\/2020\/03\/DATI-COVID-VENETO-22-MARZO.jpg\" alt=\"\" width=\"722\" height=\"464\" srcset=\"https:\/\/www.radiopiu.net\/wordpress\/wp-content\/uploads\/2020\/03\/DATI-COVID-VENETO-22-MARZO.jpg 722w, https:\/\/www.radiopiu.net\/wordpress\/wp-content\/uploads\/2020\/03\/DATI-COVID-VENETO-22-MARZO-300x193.jpg 300w\" sizes=\"auto, (max-width: 722px) 100vw, 722px\" \/><\/a><\/p>\n<hr \/>\n<p>&nbsp;<\/p>\n<\/div>\n<div><\/div>\n<p>https:\/\/www.facebook.com\/zaiaufficiale\/videos\/1160638540933910<\/p>\n<p>&nbsp;<\/p>\n<hr \/>\n<p>&nbsp;<\/p>\n<blockquote class=\"wp-embedded-content\" data-secret=\"hffeMLst6o\"><p><a href=\"https:\/\/www.radiopiu.net\/wordpress\/il-dpcm-del-22-marzo-2020\/\">IL DPCM DEL 22 MARZO 2020<\/a><\/p><\/blockquote>\n<p><iframe loading=\"lazy\" title=\"&#8220;IL DPCM DEL 22 MARZO 2020&#8221; &#8212; Radio Pi\u00f9\" class=\"wp-embedded-content\" sandbox=\"allow-scripts\" security=\"restricted\" style=\"position: absolute; clip: rect(1px, 1px, 1px, 1px);\" src=\"https:\/\/www.radiopiu.net\/wordpress\/il-dpcm-del-22-marzo-2020\/embed\/#?secret=hffeMLst6o\" data-secret=\"hffeMLst6o\" width=\"600\" height=\"338\" frameborder=\"0\" marginwidth=\"0\" marginheight=\"0\" scrolling=\"no\"><\/iframe><\/p>\n<p>&nbsp;<\/p>\n<hr \/>\n<p>&nbsp;<\/p>\n<blockquote>\n<h3>STOP AGLI SPOSTAMENTI OLTRE COMUNE<\/h3>\n<\/blockquote>\n<p><strong>ROMA<\/strong> Il Ministero della Salute ha appena diramato una nuova circolare con le ultime novit\u00e0 riguardo all&#8217;emergenza Coronavirus.<\/p>\n<div class=\"su-document su-u-responsive-media-yes\"><iframe loading=\"lazy\" src=\"\/\/docs.google.com\/viewer?embedded=true&url=https:\/\/www.radiopiu.net\/wordpress\/wp-content\/uploads\/2020\/03\/73727_1.pdf\" width=\"600\" height=\"800\" class=\"su-document\" title=\"Decreto 20.02.2020\"><\/iframe><\/div>\n<p>&nbsp;<\/p>\n<hr \/>\n<p>&nbsp;<\/p>\n<div class=\"page-title-head hgroup\">\n<blockquote>\n<h3 class=\"entry-title\">LUXOTTICA: SOSPENSIONE DI TUTTE LE ATTIVITA\u2019 ITALIANE DEL GRUPPO<\/h3>\n<\/blockquote>\n<\/div>\n<div class=\"page-title-breadcrumbs\"><img loading=\"lazy\" decoding=\"async\" class=\"wp-image-124023 alignleft jetpack-lazy-image jetpack-lazy-image--handled\" src=\"https:\/\/i0.wp.com\/www.radiopiu.net\/wordpress\/wp-content\/uploads\/2020\/03\/mensa-luxcoronavirus.jpg?resize=141%2C250&amp;ssl=1\" sizes=\"auto, (max-width: 141px) 100vw, 141px\" srcset=\"https:\/\/i0.wp.com\/www.radiopiu.net\/wordpress\/wp-content\/uploads\/2020\/03\/mensa-luxcoronavirus.jpg?resize=169%2C300&amp;ssl=1 169w, https:\/\/i0.wp.com\/www.radiopiu.net\/wordpress\/wp-content\/uploads\/2020\/03\/mensa-luxcoronavirus.jpg?resize=576%2C1024&amp;ssl=1 576w, https:\/\/i0.wp.com\/www.radiopiu.net\/wordpress\/wp-content\/uploads\/2020\/03\/mensa-luxcoronavirus.jpg?resize=768%2C1365&amp;ssl=1 768w, https:\/\/i0.wp.com\/www.radiopiu.net\/wordpress\/wp-content\/uploads\/2020\/03\/mensa-luxcoronavirus.jpg?resize=864%2C1536&amp;ssl=1 864w, https:\/\/i0.wp.com\/www.radiopiu.net\/wordpress\/wp-content\/uploads\/2020\/03\/mensa-luxcoronavirus.jpg?w=900&amp;ssl=1 900w\" alt=\"\" width=\"88\" height=\"157\" data-recalc-dims=\"1\" data-lazy-loaded=\"1\" \/><strong>AGORDO<\/strong> In ottemperanza alle ultime indicazioni governative e informate le Organizzazioni Sindacali, Luxottica comunica la sospensione di tutte le attivit\u00e0 italiane del Gruppo fino a nuova comunicazione. La decisione interessa gli stabilimenti di Agordo, Sedico e Cencenighe (BL), Rovereto (TN), Pederobba (TV), Lauriano (TO), Silvi Marina (TE) e Citt\u00e0 Sant\u2019Angelo (PE). L\u2019azienda sta verificando la possibilit\u00e0 di proseguire alcune attivit\u00e0 essenziali come la logistica e il laboratorio lenti di Sedico, in conformit\u00e0 con le disposizioni governative. Garantir\u00e0 inoltre continuit\u00e0 alle funzioni centrali critiche per la gestione del Gruppo e il coordinamento delle attivit\u00e0 a livello globale.<\/div>\n<div><\/div>\n<div><\/div>\n<div><\/div>\n<div>\n<hr \/>\n<\/div>\n<blockquote>\n<h3>I DATI DELLA PREFETTURA SUI CONTROLLI DI SABATO<\/h3>\n<\/blockquote>\n<div><strong>BELLUNO<\/strong> Sabato le Forze di Polizia\u00a0 hanno effettuato i seguenti controlli in provincia di Belluno, nell\u2019ambito dei servizi di vigilanza sul rispetto delle disposizioni previste per fronteggiare l\u2019emergenza Coronavirus. Persone controllate: 798, denunciate 35. Esercizi commerciali controllati: 2279, 2 titolari denunciati e 4 sospensioni di esercizi commerciali.<\/div>\n<div><\/div>\n<p>&nbsp;<\/p>\n<hr \/>\n<p>&nbsp;<\/p>\n<blockquote>\n<h3>I CRITERI DI DISTRIBUZIONE DELLE MASCHERINE<\/h3>\n<\/blockquote>\n<p><strong>VENEZIA<\/strong> Sono stati definiti i criteri per la distribuzione delle mascherine nelle 7 province del Veneto<\/p>\n<p><strong>IL DOCUMENTO<\/strong><\/p>\n<div class=\"su-document su-u-responsive-media-yes\"><iframe loading=\"lazy\" src=\"\/\/docs.google.com\/viewer?embedded=true&url=https:\/\/www.radiopiu.net\/wordpress\/wp-content\/uploads\/2020\/03\/2020_03_22_indirizzi-distribuzione-mascherine-filtranti-.pdf\" width=\"600\" height=\"800\" class=\"su-document\" title=\"Decreto 20.02.2020\"><\/iframe><\/div>\n<p>&nbsp;<\/p>\n<hr \/>\n<p>&nbsp;<\/p>\n<blockquote>\n<h3>ALTRE 16MILA MASCHERINE, CON LE LINEE GUIDA PER LA DISTRIBUZIONE<\/h3>\n<\/blockquote>\n<p><strong>BELLUNO<\/strong> Continua anche oggi il flusso delle mascherine in distribuzione dalla Regione Veneto. Dopo il pacco da 24.200 pezzi di ieri, oggi ai magazzini provinciali della Cal di Limana sono arrivati altri pacchi, per oltre 16mila mascherine. Alle squadre di Protezione Civile sono giunte anche le linee guida da seguire per la distribuzione, che comincer\u00e0 domani.\u00a0\u00abl\u2019operazione verr\u00e0 eseguita con mascherina chirurgica e guanti monouso avendo cura di non creare assembramenti di persone. Per la predisposizione dei pacchetti da distribuire, possono essere utilizzati sacchetti trasparenti tipo \u201cfreezer\u201d o per alimenti o simili\u00bb. Sempre secondo le linee guida regionali, \u00ab\u00e8 rimessa alla valutazione dei sindaci l\u2019individuazione delle modalit\u00e0 di distribuzione alle famiglie\u00bb. Ci sono per\u00f2 alcune indicazioni precise: \u00abVanno individuate modalit\u00e0 tali da consentire, possibilmente, la distribuzione capillare a tutti i cittadini residenti; vanno individuati prioritariamente nella consegna le fasce pi\u00f9 deboli della popolazione e pi\u00f9 esposte al rischio di contagio, con particolare riferimento alle persone anziane, come individuate da ciascun Comune, ai soggetti con patologie particolari e ai nuclei familiari con soggetti affetti da disabilit\u00e0, nel rispetto delle norme di tutela della riservatezza dei dati personali; la consegna tiene conto della composizione del nucleo familiare, in modo da garantire un numero di mascherine pari a quello dei componenti; vanno individuate modalit\u00e0 tali da evitare ogni possibile assembramento di persone, privilegiando, a tale scopo, la consegna porta a porta; i sindaci, per motivata ragione, potranno individuare modalit\u00e0 suppletive e\/o alternative, fermi restando gli obiettivi e le cautele sopra indicati. In linea generale si dovr\u00e0 tenere lo stesso comportamento seguito per la consegna a domicilio della spesa o dei medicinali, lasciando quindi sulla soglia quanto dovuto e suonando il campanello, verificare che venga ritirato il pacchetto. In caso di mancata risposta il pacchetto viene ritirato e riportato presso la sede comunale. \u00c8 obbligatorio, per gli addetti alla consegna, l\u2019utilizzo di mascherina chirurgica e guanti monouso, con possibilit\u00e0 di ricambio durante il turno, e adeguata dotazione di soluzione alcolica per la disinfezione delle mani\u00bb.<\/p>\n<p>&nbsp;<\/p>\n<hr \/>\n<p>&nbsp;<\/p>\n<blockquote>\n<h3>CORONAVIRUS. OGGI IN VENETO PRESENTAZIONE DEL NUOVO PIANO \u201cEMERGENZA COVID-19, INTERVENTI DI SANITA\u2019 PUBBLICA\u201d<\/h3>\n<\/blockquote>\n<p><strong>VENEZIA<\/strong>\u00a0Oggi, alle ore 12.30, nella sede<span class=\"Apple-converted-space\">\u00a0 <\/span>della Protezione Civile del Veneto a Marghera, via Paolucci 34, il Presidente della Regione Luca Zaia, l\u2019Assessore alla Sanit\u00e0 Manuela Lanzarin, il Rettore dell\u2019Universit\u00e0 di Padova prof. Rosario<span class=\"Apple-converted-space\">\u00a0 <\/span>Rizzuto, il Direttore della Scuola di Medicina dell\u2019Universit\u00e0 di Padova prof. Stefano Merigliano, il Direttore del Laboratorio di Microbiologia e Virologia dell\u2019Azienda Ospedaliera di Padova, prof. Andrea Crisanti, e il Presidente del Comitato Regionale Veneto della Croce Rossa Italiana, Francesco Bosa, presenteranno il nuovo piano \u201cEmergenza Covid-19, interventi urgenti di sanit\u00e0 pubblica\u201d.<\/p>\n<p>&nbsp;<\/p>\n<hr \/>\n<p>&nbsp;<\/p>\n<h3>CANDELE ALLA FINESTRA DOPO LA CHIESA LA SCUOLA<\/h3>\n<p>di\u00a0 DAMIANO TORMEN<\/p>\n<p>&nbsp;<\/p>\n<audio class=\"wp-audio-shortcode\" id=\"audio-123961-5\" preload=\"none\" style=\"width: 100%;\" controls=\"controls\"><source type=\"audio\/mpeg\" src=\"https:\/\/www.radiopiu.net\/wordpress\/wp-content\/uploads\/2020\/03\/DAMIANO.mp3?_=5\" \/><a href=\"https:\/\/www.radiopiu.net\/wordpress\/wp-content\/uploads\/2020\/03\/DAMIANO.mp3\">https:\/\/www.radiopiu.net\/wordpress\/wp-content\/uploads\/2020\/03\/DAMIANO.mp3<\/a><\/audio>\n<blockquote>\n<h3><\/h3>\n<hr \/>\n<h3><\/h3>\n<h3><\/h3>\n<h3>LA CROCE BIANCA VAL FIORENTINA CONSEGNA LA SPESA A DOMICILIO<\/h3>\n<\/blockquote>\n<p><strong>SELVA DI CADORE<\/strong> I volontari della Croce Bianca Val Fiorentina vengono in aiuto agli anziani e alle persone bisognose che non possono muoversi di casa attivando un servizio di consegna a domicilio della spesa. Il servizio sar\u00e0 erogato il luned\u00ec, mercoled\u00ec e sabato. Per accedere al servizio basta contattare il negozio Conad di Selva di Cadore allo 0437 720613 o l\u2019alimentari di Pescul allo 0437 521071 entro le ore 10 poi i volontari della Croce Bianca Val Fiorentina consegneranno la spesa a casa.<\/p>\n<p>&nbsp;<\/p>\n<hr \/>\n<p>&nbsp;<\/p>\n<blockquote>\n<h3>A LA VALLE PARTE LA CONSEGNA A DOMICILIO DI FARMACI E SPESA<\/h3>\n<\/blockquote>\n<p><strong>LA VALLE AGORDINA<\/strong> Il Sindaco informa che sono stati attivati i servizi di consegna a domicilio per farmaci e per la spesa. Per la consegna dei farmaci i numeri da chiamare sono 0437 62298 oppure 0437 63896, servizio attivo dal luned\u00ec al venerd\u00ec dalle 9 alle 12:30 e dalle 15:30 alle 18:30. Per la consegna della spesa a domicilio basta telefonare al Panificio \u201cEl Forer\u201d 0437 63040, servizio garantito dal lunedi al sabato dalle 7 alle 12:30 e dalle 16:30 alle 19, anche la domenica dalle 7 alle 12:30<\/p>\n<p>&nbsp;<\/p>\n<hr \/>\n<p>&nbsp;<\/p>\n<blockquote>\n<h3>SERVIZIO A DOMICILIO ANCHE A CANALE D\u2019AGORDO<\/h3>\n<\/blockquote>\n<p><strong>CANALE D\u2019AGORDO<\/strong> Il comune, in collaborazione con le associazioni di volontariato del territorio, ha attivato il servizio di consegna a domicilio di farmaci e beni di prima necessit\u00e0 alle persone che sono impossibiltate a muoversi (anziani, persone non autosufficienti, persone sole e\/o che non possono uscire dalla propria abitazione. Servizio attivo il luned\u00ec, mercoled\u00ec e venerd\u00ec. Per avvalersi del servizio il numero da chiamare \u00e8 320 3298245<\/p>\n<p>&nbsp;<\/p>\n<hr \/>\n<p>&nbsp;<\/p>\n<blockquote>\n<h3>SERVIZIO SPESA GRATIS PER FODOM<\/h3>\n<\/blockquote>\n<p class=\"photoswipe-wrapper\"><strong><a class=\"dt-pswp-item\" href=\"https:\/\/www.radiopiu.net\/wordpress\/wp-content\/uploads\/2020\/03\/0d661839-de67-40ff-a655-816b9b26ad69.jpg\" data-dt-img-description=\"\" data-large_image_width=\"1600\" data-large_image_height=\"579\"><img loading=\"lazy\" decoding=\"async\" class=\"alignnone size-large wp-image-123406\" src=\"https:\/\/www.radiopiu.net\/wordpress\/wp-content\/uploads\/2020\/03\/0d661839-de67-40ff-a655-816b9b26ad69-1024x371.jpg\" alt=\"\" width=\"1024\" height=\"371\" srcset=\"https:\/\/www.radiopiu.net\/wordpress\/wp-content\/uploads\/2020\/03\/0d661839-de67-40ff-a655-816b9b26ad69-1024x371.jpg 1024w, https:\/\/www.radiopiu.net\/wordpress\/wp-content\/uploads\/2020\/03\/0d661839-de67-40ff-a655-816b9b26ad69-300x109.jpg 300w, https:\/\/www.radiopiu.net\/wordpress\/wp-content\/uploads\/2020\/03\/0d661839-de67-40ff-a655-816b9b26ad69-768x278.jpg 768w, https:\/\/www.radiopiu.net\/wordpress\/wp-content\/uploads\/2020\/03\/0d661839-de67-40ff-a655-816b9b26ad69-1536x556.jpg 1536w, https:\/\/www.radiopiu.net\/wordpress\/wp-content\/uploads\/2020\/03\/0d661839-de67-40ff-a655-816b9b26ad69.jpg 1600w\" sizes=\"auto, (max-width: 1024px) 100vw, 1024px\" \/><\/a><\/strong><\/p>\n<p class=\"photoswipe-wrapper\"><strong>LIVINALLONGO<\/strong> Questo servizio \u00e8 rivolto a persone anziane e malate, ma anche alle famiglie e alle persone sole che non hanno la possibilit\u00e0 di fare acquisti. &#x25b6; Il servizio pu\u00f2 essere richiesto ogni giorno ed \u00e8 gratuito.<br \/>\n&#x25b6; Potr\u00e0 essere richiesto al 0471 444 444 dalle ore 8-18. &#x25b6; La consegna avviene lo stesso giorno o al pi\u00f9 tardi il giorno successivo\u00a0 &#x25b6; Il servizio viene eseguito esclusivamente da volontari della Croce Bianca che possono identificarsi come collaboratori dell\u2019associazione e indossano la divisa e tesserino.<\/p>\n<p>&nbsp;<\/p>\n<hr \/>\n<p>&nbsp;<\/p>\n<blockquote>\n<h3>L\u2019UNIONE SPORTIVA LE VILLE ANNUNCIA L\u2019ANNULLAMENTO DELLA SAGRA DI SAN VINCENZO<\/h3>\n<\/blockquote>\n<p><strong class=\"photoswipe-wrapper\"><a class=\"dt-pswp-item pspw-wrap-ready\" href=\"https:\/\/i1.wp.com\/www.radiopiu.net\/wordpress\/wp-content\/uploads\/2020\/03\/le-ville.jpeg?ssl=1\" data-dt-img-description=\"\" data-large_image_width=\"225\" data-large_image_height=\"225\"><img loading=\"lazy\" decoding=\"async\" class=\"size-full wp-image-123924 alignleft\" src=\"https:\/\/i1.wp.com\/www.radiopiu.net\/wordpress\/wp-content\/uploads\/2020\/03\/le-ville.jpeg?resize=225%2C225&amp;ssl=1\" sizes=\"auto, (max-width: 225px) 100vw, 225px\" srcset=\"https:\/\/i1.wp.com\/www.radiopiu.net\/wordpress\/wp-content\/uploads\/2020\/03\/le-ville.jpeg?w=225&amp;ssl=1 225w, https:\/\/i1.wp.com\/www.radiopiu.net\/wordpress\/wp-content\/uploads\/2020\/03\/le-ville.jpeg?resize=150%2C150&amp;ssl=1 150w\" alt=\"\" width=\"225\" height=\"225\" \/><\/a>AGORDO<\/strong> Il presidente dell\u2019U.S Le Ville Andrea Rumor ha comunicato che la Sagra di San Vincenzo 2020 \u00e8 stata annullata. Questa la lettera che comunica la decisione:<\/p>\n<p><em>L\u2019Unione Sportiva Le Ville Bar Carlin, seppur a malincuore, vista l\u2019emergenza in corso, comunica l\u2019inevitabile Annullamento della Sagra di San Vincenzo 2020, che era in programma per luned\u00ec 13 aprile. Sono pertanto cancellate anche le varie attivit\u00e0 collegate: concorso di disegno in memoria dell\u2019amico Tita Zasso, il mercatino dei giocattoli usati, i \u201cpop\u201d, il torneo \u201cbati i vof\u201d\u2026..\u00a0Per quanto riguarda il progetto \u201cAgordo Paese del graffito\u201d, come gi\u00e0 anticipato dalla pagina Facebook, le due opere in programma saranno eseguite ed inaugurate appena possibile.\u00a0E\u2019 nostra intenzione invece portare a termine la ricca Lotteria 2020, nella quale come primo premio abbiamo una Fiat Panda, oltre a tanti altri sostanziosi e favolosi premi.<span class=\"Apple-converted-space\">\u00a0 <\/span>Vista la difficolt\u00e0 attuale di \u201ctentare la fortuna\u201d con la lotteria,<span class=\"Apple-converted-space\">\u00a0 <\/span>ci siamo attivati per <b>posticipare la data dell\u2019estrazione<\/b>, che non sar\u00e0 pi\u00f9 la serata del 13 aprile, ma una data successiva, da decidere in base agli sviluppi dell\u2019incresciosa situazione attuale. L\u2019 Unione Sportiva Le Ville Bar Carlin vi ringrazia per l\u2019attenzione sempre crescente che ci riservate.\u00a0Osserviamo tutti le regole che ci vengono \u201cimposte\u201d per superare quest\u2019emergenza e fiduciosi che \u201cANDRA\u2019 TUTTO BENE\u201d, auspichiamo di darvi a breve notizie riguardo la nuova data dell\u2019estrazione della lotteria.<\/em><\/p>\n<p>&nbsp;<\/p>\n<hr \/>\n<p>&nbsp;<\/p>\n<blockquote>\n<h3>ALLA RADIO. WILLIAM DA ROIT, LAVORO IN TEMPO DI CRISI CORONAVIRUS<\/h3>\n<\/blockquote>\n<p>DI CLAUDIO FONTANIVE<\/p>\n<audio class=\"wp-audio-shortcode\" id=\"audio-123961-6\" preload=\"none\" style=\"width: 100%;\" controls=\"controls\"><source type=\"audio\/mpeg\" src=\"https:\/\/www.radiopiu.net\/wordpress\/wp-content\/uploads\/2020\/03\/william-da-roita-emergenza-consegna-domicilio.mp3?_=6\" \/><a href=\"https:\/\/www.radiopiu.net\/wordpress\/wp-content\/uploads\/2020\/03\/william-da-roita-emergenza-consegna-domicilio.mp3\">https:\/\/www.radiopiu.net\/wordpress\/wp-content\/uploads\/2020\/03\/william-da-roita-emergenza-consegna-domicilio.mp3<\/a><\/audio>\n<p>&nbsp;<\/p>\n<p>&nbsp;<\/p>\n<p>&nbsp;<\/p>\n<blockquote class=\"wp-embedded-content\" data-secret=\"kwQpAgwSX6\"><p><a href=\"https:\/\/www.radiopiu.net\/wordpress\/il-disegno-di-alice-per-radio-piu-e-per-il-personale-sanitario\/\">IL DISEGNO DI ALICE PER RADIO PIU&#8217; E PER IL PERSONALE SANITARIO<\/a><\/p><\/blockquote>\n<p><iframe loading=\"lazy\" title=\"&#8220;IL DISEGNO DI ALICE PER RADIO PIU&#8217; E PER IL PERSONALE SANITARIO&#8221; &#8212; Radio Pi\u00f9\" class=\"wp-embedded-content\" sandbox=\"allow-scripts\" security=\"restricted\" style=\"position: absolute; clip: rect(1px, 1px, 1px, 1px);\" src=\"https:\/\/www.radiopiu.net\/wordpress\/il-disegno-di-alice-per-radio-piu-e-per-il-personale-sanitario\/embed\/#?secret=kwQpAgwSX6\" data-secret=\"kwQpAgwSX6\" width=\"600\" height=\"338\" frameborder=\"0\" marginwidth=\"0\" marginheight=\"0\" scrolling=\"no\"><\/iframe><\/p>\n<p>&nbsp;<\/p>\n<p>&nbsp;<\/p>\n<hr \/>\n<blockquote class=\"wp-embedded-content\" data-secret=\"ZcntWBEreN\"><p><a href=\"https:\/\/www.radiopiu.net\/wordpress\/mel-ora-borgo-valbelluna-e-le-sue-origini-paleo-venete-di-renato-bona\/\">MEL, ORA BORGO VALBELLUNA E LE SUE ORIGINI PALEO VENETE di Renato Bona<\/a><\/p><\/blockquote>\n<p><iframe loading=\"lazy\" title=\"&#8220;MEL, ORA BORGO VALBELLUNA E LE SUE ORIGINI PALEO VENETE di Renato Bona&#8221; &#8212; Radio Pi\u00f9\" class=\"wp-embedded-content\" sandbox=\"allow-scripts\" security=\"restricted\" style=\"position: absolute; clip: rect(1px, 1px, 1px, 1px);\" src=\"https:\/\/www.radiopiu.net\/wordpress\/mel-ora-borgo-valbelluna-e-le-sue-origini-paleo-venete-di-renato-bona\/embed\/#?secret=ZcntWBEreN\" data-secret=\"ZcntWBEreN\" width=\"600\" height=\"338\" frameborder=\"0\" marginwidth=\"0\" marginheight=\"0\" scrolling=\"no\"><\/iframe><\/p>\n<p>&nbsp;<\/p>\n<blockquote class=\"wp-embedded-content\" data-secret=\"Yga4aP8jkb\"><p><a href=\"https:\/\/www.radiopiu.net\/wordpress\/i-lavori-dei-bambini-della-scuola-dellinfanzia-di-taibon\/\">I LAVORI DEI BAMBINI DELLA SCUOLA DELL&#8217;INFANZIA DI TAIBON<\/a><\/p><\/blockquote>\n<p><iframe loading=\"lazy\" title=\"&#8220;I LAVORI DEI BAMBINI DELLA SCUOLA DELL&#8217;INFANZIA DI TAIBON&#8221; &#8212; Radio Pi\u00f9\" class=\"wp-embedded-content\" sandbox=\"allow-scripts\" security=\"restricted\" style=\"position: absolute; clip: rect(1px, 1px, 1px, 1px);\" src=\"https:\/\/www.radiopiu.net\/wordpress\/i-lavori-dei-bambini-della-scuola-dellinfanzia-di-taibon\/embed\/#?secret=Yga4aP8jkb\" data-secret=\"Yga4aP8jkb\" width=\"600\" height=\"338\" frameborder=\"0\" marginwidth=\"0\" marginheight=\"0\" scrolling=\"no\"><\/iframe><\/p>\n<blockquote class=\"wp-embedded-content\" data-secret=\"9fat4wjAY3\"><p><a href=\"https:\/\/www.radiopiu.net\/wordpress\/la-quarta-domenica-di-quaresima-di-don-fabiano\/\">LA QUARTA DOMENICA DI QUARESIMA DI DON FABIANO<\/a><\/p><\/blockquote>\n<p><iframe loading=\"lazy\" title=\"&#8220;LA QUARTA DOMENICA DI QUARESIMA DI DON FABIANO&#8221; &#8212; Radio Pi\u00f9\" class=\"wp-embedded-content\" sandbox=\"allow-scripts\" security=\"restricted\" style=\"position: absolute; clip: rect(1px, 1px, 1px, 1px);\" src=\"https:\/\/www.radiopiu.net\/wordpress\/la-quarta-domenica-di-quaresima-di-don-fabiano\/embed\/#?secret=9fat4wjAY3\" data-secret=\"9fat4wjAY3\" width=\"600\" height=\"338\" frameborder=\"0\" marginwidth=\"0\" marginheight=\"0\" scrolling=\"no\"><\/iframe><\/p>\n<hr \/>\n<p>&nbsp;<\/p>\n<p><a class=\"dt-pswp-item\" href=\"https:\/\/www.radiopiu.net\/wordpress\/wp-content\/uploads\/2018\/09\/sport.jpg\" data-dt-img-description=\"\" data-large_image_width=\"800\" data-large_image_height=\"100\"><img loading=\"lazy\" decoding=\"async\" class=\"alignnone size-full wp-image-60761\" src=\"https:\/\/www.radiopiu.net\/wordpress\/wp-content\/uploads\/2018\/09\/sport.jpg\" alt=\"\" width=\"800\" height=\"100\" srcset=\"https:\/\/www.radiopiu.net\/wordpress\/wp-content\/uploads\/2018\/09\/sport.jpg 800w, https:\/\/www.radiopiu.net\/wordpress\/wp-content\/uploads\/2018\/09\/sport-300x38.jpg 300w, https:\/\/www.radiopiu.net\/wordpress\/wp-content\/uploads\/2018\/09\/sport-768x96.jpg 768w\" sizes=\"auto, (max-width: 800px) 100vw, 800px\" \/><\/a><\/p>\n<p>&nbsp;<\/p>\n<blockquote>\n<h3>GREG IRELAND E&#8217; IL NUOVO ALLENATORE DELLA NAZIONALE ITALIANA DI HOCKEY<\/h3>\n<\/blockquote>\n<p><a class=\"dt-pswp-item\" href=\"https:\/\/www.radiopiu.net\/wordpress\/wp-content\/uploads\/2018\/11\/49860609-7286-420e-8fc4-7e206e29db85.jpg\" data-dt-img-description=\"\" data-large_image_width=\"1200\" data-large_image_height=\"640\"><img loading=\"lazy\" decoding=\"async\" class=\"alignleft wp-image-65882 size-medium\" src=\"https:\/\/www.radiopiu.net\/wordpress\/wp-content\/uploads\/2018\/11\/49860609-7286-420e-8fc4-7e206e29db85-300x160.jpg\" alt=\"\" width=\"300\" height=\"160\" srcset=\"https:\/\/www.radiopiu.net\/wordpress\/wp-content\/uploads\/2018\/11\/49860609-7286-420e-8fc4-7e206e29db85-300x160.jpg 300w, https:\/\/www.radiopiu.net\/wordpress\/wp-content\/uploads\/2018\/11\/49860609-7286-420e-8fc4-7e206e29db85-768x410.jpg 768w, https:\/\/www.radiopiu.net\/wordpress\/wp-content\/uploads\/2018\/11\/49860609-7286-420e-8fc4-7e206e29db85-1024x546.jpg 1024w, https:\/\/www.radiopiu.net\/wordpress\/wp-content\/uploads\/2018\/11\/49860609-7286-420e-8fc4-7e206e29db85.jpg 1200w\" sizes=\"auto, (max-width: 300px) 100vw, 300px\" \/><\/a>La\u00a0Federazione Italiana Sport del Ghiaccio\u00a0comunica di aver deciso di affidare la\u00a0guida della Nazionale Italiana Senior di hockey a Greg Ireland, canadese classe 1965 gi\u00e0 in carica, da gennaio 2020, come head coach dell&#8217;HCB Alto Adige Alperia. Cinquantaquattro anni, nativo di Orangeville (Ontario), Greg Ireland prende il posto lasciato vacante da Clayton Beddoes, dimissionario a inizio marzo, e pu\u00f2 vantare una esperienza trentennale nel ruolo di head coach.\u00a0Il tecnico canadese entrer\u00e0 in contatto con i ragazzi e inizier\u00e0 il suo lavoro con la Nazionale non appena saranno pi\u00f9 chiare le evoluzioni dell&#8217;epidemia in corso di virus COVID 19. Dopo l&#8217;annuncio dell&#8217;IIHF della cancellazione dei Mondiali Top Division, il prossimo importante impegno fissato ora in calendario \u00e8 quello di fine agosto a Riga, in Lettonia, con il torneo di\u00a0qualificazione olimpica.\u00a0&#8220;<em>Sono onorato ed orgoglioso di essere il nuovo head coach della Nazionale Italiana. Non vedo l&#8217;ora di lavorare con questo gruppo di giocatori per costruire una squadra con una forte etica del lavoro, con una mentalit\u00e0 solida e capace di giocare un hockey di cui tutta l&#8217;Italia possa essere fiera. Questo \u00e8 un programma di crescita e sono pronto ad aiutare il team a fare un altro passo in avanti sulla strada verso la qualificazione ai prossimi Giochi Olimpici di Pechino<\/em>&#8220;, le prime parole di\u00a0coach Ireland.\u00a0&#8220;<em>Ireland ha accettato di proseguire il lavoro programmatico iniziato a partire dal 2018 e che avr\u00e0 poi un&#8217;evoluzione a partire dal prossimo ciclo olimpico<\/em>&#8221; le parole del responsabile del settore hockey\u00a0Tommaso Teofoli. &#8220;<em>Abbiamo apprezzato il buonissimo lavoro che ha messo in mostra a Bolzano<\/em>\u00a0&#8211; spiega il direttore sportivo delle squadre nazionali azzurre,\u00a0Stefan Zisser\u00a0&#8211;\u00a0<em>Ireland gode di stima e vanta ottime referenze ovunque abbia gi\u00e0 lavorato e con lui, fin dal primo incontro, abbiamo condiviso visione e filosofia trovandoci sulla stessa lunghezza d&#8217;onda. Greg \u00e8 entusiasta per questo nuovo incarico, \u00e8 da tempo che sognava di allenare una Nazionale ed \u00e8 felicissimo di farlo con noi<\/em>&#8220;.<\/p>\n<p>&nbsp;<\/p>\n<hr \/>\n<p>&nbsp;<\/p>\n<p><a class=\"dt-pswp-item\" href=\"https:\/\/www.radiopiu.net\/wordpress\/wp-content\/uploads\/2018\/09\/WhatsApp-Image-2018-09-20-at-16.04.06.jpeg\" data-dt-img-description=\"\" data-large_image_width=\"800\" data-large_image_height=\"100\"><img loading=\"lazy\" decoding=\"async\" class=\"size-full wp-image-61378 aligncenter\" src=\"https:\/\/www.radiopiu.net\/wordpress\/wp-content\/uploads\/2018\/09\/WhatsApp-Image-2018-09-20-at-16.04.06.jpeg\" alt=\"\" width=\"800\" height=\"100\" srcset=\"https:\/\/www.radiopiu.net\/wordpress\/wp-content\/uploads\/2018\/09\/WhatsApp-Image-2018-09-20-at-16.04.06.jpeg 800w, https:\/\/www.radiopiu.net\/wordpress\/wp-content\/uploads\/2018\/09\/WhatsApp-Image-2018-09-20-at-16.04.06-300x38.jpeg 300w, https:\/\/www.radiopiu.net\/wordpress\/wp-content\/uploads\/2018\/09\/WhatsApp-Image-2018-09-20-at-16.04.06-768x96.jpeg 768w\" sizes=\"auto, (max-width: 800px) 100vw, 800px\" \/><\/a><\/p>\n<p>&nbsp;<\/p>\n<p><center><b>Pomeriggio\/sera di Domenica 22<\/b><\/center>Sulle Dolomiti cielo sereno o poco nuvoloso, salvo nubi a ridosso dei rilievi, specie sulle Dolomiti meridionali. Sulle Prealpi ampie schiarite nel primo pomeriggio, con tempo parzialmente soleggiato. Fra il tardo pomeriggio e le prime ore della sera maggiore nuvolosit\u00e0 associata a possibili brevi piovaschi o rovesci (30-40%), nevosi oltre i 600-800 m, a tratti anche a quote inferiori. Temperature in progressivo calo in quota. Venti in montagna moderati o tesi da nord.<\/p>\n<hr \/>\n<p><center><b>Lunedi 23<\/b><\/center><b>Tempo atteso:\u00a0<\/b>Bella giornata ma molto fredda per il periodo, anche un po&#8217; ventosa in quota. Cielo sereno o poco nuvoloso, salvo nubi medio-alte un po&#8217; pi\u00f9 estese sulle Prealpi, specie nel pomeriggio e verso sera.<br \/>\n<b>Precipitazioni:\u00a0<\/b>Assenti (0%)<br \/>\n<b>Temperature:\u00a0<\/b>In ulteriore diminuzione, con elevata sensazione di freddo in quota a causa del vento. Sui monti i valori termici saranno 8-10\u00b0C inferiori alla norma. Estese ed intense gelate notturne. Su Prealpi a 1500 m min -9\u00b0C max -5\u00b0C, a 2000 m min -10\u00b0C max -9\u00b0C. Su Dolomiti a 2000 m min -11\u00b0C max -5\u00b0C, a 3000 m min -17\u00b0C max -12\u00b0C.<br \/>\n<b>Venti:\u00a0<\/b>Nelle valli generalmente deboli, in quota moderati o tesi da nord, 10-30 km\/h a 2000 m, 20-40 km\/h a 3000 m.<\/p>\n<hr \/>\n<p><center><b>Martedi 24<\/b><\/center><b>Tempo atteso:\u00a0<\/b>Ancora bel tempo e molto freddo per la stagione. Al mattino cielo sereno, nel pomeriggio poco nuvoloso per nubi medio\/alte provenienti da Est, pi\u00f9 estese in serata.<br \/>\n<b>Precipitazioni:\u00a0<\/b>Assenti(0%)<br \/>\n<b>Temperature:\u00a0<\/b>Nelle valli pressoch\u00e9 stazionarie, in quota in lieve aumento, su valori ancora molto inferiori alla norma. Nuove, estese ed intense gelate notturne. Su Prealpi a 1500 m min -8\u00b0C max -4\u00b0C, a 2000 m min -11\u00b0C max -7\u00b0C. Su Dolomiti a 2000 m min -12\u00b0C max -6\u00b0C, a 3000 m min -18\u00b0C max -15\u00b0C.<br \/>\n<b>Venti:\u00a0<\/b>Nelle valli deboli, localmente moderati per qualche rinforzo di F\u00f6hn, in quota moderati o tesi da nord-est, 15-25 km\/h a 2000 m, 15-30 km\/h a 3000 m.<\/p>\n<hr \/>\n<p><center><b>Mercoledi 25<\/b><\/center>Cielo parzialmente nuvoloso, con qualche schiarita al mattino e maggiore nuvolosit\u00e0 nel pomeriggio\/sera, quando non si esclude del tutto qualche debole o debolissima precipitazione. Temperature minime in aumento nelle valli, massime ovunque in diminuzione, ancora 6-8\u00b0C inferiori alle medie del periodo. Venti in quota moderati o tesi da est nord-est.<\/p>\n<hr \/>\n<p><center><b>Giovedi 26<\/b><\/center>Cielo nuvoloso o molto nuvoloso ed inizialmente ancora alquanto freddo. Non sono esclude del tutto deboli o debolissime precipitazioni. Temperature in sensibile aumento in quota durante la giornata, ancora freddo nelle valli. Venti in quota sempre moderati o tesi orientali. Previsore: B.R.<\/p>\n","protected":false},"excerpt":{"rendered":"<p>PER RICEVERE QUESTO NOTIZIARIO DIRETTAMENTE SUL TUO CELLULARE ISCRIVITI AL CANALE\u00a0TELEGRAM\u00a0\u201cRADIO PIU\u00a0 INFORMAZIONE\u201d STAI A CASA, A TAIBON E\u2019 LA FARMACIA CHE VIENE DA TE! AIUTACI AD AIUTARCI\u00a0 La distribuzione dei farmaci a domicilio, per gli abitanti di Taibon, funziona bene, ma ancora tante e troppe persone si recano in farmacia. \u00c8 importante ! Stiamo&hellip;<\/p>\n","protected":false},"author":4,"featured_media":123863,"comment_status":"closed","ping_status":"closed","sticky":false,"template":"","format":"standard","meta":{"_monsterinsights_skip_tracking":false,"_monsterinsights_sitenote_active":false,"_monsterinsights_sitenote_note":"","_monsterinsights_sitenote_category":0,"footnotes":""},"categories":[1,51,86],"tags":[],"class_list":["post-123961","post","type-post","status-publish","format-standard","has-post-thumbnail","hentry","category-senza-categoria","category-evidenza-top","category-gr","category-1","category-51","category-86","description-off"],"img_url":"https:\/\/www.radiopiu.net\/wordpress\/wp-content\/uploads\/2020\/03\/PHOTO-2020-03-21-14-29-43.jpg","_links":{"self":[{"href":"https:\/\/www.radiopiu.net\/wordpress\/wp-json\/wp\/v2\/posts\/123961","targetHints":{"allow":["GET"]}}],"collection":[{"href":"https:\/\/www.radiopiu.net\/wordpress\/wp-json\/wp\/v2\/posts"}],"about":[{"href":"https:\/\/www.radiopiu.net\/wordpress\/wp-json\/wp\/v2\/types\/post"}],"author":[{"embeddable":true,"href":"https:\/\/www.radiopiu.net\/wordpress\/wp-json\/wp\/v2\/users\/4"}],"replies":[{"embeddable":true,"href":"https:\/\/www.radiopiu.net\/wordpress\/wp-json\/wp\/v2\/comments?post=123961"}],"version-history":[{"count":0,"href":"https:\/\/www.radiopiu.net\/wordpress\/wp-json\/wp\/v2\/posts\/123961\/revisions"}],"wp:featuredmedia":[{"embeddable":true,"href":"https:\/\/www.radiopiu.net\/wordpress\/wp-json\/wp\/v2\/media\/123863"}],"wp:attachment":[{"href":"https:\/\/www.radiopiu.net\/wordpress\/wp-json\/wp\/v2\/media?parent=123961"}],"wp:term":[{"taxonomy":"category","embeddable":true,"href":"https:\/\/www.radiopiu.net\/wordpress\/wp-json\/wp\/v2\/categories?post=123961"},{"taxonomy":"post_tag","embeddable":true,"href":"https:\/\/www.radiopiu.net\/wordpress\/wp-json\/wp\/v2\/tags?post=123961"}],"curies":[{"name":"wp","href":"https:\/\/api.w.org\/{rel}","templated":true}]}}