{"id":124150,"date":"2020-03-23T09:15:11","date_gmt":"2020-03-23T08:15:11","guid":{"rendered":"https:\/\/www.radiopiu.net\/wordpress\/?p=124150"},"modified":"2020-03-23T09:15:11","modified_gmt":"2020-03-23T08:15:11","slug":"la-leggerezza-della-politica-ma-noi-non-cediamo-di-mirko-mezzacasa","status":"publish","type":"post","link":"https:\/\/www.radiopiu.net\/wordpress\/la-leggerezza-della-politica-ma-noi-non-cediamo-di-mirko-mezzacasa\/","title":{"rendered":"LA LEGGEREZZA DELLA POLITICA MA NOI NON CEDIAMO! di Mirko Mezzacasa"},"content":{"rendered":"<p>&nbsp;<\/p>\n<h3><span style=\"color: #339966;\">LE SORPRESE DEL MATTINO, <\/span><span style=\"color: #000000;\"><span style=\"color: #339966;\">SE LA NOTTE E&#8217; FATTA PER DORMIRE<\/span> PER ALTRI LA NOTTE E&#8217; FATTA PER FIRMARE DECRETI<\/span>.<span style=\"color: #ff0000;\"> DURANTE IL GIORNO I DATI DI ASCOLTO NON RENDONO IN FATTO DI VISIBILITA&#8217;, TANTOMENO I CONTATTI DA SOCIAL.<\/span><\/h3>\n<p><a class=\"dt-pswp-item\" href=\"https:\/\/www.radiopiu.net\/wordpress\/wp-content\/uploads\/2020\/03\/4177f69d-cc6c-426b-b591-de8acdbab16f.jpg\" data-dt-img-description=\"\" data-large_image_width=\"720\" data-large_image_height=\"1440\"><img loading=\"lazy\" decoding=\"async\" class=\"wp-image-124116 alignleft\" src=\"https:\/\/www.radiopiu.net\/wordpress\/wp-content\/uploads\/2020\/03\/4177f69d-cc6c-426b-b591-de8acdbab16f-512x1024.jpg\" alt=\"\" width=\"149\" height=\"298\" srcset=\"https:\/\/www.radiopiu.net\/wordpress\/wp-content\/uploads\/2020\/03\/4177f69d-cc6c-426b-b591-de8acdbab16f-512x1024.jpg 512w, https:\/\/www.radiopiu.net\/wordpress\/wp-content\/uploads\/2020\/03\/4177f69d-cc6c-426b-b591-de8acdbab16f-150x300.jpg 150w, https:\/\/www.radiopiu.net\/wordpress\/wp-content\/uploads\/2020\/03\/4177f69d-cc6c-426b-b591-de8acdbab16f.jpg 720w\" sizes=\"auto, (max-width: 149px) 100vw, 149px\" \/><\/a>Per coronavirus si muore anche di domenica, ieri in Regione 22 vittime, un altro decesso in provincia, il settimo dal 21 febbraio, il terzo all&#8217;ospedale di Feltre dove si \u00e8 spento un uomo di Alano di Piave di 83 anni ricoverato in area Covid, costernazione ad Alano per la scomparsa di Piero Piccolotto (foto) fratello dell&#8217;ex sindaco Orazio molto noto in provincia. A Belluno il numero di infetti sale a 245 (5272 in Regione) e sono 1004 le persone in isolamento domiciliare fiduciario. La Ulss1 di tamponi ne ha gi\u00e0 fatti 3106. Negli ospedali ci sono 39 pazienti al San Martino di Belluno, 9 a Feltre, 6 ad Agordo, 4 i pazienti in terapia intensiva al San Martino di Belluno. A Belluno 27 contagi, 17 a Feltre, 10 a Cortina,9 Ponte nelle Alpi, 8 Pedavena e Santa Giustina, 7 Alano di Piave, Borgo Valbelluna, 5 Chies d&#8217;Alpago, Lamon, Seren Del Grappa, 4 Quero Vas, 3 Fonzaso, Sedico, Taibon e Voltago, 2 Zoldo, Tambre, San Vito di Cadore, San Gregorio nelle Alpi, Rocca Pietore, Limana, Colle Santa Lucia e Agordo, 1 Alleghe, Arsie&#8217;, Borca di Cadore, Calalzo di Cadore, Canale d&#8217;Agordo, Danta di Cadore, Falcade, Gosaldo, Lozzo di Cadore, Pieve di Cadore, Rivamonte, San Tomaso, Vallada e Valle di Cadore. Luxottica, Benetton, Carraro, le grandi aziende del Veneto da oggi fermano la produzione. In Safilo via allo sciopero di otto ore perche&#8217; l&#8217;azienda non ha comunicato la chiusura. Dopo la firma sul decreto Conte arriva lo stop per tutte le attivit\u00e0 produttive non essenziali ovvero non legate alle filiere necessarie (alimentari, medicinali, trasporti etc.). Per sindacalisti, organizzazioni di categoria e responsabili delle risorse umane \u00e8 stata una giornata difficile, una domenica di caos, poche ore per capire come muoversi, come informare i dipendenti. Gli addetti al lavoro da sempre chiedono misure chiare e tempestive ma in quanto a tempistiche di questi tempi di crisi corona virus ci sarebbe molto da ridire, infatti il decreto anticipato sotto la luna domenicale \u00e8 arrivato ieri al tramonto. Per tutto il giorno un rincorrersi di voci e provvedimenti per scoprire poi dalle carte bollate che tutte le aziende che dovranno chiudere la produziona avranno tempo per farlo fino a mercoledi. Nel frattempo in molti, in primis Luxottica gi\u00e0 avevano deciso per lo stop, notizia che ha fatto rapidamente il giro di tutte le redazioni giornalistiche del paese. Nella mappa del contagio primeggia l&#8217;Alpago (31) in casa di riposo a Puos non si contano nuovi casi ma i sindacalisti mettono in evidenza la sempre loro grande preoccupazione\u00a0 in un momento in cui servono e subito cordoni e un piano coordinato per la sicurezza.\u00a0 Non \u00e8 l&#8217;unica stretta dell&#8217;ultimo decreto, a questa si aggiunge quella degli spostamenti perch\u00e8 i Ministri Speranza e Lamorgese hanno vietato tutti i trasferimenti da un Comune all&#8217;altro tanto con mezzi pubblici che privati, si potranno muovere dal Comune in cui si trovano solo coloro che necessitano spostarsi per motivi di lavoro o di salute gravi o indifferibili. Da oggi negli ospedali della nostra regione saranno sperimentati i nuovi farmaci contro il Covid 19, ad annunciarlo il presidente Luca Zaia nella consueta conferenza stampa di ieri a mezzogiorno e mezzo. Sar\u00e0 portato in corsia anche il farmaco giapponese che da giorni sta girando in rete, c&#8217;\u00e8 il nulla osta dell&#8217;Aifa alla sperimentazione e il Veneto si \u00e8 fatto trovare pronto ed in prima linea. Da domani via alla distribuzione delle mascherine, in una circolare della Regione si fa chiarezza, saranno portate casa per casa da incaricati del Comune e della Protezione Civile e mondo volontaristico con tutte le cautele del caso lasciandole sull&#8217;uscio o sul davanzale sincerandosi che vengano ritirate da uno dei componenti del nucleo famigliare. <em><strong>Sia chiaro che nessuno \u00e8 autorizzato ad entrare nelle vostre abitazioni, per nessuno motivo come dire: attenzione alle truffe ed agli sconosciuti, gli anziani soprattutto non aprano la porta a nessuno e pretendano che chi suona il campanello o bussa alla porta lasci la mascherina o le mascherine fuori dalla porta di casa.<\/strong><\/em> Dopo quella del vescovo ecco l&#8217;altra iniziativa della candela, l&#8217;idea arriva dal mondo della scuola ma senza un invito alla prudenza, bene si accendano le candele in tutta Italia ma sarebbe altrettanto opportuno ammonire che chi lo fa che se la candela sfugge di mano o dal davanzale finisce nell&#8217;erba e causa incendi dei quali i vigili del fuoco ne farebbero volentieri a meno visto che di problemi a cui pensare ne hanno gi\u00e0 abbastanza. A proposito di candele ieri una donna ha deciso di uscire di casa contravvenendo alle regole per andare in chiesa, una volta tornata a casa si \u00e8 resa conto di essere rimasta chiusa fuori ed ha dovuto far correre i pompieri. Ancora una volta l&#8217;invito anche a pregare dalle mura domestiche non \u00e8 servito e non ci sono scusanti.<\/p>\n<blockquote><p><strong>DI GIOVANNI CREMA<\/strong><br \/>\n<em>Con grande dolore ho appreso la scomparsa del carissimo amico e compagno Piero PICCOLOTTO. Con Piero ho trascorso anni di impegno ideale comune. Ho potuto apprezzare le sua generosit\u00e0, intelligenza e disinteresse personale con le quali ha partecipato e diretto le numerose battaglie per l\u2019avanzamento sociale e civile della nostra comunit\u00e0. A lui vada il mio pi\u00f9 doveroso e grato ringraziamento. Ai suoi carissimi famigliari vada la mia pi\u00f9 fraterna vicinanza ed il cordoglio pi\u00f9 sentito.<\/em><\/p><\/blockquote>\n<p>&nbsp;<\/p>\n","protected":false},"excerpt":{"rendered":"<p>&nbsp; LE SORPRESE DEL MATTINO, SE LA NOTTE E&#8217; FATTA PER DORMIRE PER ALTRI LA NOTTE E&#8217; FATTA PER FIRMARE DECRETI. DURANTE IL GIORNO I DATI DI ASCOLTO NON RENDONO IN FATTO DI VISIBILITA&#8217;, TANTOMENO I CONTATTI DA SOCIAL. Per coronavirus si muore anche di domenica, ieri in Regione 22 vittime, un altro decesso in&hellip;<\/p>\n","protected":false},"author":1,"featured_media":124116,"comment_status":"closed","ping_status":"closed","sticky":false,"template":"","format":"standard","meta":{"_monsterinsights_skip_tracking":false,"_monsterinsights_sitenote_active":false,"_monsterinsights_sitenote_note":"","_monsterinsights_sitenote_category":0,"footnotes":""},"categories":[104,49],"tags":[],"class_list":["post-124150","post","type-post","status-publish","format-standard","has-post-thumbnail","hentry","category-evidenza_3","category-news-18","category-104","category-49","description-off"],"img_url":"https:\/\/www.radiopiu.net\/wordpress\/wp-content\/uploads\/2020\/03\/4177f69d-cc6c-426b-b591-de8acdbab16f.jpg","_links":{"self":[{"href":"https:\/\/www.radiopiu.net\/wordpress\/wp-json\/wp\/v2\/posts\/124150","targetHints":{"allow":["GET"]}}],"collection":[{"href":"https:\/\/www.radiopiu.net\/wordpress\/wp-json\/wp\/v2\/posts"}],"about":[{"href":"https:\/\/www.radiopiu.net\/wordpress\/wp-json\/wp\/v2\/types\/post"}],"author":[{"embeddable":true,"href":"https:\/\/www.radiopiu.net\/wordpress\/wp-json\/wp\/v2\/users\/1"}],"replies":[{"embeddable":true,"href":"https:\/\/www.radiopiu.net\/wordpress\/wp-json\/wp\/v2\/comments?post=124150"}],"version-history":[{"count":0,"href":"https:\/\/www.radiopiu.net\/wordpress\/wp-json\/wp\/v2\/posts\/124150\/revisions"}],"wp:featuredmedia":[{"embeddable":true,"href":"https:\/\/www.radiopiu.net\/wordpress\/wp-json\/wp\/v2\/media\/124116"}],"wp:attachment":[{"href":"https:\/\/www.radiopiu.net\/wordpress\/wp-json\/wp\/v2\/media?parent=124150"}],"wp:term":[{"taxonomy":"category","embeddable":true,"href":"https:\/\/www.radiopiu.net\/wordpress\/wp-json\/wp\/v2\/categories?post=124150"},{"taxonomy":"post_tag","embeddable":true,"href":"https:\/\/www.radiopiu.net\/wordpress\/wp-json\/wp\/v2\/tags?post=124150"}],"curies":[{"name":"wp","href":"https:\/\/api.w.org\/{rel}","templated":true}]}}