{"id":124163,"date":"2020-03-24T06:05:38","date_gmt":"2020-03-24T05:05:38","guid":{"rendered":"https:\/\/www.radiopiu.net\/wordpress\/?p=124163"},"modified":"2020-03-24T10:09:58","modified_gmt":"2020-03-24T09:09:58","slug":"giornale-radiopiu-24-marzo-2020-direttore-mirko-mezzacasa","status":"publish","type":"post","link":"https:\/\/www.radiopiu.net\/wordpress\/giornale-radiopiu-24-marzo-2020-direttore-mirko-mezzacasa\/","title":{"rendered":"GIORNALE RADIOPIU 24 MARZO 2020 DIRETTORE MIRKO MEZZACASA"},"content":{"rendered":"<h3><strong>PER RICEVERE QUESTO NOTIZIARIO DIRETTAMENTE SUL TUO CELLULARE ISCRIVITI AL CANALE\u00a0TELEGRAM\u00a0<\/strong><strong>\u201cRADIO PIU\u00a0 INFORMAZIONE\u201d<\/strong><\/h3>\n<hr \/>\n<div class=\"page-title-head hgroup\">\n<h3 class=\"entry-title\">CAMBIA IL MODULO DI AUTOCERTIFICAZIONE PER GLI SPOSTAMENTI<\/h3>\n<\/div>\n<div class=\"page-title-breadcrumbs\">CLICCA\u00a0 PER SCARICARE IL MODULO<\/div>\n<p><a href=\"https:\/\/www.radiopiu.net\/wordpress\/wp-content\/uploads\/2020\/03\/3modulo_autodichiarazione_23_3_2020.pdf\">MODULO 23 MARZO 2020\u00a0<\/a><\/p>\n<p>&nbsp;<\/p>\n<hr \/>\n<h3><strong>STAI A CASA, A TAIBON E\u2019 LA FARMACIA CHE VIENE DA TE! AIUTACI AD <\/strong><strong>AIUTARCI\u00a0 <\/strong>La distribuzione dei farmaci a domicilio, per gli abitanti di Taibon<\/h3>\n<h3>0437 640307 LA FRUTTA DIRETTAMENTE A CASA TUA CON MIRKO E L&#8217;ORTOFRUTTA MARTINI DI AGORDO<\/h3>\n<h3>340 2986275 LA PIZZA DIRETTAMENTE A CASA TUA CON SILVIA E BOCCON DIVINO DI TAIBON<\/h3>\n<h3>DA SAPPADE DI FALCADE PICCOLA BAITA PORTA SULLE VOSTRE TAVOLE I SAPORI DEL TERRITORIO WWW.PICCOLABAITA.NET PER LE ORDINAZIONI ON LINE. 0437 590491<\/h3>\n<hr \/>\n<h3><\/h3>\n<p class=\"_2cuy _509y _2vxa\"><a class=\"dt-pswp-item\" href=\"https:\/\/www.radiopiu.net\/wordpress\/wp-content\/uploads\/2020\/03\/0634907e-741d-44c7-8ecf-01ffd1fee87c.jpg\" data-dt-img-description=\"\" data-large_image_width=\"899\" data-large_image_height=\"1599\"><img loading=\"lazy\" decoding=\"async\" class=\"wp-image-124426 alignleft\" src=\"https:\/\/www.radiopiu.net\/wordpress\/wp-content\/uploads\/2020\/03\/0634907e-741d-44c7-8ecf-01ffd1fee87c-576x1024.jpg\" alt=\"\" width=\"112\" height=\"198\" srcset=\"https:\/\/www.radiopiu.net\/wordpress\/wp-content\/uploads\/2020\/03\/0634907e-741d-44c7-8ecf-01ffd1fee87c-576x1024.jpg 576w, https:\/\/www.radiopiu.net\/wordpress\/wp-content\/uploads\/2020\/03\/0634907e-741d-44c7-8ecf-01ffd1fee87c-169x300.jpg 169w, https:\/\/www.radiopiu.net\/wordpress\/wp-content\/uploads\/2020\/03\/0634907e-741d-44c7-8ecf-01ffd1fee87c-768x1366.jpg 768w, https:\/\/www.radiopiu.net\/wordpress\/wp-content\/uploads\/2020\/03\/0634907e-741d-44c7-8ecf-01ffd1fee87c-864x1536.jpg 864w, https:\/\/www.radiopiu.net\/wordpress\/wp-content\/uploads\/2020\/03\/0634907e-741d-44c7-8ecf-01ffd1fee87c.jpg 899w\" sizes=\"auto, (max-width: 112px) 100vw, 112px\" \/><\/a>E&#8217; DI SAN TOMASO&#8230; E&#8217; DI FORCHIADE!!!! GRAZIE DON<br \/>\nDa <a href=\"https:\/\/www.facebook.com\/hashtag\/longarone?source=feed_text&amp;epa=HASHTAG&amp;__xts__%5B0%5D=68.ARD6NE_M3cMiODrVbRZtw-DWI_KrQHZVVOK3pQZV1co5bHTmFU660xC6QHuDxHuD1HQ3_uhMGqe-aU9y0qHUWF7lB-IK2vnT27JUAjQ3u6dGiIMIbs9hC1bx2hh3h0Jg7bYyEG0wwgvTyBPTnp9XTriL4I2MqKIMZMbCfliz1YqYvHBDTzNmlvkv65pQSMkZYWRoLjV6gsHEkAMShf_t1Q813ImLADHwwqe7bW_-2qOx0V8ii6AH03EVPNpJffJQwddfpBVU0qdFWOPArz-ZO7ih9oB418xK3z-POxeir9lm1ePV1KlV0JfVc18mh3eChUkGSsi5hUVKsPvm1ET0khLzpRu4lRXVWeyDtAg_&amp;__tn__=%2ANK-R\">#Longarone<\/a> un bell&#8217;esempio di generosit\u00e0 e coraggio! E&#8217; la storia di don Alessio Strappazzon, 37 anni, attuale parroco di <a href=\"https:\/\/www.facebook.com\/hashtag\/castellavazzo?source=feed_text&amp;epa=HASHTAG&amp;__xts__%5B0%5D=68.ARD6NE_M3cMiODrVbRZtw-DWI_KrQHZVVOK3pQZV1co5bHTmFU660xC6QHuDxHuD1HQ3_uhMGqe-aU9y0qHUWF7lB-IK2vnT27JUAjQ3u6dGiIMIbs9hC1bx2hh3h0Jg7bYyEG0wwgvTyBPTnp9XTriL4I2MqKIMZMbCfliz1YqYvHBDTzNmlvkv65pQSMkZYWRoLjV6gsHEkAMShf_t1Q813ImLADHwwqe7bW_-2qOx0V8ii6AH03EVPNpJffJQwddfpBVU0qdFWOPArz-ZO7ih9oB418xK3z-POxeir9lm1ePV1KlV0JfVc18mh3eChUkGSsi5hUVKsPvm1ET0khLzpRu4lRXVWeyDtAg_&amp;__tn__=%2ANK-R\">#Castellavazzo<\/a>, che da oggi ha preso servizio come infermiere nel reparto di Pneumologia dell&#8217;ospedale di Belluno divenuto area Covid19. E&#8217; questo il <a href=\"https:\/\/www.facebook.com\/hashtag\/veneto?source=feed_text&amp;epa=HASHTAG&amp;__xts__%5B0%5D=68.ARD6NE_M3cMiODrVbRZtw-DWI_KrQHZVVOK3pQZV1co5bHTmFU660xC6QHuDxHuD1HQ3_uhMGqe-aU9y0qHUWF7lB-IK2vnT27JUAjQ3u6dGiIMIbs9hC1bx2hh3h0Jg7bYyEG0wwgvTyBPTnp9XTriL4I2MqKIMZMbCfliz1YqYvHBDTzNmlvkv65pQSMkZYWRoLjV6gsHEkAMShf_t1Q813ImLADHwwqe7bW_-2qOx0V8ii6AH03EVPNpJffJQwddfpBVU0qdFWOPArz-ZO7ih9oB418xK3z-POxeir9lm1ePV1KlV0JfVc18mh3eChUkGSsi5hUVKsPvm1ET0khLzpRu4lRXVWeyDtAg_&amp;__tn__=%2ANK-R\">#Veneto<\/a> che ci piace!<br \/>\n<a href=\"https:\/\/www.facebook.com\/federico.caner?__tn__=K-R&amp;eid=ARB5MafkUSuj2Ufc5OgBc8MoqqlqwGNtIpR8r8kaGmkRUsFvGloGpmGH6zT8qJk1_W3FRAphE9AI_GJ2&amp;fref=mentions&amp;__xts__%5B0%5D=68.ARD6NE_M3cMiODrVbRZtw-DWI_KrQHZVVOK3pQZV1co5bHTmFU660xC6QHuDxHuD1HQ3_uhMGqe-aU9y0qHUWF7lB-IK2vnT27JUAjQ3u6dGiIMIbs9hC1bx2hh3h0Jg7bYyEG0wwgvTyBPTnp9XTriL4I2MqKIMZMbCfliz1YqYvHBDTzNmlvkv65pQSMkZYWRoLjV6gsHEkAMShf_t1Q813ImLADHwwqe7bW_-2qOx0V8ii6AH03EVPNpJffJQwddfpBVU0qdFWOPArz-ZO7ih9oB418xK3z-POxeir9lm1ePV1KlV0JfVc18mh3eChUkGSsi5hUVKsPvm1ET0khLzpRu4lRXVWeyDtAg_\">Federico Caner<\/a><\/p>\n<p>&nbsp;<\/p>\n<hr \/>\n<p>&nbsp;<\/p>\n<p>&nbsp;<\/p>\n<p>&nbsp;<\/p>\n<blockquote><p><em><strong><a class=\"dt-pswp-item\" href=\"https:\/\/www.radiopiu.net\/wordpress\/wp-content\/uploads\/2020\/03\/download-38.jpg\" data-dt-img-description=\"\" data-large_image_width=\"300\" data-large_image_height=\"168\"><img loading=\"lazy\" decoding=\"async\" class=\"wp-image-124340 alignleft\" src=\"https:\/\/www.radiopiu.net\/wordpress\/wp-content\/uploads\/2020\/03\/download-38.jpg\" alt=\"\" width=\"148\" height=\"83\" \/><\/a>ANDREA CRISANTI<\/strong> (virologo Universita&#8217; di Padova): &#8220;All&#8217;appello mancano almeno 100 mila contagiati. I numeri dell&#8217;epidemia sono sottostimati. E&#8217; stato un grande errore non bloccare in Lombardia le zone rosse gi\u00e0 25 giorni fa. Una follia. Bisognava bloccare tutto, come fatto in Veneto a Vo&#8217; e non solo. Si blocca, si fanno i tamponi e si vede la prevalenza dell\u2019infezione e poi si prendono decisioni\u00bb. (FOTO PERUGIA ONLINE).<\/em><\/p><\/blockquote>\n<p>&nbsp;<\/p>\n<hr \/>\n<div><\/div>\n<div><\/div>\n<blockquote>\n<div><strong><span style=\"color: #339966;\">CACCIA AGLI INFETTATI COME A VO&#8217;, NECESSARIA LA CAMPAGNA TAMPONI PER<\/span> SALVARE IL VENETO E NON RIPETERE IL CASO LOMBARDIA PERCH<span style=\"color: #ff0000;\">E&#8217; I RITARDI COSTANO VITE UMANE. <\/span><\/strong><\/div>\n<\/blockquote>\n<div><span style=\"color: #339966;\">di Mir<\/span>ko Mez<span style=\"color: #ff0000;\">zacasa<\/span><\/div>\n<div><\/div>\n<div><em>E&#8217; necessario un piano preciso, ben studiato per le case di riposo. Falcade piange il maestro di sci di Valdobbiadene, Silvio Baratto aveva un sogno, riaprire l&#8217;ospedale del suo paese e i sui colleghi dall&#8217;Agordino lo sosterranno. In Veneto un&#8217;altra donazione importante da 1 milione di euro dalla famiglia Moretti-Polegato. Scattata ieri la distribuzione delle mascherine Grafica Veneta, 7000 mascherine per il personale che opera sul campo e poi per le famiglie. L&#8217;ultimo decreto Conte \u00e8 un altro decreto &#8220;caos&#8221;, probabilmente farlo di notte non lo aiuta, caos per gli imprenditori che devono o non\u00a0 devono chiudere, caos per la gente che non pu\u00f2 uscire dal Comune di residenza a fare la spesa, perch\u00e9 il Conte non conosce le zone orograficamente difficili come il bellunese dove i distributori di benzina tanto per fare un esempio non sono sotto la porta di casa o nella via della citt\u00e0 di residenza, ma a chilometri di distanza, ma tant&#8217;\u00e8 il Governo Centrale &#8211; nonostante la presenza dei Deputati bellunesi di diverso colore &#8211; dalla montagna era lontano prima come lo \u00e8 oggi e se non cambier\u00e0 lo sar\u00e0 anche domani. <\/em><\/div>\n<div><\/div>\n<div><\/div>\n<div>In Italia da due giorni calano i numeri di malati per Covid-19 cos\u00ec come i decessi, anche in Veneto dove ieri si sono contati 366 contagi contro i 464 del giorno prima e i 572 di due giorni fa, cio\u00e8 una media di 100 in meno al giorno. Quello che rimane stabile \u00e8 purtroppo il numero dei decessi 24 anche ieri per il secondo giorno consecutivo, uno all&#8217;ora. Tanti, troppi. La stretta dunque serve, non a caso il professor Andrea Crisanti ha definito &#8220;una follia&#8221; non isolare immediatamente i focolai in Lombardia, purtroppo le conseguenze da Bergamo in gi\u00f9 le abbiamo viste e purtroppo contate. Sono 262 i bellunesi contagiati, 17 nuovi casi nella sola giornata di ieri, 66 i pazienti in ospedale, 6 in terapia intensiva e si va verso la saturazione dei letti disponibili che in provincia sono attualmente 9. Al San Martino 44 i pazienti in area non critica (+5 in 12 ore), 6 in terapia intensiva (+2), a Feltre 10 in area non critica (+1) e ad Agordo 6 (stabile). Sono 1051 i bellunesi in isolamento domiciliare e vengono controllati almeno due volte al giorno poich\u00e9 hanno l&#8217;obbligo di non lasciare le mura di casa, intanto la Ulss1 continua a fare tamponi, 3418 dal 21 febbraio a ieri. Ieri non ci sono stati decessi, il numero totale \u00e8 7 con quattro decessi all&#8217;ospedale di Belluno e 3 a Feltre, uno dei pazienti era stato trasferito negli ospedali bellunesi dal trevigiano. La statistica della mortalit\u00e0 segna per Belluno un 3 per cento. In provincia i contagi aumentano, dopo Feltrino e Alpago (casa di riposo) il virus attacca l&#8217;ampezzano, ieri a Cortina 20 abitanti sono risultati positivi al virus <em>&#8220;Purtroppo la situazione \u00e8 notevolmente peggiorata nel fine settimana, si sono aggiunti tanti nuovi casi&#8221;<\/em> ne ha dato notizia con queste parole su facebook il sindaco Gianpietro Ghedina. Ad Auronzo a pagare dazio sono ancora gli uomini della Guardia di Finanza anche loro da giorni sul campo, un altro militare \u00e8 risultato positivo, ma la caserma rimane aperta perch\u00e9 sanificata e il finanziere contagiato non \u00e8 pi\u00f9 in servizio (perch\u00e9 accusava sintomi febbrili) da met\u00e0 marzo.\u00a0 La stretta sar\u00e0 ancora pi\u00f9 stretta perch\u00e9 da domani le sanzioni saranno ancora pi\u00f9 pesanti per coloro che si credono furbi ma di norma vengono definiti &#8220;de coccio&#8221; cio\u00e8 imbecilli o per metterla ancora pi\u00f9 sul concreto &#8220;potenziali portatori di morte&#8221;, multe fino a 3000 euro per chi le norme decide di non rispettarle e le Forze dell&#8217;Ordine hanno ora la possibilit\u00e0 di far alzare in volo i droni per controllare gli spostamenti. Nel capitolo di furbi poco furbi si aggiunge il nome di un 57enne dell&#8217;Alpago che girava per il paese senza motivo con un&#8217;arma illegale nascosta sotto al sedile, per questo sono scattati gli arresti domiciliari, sono una trentina le persone che vengono denunciate ogni giorno, tra loro anche lo stalker seriale di 47 anni fermato dalla Polizia che in piena notte voleva incendiare la porta di casa della donna che non lo vuole pi\u00f9, in auto aveva la lattina piena di benzina per dare concretezza ai suoi progetti. \u00a0L&#8217;ultimo decreto Conte di caos ne ha creato ancora, la mancanza di chiarezza ha fatto montare la rabbia dei sindacati, c&#8217;\u00e8 chi si nasconde dietro i codici per tenere aperto anche se le loro produzioni non sono certo indispensabili come detta il decreto. La Prefettura \u00e8 al lavoro ed ha fornito un indirizzo di posta elettronica (protocollo.prefetturabl@pec.interno.it) per inoltrare le richieste e lo dovranno fare tutte le aziende che\u00a0 non\u00a0 erogano servizi fondamentali. Nella mail dovranno essere indicate le imprese e le amministrazioni beneficiarie dei prodotti e servizi attinenti le attivit\u00e0 consentite. Le Belle storie, Due famiglie cinesi hanno deciso di aiutare le comunit\u00e0 bellunesi, di proteggerle. Li Li imprenditore della ristorazione ha donato 4mila mascherine come segno di ringraziamento per essere stato accolto a Belluno 3 anni fa, lui \u00e8 in Italia ormai da 18 anni. Ha fatto altrettanto la famiglia cinese residente in Alpago che ad Agordo da tempo gestisce il ristorante Due Angeli e il Caff\u00e8 Commercio che ha donato mascherine ai Carabinieri d&#8217;Alpago e alla locale Casa di riposo.<\/div>\n<div><\/div>\n<div><\/div>\n<div><\/div>\n<div><\/div>\n<div><\/div>\n<div>\n<hr \/>\n<\/div>\n<div>\n<div class=\"page-title-head hgroup\">\n<blockquote>\n<h3 class=\"entry-title\">NEL RICORDO DEL MAESTRO DI SCI SILVIO BARATTO UN PENSIERO DAI SUOI MONTI<\/h3>\n<\/blockquote>\n<\/div>\n<div class=\"page-title-breadcrumbs\">\n<p><strong>FALCADE<\/strong>\u00a0 Silvio Baratto 70 anni di Valdobbiadene conosciuto maestro di sci sulle piste di Falcade \u00e8 una vittima del coronavirus. Dall\u2019Agordino un ricordo e l\u2019adesione ad un\u2019iniziativa per ricordarlo, tra l\u2019altro lui stesso si era <a class=\"dt-pswp-item pspw-wrap-ready\" href=\"https:\/\/i2.wp.com\/www.radiopiu.net\/wordpress\/wp-content\/uploads\/2020\/03\/image0-1.jpeg?ssl=1\" data-dt-img-description=\"\" data-large_image_width=\"542\" data-large_image_height=\"324\"><img loading=\"lazy\" decoding=\"async\" class=\"wp-image-124285 alignleft jetpack-lazy-image jetpack-lazy-image--handled\" src=\"https:\/\/i2.wp.com\/www.radiopiu.net\/wordpress\/wp-content\/uploads\/2020\/03\/image0-1.jpeg?resize=213%2C127&amp;ssl=1\" sizes=\"auto, (max-width: 213px) 100vw, 213px\" srcset=\"https:\/\/i2.wp.com\/www.radiopiu.net\/wordpress\/wp-content\/uploads\/2020\/03\/image0-1.jpeg?w=542&amp;ssl=1 542w, https:\/\/i2.wp.com\/www.radiopiu.net\/wordpress\/wp-content\/uploads\/2020\/03\/image0-1.jpeg?resize=300%2C179&amp;ssl=1 300w\" alt=\"\" width=\"213\" height=\"127\" data-recalc-dims=\"1\" data-lazy-loaded=\"1\" \/><\/a>fatto promotore di un\u2019importante raccolta fondi per la riapertura dell\u2019ospedale del suo paese. Con i maestri della scuola sci di Falcade cos\u00ec ricordiamo Silvio ed il suo sogno.<\/p>\n<blockquote><p>&nbsp;<\/p>\n<p><em>\u201cSilvio Baratto, classe \u201850, di Vadobbiadene\u00a0 aveva\u00a0 un amore smisurato per lo sci e la montagna. Maestro di sci,\u00a0 esercitava con passione presso la Scuola di\u00a0 Falcade della quale \u00e8 stato socio per ben 12 anni. Nella sua vita ha lavorato in banca, negli ultimi anni si \u00e8 dedicato alle sue grandi passioni,\u00a0 le immersioni subacquee, la bicicletta e l\u2019insegnamento dello sci. Silvio era persona schietta, sincera, alla mano.\u00a0 Un Alpino\u00a0 vecchio stampo, e ne andava fiero, partecipando a tutte le adunate fin dal giorno del congedo. Un po\u2019 di giorni fa aveva condiviso con i colleghi della Scuola Sci un\u2019iniziativa che mirava al recupero dell\u2019ex ospedale Guicciardini di Valdobbiadene,\u00a0 per far fronte all\u2019emergenza sanitaria covid-19. Il destino non lo ha aiutato, Silvio \u00e8 venuto a mancare la scorsa notte. I colleghi della scuola sci Falcade increduli e affranti dal dolore esprimono le pi\u00f9 sentite condoglianze al figlio, alla nuora, all\u2019adorato nipotino e a tutti coloro che gli hanno voluto bene. Lo ricorderanno facendo una donazione verso l\u2019iniziativa che Silvio aveva proposto. <\/em><\/p><\/blockquote>\n<p><strong>Per dare\u00a0 seguito all\u2019intento di Silvio riportiamo l\u2019Iban per ulteriori eventuali donazioni.\u00a0 IT42O0503462150000000001536 \u2013 causale: EMERGENZA COVID-19 GUICCIARDINI VALDOBBIADENE.<\/strong><\/p>\n<\/div>\n<\/div>\n<h3><\/h3>\n<hr \/>\n<h3><\/h3>\n<div class=\"page-title-head hgroup\">\n<blockquote>\n<h3 class=\"entry-title\">CIRCOLAVA SENZA MOTIVO, ARRESTATO PERCHE\u2019 IN POSSESSO DI UN\u2019ARMA ILLEGALE<\/h3>\n<\/blockquote>\n<\/div>\n<div class=\"page-title-breadcrumbs\"><strong class=\"photoswipe-wrapper\"><img loading=\"lazy\" decoding=\"async\" class=\"wp-image-124220 alignleft jetpack-lazy-image jetpack-lazy-image--handled\" src=\"https:\/\/i1.wp.com\/www.radiopiu.net\/wordpress\/wp-content\/uploads\/2020\/03\/9c70f27a-2c0d-45b9-a343-32263bb94851-e1584969483404.jpg?resize=203%2C114&amp;ssl=1\" sizes=\"auto, (max-width: 203px) 100vw, 203px\" srcset=\"https:\/\/i1.wp.com\/www.radiopiu.net\/wordpress\/wp-content\/uploads\/2020\/03\/9c70f27a-2c0d-45b9-a343-32263bb94851-e1584969483404.jpg?w=320&amp;ssl=1 320w, https:\/\/i1.wp.com\/www.radiopiu.net\/wordpress\/wp-content\/uploads\/2020\/03\/9c70f27a-2c0d-45b9-a343-32263bb94851-e1584969483404.jpg?resize=300%2C169&amp;ssl=1 300w\" alt=\"\" width=\"203\" height=\"114\" data-recalc-dims=\"1\" data-lazy-loaded=\"1\" \/>ALPAGO<\/strong> I Carabinieri\u00a0 Forestali della stazione dell\u2019Alpago hanno arrestato G.B. 57 anni,\u00a0 alpagoto per porto abusivo d\u2019arma alterata e clandestina. I militari durante i controlli per la vigilanza sul rispetto delle prescrizioni per il coronavirus, hanno fermato l\u2019uomo che all\u2019alt si \u00e8 mosso in modo inconsueto prima di fermare l\u2019auto. All\u2019atto della perquisizione sotto il tappetino lato passeggero i militari hanno trovato una carabina semiautomatica modello Henry repeating arma calibro 22 sprovvista di matricola e punzonatura nonch\u00e9 il relativo munizionamento. Dopo le formalit\u00e0 di rito l\u2019uomo \u00e8 stato tradotto agli arresti domiciliari e poi gli \u00e8 stato imposto l\u2019obbligo di dimora in sostituzione degli arresti in carece. E\u2019 stato ovviamente denunciato perch\u00e9 circolava senza motivo.<\/div>\n<div><\/div>\n<p>&nbsp;<\/p>\n<hr \/>\n<p>&nbsp;<\/p>\n<h3>IN ALPAGO DRAMMA AL QUADRATO CON LE RAZZIE DEL LUPO E I PROBLEMI ECONOMICI PER GLI ALLEVATORI<\/h3>\n<p><strong><a class=\"dt-pswp-item\" href=\"https:\/\/www.radiopiu.net\/wordpress\/wp-content\/uploads\/2019\/10\/Cuccioli-lupo-PNDB_Sacchet.jpg\" data-dt-img-description=\"\" data-large_image_width=\"960\" data-large_image_height=\"720\"><img loading=\"lazy\" decoding=\"async\" class=\"wp-image-103661 alignleft\" src=\"https:\/\/www.radiopiu.net\/wordpress\/wp-content\/uploads\/2019\/10\/Cuccioli-lupo-PNDB_Sacchet.jpg\" alt=\"\" width=\"190\" height=\"142\" srcset=\"https:\/\/www.radiopiu.net\/wordpress\/wp-content\/uploads\/2019\/10\/Cuccioli-lupo-PNDB_Sacchet.jpg 960w, https:\/\/www.radiopiu.net\/wordpress\/wp-content\/uploads\/2019\/10\/Cuccioli-lupo-PNDB_Sacchet-300x225.jpg 300w, https:\/\/www.radiopiu.net\/wordpress\/wp-content\/uploads\/2019\/10\/Cuccioli-lupo-PNDB_Sacchet-768x576.jpg 768w\" sizes=\"auto, (max-width: 190px) 100vw, 190px\" \/><\/a><\/strong><\/p>\n<p>&nbsp;<\/p>\n<p>&nbsp;<\/p>\n<p><strong>DI DAMIANO TORMEN<\/strong><\/p>\n<audio class=\"wp-audio-shortcode\" id=\"audio-124163-1\" preload=\"none\" style=\"width: 100%;\" controls=\"controls\"><source type=\"audio\/mpeg\" src=\"https:\/\/www.radiopiu.net\/wordpress\/wp-content\/uploads\/2020\/03\/DAMIANO-LUPO.mp3?_=1\" \/><a href=\"https:\/\/www.radiopiu.net\/wordpress\/wp-content\/uploads\/2020\/03\/DAMIANO-LUPO.mp3\">https:\/\/www.radiopiu.net\/wordpress\/wp-content\/uploads\/2020\/03\/DAMIANO-LUPO.mp3<\/a><\/audio>\n<p>&nbsp;<\/p>\n<hr \/>\n<p>&nbsp;<\/p>\n<h2>MASCHERINE, FINO A IERI QUESTE SCONOSCIUTE, oggi un plurale di richieste<\/h2>\n<p>DI DAMIANO TORMEN<\/p>\n<audio class=\"wp-audio-shortcode\" id=\"audio-124163-2\" preload=\"none\" style=\"width: 100%;\" controls=\"controls\"><source type=\"audio\/mpeg\" src=\"https:\/\/www.radiopiu.net\/wordpress\/wp-content\/uploads\/2020\/03\/DAMIANO-TORMEN.mp3?_=2\" \/><a href=\"https:\/\/www.radiopiu.net\/wordpress\/wp-content\/uploads\/2020\/03\/DAMIANO-TORMEN.mp3\">https:\/\/www.radiopiu.net\/wordpress\/wp-content\/uploads\/2020\/03\/DAMIANO-TORMEN.mp3<\/a><\/audio>\n<h3>I CONSIGLI DELL&#8217;ESPERTA<\/h3>\n<p><strong>di Nadia Bulf, PARAFARMACIA di AGORDO<\/strong><\/p>\n<div style=\"width: 640px;\" class=\"wp-video\"><video class=\"wp-video-shortcode\" id=\"video-124163-1\" width=\"640\" height=\"368\" preload=\"metadata\" controls=\"controls\"><source type=\"video\/mp4\" src=\"https:\/\/www.radiopiu.net\/wordpress\/wp-content\/uploads\/2020\/03\/WhatsApp-Video-2020-03-23-at-20.55.01.mp4?_=1\" \/><a href=\"https:\/\/www.radiopiu.net\/wordpress\/wp-content\/uploads\/2020\/03\/WhatsApp-Video-2020-03-23-at-20.55.01.mp4\">https:\/\/www.radiopiu.net\/wordpress\/wp-content\/uploads\/2020\/03\/WhatsApp-Video-2020-03-23-at-20.55.01.mp4<\/a><\/video><\/div>\n<p>&nbsp;<\/p>\n<hr \/>\n<p>&nbsp;<\/p>\n<p>&nbsp;<\/p>\n<p><strong>LA MAPPA DEI CONTAGI<\/strong><\/p>\n<p>Belluno 41, Alpago 36, Feltre 21, Cortina D&#8217;Ampezzo 20, Santa Giustina, Ponte Nelle Alpi, Pedavena 10, Alano D Piave 8, Borgo Valbelluna 7, Lamon 6, Chies D&#8217;Alpago, Sedico, \u00a0Seren Del Grappa 5, Agordo, Calalzo Di Cadore, Cesiomaggiore, Quero Vas 4, Borca di Cadore, Fonzaso, Pieve Di Cadore, Rocca Pietore, San Vito Di Cadore, Taibon Agordino, Voltago Agordino 3, Colle Santa Lucia, Gosaldo, La Valle, San Gregorio Nelle Alpi Sospirolo, Tambre, Val Di Zoldo, Valle di Cadore 2, Alleghe, Auronzo, Canale D&#8217;Agordo, Comelico Superiore, Danta Di Cadore, Domegge, Falcade, Lozzo di Cadore, Rivamonte Agordino, San Tommaso Agordino, Santo Stefano di Cadore, Vallada Agordina 1<\/p>\n<p>&nbsp;<\/p>\n<p>&nbsp;<\/p>\n<blockquote class=\"wp-embedded-content\" data-secret=\"3z9eG7fbbZ\"><p><a href=\"https:\/\/www.radiopiu.net\/wordpress\/ventiquattro-decessi-in-un-solo-giorno-contagi-a-quota-5633-e-294-pazienti-in-terapia-intensiva\/\">VENTIQUATTRO DECESSI IN UN SOLO GIORNO, CONTAGI A QUOTA 5633 E 294 PAZIENTI IN TERAPIA INTENSIVA<\/a><\/p><\/blockquote>\n<p><iframe loading=\"lazy\" title=\"&#8220;VENTIQUATTRO DECESSI IN UN SOLO GIORNO, CONTAGI A QUOTA 5633 E 294 PAZIENTI IN TERAPIA INTENSIVA&#8221; &#8212; Radio Pi\u00f9\" class=\"wp-embedded-content\" sandbox=\"allow-scripts\" security=\"restricted\" style=\"position: absolute; clip: rect(1px, 1px, 1px, 1px);\" src=\"https:\/\/www.radiopiu.net\/wordpress\/ventiquattro-decessi-in-un-solo-giorno-contagi-a-quota-5633-e-294-pazienti-in-terapia-intensiva\/embed\/#?secret=3z9eG7fbbZ\" data-secret=\"3z9eG7fbbZ\" width=\"600\" height=\"338\" frameborder=\"0\" marginwidth=\"0\" marginheight=\"0\" scrolling=\"no\"><\/iframe><\/p>\n<p>&nbsp;<\/p>\n<blockquote class=\"wp-embedded-content\" data-secret=\"RltauY0fjZ\"><p><a href=\"https:\/\/www.radiopiu.net\/wordpress\/aggiornamento-coronavirus-dalla-protezione-civile-23-marzo-2020\/\">AGGIORNAMENTO CORONAVIRUS DALLA PROTEZIONE CIVILE 23 MARZO 2020<\/a><\/p><\/blockquote>\n<p><iframe loading=\"lazy\" title=\"&#8220;AGGIORNAMENTO CORONAVIRUS DALLA PROTEZIONE CIVILE 23 MARZO 2020&#8221; &#8212; Radio Pi\u00f9\" class=\"wp-embedded-content\" sandbox=\"allow-scripts\" security=\"restricted\" style=\"position: absolute; clip: rect(1px, 1px, 1px, 1px);\" src=\"https:\/\/www.radiopiu.net\/wordpress\/aggiornamento-coronavirus-dalla-protezione-civile-23-marzo-2020\/embed\/#?secret=RltauY0fjZ\" data-secret=\"RltauY0fjZ\" width=\"600\" height=\"338\" frameborder=\"0\" marginwidth=\"0\" marginheight=\"0\" scrolling=\"no\"><\/iframe><\/p>\n<p>&nbsp;<\/p>\n<blockquote class=\"wp-embedded-content\" data-secret=\"XKHn6WRDPl\"><p><a href=\"https:\/\/www.radiopiu.net\/wordpress\/piu-di-300-tamponi-effettuati-dallulss-1-dolomiti-rispetto-ieri-47-in-piu-in-isolamento-domiciliare-fiduciario\/\">PIU&#8217; DI 300 TAMPONI EFFETTUATI DALL&#8217;ULSS 1 DOLOMITI RISPETTO IERI. 47 IN PIU&#8217; IN ISOLAMENTO DOMICILIARE FIDUCIARIO<\/a><\/p><\/blockquote>\n<p><iframe loading=\"lazy\" title=\"&#8220;PIU&#8217; DI 300 TAMPONI EFFETTUATI DALL&#8217;ULSS 1 DOLOMITI RISPETTO IERI. 47 IN PIU&#8217; IN ISOLAMENTO DOMICILIARE FIDUCIARIO&#8221; &#8212; Radio Pi\u00f9\" class=\"wp-embedded-content\" sandbox=\"allow-scripts\" security=\"restricted\" style=\"position: absolute; clip: rect(1px, 1px, 1px, 1px);\" src=\"https:\/\/www.radiopiu.net\/wordpress\/piu-di-300-tamponi-effettuati-dallulss-1-dolomiti-rispetto-ieri-47-in-piu-in-isolamento-domiciliare-fiduciario\/embed\/#?secret=XKHn6WRDPl\" data-secret=\"XKHn6WRDPl\" width=\"600\" height=\"338\" frameborder=\"0\" marginwidth=\"0\" marginheight=\"0\" scrolling=\"no\"><\/iframe><\/p>\n<h3><\/h3>\n<h3>PROTEZIONE CIVILE: UN MIRACOLO VENETO<\/h3>\n<p>&nbsp;<\/p>\n<p>&nbsp;<\/p>\n<p>&nbsp;<\/p>\n<p>&nbsp;<\/p>\n<hr \/>\n<blockquote><p><strong>Purtroppo anche nella giornata di ieri, la provincia di Belluno \u00e8 seconda solamente alla Provincia di Padova per percentuale totale di contagiati rispetto alla popolazione, e purtroppo, fa segnare anche il maggior incremento, in Veneto, di contagiati, rispetto al giorno precedente.<\/strong><\/p><\/blockquote>\n<p>&nbsp;<\/p>\n<div class=\"su-document su-u-responsive-media-yes\"><iframe loading=\"lazy\" src=\"\/\/docs.google.com\/viewer?embedded=true&url=https:\/\/www.radiopiu.net\/wordpress\/wp-content\/uploads\/2020\/03\/Dati-Veneto_23-marzo-2020_ore-18_fonte-Sole24-1.pdf\" width=\"600\" height=\"800\" class=\"su-document\" title=\"Decreto 20.02.2020\"><\/iframe><\/div>\n<p>&nbsp;<\/p>\n<p>&nbsp;<\/p>\n<hr \/>\n<p>&nbsp;<\/p>\n<h3>LA CONFERENZA STAMPA DEL PRESIDENTE DEL VENETO LUCA ZAIA 23 MARZO 2020<\/h3>\n<p><strong>VENEZIA<\/strong> L&#8217;appuntamento giornaliero con Luca Zaia, Presidente del Veneto, che fa il punto sull&#8217;emergenza COVID-19.<\/p>\n<p><strong>DATI\u00a0<\/strong>I dati di oggi\u00a0 ci dicono che non siamo davanti a un&#8217;influenza, sono infatti 1487\u00a0 i letti occupati dai pazienti Covid cio\u00e8 due grandi ospedali di provincia. 5500 i positivi, 192 decessi, 329 dimessi, 281 in terapia intensiva. <em>&#8220;Non ne siamo usciti, abbiamo fatto 64mila tamponi in Veneto nel corso di una pandemia mondiale. Siamo aggressivi nei confronti del virus. Grazie ai veneti per la responsabilit\u00e0, il senso di comunit\u00e0 e di solidariet\u00e0 rispettando l&#8217;ordinanza. Ho messo 200 metri perch\u00e9 i veneti vogliono sapere qual&#8217;\u00e8 la misura. E&#8217; un sacrificio e per questo vi ringrazio. Poi \u00e8 arrivato il DPCM ma noi continuiamo a seguire questa via. La prima cura lo abbiamo capito siamo noi cittadini con i nostri comporamenti. Il senso di civilt\u00e0 deve essere presente in ognuno di noi&#8221;<\/em><\/p>\n<p><strong>DONAZIONI<\/strong><em> &#8220;Grazie a Mario Moretti\u00a0 Polegato e il figlio Enrico di Geox che hanno donato un milione di euro. Abbiamo un incremento delle donazioni<\/em>. <em>Dalle donazioni abbiamo incrementi importanti.<\/em><\/p>\n<p><strong>COME ANDRA&#8217;<\/strong> &#8220;<em>Ne verremo fuori ma non dobbiamo abbassare la guardia, non fatevi ammagliare da un risultato positivo che il giorno dopo viene smentito, e&#8217; una pandemia mondiale. Continueremo a sostenere le attivit\u00e0 dei tamponi con grande difficolt\u00e0 perch\u00e9 mancano materiali e reagenti. Obiettivo venirne fuori con le ossa rotte meno possibili&#8221;<\/em><\/p>\n<p><strong>SPERIMENTAZIONE<\/strong> <em>&#8220;Siamo pronti e rispettosi delle leggi. Se c&#8217;\u00e8 una minima opportunit\u00e0 in fondo al tunnel \u00e8 eticamente sostenibile trovare quella luce e vedere com&#8217;\u00e8. Che la comunit\u00e0 scientifica abbia un approccio liberale dove c&#8217;\u00e8 bisogno ed esperimentare quello che si pu\u00f2&#8221;<\/em><\/p>\n<p><strong>DISPOSITIVI<\/strong> &#8220;<em>Ci sono 13 milioni e mezzo di dispositivi in arrivo, abbiamo trovato 2 milioni di pezzi mascherine regolari (e milioni di pezzi) abbiamo comprato ovunque dall&#8217;Europa al Sud America. In arrivo anche respiratori meccanici, ne ho chiesti 200, fino ad oggi ce ne hanno dati 49, abbiamo diritto di chiederli. Non ho contezza di arrivi da altri&#8221;.<\/em><\/p>\n<p><strong>SINDACATI E GOVERNO SUL DECRETO<\/strong><em> &#8220;Devo essere sincero abbiamo lavorato su pi\u00f9 fronti so che ci sono polemiche spero trovino un punto d&#8217;incontro in un momento di transito come questo i dissidi sociali non aiutano. Che le parti sociali presentino le loro richieste come hanno fatto l&#8217;11 marzo per tenere aperto&#8221;.<\/em><\/p>\n<p><strong>CONFERMA L&#8217;ORDINANZA?<\/strong> <em>&#8220;Fino al 3 aprile, anche per i supermercati e non va in conflitto con quella governativa, abbiamo fatto una verifica giuridica e non vogliamo fare il braccio di ferro<\/em>&#8220;.<\/p>\n<p><strong>MACCHINE A CAMPIONI <em>&#8220;<\/em><\/strong><em>Ne arrivano 11 per il pronto soccorso&#8221;.<\/em><\/p>\n<p>_______________<\/p>\n<p>&nbsp;<\/p>\n<p><strong>PROFESSOR RIZZUTO<\/strong><br \/>\n<em>&#8220;Dobbiamo trovare le persone che trasmettono la malattia, questo virus che\u00a0 vive solo sugli esseri umani. Dobbiamo cercare dovunque chi pu\u00f2 trasmettere la malattia attraverso i tamponi. Se non lo facciamo avremo centinaia, migliaia di trasmettitori inconsapevoli della malattia. Abbiamo chiesto ai colleghi e ai laboratori di ricerca di mettere a disposizione le macchine, la risposta \u00e8 stata positiva, in tanti si sono gi\u00e0 resi disponibili decine di persone sono pronte per aiutarci.. Le categorie pi\u00f9 esposte e a rischio sono gli\u00a0 anziani nelle case di riposo. Dobbiamo con un grande sforzo economico trovare tutti coloro che possono trasmettere la malattia.<\/em><\/p>\n<hr \/>\n<p>&nbsp;<\/p>\n<p><strong>IL PROFESSOR CRISANTI <\/strong><strong>\u00a0<\/strong>(ordinario di microbiologia all&#8217;Universit\u00e0 di Padova)<\/p>\n<p><em>&#8220;Dobbiamo evitare i contatti e sorveglianza attiva, ossia cercare le persone che stanno a casa e accusano sintomi, poi a cerchi allargati trovare chi ha trasmesso la malattia. Dobbiamo trovarli e stanarli \u00e8 la sfida pi\u00f9 importante.Se le persone non obbediscono alla quarantena continueranno a trasmettere la malattia. Servir\u00e0 un grande sforzo. La Regione coordina i laboratori, come disporre i macchinari, come aumentare il personale e distribuire i reagenti. L&#8217;obiettivo: un aumento dei casi positivi scovati, pi\u00f9 se ne trovano e meno si ammalano, in contemporanea una diminuzione delle persone in ospedale e in terapia intensiva. Nessun controllo sulle persone, diamo per scontato che il positivo rimanga a casa. Un paziente con sintomi verr\u00e0 ispezionato, lui e l&#8217;intera famiglia e chi \u00e8 venuto in contatto. Oggi facciamo 2mila tamponi al giorno, a fine settimana contiamo di arrivare a 4mila e speriamo di raddoppiare con l&#8217;arrivo di nuovi\u00a0 macchinari. La nostra ricerca inizier\u00e0 dalle case di cura\u00a0 dove sono ricoverati i pi\u00f9 deboli, guai quando il virus entra li dentro.\u00a0 Abbiamo materiale per circa 200mila tamponi.<\/em><\/p>\n<hr \/>\n<p>&nbsp;<\/p>\n<p><strong>IL PROFESSOR MERIGLIANO\u00a0<\/strong>(presidente scuola di medicina)<br \/>\n<em>&#8220;La cosa importante \u00e8 la\u00a0 collaborazione a coordinamento tra le strutture.Il grande sforzo trovare il progetto, le persone disponibili a farlo su base volontaria e organizzata integrandoci nel sistema sanitario. I positivi dovranno proteggersi. Supporto logistico comitato regionale della Croce Rossa, il progetto vale su scala regionale da Padova per cerchi concentrici e lo faremo con 15 squadre divise per provincia. Controlleremo i pazienti positivi domiciliari con i tirocinanti degli studenti di medicina, che sarebbero dovuti essere presso i medici di medicina generale, li abbiamo dirottati sui sistemi territoriali, si parla di\u00a0 500 giovani medici in formazione che lavoreranno nei controlli. Fondamentale lo sforzo dei ricercatori di tutta l&#8217;area biomedica dell&#8217;universit\u00e0 per recuperare macchine e persone.\u00a0 I medici cinesi sono restati particolarmente sorpresi positivamente\u00a0 dalle strutture semi-intensive, che\u00a0 non avevano mai visto e valutato con molto interesse&#8221;<\/em><\/p>\n<hr \/>\n<p>&nbsp;<\/p>\n<p>https:\/\/www.facebook.com\/zaiaufficiale\/videos\/210416350212404<\/p>\n<p>&nbsp;<\/p>\n<hr \/>\n<p>&nbsp;<\/p>\n<blockquote>\n<h3>REGIONE VENETO E UNIVERSITA\u2019 DI PADOVA VARANO MAXI PIANO PER INTERROMPERE LA CIRCOLAZIONE DI COVID-19<\/h3>\n<\/blockquote>\n<p><strong><a class=\"dt-pswp-item\" href=\"https:\/\/www.radiopiu.net\/wordpress\/wp-content\/uploads\/2020\/03\/coronavirus-foto-oggi-2.jpg\" data-dt-img-description=\"\" data-large_image_width=\"2048\" data-large_image_height=\"1536\"><img loading=\"lazy\" decoding=\"async\" class=\"alignleft wp-image-124270 size-medium\" src=\"https:\/\/www.radiopiu.net\/wordpress\/wp-content\/uploads\/2020\/03\/coronavirus-foto-oggi-2-300x225.jpg\" alt=\"\" width=\"300\" height=\"225\" srcset=\"https:\/\/www.radiopiu.net\/wordpress\/wp-content\/uploads\/2020\/03\/coronavirus-foto-oggi-2-300x225.jpg 300w, https:\/\/www.radiopiu.net\/wordpress\/wp-content\/uploads\/2020\/03\/coronavirus-foto-oggi-2-1024x768.jpg 1024w, https:\/\/www.radiopiu.net\/wordpress\/wp-content\/uploads\/2020\/03\/coronavirus-foto-oggi-2-768x576.jpg 768w, https:\/\/www.radiopiu.net\/wordpress\/wp-content\/uploads\/2020\/03\/coronavirus-foto-oggi-2-1536x1152.jpg 1536w, https:\/\/www.radiopiu.net\/wordpress\/wp-content\/uploads\/2020\/03\/coronavirus-foto-oggi-2.jpg 2048w\" sizes=\"auto, (max-width: 300px) 100vw, 300px\" \/><\/a>VENEZIA<\/strong>\u00a0Interrompere la catena di trasmissione del virus responsabile di COVID-19. E\u2019 questo l\u2019obbiettivo dichiarato di un nuovo, articolato, \u201cpiano anti-coronavirus\u201d, denominato Piano \u201cEpidemia Covid 19 \u2013 Interventi urgenti di Sanit\u00e0 Pubblica\u201d che la Regione Veneto e l\u2019Universit\u00e0 di Padova hanno realizzato con lo scopo di interrompere la circolazione del virus SARS-COV-2.\u00a0I contenuti del Piano sono stati presentati oggi nel corso del consueto appuntamento del Presidente della Regione Luca Zaia per fare il punto. Con il Governatore, erano presenti, come sempre, gli Assessore Manuela Lanzarin (Sanit\u00e0) e Gianpaolo Bottacin (Protezione Civile, affiancati dal Rettore dell\u2019Universit\u00e0 di Padova, prof. Rosario<span class=\"Apple-converted-space\">\u00a0 <\/span>Rizzuto, dal Direttore della Scuola di Medicina dell\u2019Universit\u00e0 di Padova, prof. Stefano Merigliano, dal Direttore del Laboratorio di Microbiologia e Virologia dell\u2019Azienda Ospedaliera di Padova, prof. Andrea Crisanti, e dal Presidente del Comitato Regionale Veneto della Croce Rossa Italiana, Francesco Bosa.\u00a0\u201c<em>Non abbassiamo la guardia, anzi con questo Piano la alziamo \u2013 ha detto Zaia \u2013 perch\u00e9 si pu\u00f2 e si deve accelerare ancora, andando a caccia dei positivi asintomatici e dei sintomatici lievi. Ogni asintomatico pu\u00f2 contagiare 10 persone, e pi\u00f9 asintomatici troviamo e isoliamo, pi\u00f9 combattiamo la diffusione del virus. I 65 mila tamponi gi\u00e0 fatti in Veneto dimostrano che \u00e8 la strada giusta e la percorreremo fino in fondo, pur rispettando l\u2019esistenza di approcci diversi. Non \u00e8 una prova muscolare nei confronti di nessuno, \u00e8, secondo noi, il modo migliore per salvaguardare la salute dei veneti e per uscire da questa emergenza con le ossa meno rotte possibile<\/em>\u201d. <a class=\"dt-pswp-item\" href=\"https:\/\/www.radiopiu.net\/wordpress\/wp-content\/uploads\/2020\/03\/Coronavirus-foto-oggi-1.jpg\" data-dt-img-description=\"\" data-large_image_width=\"2048\" data-large_image_height=\"1536\"><img loading=\"lazy\" decoding=\"async\" class=\"alignright wp-image-124269 size-medium\" src=\"https:\/\/www.radiopiu.net\/wordpress\/wp-content\/uploads\/2020\/03\/Coronavirus-foto-oggi-1-300x225.jpg\" alt=\"\" width=\"300\" height=\"225\" srcset=\"https:\/\/www.radiopiu.net\/wordpress\/wp-content\/uploads\/2020\/03\/Coronavirus-foto-oggi-1-300x225.jpg 300w, https:\/\/www.radiopiu.net\/wordpress\/wp-content\/uploads\/2020\/03\/Coronavirus-foto-oggi-1-1024x768.jpg 1024w, https:\/\/www.radiopiu.net\/wordpress\/wp-content\/uploads\/2020\/03\/Coronavirus-foto-oggi-1-768x576.jpg 768w, https:\/\/www.radiopiu.net\/wordpress\/wp-content\/uploads\/2020\/03\/Coronavirus-foto-oggi-1-1536x1152.jpg 1536w, https:\/\/www.radiopiu.net\/wordpress\/wp-content\/uploads\/2020\/03\/Coronavirus-foto-oggi-1.jpg 2048w\" sizes=\"auto, (max-width: 300px) 100vw, 300px\" \/><\/a>\u201c<em>Questo Piano \u2013 ha aggiunto l\u2019Assessore Lanzarin \u2013 ha il merito di concentrarsi prioritariamente sulle categorie pi\u00f9 esposte, come i lavoratori della sanit\u00e0 e le 30 mila persone tra operatori e assistiti che compongono il mondo delle case di riposo che, dopo gli ospedali, sono le strutture pi\u00f9 esposte a rischi. I costi complessivi dell\u2019operazione saranno quantificato strada facendo, ma non \u00e8 certo questo il momento di lesinare risorse. Tutto il materiale necessario sar\u00e0 acquistato dalla Regione<\/em>\u201d.\u00a0Il personale dei Dipartimenti di Prevenzione coinvolto ammonta a 714 operatori, dei quali 121 medici, 30 specializzandi, 43 studenti (medici o infermieri), 277 assistenti sanitari, 128 infermieri, 28 tecnici della prevenzione, 31 altre figure sanitarie, 33 amministrativi.<span class=\"Apple-converted-space\">\u00a0\u00a0<\/span>Il nuovo Piano punta a migliorare ampiamente la gi\u00e0 ottima performance ottenuta con la campagna di tamponi finora<span class=\"Apple-converted-space\">\u00a0 <\/span>realizzata che, dal 27 febbraio al 22 marzo, con una curva in continua ascesa, ha portato da zero a 15.736 le persone poste in isolamento domiciliare. Nella popolazione generale si intende avviare un Piano che, attraverso l\u2019individuazione di soggetti \u201cpositivi\u201d con sintomi lievi ed asintomatici consenta l\u2019allargamento dell\u2019isolamento domiciliare fiduciario attorno al caso \u201cpositivo\u201d.\u00a0\u201c<em>Si tratta di trovare e isolare i trasmissori inconsapevoli \u2013 ha chiarito il prof. Crisanti, ideatore scientifico del Piano \u2013 partendo dal caso positivo e allargando l\u2019indagine per cerchi concentrici, verso la famiglia, il condominio di residenza, il luogo di lavoro e via allargando il cerchio. Inizialmente ci aspettiamo un aumento dei casi positivi. Pi\u00f9 casi positivi troviamo e isoliamo, meno si ammaleranno, e di conseguenza potranno calare i ricoveri e il ricorso alla terapia intensiva. Quello che si chiama punto di flessione, che ci dar\u00e0 la misura degli effetti ottenuti, si avr\u00e0 tra un po\u2019 di tempo, quando ci si attende un calo contemporaneo sia dei positivi che dei ricoverati<\/em>\u201d.\u00a0\u201c<em>Mettiamo in gioco tutta la forza umana e tecnologica della nostra Istituzione Scientifica \u2013 ha assicurato il <a class=\"dt-pswp-item\" href=\"https:\/\/www.radiopiu.net\/wordpress\/wp-content\/uploads\/2020\/03\/Coronavirus-foto-oggi.jpg\" data-dt-img-description=\"\" data-large_image_width=\"2048\" data-large_image_height=\"1536\"><img loading=\"lazy\" decoding=\"async\" class=\" wp-image-124271 alignleft\" src=\"https:\/\/www.radiopiu.net\/wordpress\/wp-content\/uploads\/2020\/03\/Coronavirus-foto-oggi-300x225.jpg\" alt=\"\" width=\"300\" height=\"225\" srcset=\"https:\/\/www.radiopiu.net\/wordpress\/wp-content\/uploads\/2020\/03\/Coronavirus-foto-oggi-300x225.jpg 300w, https:\/\/www.radiopiu.net\/wordpress\/wp-content\/uploads\/2020\/03\/Coronavirus-foto-oggi-1024x768.jpg 1024w, https:\/\/www.radiopiu.net\/wordpress\/wp-content\/uploads\/2020\/03\/Coronavirus-foto-oggi-768x576.jpg 768w, https:\/\/www.radiopiu.net\/wordpress\/wp-content\/uploads\/2020\/03\/Coronavirus-foto-oggi-1536x1152.jpg 1536w, https:\/\/www.radiopiu.net\/wordpress\/wp-content\/uploads\/2020\/03\/Coronavirus-foto-oggi.jpg 2048w\" sizes=\"auto, (max-width: 300px) 100vw, 300px\" \/><\/a>Rettore di Unipd, Rizzuto &#8211;<span class=\"Apple-converted-space\">\u00a0 <\/span>e abbiamo contribuito a creare una squadra unita che si muove in sincronia con le Istituzioni pubbliche verso l\u2019obbiettivo comune<\/em>\u201d.\u00a0\u201c<em>Tutto si sta muovendo molto al di sopra dei ritmi ordinari \u2013 ha sottolineato il prof. Merigliano \u2013 nell\u2019ottica della massima integrazione con il sistema sanitario e con la preziosa collaborazione della Croce Rossa, che sta allestendo 15 sue squadre, che cominceranno l\u2019attivit\u00e0 di screening da Padova, allargandosi progressivamente a tutto il Veneto, sempre con il metodo dei cerchi concentrici. Gettiamo nella mischia anche 400 giovani tirocinanti, che saranno utilissimi per supportare in vari modi il grande lavoro che ci aspetta<\/em>\u201d.\u00a0Il Piano sar\u00e0 attuato dai Dipartimenti di Prevenzione della Regione del Veneto con la collaborazione dell\u2019Azienda Ospedale Universit\u00e0 Padova e del Comitato Croce Rossa Italiana attraverso il coordinamento della Direzione Prevenzione, Sicurezza Alimentare e Veterinaria della Regione del Veneto.<\/p>\n<p>&nbsp;<\/p>\n<hr \/>\n<p>&nbsp;<\/p>\n<div class=\"page-title-head hgroup\">\n<blockquote>\n<h3 class=\"entry-title\">LA FAMIGLIA MORETTI POLEGATO DONA 1 MILIONE DI EURO ALLA REGIONE<\/h3>\n<\/blockquote>\n<\/div>\n<div class=\"page-title-breadcrumbs\"><strong class=\"photoswipe-wrapper\"><img loading=\"lazy\" decoding=\"async\" class=\"alignleft wp-image-124208 size-medium jetpack-lazy-image jetpack-lazy-image--handled\" src=\"https:\/\/i0.wp.com\/www.radiopiu.net\/wordpress\/wp-content\/uploads\/2020\/03\/MARIO-ED-ENRICO-POLEGATO.jpg?resize=300%2C300&amp;ssl=1\" sizes=\"auto, (max-width: 300px) 100vw, 300px\" srcset=\"https:\/\/i0.wp.com\/www.radiopiu.net\/wordpress\/wp-content\/uploads\/2020\/03\/MARIO-ED-ENRICO-POLEGATO.jpg?resize=300%2C300&amp;ssl=1 300w, https:\/\/i0.wp.com\/www.radiopiu.net\/wordpress\/wp-content\/uploads\/2020\/03\/MARIO-ED-ENRICO-POLEGATO.jpg?resize=1024%2C1024&amp;ssl=1 1024w, https:\/\/i0.wp.com\/www.radiopiu.net\/wordpress\/wp-content\/uploads\/2020\/03\/MARIO-ED-ENRICO-POLEGATO.jpg?resize=150%2C150&amp;ssl=1 150w, https:\/\/i0.wp.com\/www.radiopiu.net\/wordpress\/wp-content\/uploads\/2020\/03\/MARIO-ED-ENRICO-POLEGATO.jpg?resize=768%2C768&amp;ssl=1 768w, https:\/\/i0.wp.com\/www.radiopiu.net\/wordpress\/wp-content\/uploads\/2020\/03\/MARIO-ED-ENRICO-POLEGATO.jpg?resize=1536%2C1536&amp;ssl=1 1536w, https:\/\/i0.wp.com\/www.radiopiu.net\/wordpress\/wp-content\/uploads\/2020\/03\/MARIO-ED-ENRICO-POLEGATO.jpg?w=2048&amp;ssl=1 2048w\" alt=\"\" width=\"300\" height=\"300\" data-recalc-dims=\"1\" data-lazy-loaded=\"1\" \/>VENEZIA<\/strong> A comunicarlo in conferenza stampa \u00e8 stato il Presidente del Veneto Luca Zaia. Mario Moretti Polegato, titolare di Geox, ed il figlio Enrico, Amministratore Delegato di Diadora, hanno donato un milione di euro alla regione per l\u2019emergenza COVID-19.<\/div>\n<div><\/div>\n<div><\/div>\n<div><\/div>\n<div><\/div>\n<div><\/div>\n<audio class=\"wp-audio-shortcode\" id=\"audio-124163-3\" preload=\"none\" style=\"width: 100%;\" controls=\"controls\"><source type=\"audio\/mpeg\" src=\"https:\/\/www.radiopiu.net\/wordpress\/wp-content\/uploads\/2020\/03\/GEOX.mp3?_=3\" \/><a href=\"https:\/\/www.radiopiu.net\/wordpress\/wp-content\/uploads\/2020\/03\/GEOX.mp3\">https:\/\/www.radiopiu.net\/wordpress\/wp-content\/uploads\/2020\/03\/GEOX.mp3<\/a><\/audio>\n<p>&nbsp;<\/p>\n<p>&nbsp;<\/p>\n<hr \/>\n<p>&nbsp;<\/p>\n<blockquote>\n<h3><img loading=\"lazy\" decoding=\"async\" class=\"alignleft\" src=\"https:\/\/www.radiopiu.net\/wordpress\/wp-content\/uploads\/2020\/03\/LUCA-ZAIA-300x300.jpg\" width=\"119\" height=\"119\" \/><\/h3>\n<h3>ZAIA: STIAMO SPERIMENTANDO DEI FARMACI<\/h3>\n<\/blockquote>\n<p>&nbsp;<\/p>\n<audio class=\"wp-audio-shortcode\" id=\"audio-124163-4\" preload=\"none\" style=\"width: 100%;\" controls=\"controls\"><source type=\"audio\/mpeg\" src=\"https:\/\/www.radiopiu.net\/wordpress\/wp-content\/uploads\/2020\/03\/SPERIMENTAZIONE-FARMACI.mp3?_=4\" \/><a href=\"https:\/\/www.radiopiu.net\/wordpress\/wp-content\/uploads\/2020\/03\/SPERIMENTAZIONE-FARMACI.mp3\">https:\/\/www.radiopiu.net\/wordpress\/wp-content\/uploads\/2020\/03\/SPERIMENTAZIONE-FARMACI.mp3<\/a><\/audio>\n<p>&nbsp;<\/p>\n<hr \/>\n<p>&nbsp;<\/p>\n<p>&nbsp;<\/p>\n<div class=\"page-title-head hgroup\">\n<blockquote>\n<h3 class=\"entry-title\"><img loading=\"lazy\" decoding=\"async\" class=\"alignleft\" src=\"https:\/\/www.radiopiu.net\/wordpress\/wp-content\/uploads\/2020\/02\/01-02-2020-MARGINE-ASSESSORE-LANZARIN-mov-image.jpg\" width=\"172\" height=\"97\" \/><\/h3>\n<h3 class=\"entry-title\">NELLA CASA DI RIPOSO DI MERLARA 11 MORTI, LE DICHIARAZIONI DELL\u2019ASSESSORE ALLA SALUTE LANZARIN<\/h3>\n<\/blockquote>\n<audio class=\"wp-audio-shortcode\" id=\"audio-124163-5\" preload=\"none\" style=\"width: 100%;\" controls=\"controls\"><source type=\"audio\/mpeg\" src=\"https:\/\/www.radiopiu.net\/wordpress\/wp-content\/uploads\/2020\/03\/LANZARIN-CASA-RIPOSO-11-MORTI.mp3?_=5\" \/><a href=\"https:\/\/www.radiopiu.net\/wordpress\/wp-content\/uploads\/2020\/03\/LANZARIN-CASA-RIPOSO-11-MORTI.mp3\">https:\/\/www.radiopiu.net\/wordpress\/wp-content\/uploads\/2020\/03\/LANZARIN-CASA-RIPOSO-11-MORTI.mp3<\/a><\/audio>\n<\/div>\n<div class=\"page-title-breadcrumbs\"><\/div>\n<div>\n<p align=\"JUSTIFY\"><span style=\"font-size: medium;\"><b>CASE DI RIPOSO: ASSESSORE LANZARIN A SINDACATI, \u201cMASSIMA ATTENZIONE SU GESTIONE EMERGENZA COVID 19 \u2013 PIANO TAMPONI ANCHE PER OSPITI E DIPENDENTI\u201d<\/b><\/span><\/p>\n<\/div>\n<p>I riflettori dell\u2019assessorato alla sanit\u00e0 e al sociale della Regione Veneto sono accesi senza sosta sul mondo delle case di riposo, in questo difficilissimo momento di emergenza sanitaria. Lo ha assicurato l\u2019assessore Manuela Lanzarin, incontrando (in videoconferenza) i rappresentanti delle confederazioni sindacali, Christian Ferrari (Cgil), Giancarlo Refosco (Cisl) e Gerardo Colamarco (Uil), preoccupati per qualit\u00e0 e continuit\u00e0 assistenziale agli ospiti e per la salute e la tutela nel lavoro dei circa 20 mila dipendenti.<\/p>\n<blockquote><p><em>\u201cOspiti e dipendenti delle case di riposo del Veneto \u2013 ha assicurato l\u2019assessore \u2013 hanno la priorit\u00e0, assieme agli operatori sanitari degli ospedali, nella campagna di test a tappeto intrapresa da Regione, Ulss e Universit\u00e0 di Padova in tutto il territorio veneto. Sappiamo che le persone pi\u00f9 anziane e pi\u00f9 fragili sono quelle maggiormente esposte al rischio di contagio, per cui \u2013 oltre ad aver dato precise disposizioni per la gestione igienico-sanitaria della strutture e il trattamento di eventuali casi sospetti gi\u00e0 con la circolare del 16 marzo scorso \u2013la Regione ha espressamente programmato che tutti gli operatori e gli ospiti siano sottoposti a tampone. Inoltre, \u00e8 stato previsto, in via tassativa, che tutte le strutture residenziali del Veneto possano accogliere e inserire nuovi ospiti solo in presenza di attestazione di negativit\u00e0 al virus\u201d.<\/em><\/p><\/blockquote>\n<p>Stante le difficolt\u00e0 di approvvigionamento dei dispositivi di protezione individuale (DPI) e le distribuzioni al momento contingentate, l\u2019assessore ha tuttavia garantito che le Ulss terranno conto, nella distribuzione delle forniture di mascherine, gel e guanti, anche delle case di riposo, a partire dalle strutture dove si sono gi\u00e0 verificati casi conclamati di contagi con il virus.<\/p>\n<blockquote><p>&nbsp;<\/p><\/blockquote>\n<hr \/>\n<div><\/div>\n<div>\n<blockquote>\n<h3>PD: PREOCCUPATI PER L&#8217;EMERGENZA NELLE CASE DI RIPOSO<\/h3>\n<\/blockquote>\n<p><strong><a class=\"dt-pswp-item\" href=\"https:\/\/www.radiopiu.net\/wordpress\/wp-content\/uploads\/2018\/11\/PD.png\" data-dt-img-description=\"\" data-large_image_width=\"226\" data-large_image_height=\"182\"><img loading=\"lazy\" decoding=\"async\" class=\" wp-image-67744 alignleft\" src=\"https:\/\/www.radiopiu.net\/wordpress\/wp-content\/uploads\/2018\/11\/PD.png\" alt=\"\" width=\"188\" height=\"151\" \/><\/a>VENEZIA<\/strong>\u00a0&#8220;<em>Siamo estremamente preoccupati per quello che sta succedendo nelle case di riposo del Veneto: non possono contare su competenze e dotazioni di livello ospedaliero ma si trovano a fare i conti con una popolazione ospitata altamente vulnerabile. Il dramma di Merlara, dove ci sono gi\u00e0 11 morti, rischia di essere la punta dell\u2019iceberg. Pi\u00f9 di 30mila anziani ricoverati in circa 200 strutture, pubbliche e private, devono affrontare l\u2019epidemia di coronavirus in condizioni assai complicate. Avrebbero bisogno di un\u2019attenzione particolare che adesso non c\u2019\u00e8. Su questo fronte, purtroppo, c\u2019\u00e8 una forte latitanza<\/em>\u201d. A chiedere un intervento urgente \u00e8 il capogruppo del Partito Democratico Stefano Fracasso insieme ai consiglieri regionali Graziano Azzalin, Anna Maria Bigon, Bruno Pigozzo, Claudio Sinigaglia, Andrea Zanoni e Francesca Zottis, che oggi hanno fatto il punto dopo aver sentito decine tra direttori e presidenti di case di riposo in ogni provincia. \u201c<em>La Regione ha predisposto un monitoraggio di quello che sta succedendo? Quanti focolai di Covid19 ci sono nelle strutture venete e quanti contagiati? Qual \u00e8 il fabbisogno di personale per sostituire chi \u00e8 stato costretto a lasciare il lavoro perch\u00e9 colpito dal virus o dare il cambio a chi sta facendo turni massacranti? Chi deve provvedere alla continua sanificazione dei locali?<\/em>\u201d, le domande del gruppo dem a Palazzo Ferro Fini.\u00a0\u201c<em>Le strutture, gi\u00e0 con parecchi problemi di bilancio, si trovano a fare i conti con un peso insostenibile. Alcune sono gi\u00e0 collassate, altre lo saranno a breve senza un intervento forte. La Regione &#8211; \u00e8 l\u2019appello dei consiglieri del PD &#8211; aiuti le case di riposo, in particolare quelle pubbliche, stanzi risorse perch\u00e9 il sistema non crolli! Noi sicuramente presenteremo una proposta in tal senso, in occasione della prima variazione di bilancio. \u00c8 una partita delicatissima che non pu\u00f2 essere trascurata in questo momento; anzi, deve diventare centrale se non vogliamo che diventi la \u2018Caporetto\u2019 degli anziani del Veneto<\/em>\u201d.<\/p>\n<p>&nbsp;<\/p>\n<hr \/>\n<p>&nbsp;<\/p>\n<blockquote>\n<h3>CASE DI RIPOSO: \u00a0AL VIA ESAMI TELEMATICI PER OLTRE 400 NUOVI OSS<\/h3>\n<\/blockquote>\n<p><strong>VENEZIA<\/strong>\u00a0Si apre in Veneto una sessione straordinaria di esami di qualifica per oltre 400 OSS (operatori sociosanitari) che hanno concluso i due anni di percorso formativo (mille ore di lezione e relativi tirocini) per operatori di assistenza nelle case di riposo, nei centri per disabili e nei servizi territoriali. Per la prima volta nella storia dei corsi di formazione per OSS gli esami avverranno nella modalit\u00e0 online: con decreto firmato dal responsabile della Direzione regionale Formazione e Istruzione, Massimo Marzano Bernardi, che istituisce le commissioni di esame, la Giunta regionale ha autorizzato la nuova modalit\u00e0 delle prove finali che, in videoconferenza, certificheranno la preparazione e la competenze acquisite dagli oltre 400 corsisti dei trenta corsi regionali arrivati a compimento.\u00a0\u201c<em>Data l\u2019emergenza sanitaria creata del Coronavirus, il reclutamento massiccio di operatori sociosanitari effettuato dalle aziende sanitarie e la conseguente carenza di personale che si sta verificando negli istituti assistenziali per anziani e disabili \u2013 spiegano Manuela Lanzarin e Elena Donazzan, referenti rispettivamente per le politiche sociosanitarie e per quelle della formazione e lavoro della Giunta regionale \u2013 abbiamo adottato modalit\u00e0 straordinarie per consentire la conclusione del percorso formativo a quegli allievi che avevano gi\u00e0 completato il percorso di formazione teorica e pratica prima della sospensione dei tirocini imposta dalle misure di contenimento del rischio contagio.\u00a0 Gli allievi che si diplomeranno in questa sessione telematica riceveranno da subito un attestato provvisorio, valido a tutti gli effetti, che consentir\u00e0 loro di poter essere assunti da Ipab, Csa, strutture assistenziali accreditate o autorizzate<\/em>\u201d.\u00a0Gli esami per gli allievi dei corsi interessati inizieranno il 25 marzo e si concluderanno il 26 aprile. Tre le commissioni d\u2019esame, che lavoreranno in parallelo, composte da tre membri di nomina regionale (un presidente e due esperti, uno di ambito sanitario e uno di ambito socio-assistenziale) e da un membro in rappresentanza dell\u2019ente di formazione che ha gestito il corso approvato dalla Regione. I lavori delle commissioni si concluderanno a esaurimento di tutti i corsisti da esaminare.<\/p>\n<\/div>\n<p>&nbsp;<\/p>\n<div>\n<hr \/>\n<\/div>\n<p>&nbsp;<\/p>\n<h3>UN GRIDO DI DOLORE: CARO BORRELLI NON SI DIMENTICHI DI NOI E DEI NOSTRI ANZIANI<\/h3>\n<p><strong><img loading=\"lazy\" decoding=\"async\" class=\"alignleft\" src=\"https:\/\/www.radiopiu.net\/wordpress\/wp-content\/uploads\/2019\/01\/anziani.jpg\" width=\"227\" height=\"154\" \/>PADOVA<\/strong> URIPA, Unione Regionale Istituzione e iniziative pubbliche e private di assistenza agli anziani, con il Presidente Roberto Volpe, ha inviato una lettera l capo del Dipartimento della Protezione Civile Angelo Borrelli, e per conoscenza al Presidente del Consiglio dei Ministri e Ministri interessati, per portarlo a conoscenza della grave situazione in cui versano alcune strutture residenziali per persone anziane non autosufficienti della nostra Regione.<\/p>\n<p><strong>LA LETTERA<\/strong><\/p>\n<div class=\"page\" title=\"Page 2\">\n<div class=\"section\">\n<div class=\"layoutArea\">\n<div class=\"column\">\n<p><em><a class=\"dt-pswp-item\" href=\"https:\/\/www.radiopiu.net\/wordpress\/wp-content\/uploads\/2020\/03\/images-5.jpg\" data-dt-img-description=\"\" data-large_image_width=\"205\" data-large_image_height=\"182\"><img loading=\"lazy\" decoding=\"async\" class=\"size-full wp-image-124327 alignleft\" src=\"https:\/\/www.radiopiu.net\/wordpress\/wp-content\/uploads\/2020\/03\/images-5.jpg\" alt=\"\" width=\"205\" height=\"182\" \/><\/a>In relazione alle notizie che oggi sono state rese pubbliche in merito alla straordinaria risposta &#8211; parlano le agenzie ed autorevoli rappresentanti del governo di 7.000 adesioni &#8211; che ha avuto il bando promosso dalla Protezione Civile Nazionale e volto ad arruolare temporaneamente e tempestivamente 300 medici volontari, ci rivolgiamo alla Sua e Vostra certa attenzione e non meno sensibilit\u00e0, per pregarvi di considerare la drammatica emergenza che stanno vivendo gi\u00e0 oggi alcune strutture residenziali per persone anziane non autosufficienti della nostra Regione &#8211; al pari di altre Regioni &#8211; e conseguentemente del personale che ivi svolge il proprio servizio.\u00a0Come tutti responsabilmente sappiamo, il prezzo pi\u00f9 alto di questa immane tragedia che stiamo vivendo, lo stanno pagando gli ospiti delle strutture per anziani non autosufficienti dove il virus sta colpendo con una forza inimmaginabile decimando quotidianamente decine dei nostri ospiti e quanto peggio limitando fin oltre il 70% la forza lavoro che ivi opera.\u00a0In questa situazione che vorremmo fosse colta come un grido di dolore, sono certo che comprenderete cosa stia avvenendo all\u2019interno delle \u201cnostre mura\u201d dove centinaia di anziani &#8211; gi\u00e0 in grave condizione di non autosufficienza &#8211; vedono una disponibilit\u00e0 di assistenza con organici che via via vengono decimati dalle quarantene imposte dalle autorit\u00e0 sanitarie e dove in alcuni casi, vi \u00e8 adirittura l\u2019impossibilit\u00e0 di garantire i servizi minimi e vitali.\u00a0Comprenderete sicuramente che gi\u00e0 oggi in alcune realt\u00e0 siamo allo stremo delle forze e tra pochi giorni anzi poche ore, collasser\u00e0 anche quel poco personale che stoicamente sta ad oggi lavorando.\u00a0Situazione quella degli organici, destinata ad aggravarsi anche per gli effetti delle disposizioni contenute nel decreto nel Decreto-legge n. 18 del 17 marzo 2020 Salva Italia di cui abbiamo inviato una apposita nota e che qui alleghiamo solo per trasparente informazione, ma che non vuole esere certo l\u2019oggetto della presente.\u00a0In conclusione l\u2019appello che vi preghiamo di prendere in urgente considerazione \u00e8 quello, da un lato di disporre da subito la modifica del decreto Salva Italia equiparando i nostri enti per altro accreditati con i SSR (siano essi pubblici o appartenenti al terzo settore) al pari delle strutture sanitarie ma soprattutto di mettere urgentemente nella disponibilit\u00e0 delle nostre strutture residenziali per anziani non autosufficenti e disabili che sono e saranno in difficolt\u00e0, personale sanitario \u2013 sia medici ma sopratutto infermieri e oss. e non meno volontari &#8211; che abbiano offerto o che offriranno la loro ammirevole responsabilit\u00e0 vivile e disponibilit\u00e0 di cui la Protezione Civile da Lei diretta \u00e8 il \u201ccontenitore\u201d pi\u00f9 autorevole e sensibile.\u00a0Diversamente la drammatica conseguenza \u00e8 che vedremo la lenta e inesorabile cancellazione della stragrande maggioranza della generazione dei nostri nonni e dei nostri padri che oggi sono ospiti delle strutture a loro dedicate.\u00a0Ringrazio Lei dott. Borrelli per il suo certo aiuto e resta in noi l\u2019auspicio che ciascuno dei soggetti in indirizzo possa contribuire nella direzione auspicata.\u00a0Con il migliore augurio che questo momento passi in fretta credo personalmente che la parte migliore del popolo italiano sarebbe pronta a cogliere questo grido di aiuto. Con rinnovata stima, il Presidente Roberto Volpe<\/em><\/p>\n<\/div>\n<\/div>\n<\/div>\n<\/div>\n<p>&nbsp;<\/p>\n<p>&nbsp;<\/p>\n<hr \/>\n<p>&nbsp;<\/p>\n<blockquote>\n<h3>MASCHERINE DELLA REGIONE A UFFICI PUBBLICI E STRUTTURE SANITARIE<\/h3>\n<\/blockquote>\n<p><strong>BELLUNO\u00a0<\/strong> \u00c8 arrivata nei giorni scorsi la prima fornitura delle mascherine realizzate da Grafica Veneta e distribuite dalla Regione Veneto alle province e, da qui, ai comuni. Oltre 7000 quelle arrivate gi\u00e0 impacchettate al Comune di Belluno, in confezioni da 25 e 50 pezzi: gi\u00e0 avviata la consegna delle prime dotazioni ai volontari (protezione civile, Croce Rossa,&#8230;), alle strutture sanitarie come la casa di riposo Gaggia Lante, il centro diurno di Cusighe, \u201cCasa Polit\u201d, e agli uffici pubblici che si relazionano con l&#8217;utenza esterna. <em>\u00abAbbiamo organizzato la distribuzione in tre fasi: la prima \u00e8 finalizzata a rifornire il personale in prima linea, i luoghi dove vengono accudite le fasce pi\u00f9 deboli come gli anziani in struttura e i malati, &#8211; spiega il sindaco Jacopo Massaro \u2013 e gli uffici maggiormente a contatto con il pubblico, dove \u00e8 importante elevare al massimo gli standard igienico-sanitari&#8221;<\/em>.\u00a0 La seconda e la terza fase\u00a0 richiederanno qualche giorno in pi\u00f9, Il problema \u00e8 legato al confezionamento &#8220;<em>Non possiamo distribuire pacchi da 50 mascherine alle famiglie, perch\u00e9 non ce ne sarebbero a sufficienza, e dobbiamo allo stesso tempo rispettare la igiene del prodotto. &#8211; continua Massaro \u2013 Per questo, abbiamo attrezzato un locale il pi\u00f9 possibile sterile a Marisiga, e abbiamo individuato del personale che, dotato di tute, guanti e maschere sterili, proceder\u00e0 allo <a class=\"dt-pswp-item\" href=\"https:\/\/www.radiopiu.net\/wordpress\/wp-content\/uploads\/2020\/03\/c3d08919-88ab-4a6d-b6b2-0b28de3d3c12.jpg\" data-dt-img-description=\"\" data-large_image_width=\"1280\" data-large_image_height=\"853\"><img loading=\"lazy\" decoding=\"async\" class=\"wp-image-124231 alignright\" src=\"https:\/\/www.radiopiu.net\/wordpress\/wp-content\/uploads\/2020\/03\/c3d08919-88ab-4a6d-b6b2-0b28de3d3c12-1024x682.jpg\" alt=\"\" width=\"212\" height=\"141\" srcset=\"https:\/\/www.radiopiu.net\/wordpress\/wp-content\/uploads\/2020\/03\/c3d08919-88ab-4a6d-b6b2-0b28de3d3c12-1024x682.jpg 1024w, https:\/\/www.radiopiu.net\/wordpress\/wp-content\/uploads\/2020\/03\/c3d08919-88ab-4a6d-b6b2-0b28de3d3c12-300x200.jpg 300w, https:\/\/www.radiopiu.net\/wordpress\/wp-content\/uploads\/2020\/03\/c3d08919-88ab-4a6d-b6b2-0b28de3d3c12-768x512.jpg 768w, https:\/\/www.radiopiu.net\/wordpress\/wp-content\/uploads\/2020\/03\/c3d08919-88ab-4a6d-b6b2-0b28de3d3c12.jpg 1280w\" sizes=\"auto, (max-width: 212px) 100vw, 212px\" \/><\/a>spacchettamento e all&#8217;imbustamento singolo\u00bb. <\/em>La seconda fase della distribuzione riguarder\u00e0 le fasce deboli della popolazione e avverr\u00e0 attraverso il Comitato d&#8217;intesa.\u00a0 Infine, terminata questa fase, verr\u00e0 organizzata la distribuzione al resto della popolazione, presumibilmente chiedendo la collaborazione alle attivit\u00e0 commerciali ancora in attivit\u00e0 dopo gli ultimi decreti.<em> &#8220;Quando daremo il via a questa terza fase, comunicheremo tempi e modalit\u00e0 alla popolazione\u00bb.<\/em><\/p>\n<blockquote><p><strong>Le mascherine filtranti\u00a0 fornite dalla Regione del Veneto non sono un dispositivo chirurgico, n\u00e9 un Dispositivo di protezione individuale, e non garantiscono la protezione dei suoi utilizzatori dal contagio di agenti patogeni, n\u00e9 il mancato contagio da agenti patogeni a soggetti terzi.<\/strong><\/p><\/blockquote>\n<p><strong>IL SINDACO DI BELLUNO JACOPO MASSARO<\/strong><\/p>\n<audio class=\"wp-audio-shortcode\" id=\"audio-124163-6\" preload=\"none\" style=\"width: 100%;\" controls=\"controls\"><source type=\"audio\/mpeg\" src=\"https:\/\/www.radiopiu.net\/wordpress\/wp-content\/uploads\/2020\/03\/Massaro-Gestione-mascherine-Regione.mp3?_=6\" \/><a href=\"https:\/\/www.radiopiu.net\/wordpress\/wp-content\/uploads\/2020\/03\/Massaro-Gestione-mascherine-Regione.mp3\">https:\/\/www.radiopiu.net\/wordpress\/wp-content\/uploads\/2020\/03\/Massaro-Gestione-mascherine-Regione.mp3<\/a><\/audio>\n<p><span style=\"color: #ff0000;\">NELLE FOTO DI LUCA ZANFRON, DISTRIBUZIONE A Roggia di Longarone..<\/span><\/p>\n<p>&nbsp;<\/p>\n<hr \/>\n<blockquote>\n<h3><\/h3>\n<h3>DISTRIBUZIONE DELLA MASCHERINE REGIONALI A FELTRE<\/h3>\n<\/blockquote>\n<p><strong>FELTRE<\/strong>\u00a0Volontari e dipendenti comunali, coordinati dal C.O.C., sono al lavoro per la preparazione delle mascherine in arrivo dalla Regione Veneto. Le stesse vengono recapitate al Comune con consegne giornaliere che dovrebbero consentire di arrivare alla dotazione completa di circa 20 mila nell\u2019arco de prossimi 10 giorni.\u00a0La distribuzione inizier\u00e0 pertanto dalla met\u00e0 di questa settimana, in maniera da consentire il recapito \u2013 in questa prima fase &#8211; di almeno una mascherina per nucleo familiare su tutto il territorio comunale.\u00a0Il Comune ha provveduto in queste ore all\u2019acquisto di 20 mila sacchettini di plastica compostabili in cui saranno confezionate una ad una rispettando i criteri igienici previsti (le mascherine arrivano in pacchi da 50) e consegnate presso i quasi 10 mila nuclei familiari registrati all\u2019anagrafe comunale.<span class=\"Apple-converted-space\">\u00a0\u00a0<\/span>Si \u00e8 preferito non procedere alla distribuzione presso supermercati e altri punti vendita per garantire una filiera quanto pi\u00f9 igienica possibile e per evitare in ogni caso di dover gestire assembramenti di persone.\u00a0<strong>FRAZIONI<\/strong>:\u00a0La consegna avverr\u00e0 a partire dalla giornata di mercoled\u00ec 25 marzo a partire dalle frazioni, dove la presenza di persone anziane e pi\u00f9 bisognose di tutela \u00e8 pi\u00f9 alta.<span class=\"Apple-converted-space\">\u00a0<\/span>Ad ogni nucleo verr\u00e0 fornito un numero di mascherine congruo.\u00a0<strong>CENTRO CITTA\u2019<\/strong>:\u00a0Quasi parallelamente partir\u00e0 anche la distribuzione nei quartieri del CENTRO CITTA\u2019 dove, in una prima fase, sar\u00e0 assegnata una sola mascherina per nucleo familiare, per poter soddisfare \u2013 nell\u2019immediato \u2013 l\u2019esigenza di poter dotare ogni famiglia di una protezione.<span class=\"Apple-converted-space\">\u00a0<\/span><\/p>\n<p>&nbsp;<\/p>\n<hr \/>\n<p>&nbsp;<\/p>\n<blockquote>\n<h3>ARRIVATO UN&#8217;ALTRO CARICO DI DPI ALL&#8217;ULSS 1 DA AZIENDA ZERO<\/h3>\n<\/blockquote>\n<p><strong><a class=\"dt-pswp-item\" href=\"https:\/\/www.radiopiu.net\/wordpress\/wp-content\/uploads\/2020\/03\/IMG-20200323-WA0026.jpg\" data-dt-img-description=\"\" data-large_image_width=\"1600\" data-large_image_height=\"900\"><img loading=\"lazy\" decoding=\"async\" class=\" wp-image-124286 alignleft\" src=\"https:\/\/www.radiopiu.net\/wordpress\/wp-content\/uploads\/2020\/03\/IMG-20200323-WA0026-300x169.jpg\" alt=\"\" width=\"233\" height=\"131\" srcset=\"https:\/\/www.radiopiu.net\/wordpress\/wp-content\/uploads\/2020\/03\/IMG-20200323-WA0026-300x169.jpg 300w, https:\/\/www.radiopiu.net\/wordpress\/wp-content\/uploads\/2020\/03\/IMG-20200323-WA0026-1024x576.jpg 1024w, https:\/\/www.radiopiu.net\/wordpress\/wp-content\/uploads\/2020\/03\/IMG-20200323-WA0026-768x432.jpg 768w, https:\/\/www.radiopiu.net\/wordpress\/wp-content\/uploads\/2020\/03\/IMG-20200323-WA0026-1536x864.jpg 1536w, https:\/\/www.radiopiu.net\/wordpress\/wp-content\/uploads\/2020\/03\/IMG-20200323-WA0026.jpg 1600w\" sizes=\"auto, (max-width: 233px) 100vw, 233px\" \/><\/a>BELLUNO<\/strong> Oggi \u00e8 stato consegnato in Ulss Dolomiti un ulteriore quantitativo di Dispositivi di Protezione Individuale acquistati tramite Azienda Zero. Si tratta di: 12.700<span class=\"Apple-converted-space\">\u00a0camici<\/span>,\u00a025.000 cappellini,\u00a048.090 mascherine chirurgiche,\u00a016.640 mascherine\u00a0FFP2,\u00a0900 occhiali ,\u00a0300 visiere.\u00a0I dispositivi sono stati ripartiti secondo necessit\u00e0 tra le varie unit\u00e0 operative. Continua incessantemente l\u2019azione di approvvigionamento di dispositivi.<\/p>\n<p>&nbsp;<\/p>\n<p>&nbsp;<\/p>\n<hr \/>\n<p>&nbsp;<\/p>\n<blockquote class=\"wp-embedded-content\" data-secret=\"tKgaCkighA\"><p><a href=\"https:\/\/www.radiopiu.net\/wordpress\/firmato-laccordo-tra-luxottica-e-sigle-sindacali-sullo-stop-degli-stabilimenti\/\">FIRMATO L&#8217;ACCORDO TRA LUXOTTICA E SIGLE SINDACALI SULLO STOP DEGLI STABILIMENTI<\/a><\/p><\/blockquote>\n<p><iframe loading=\"lazy\" title=\"&#8220;FIRMATO L&#8217;ACCORDO TRA LUXOTTICA E SIGLE SINDACALI SULLO STOP DEGLI STABILIMENTI&#8221; &#8212; Radio Pi\u00f9\" class=\"wp-embedded-content\" sandbox=\"allow-scripts\" security=\"restricted\" style=\"position: absolute; clip: rect(1px, 1px, 1px, 1px);\" src=\"https:\/\/www.radiopiu.net\/wordpress\/firmato-laccordo-tra-luxottica-e-sigle-sindacali-sullo-stop-degli-stabilimenti\/embed\/#?secret=tKgaCkighA\" data-secret=\"tKgaCkighA\" width=\"600\" height=\"338\" frameborder=\"0\" marginwidth=\"0\" marginheight=\"0\" scrolling=\"no\"><\/iframe><\/p>\n<p>&nbsp;<\/p>\n<hr \/>\n<div>\n<div class=\"page-title-breadcrumbs\">\n<p>&nbsp;<\/p>\n<p>&nbsp;<\/p>\n<\/div>\n<\/div>\n<blockquote>\n<h3>LE DICHIARAZIONI DELLA PRESIDENTE DI CONFINDUSTRIA BELLUNO SUL DECRETO &#8220;CHIUDI ITALIA&#8221;<\/h3>\n<\/blockquote>\n<div><strong><a class=\"dt-pswp-item\" href=\"https:\/\/www.radiopiu.net\/wordpress\/wp-content\/uploads\/2019\/09\/Lorraine_Berton.jpg\" data-dt-img-description=\"\" data-large_image_width=\"767\" data-large_image_height=\"768\"><img loading=\"lazy\" decoding=\"async\" class=\"alignleft wp-image-99105 size-medium\" src=\"https:\/\/www.radiopiu.net\/wordpress\/wp-content\/uploads\/2019\/09\/Lorraine_Berton-300x300.jpg\" alt=\"\" width=\"300\" height=\"300\" srcset=\"https:\/\/www.radiopiu.net\/wordpress\/wp-content\/uploads\/2019\/09\/Lorraine_Berton-300x300.jpg 300w, https:\/\/www.radiopiu.net\/wordpress\/wp-content\/uploads\/2019\/09\/Lorraine_Berton-150x150.jpg 150w, https:\/\/www.radiopiu.net\/wordpress\/wp-content\/uploads\/2019\/09\/Lorraine_Berton.jpg 767w\" sizes=\"auto, (max-width: 300px) 100vw, 300px\" \/><\/a>BELLUNO<\/strong>\u00a0\u201c<em>Da imprenditori non possiamo e non vogliamo perdere la fiducia. Non ce lo possiamo permettere, ma stavolta ci troviamo di fronte a un bivio drammatico. In tanti oggi abbiamo chiuso con un senso di angoscia. Se e quando riapriremo \u00e8 un grande punto interrogativo. Ce la metteremo tutta ma la politica stavolta deve fare la differenza<\/em>\u201d.\u00a0Questo \u00e8 il messaggio della presidente di Confindustria Belluno Dolomiti Lorraine Berton, all\u2019indomani della firma al decreto \u201cChiudi Italia\u201d, annunciato sabato sera dal Governo.\u00a0\u201c<em>Siamo pronti a fare la nostra parte come sempre, ma sia chiaro che stavolta per riaprire le nostre fabbriche servir\u00e0 un piano-choc da parte del Governo. Il mondo dell\u2019impresa sta rispondendo con responsabilit\u00e0, altrettanta ne vogliamo nei nostri confronti. La ripartenza di questo Paese dipender\u00e0 dagli imprenditori, di questo le Istituzioni devono esserne consapevoli fin da ora<\/em>\u201d.\u00a0\u201c<em>Ancora una volta abbiamo assistito a un caos vergognoso e irrispettoso verso le imprese. Non si pu\u00f2 annunciare un decreto di chiusura delle fabbriche con una diretta Facebook il sabato sera alle 23 e poi firmarlo solo 20 ore pi\u00f9 tardi, permettendo la diffusione di bozze parziali e fuorvianti. Non \u00e8 una semplice questione di forma o di comunicazione, \u00e8 sostanza\u201d, afferma Berton. \u201cIl momento \u00e8 drammatico per tutti ma il presappochismo non \u00e8 ammissibile soprattutto se in ballo c\u2019\u00e8 il cuore produttivo del Paese, quello che sta garantendo al sistema di andare avanti, nonostante tutto e nonostante tutti, l\u2019unico da cui si potr\u00e0 davvero ripartire<\/em>\u201d.\u00a0\u201c<em>Detto questo<\/em>\u201d, prosegue Berton, \u201c<em>il Governo dovr\u00e0 adottare a stretto giro di posta provvedimenti seri e lungimiranti. Non \u00e8 pi\u00f9 il momento dei pannicelli caldi e dei compromessi, a cui i palazzi del potere ci hanno tristemente abituati. Dobbiamo gi\u00e0 prepararci per il dopo emergenza e per i duri, durissimi, mesi che ci attendono sul fronte economico. Se l\u2019Esecutivo sapr\u00e0 rassicurare con atti concreti il mondo dell\u2019impresa e del lavoro, penso che tutti noi riusciremo ad affrontare queste settimane con maggiore serenit\u00e0 e lo spirito giusto<\/em>\u201d.\u00a0\u201c<em>Continuiamo a ripeterci che \u201cAndr\u00e0 tutto bene\u201d: lo penso pure io, ma davvero \u201candr\u00e0 tutto bene\u201d soltanto se tutti faranno la loro parte con coraggio, con quel coraggio che noi imprenditori dimostriamo ogni giorno e che, ora pi\u00f9 che mai, serve soprattutto alla nostra classe politica<\/em>\u201d, la conclusione di Berton.<\/div>\n<div><\/div>\n<hr \/>\n<div>\n<div class=\"page-title-head hgroup\">\n<h3 class=\"entry-title\"><\/h3>\n<blockquote>\n<h3 class=\"entry-title\">DUEMILA MASCHERINE DALLA CINA DA UN CINESE CHE VIVE DA ANNI A BELLUNO<\/h3>\n<\/blockquote>\n<\/div>\n<div class=\"page-title-breadcrumbs\"><strong class=\"photoswipe-wrapper\"><a class=\"dt-pswp-item pspw-wrap-ready\" href=\"https:\/\/i2.wp.com\/www.radiopiu.net\/wordpress\/wp-content\/uploads\/2020\/03\/Donazione-Li-mascherine-Comune-Belluno.jpeg?ssl=1\" data-dt-img-description=\"\" data-large_image_width=\"1840\" data-large_image_height=\"1364\"><img loading=\"lazy\" decoding=\"async\" class=\"wp-image-124259 alignleft jetpack-lazy-image jetpack-lazy-image--handled\" src=\"https:\/\/i2.wp.com\/www.radiopiu.net\/wordpress\/wp-content\/uploads\/2020\/03\/Donazione-Li-mascherine-Comune-Belluno.jpeg?resize=195%2C144&amp;ssl=1\" sizes=\"auto, (max-width: 195px) 100vw, 195px\" srcset=\"https:\/\/i2.wp.com\/www.radiopiu.net\/wordpress\/wp-content\/uploads\/2020\/03\/Donazione-Li-mascherine-Comune-Belluno.jpeg?resize=1024%2C759&amp;ssl=1 1024w, https:\/\/i2.wp.com\/www.radiopiu.net\/wordpress\/wp-content\/uploads\/2020\/03\/Donazione-Li-mascherine-Comune-Belluno.jpeg?resize=300%2C222&amp;ssl=1 300w, https:\/\/i2.wp.com\/www.radiopiu.net\/wordpress\/wp-content\/uploads\/2020\/03\/Donazione-Li-mascherine-Comune-Belluno.jpeg?resize=768%2C569&amp;ssl=1 768w, https:\/\/i2.wp.com\/www.radiopiu.net\/wordpress\/wp-content\/uploads\/2020\/03\/Donazione-Li-mascherine-Comune-Belluno.jpeg?resize=1536%2C1139&amp;ssl=1 1536w, https:\/\/i2.wp.com\/www.radiopiu.net\/wordpress\/wp-content\/uploads\/2020\/03\/Donazione-Li-mascherine-Comune-Belluno.jpeg?w=1840&amp;ssl=1 1840w\" alt=\"\" width=\"195\" height=\"144\" data-recalc-dims=\"1\" data-lazy-loaded=\"1\" \/><\/a>BELLUNO<\/strong>\u00a0Sono arrivate direttamente dalla Cina e sono state consegnate questo pomeriggio al Sindaco di Belluno, Jacopo Massaro, le prime 2mila mascherine donate dall\u2019imprenditore cinese Li Li, in Italia da 18 anni e titolare del ristorante Fuji Asian Fusion di Via Vittorio Veneto. Nei prossimi giorni, arriveranno altre 2mila mascherine, gi\u00e0 in Italia, per un totale di 4mila pezzi da donare alla popolazione della citt\u00e0. Si tratta di mascherine facciali a tre veli ad uso medico, fatte arrivare dalla Cina da Li: \u00abVivo a Belluno da oltre tre anni, e i bellunesi mi hanno subito accolto benissimo. \u2013 spiega \u2013 Quando ho visto quello che \u00e8 successo nel mio paese e quello che stava accadendo in Italia, ho sentito il dovere morale di aiutare la popolazione italiana e bellunese per ricambiarli dell\u2019affetto ricevuto\u00bb. \u00abNon possiamo che ringraziare Li per questo bel gesto spontaneo di generosit\u00e0, \u2013 commenta Massaro \u2013 che si aggiunge ai tanti altri di persone che stanno contribuendo per superare questo brutto momento. Sono proprio queste azioni che fanno di un gruppo di persone che vivono in uno stesso luogo una vera Comunit\u00e0. Mi sento orgoglioso di rappresentare una Citt\u00e0 in cui i singoli cittadini nei momenti pi\u00f9 difficili, da Vaia al Coronavirus, hanno dimostrato di volersi prendere cura di tutti, nessuno escluso\u00bb. \u00abQueste mascherine ci saranno molto utili \u2013 ha concluso Massaro \u2013 perch\u00e9 al Comune sono giunte numerose richieste dal personale che \u00e8 in prima linea per proteggerci, a tutela della propria e dell\u2019altrui salute: uomini del volontariato, personale medico, infermieristico e sanitario, Forze dell\u2019Ordine, e tanti altri che quotidianamente si sacrificano per la nostra sicurezza\u00bb.<\/div>\n<div><\/div>\n<\/div>\n<div><strong>IL SINDACO DI BELLUNO JACOPO MASSARO<\/strong><\/div>\n<div>\n<audio class=\"wp-audio-shortcode\" id=\"audio-124163-7\" preload=\"none\" style=\"width: 100%;\" controls=\"controls\"><source type=\"audio\/mpeg\" src=\"https:\/\/www.radiopiu.net\/wordpress\/wp-content\/uploads\/2020\/03\/Massaro-Donazione-mascherine-cinesi-1.mp3?_=7\" \/><a href=\"https:\/\/www.radiopiu.net\/wordpress\/wp-content\/uploads\/2020\/03\/Massaro-Donazione-mascherine-cinesi-1.mp3\">https:\/\/www.radiopiu.net\/wordpress\/wp-content\/uploads\/2020\/03\/Massaro-Donazione-mascherine-cinesi-1.mp3<\/a><\/audio>\n<\/div>\n<div><\/div>\n<div><\/div>\n<div>\n<div>\n<hr \/>\n<\/div>\n<div><\/div>\n<blockquote>\n<h3 class=\"entry-title\">AI CARABINIERI UN GRAZIE IN CINESE<\/h3>\n<\/blockquote>\n<p><strong>ALPAGO\u00a0<\/strong> Un cittadino cinese in Italia da tanti anni e residente in Alpago (ora con attivit\u00e0 ad Agordo) ha voluto omaggiare i carabinieri della stazione dell\u2019Alpago con 70 mascherine e un disegno fatto dal proprio figlio minore come segno di ringraziamento per l\u2019importante attivit\u00e0 svolta in questo periodo.<\/p>\n<p class=\"photoswipe-wrapper\"><a class=\"dt-pswp-item pspw-wrap-ready\" href=\"https:\/\/i2.wp.com\/www.radiopiu.net\/wordpress\/wp-content\/uploads\/2020\/03\/bb3fc10b-90f3-476e-be1b-f3eb833dd049.jpg?ssl=1\" data-dt-img-description=\"\" data-large_image_width=\"320\" data-large_image_height=\"240\"><img loading=\"lazy\" decoding=\"async\" class=\"alignnone size-full wp-image-124235 jetpack-lazy-image jetpack-lazy-image--handled\" src=\"https:\/\/i2.wp.com\/www.radiopiu.net\/wordpress\/wp-content\/uploads\/2020\/03\/bb3fc10b-90f3-476e-be1b-f3eb833dd049.jpg?resize=320%2C240&amp;ssl=1\" sizes=\"auto, (max-width: 320px) 100vw, 320px\" srcset=\"https:\/\/i2.wp.com\/www.radiopiu.net\/wordpress\/wp-content\/uploads\/2020\/03\/bb3fc10b-90f3-476e-be1b-f3eb833dd049.jpg?w=320&amp;ssl=1 320w, https:\/\/i2.wp.com\/www.radiopiu.net\/wordpress\/wp-content\/uploads\/2020\/03\/bb3fc10b-90f3-476e-be1b-f3eb833dd049.jpg?resize=300%2C225&amp;ssl=1 300w\" alt=\"\" width=\"320\" height=\"240\" data-recalc-dims=\"1\" data-lazy-loaded=\"1\" \/><\/a><a class=\"dt-pswp-item pspw-wrap-ready\" href=\"https:\/\/i0.wp.com\/www.radiopiu.net\/wordpress\/wp-content\/uploads\/2020\/03\/e6cfaa2b-487b-48ab-9853-5632dc1e4635.jpg?ssl=1\" data-dt-img-description=\"\" data-large_image_width=\"320\" data-large_image_height=\"240\"><img loading=\"lazy\" decoding=\"async\" class=\"alignnone size-full wp-image-124234 jetpack-lazy-image jetpack-lazy-image--handled\" src=\"https:\/\/i0.wp.com\/www.radiopiu.net\/wordpress\/wp-content\/uploads\/2020\/03\/e6cfaa2b-487b-48ab-9853-5632dc1e4635.jpg?resize=320%2C240&amp;ssl=1\" sizes=\"auto, (max-width: 320px) 100vw, 320px\" srcset=\"https:\/\/i0.wp.com\/www.radiopiu.net\/wordpress\/wp-content\/uploads\/2020\/03\/e6cfaa2b-487b-48ab-9853-5632dc1e4635.jpg?w=320&amp;ssl=1 320w, https:\/\/i0.wp.com\/www.radiopiu.net\/wordpress\/wp-content\/uploads\/2020\/03\/e6cfaa2b-487b-48ab-9853-5632dc1e4635.jpg?resize=300%2C225&amp;ssl=1 300w\" alt=\"\" width=\"320\" height=\"240\" data-recalc-dims=\"1\" data-lazy-loaded=\"1\" \/><\/a><\/p>\n<p>&nbsp;<\/p>\n<hr \/>\n<\/div>\n<p>&nbsp;<\/p>\n<p>&nbsp;<\/p>\n<p>&nbsp;<\/p>\n<h2 class=\"page-title-head hgroup\"><span style=\"color: #ff0000;\">RIAPRE VIA 27 APRILE, NESSUNA CHIUSURA A SUD DELLA PIAZZA FINO ALLA RIPRESA DEI LAVORI.<\/span><\/h2>\n<h3>RIAPRE PARTE DELLA PIAZZA, IL PREFETTO DA IL NULLA OSTA PER TOGLIERE LE TRANSENNE, NULLA OSTA PER POTER SGOMBERARE IL CANTIERE, OPERERA&#8217; GIA&#8217; OGGI LA SQUADRA DI OPERAI COMUNAI, MARTEDI DALLE 11 VIABILITA&#8217; NORMALE DA VIA 27 APRILE VERSO LA PIAZZA. FINO A MERCOLEDI DOPPIO SENSO IN VIALE SOMMARIVA. DALLE 8 DI MERCOLEDI SITUAZIONE COME PRECEDENTE AL CANTIERE. RIMANE UNA PARTE DELLA PIAZZA OCCUPATA NEI PRESSI DI UNICREDIT PER ESIGENZE DI CANTIERE.<\/h3>\n<p><strong>AGORDO<\/strong><\/p>\n<h2>AI MICROFONI DI RADIO PIU&#8217; L&#8217;ASSESSORE CLAUDIO SITO<\/h2>\n<audio class=\"wp-audio-shortcode\" id=\"audio-124163-8\" preload=\"none\" style=\"width: 100%;\" controls=\"controls\"><source type=\"audio\/mpeg\" src=\"https:\/\/www.radiopiu.net\/wordpress\/wp-content\/uploads\/2020\/03\/CLAUDIO-NUOVO.mp3?_=8\" \/><a href=\"https:\/\/www.radiopiu.net\/wordpress\/wp-content\/uploads\/2020\/03\/CLAUDIO-NUOVO.mp3\">https:\/\/www.radiopiu.net\/wordpress\/wp-content\/uploads\/2020\/03\/CLAUDIO-NUOVO.mp3<\/a><\/audio>\n<p>&nbsp;<\/p>\n<p><a class=\"dt-pswp-item\" href=\"https:\/\/www.radiopiu.net\/wordpress\/wp-content\/uploads\/2020\/03\/9b7c3cb7-34a5-41d1-9fb1-164c5b72623e.jpg\" data-dt-img-description=\"\" data-large_image_width=\"1600\" data-large_image_height=\"1200\"><img loading=\"lazy\" decoding=\"async\" class=\"wp-image-124230 alignleft\" src=\"https:\/\/www.radiopiu.net\/wordpress\/wp-content\/uploads\/2020\/03\/9b7c3cb7-34a5-41d1-9fb1-164c5b72623e-1024x768.jpg\" alt=\"\" width=\"244\" height=\"183\" srcset=\"https:\/\/www.radiopiu.net\/wordpress\/wp-content\/uploads\/2020\/03\/9b7c3cb7-34a5-41d1-9fb1-164c5b72623e-1024x768.jpg 1024w, https:\/\/www.radiopiu.net\/wordpress\/wp-content\/uploads\/2020\/03\/9b7c3cb7-34a5-41d1-9fb1-164c5b72623e-300x225.jpg 300w, https:\/\/www.radiopiu.net\/wordpress\/wp-content\/uploads\/2020\/03\/9b7c3cb7-34a5-41d1-9fb1-164c5b72623e-768x576.jpg 768w, https:\/\/www.radiopiu.net\/wordpress\/wp-content\/uploads\/2020\/03\/9b7c3cb7-34a5-41d1-9fb1-164c5b72623e-1536x1152.jpg 1536w, https:\/\/www.radiopiu.net\/wordpress\/wp-content\/uploads\/2020\/03\/9b7c3cb7-34a5-41d1-9fb1-164c5b72623e.jpg 1600w\" sizes=\"auto, (max-width: 244px) 100vw, 244px\" \/><\/a><\/p>\n<p><a class=\"dt-pswp-item\" href=\"https:\/\/www.radiopiu.net\/wordpress\/wp-content\/uploads\/2020\/03\/a8c04224-a027-4eb7-9130-d1f159431ebc.jpg\" data-dt-img-description=\"\" data-large_image_width=\"1600\" data-large_image_height=\"1200\"><img loading=\"lazy\" decoding=\"async\" class=\"alignnone wp-image-124228\" src=\"https:\/\/www.radiopiu.net\/wordpress\/wp-content\/uploads\/2020\/03\/a8c04224-a027-4eb7-9130-d1f159431ebc-1024x768.jpg\" alt=\"\" width=\"247\" height=\"185\" srcset=\"https:\/\/www.radiopiu.net\/wordpress\/wp-content\/uploads\/2020\/03\/a8c04224-a027-4eb7-9130-d1f159431ebc-1024x768.jpg 1024w, https:\/\/www.radiopiu.net\/wordpress\/wp-content\/uploads\/2020\/03\/a8c04224-a027-4eb7-9130-d1f159431ebc-300x225.jpg 300w, https:\/\/www.radiopiu.net\/wordpress\/wp-content\/uploads\/2020\/03\/a8c04224-a027-4eb7-9130-d1f159431ebc-768x576.jpg 768w, https:\/\/www.radiopiu.net\/wordpress\/wp-content\/uploads\/2020\/03\/a8c04224-a027-4eb7-9130-d1f159431ebc-1536x1152.jpg 1536w, https:\/\/www.radiopiu.net\/wordpress\/wp-content\/uploads\/2020\/03\/a8c04224-a027-4eb7-9130-d1f159431ebc.jpg 1600w\" sizes=\"auto, (max-width: 247px) 100vw, 247px\" \/><\/a><\/p>\n<p>&nbsp;<\/p>\n<p>&nbsp;<\/p>\n<hr \/>\n<p>&nbsp;<\/p>\n<h2>LE MINIERE DEL FURSIL SI PREPARANO AD UNA NUOVA SFIDA TURISTICA<\/h2>\n<p><strong>Di Gianni Santomaso<\/strong><\/p>\n<audio class=\"wp-audio-shortcode\" id=\"audio-124163-9\" preload=\"none\" style=\"width: 100%;\" controls=\"controls\"><source type=\"audio\/mpeg\" src=\"https:\/\/www.radiopiu.net\/wordpress\/wp-content\/uploads\/2020\/03\/LAVORI-FURSIL.mp3?_=9\" \/><a href=\"https:\/\/www.radiopiu.net\/wordpress\/wp-content\/uploads\/2020\/03\/LAVORI-FURSIL.mp3\">https:\/\/www.radiopiu.net\/wordpress\/wp-content\/uploads\/2020\/03\/LAVORI-FURSIL.mp3<\/a><\/audio>\n<p>&nbsp;<\/p>\n<audio class=\"wp-audio-shortcode\" id=\"audio-124163-10\" preload=\"none\" style=\"width: 100%;\" controls=\"controls\"><source type=\"audio\/mpeg\" src=\"https:\/\/www.radiopiu.net\/wordpress\/wp-content\/uploads\/2020\/03\/FURSIL-FORMAGGI.mp3?_=10\" \/><a href=\"https:\/\/www.radiopiu.net\/wordpress\/wp-content\/uploads\/2020\/03\/FURSIL-FORMAGGI.mp3\">https:\/\/www.radiopiu.net\/wordpress\/wp-content\/uploads\/2020\/03\/FURSIL-FORMAGGI.mp3<\/a><\/audio>\n<p>&nbsp;<\/p>\n<p><strong>LAVORI REALIZZAZIONE CENTRO VISITA MINIERE DEL FURSIL<\/strong><\/p>\n\n\t\t\t<style type='text\/css'>\n\t\t\t\t#gallery-1 {\n\t\t\t\t\tmargin: auto;\n\t\t\t\t}\n\t\t\t\t#gallery-1 .gallery-item {\n\t\t\t\t\tfloat: left;\n\t\t\t\t\tmargin-top: 10px;\n\t\t\t\t\ttext-align: center;\n\t\t\t\t\twidth: 33%;\n\t\t\t\t}\n\t\t\t\t#gallery-1 img {\n\t\t\t\t\tborder: 2px solid #cfcfcf;\n\t\t\t\t}\n\t\t\t\t#gallery-1 .gallery-caption {\n\t\t\t\t\tmargin-left: 0;\n\t\t\t\t}\n\t\t\t\t\/* see gallery_shortcode() in wp-includes\/media.php *\/\n\t\t\t<\/style>\n\t\t<div id='gallery-1' class='dt-gallery-container gallery galleryid-124163 gallery-columns-3 gallery-size-thumbnail'><dl class='gallery-item'>\n\t\t\t\t<dt class='gallery-icon landscape'>\n\t\t\t\t\t<a class=\"rollover\" href='https:\/\/www.radiopiu.net\/wordpress\/centro-visita-e-allestimento-della-galleria-le-miniere-del-fursil-si-preparano-ad-una-nuova-sfida-turistica\/lavori-fursil-1\/'><img loading=\"lazy\" decoding=\"async\" width=\"150\" height=\"150\" src=\"https:\/\/www.radiopiu.net\/wordpress\/wp-content\/uploads\/2020\/03\/LAVORI-FURSIL-1-150x150.jpeg\" class=\"attachment-thumbnail size-thumbnail\" alt=\"\" \/><\/a>\n\t\t\t\t<\/dt><\/dl><dl class='gallery-item'>\n\t\t\t\t<dt class='gallery-icon landscape'>\n\t\t\t\t\t<a class=\"rollover\" href='https:\/\/www.radiopiu.net\/wordpress\/centro-visita-e-allestimento-della-galleria-le-miniere-del-fursil-si-preparano-ad-una-nuova-sfida-turistica\/lavori-fursil-5\/'><img loading=\"lazy\" decoding=\"async\" width=\"150\" height=\"150\" src=\"https:\/\/www.radiopiu.net\/wordpress\/wp-content\/uploads\/2020\/03\/LAVORI-FURSIL-5-150x150.jpeg\" class=\"attachment-thumbnail size-thumbnail\" alt=\"\" \/><\/a>\n\t\t\t\t<\/dt><\/dl><dl class='gallery-item'>\n\t\t\t\t<dt class='gallery-icon landscape'>\n\t\t\t\t\t<a class=\"rollover\" href='https:\/\/www.radiopiu.net\/wordpress\/centro-visita-e-allestimento-della-galleria-le-miniere-del-fursil-si-preparano-ad-una-nuova-sfida-turistica\/lavori-fursil-3\/'><img loading=\"lazy\" decoding=\"async\" width=\"150\" height=\"150\" src=\"https:\/\/www.radiopiu.net\/wordpress\/wp-content\/uploads\/2020\/03\/LAVORI-FURSIL-3-150x150.jpeg\" class=\"attachment-thumbnail size-thumbnail\" alt=\"\" \/><\/a>\n\t\t\t\t<\/dt><\/dl><br style=\"clear: both\" \/><dl class='gallery-item'>\n\t\t\t\t<dt class='gallery-icon landscape'>\n\t\t\t\t\t<a class=\"rollover\" href='https:\/\/www.radiopiu.net\/wordpress\/centro-visita-e-allestimento-della-galleria-le-miniere-del-fursil-si-preparano-ad-una-nuova-sfida-turistica\/lavori-fursil-2\/'><img loading=\"lazy\" decoding=\"async\" width=\"150\" height=\"150\" src=\"https:\/\/www.radiopiu.net\/wordpress\/wp-content\/uploads\/2020\/03\/LAVORI-FURSIL-2-150x150.jpeg\" class=\"attachment-thumbnail size-thumbnail\" alt=\"\" \/><\/a>\n\t\t\t\t<\/dt><\/dl><dl class='gallery-item'>\n\t\t\t\t<dt class='gallery-icon portrait'>\n\t\t\t\t\t<a class=\"rollover\" href='https:\/\/www.radiopiu.net\/wordpress\/centro-visita-e-allestimento-della-galleria-le-miniere-del-fursil-si-preparano-ad-una-nuova-sfida-turistica\/lavori-fursil-4\/'><img loading=\"lazy\" decoding=\"async\" width=\"150\" height=\"150\" src=\"https:\/\/www.radiopiu.net\/wordpress\/wp-content\/uploads\/2020\/03\/LAVORI-FURSIL-4-150x150.jpeg\" class=\"attachment-thumbnail size-thumbnail\" alt=\"\" \/><\/a>\n\t\t\t\t<\/dt><\/dl>\n\t\t\t\t<br style='clear: both' \/>\n\t\t\t<\/div>\n\n<p><strong>STRADA DE LA VENA TRA IL CASTELLO DI ANDRAZ E LE MINIERE DEL FURSIL<\/strong><\/p>\n\n\t\t\t<style type='text\/css'>\n\t\t\t\t#gallery-2 {\n\t\t\t\t\tmargin: auto;\n\t\t\t\t}\n\t\t\t\t#gallery-2 .gallery-item {\n\t\t\t\t\tfloat: left;\n\t\t\t\t\tmargin-top: 10px;\n\t\t\t\t\ttext-align: center;\n\t\t\t\t\twidth: 33%;\n\t\t\t\t}\n\t\t\t\t#gallery-2 img {\n\t\t\t\t\tborder: 2px solid #cfcfcf;\n\t\t\t\t}\n\t\t\t\t#gallery-2 .gallery-caption {\n\t\t\t\t\tmargin-left: 0;\n\t\t\t\t}\n\t\t\t\t\/* see gallery_shortcode() in wp-includes\/media.php *\/\n\t\t\t<\/style>\n\t\t<div id='gallery-2' class='dt-gallery-container gallery galleryid-124163 gallery-columns-3 gallery-size-thumbnail'><dl class='gallery-item'>\n\t\t\t\t<dt class='gallery-icon portrait'>\n\t\t\t\t\t<a class=\"rollover\" href='https:\/\/www.radiopiu.net\/wordpress\/centro-visita-e-allestimento-della-galleria-le-miniere-del-fursil-si-preparano-ad-una-nuova-sfida-turistica\/vena-1\/'><img loading=\"lazy\" decoding=\"async\" width=\"150\" height=\"150\" src=\"https:\/\/www.radiopiu.net\/wordpress\/wp-content\/uploads\/2020\/03\/VENA-1-150x150.jpeg\" class=\"attachment-thumbnail size-thumbnail\" alt=\"\" \/><\/a>\n\t\t\t\t<\/dt><\/dl><dl class='gallery-item'>\n\t\t\t\t<dt class='gallery-icon landscape'>\n\t\t\t\t\t<a class=\"rollover\" href='https:\/\/www.radiopiu.net\/wordpress\/centro-visita-e-allestimento-della-galleria-le-miniere-del-fursil-si-preparano-ad-una-nuova-sfida-turistica\/vena-2\/'><img loading=\"lazy\" decoding=\"async\" width=\"150\" height=\"150\" src=\"https:\/\/www.radiopiu.net\/wordpress\/wp-content\/uploads\/2020\/03\/VENA-2-150x150.jpeg\" class=\"attachment-thumbnail size-thumbnail\" alt=\"\" \/><\/a>\n\t\t\t\t<\/dt><\/dl><dl class='gallery-item'>\n\t\t\t\t<dt class='gallery-icon landscape'>\n\t\t\t\t\t<a class=\"rollover\" href='https:\/\/www.radiopiu.net\/wordpress\/centro-visita-e-allestimento-della-galleria-le-miniere-del-fursil-si-preparano-ad-una-nuova-sfida-turistica\/vena-3\/'><img loading=\"lazy\" decoding=\"async\" width=\"150\" height=\"150\" src=\"https:\/\/www.radiopiu.net\/wordpress\/wp-content\/uploads\/2020\/03\/VENA-3-150x150.jpeg\" class=\"attachment-thumbnail size-thumbnail\" alt=\"\" \/><\/a>\n\t\t\t\t<\/dt><\/dl><br style=\"clear: both\" \/>\n\t\t\t<\/div>\n\n<p>&nbsp;<\/p>\n<p>&nbsp;<\/p>\n<hr \/>\n<p>&nbsp;<\/p>\n<p>&nbsp;<\/p>\n<p>&nbsp;<\/p>\n<h2>VOLTAGO E FRASSENE&#8217;, PROTEZIONE CIVILE AL LAVORO<\/h2>\n<p><strong>DI GIANNI SANTOMASO<\/strong><\/p>\n<audio class=\"wp-audio-shortcode\" id=\"audio-124163-11\" preload=\"none\" style=\"width: 100%;\" controls=\"controls\"><source type=\"audio\/mpeg\" src=\"https:\/\/www.radiopiu.net\/wordpress\/wp-content\/uploads\/2020\/03\/VOLTAGO-E-FRASSENE-GRUPPO-COMUNALE.mp3?_=11\" \/><a href=\"https:\/\/www.radiopiu.net\/wordpress\/wp-content\/uploads\/2020\/03\/VOLTAGO-E-FRASSENE-GRUPPO-COMUNALE.mp3\">https:\/\/www.radiopiu.net\/wordpress\/wp-content\/uploads\/2020\/03\/VOLTAGO-E-FRASSENE-GRUPPO-COMUNALE.mp3<\/a><\/audio>\n<h3>DOPO LA TEMPESTA C&#8217;E&#8217; IL SOLE: PAESANI, LA PROTEZIONE CIVILE E&#8217; AL VOSTRO FIANCO<\/h3>\n<p><strong><a class=\"dt-pswp-item\" href=\"https:\/\/www.radiopiu.net\/wordpress\/wp-content\/uploads\/2020\/03\/SCHENA-PROT-CIVILE.jpg\" data-dt-img-description=\"\" data-large_image_width=\"1152\" data-large_image_height=\"1600\"><img loading=\"lazy\" decoding=\"async\" class=\" wp-image-124341 alignleft\" src=\"https:\/\/www.radiopiu.net\/wordpress\/wp-content\/uploads\/2020\/03\/SCHENA-PROT-CIVILE-216x300.jpg\" alt=\"\" width=\"154\" height=\"214\" srcset=\"https:\/\/www.radiopiu.net\/wordpress\/wp-content\/uploads\/2020\/03\/SCHENA-PROT-CIVILE-216x300.jpg 216w, https:\/\/www.radiopiu.net\/wordpress\/wp-content\/uploads\/2020\/03\/SCHENA-PROT-CIVILE-737x1024.jpg 737w, https:\/\/www.radiopiu.net\/wordpress\/wp-content\/uploads\/2020\/03\/SCHENA-PROT-CIVILE-768x1067.jpg 768w, https:\/\/www.radiopiu.net\/wordpress\/wp-content\/uploads\/2020\/03\/SCHENA-PROT-CIVILE-1106x1536.jpg 1106w, https:\/\/www.radiopiu.net\/wordpress\/wp-content\/uploads\/2020\/03\/SCHENA-PROT-CIVILE.jpg 1152w\" sizes=\"auto, (max-width: 154px) 100vw, 154px\" \/><\/a><\/strong><\/p>\n<p>&nbsp;<\/p>\n<p>&nbsp;<\/p>\n<p><strong>VOLTAGO<\/strong><\/p>\n<p>Di Gianni Santomaso<\/p>\n<audio class=\"wp-audio-shortcode\" id=\"audio-124163-12\" preload=\"none\" style=\"width: 100%;\" controls=\"controls\"><source type=\"audio\/mpeg\" src=\"https:\/\/www.radiopiu.net\/wordpress\/wp-content\/uploads\/2020\/03\/GIANNI-PROTEZIONE-CIVILE.mp3?_=12\" \/><a href=\"https:\/\/www.radiopiu.net\/wordpress\/wp-content\/uploads\/2020\/03\/GIANNI-PROTEZIONE-CIVILE.mp3\">https:\/\/www.radiopiu.net\/wordpress\/wp-content\/uploads\/2020\/03\/GIANNI-PROTEZIONE-CIVILE.mp3<\/a><\/audio>\n<p>&nbsp;<\/p>\n<p>&nbsp;<\/p>\n<hr \/>\n<blockquote>\n<h3><\/h3>\n<h3>SVILUPPO ECONOMICO. BANDO SERVIZI PER INNOVAZIONE PMI. PRESENTATE 310 DOMANDE PER 3 MILIONI DI EURO<\/h3>\n<\/blockquote>\n<p><strong>VENEZIA<\/strong>\u00a0\u201c<em>Grande risposta delle imprese al bando 1.1.2 del POR FESR 2014-2020 che sostiene l&#8217;acquisto di servizi specialistici di consulenza per l&#8217;innovazione tecnologica, strategica ed organizzativa nelle PMI, con una dotazione finanziaria di un milione di euro<\/em>&#8221; commenta cos\u00ec l&#8217;assessore regionale allo sviluppo economico ed energia Roberto Marcato il primo dei tre bandi in programma in materia di innovazione tecnologica delle PMI. Complessivamente, le domande presentate sono state 310 con una richiesta di contributo che sfiora i 3 milioni di euro.\u00a0\u201c<em>Questi numeri sono un segnale di speranza, che indica come le imprese venete, pur nell&#8217;emergenza, restino attive e pronte a ripartire \u2013 sottolinea Marcato \u2013 la Regione sta facendo un grande lavoro di coordinamento, raccogliendo quotidianamente le istanze che giungono dalle categorie economiche per farci portavoce con il Governo dal quale, per\u00f2, deve arrivare un segnale forte. Servono misure importanti a sostegno dell\u2019economia di Veneto, Lombardia ed Emilia Romagna, che sono, lo ricordo, i motori dell\u2019economia nazionale. Sono necessari provvedimenti che immettano liquidit\u00e0 per mettere in grado le imprese di ripartire una volta che sar\u00e0 finita l\u2019emergenza<\/em>\u201d.\u00a0Per il citato bando, che sostiene l\u2019acquisto di servizi specialistici di consulenza per l\u2019innovazione tecnologica, strategica ed organizzativa nelle PMI, finanziando con contributo in conto capitale dal 30% al 50% della spesa sostenuta, complessivamente sono stati stanziati 3 milioni di euro suddivisi in 3 sportelli. Quello che prevedeva la presentazione delle domande il 16 marzo, era il primo e metteva a disposizione un milione di euro.\u00a0Il prossimo sportello si aprir\u00e0 il 30 giugno con il periodo di compilazione della domanda tra il 5 maggio ed il 25 giugno 2020. Vi potranno partecipare anche le imprese che nel primo sportello sono risultate non ammissibili o non finanziabili per carenza di fondi e imprese ammesse al primo sportello ma che presentano domanda per un servizio diverso.<\/p>\n<p>&nbsp;<\/p>\n<hr \/>\n<h3><\/h3>\n<blockquote>\n<h3>ORTI COMUNI, CRESCE IL NUMERO DI ADESIONI<\/h3>\n<\/blockquote>\n<p><strong><a class=\"dt-pswp-item\" href=\"https:\/\/www.radiopiu.net\/wordpress\/wp-content\/uploads\/2019\/08\/WhatsApp-Image-2019-08-07-at-14.32.43.jpeg\" data-dt-img-description=\"\" data-large_image_width=\"1328\" data-large_image_height=\"747\"><img loading=\"lazy\" decoding=\"async\" class=\"wp-image-94680 alignleft\" src=\"https:\/\/www.radiopiu.net\/wordpress\/wp-content\/uploads\/2019\/08\/WhatsApp-Image-2019-08-07-at-14.32.43-1024x576.jpeg\" alt=\"\" width=\"224\" height=\"126\" srcset=\"https:\/\/www.radiopiu.net\/wordpress\/wp-content\/uploads\/2019\/08\/WhatsApp-Image-2019-08-07-at-14.32.43-1024x576.jpeg 1024w, https:\/\/www.radiopiu.net\/wordpress\/wp-content\/uploads\/2019\/08\/WhatsApp-Image-2019-08-07-at-14.32.43-300x169.jpeg 300w, https:\/\/www.radiopiu.net\/wordpress\/wp-content\/uploads\/2019\/08\/WhatsApp-Image-2019-08-07-at-14.32.43-768x432.jpeg 768w, https:\/\/www.radiopiu.net\/wordpress\/wp-content\/uploads\/2019\/08\/WhatsApp-Image-2019-08-07-at-14.32.43.jpeg 1328w\" sizes=\"auto, (max-width: 224px) 100vw, 224px\" \/><\/a>FELTRE\u00a0<\/strong> Cresce il numero dei cittadini di Feltre che fanno richiesta di poter disporre di un appezzamento di terreno su cui coltivare il proprio orto. L\u2019ultimo bando di assegnazione per quanto riguarda l\u2019iniziativa degli \u201cOrti Comuni\u201d ha infatti visto soddisfatte 27 richieste, contro le 23 dell\u2019anno precedente. Il Comune di Feltre ha attribuito, sempre su terreni comunali, 3500 metri quadri in localit\u00e0 San Paolo alla Cooperativa sociale Dumia (rotazione colturale per certificazione bio), e &#8211; con un bando specifico del 2014 &#8211; ben 13 ettari circa di terreno ad aziende di produzioni agricole con vincoli di assegnazione quali l\u2019obbligo di produzioni certificate biologiche, il recupero di biodiversit\u00e0 locali e coltivazioni tradizionali a rischio di erosione genetica, in molti casi con priorit\u00e0 di accesso per giovani agricoltori. Il bando ha avuto un&#8217;assegnazione della durata di 6 annate colturali ed essendo a scadenza verr\u00e0 riproposto nel prossimo ottobre 2020.\u00a0\u201c<em>Visto il grande interesse attorno all\u2019iniziativa e le difficolt\u00e0 legate a questo periodo per i noti effetti dell\u2019emergenza Coronavirus, conclude Bonan, stiamo valutando di prorogare i termini dell\u2019assegnazione di alcuni appezzamenti rimasti nell\u2019ambito dell\u2019iniziativa \u201cOrti Comuni\u201d probabilmente per un altro mese ancora. La decisione sar\u00e0 assunta nei prossimi giorni.<\/em>\u201d<\/p>\n<p>&nbsp;<\/p>\n<hr \/>\n<p>&nbsp;<\/p>\n<blockquote>\n<h3>LA CROCE BIANCA VAL FIORENTINA CONSEGNA LA SPESA A DOMICILIO<\/h3>\n<\/blockquote>\n<p><strong>SELVA DI CADORE<\/strong> I volontari della Croce Bianca Val Fiorentina vengono in aiuto agli anziani e alle persone bisognose che non possono muoversi di casa attivando un servizio di consegna a domicilio della spesa. Il servizio sar\u00e0 erogato il luned\u00ec, mercoled\u00ec e sabato. Per accedere al servizio basta contattare il negozio Conad di Selva di Cadore allo 0437 720613 o l\u2019alimentari di Pescul allo 0437 521071 entro le ore 10 poi i volontari della Croce Bianca Val Fiorentina consegneranno la spesa a casa.<\/p>\n<p>&nbsp;<\/p>\n<hr \/>\n<p>&nbsp;<\/p>\n<blockquote>\n<h3>A LA VALLE PARTE LA CONSEGNA A DOMICILIO DI FARMACI E SPESA<\/h3>\n<\/blockquote>\n<p><strong>LA VALLE AGORDINA<\/strong> Il Sindaco informa che sono stati attivati i servizi di consegna a domicilio per farmaci e per la spesa. Per la consegna dei farmaci i numeri da chiamare sono 0437 62298 oppure 0437 63896, servizio attivo dal luned\u00ec al venerd\u00ec dalle 9 alle 12:30 e dalle 15:30 alle 18:30. Per la consegna della spesa a domicilio basta telefonare al Panificio \u201cEl Forer\u201d 0437 63040, servizio garantito dal lunedi al sabato dalle 7 alle 12:30 e dalle 16:30 alle 19, anche la domenica dalle 7 alle 12:30<\/p>\n<p>&nbsp;<\/p>\n<hr \/>\n<p>&nbsp;<\/p>\n<blockquote>\n<h3>SERVIZIO A DOMICILIO ANCHE A CANALE D\u2019AGORDO<\/h3>\n<\/blockquote>\n<p><strong>CANALE D\u2019AGORDO<\/strong> Il comune, in collaborazione con le associazioni di volontariato del territorio, ha attivato il servizio di consegna a domicilio di farmaci e beni di prima necessit\u00e0 alle persone che sono impossibiltate a muoversi (anziani, persone non autosufficienti, persone sole e\/o che non possono uscire dalla propria abitazione. Servizio attivo il luned\u00ec, mercoled\u00ec e venerd\u00ec. Per avvalersi del servizio il numero da chiamare \u00e8 320 3298245<\/p>\n<p>&nbsp;<\/p>\n<hr \/>\n<p>&nbsp;<\/p>\n<blockquote>\n<h3>SERVIZIO SPESA GRATIS PER FODOM<\/h3>\n<\/blockquote>\n<p class=\"photoswipe-wrapper\"><strong>LIVINALLONGO<\/strong> Questo servizio \u00e8 rivolto a persone anziane e malate, ma anche alle famiglie e alle persone sole che non hanno la possibilit\u00e0 di fare acquisti. Il servizio pu\u00f2 essere richiesto ogni giorno ed \u00e8 gratuito.\u00a0Potr\u00e0 essere richiesto al 0471 444 444 dalle ore 8-18. La consegna avviene lo stesso giorno o al pi\u00f9 tardi il giorno successivo. Il servizio viene eseguito esclusivamente da volontari della Croce Bianca che possono identificarsi come collaboratori dell\u2019associazione e indossano la divisa e tesserino.<\/p>\n<p>&nbsp;<\/p>\n<hr \/>\n<p>&nbsp;<\/p>\n<h2>PROTEZIONE CIVILE: UN MIRACOLO VENETO<\/h2>\n<div style=\"width: 1200px;\" class=\"wp-video\"><video class=\"wp-video-shortcode\" id=\"video-124163-2\" width=\"1200\" height=\"675\" preload=\"metadata\" controls=\"controls\"><source type=\"video\/mp4\" src=\"https:\/\/www.radiopiu.net\/wordpress\/wp-content\/uploads\/2020\/03\/WhatsApp-Video-2020-03-23-at-20.07.14.mp4?_=2\" \/><a href=\"https:\/\/www.radiopiu.net\/wordpress\/wp-content\/uploads\/2020\/03\/WhatsApp-Video-2020-03-23-at-20.07.14.mp4\">https:\/\/www.radiopiu.net\/wordpress\/wp-content\/uploads\/2020\/03\/WhatsApp-Video-2020-03-23-at-20.07.14.mp4<\/a><\/video><\/div>\n<p>&nbsp;<\/p>\n<blockquote class=\"wp-embedded-content\" data-secret=\"v9jOOiBzZQ\"><p><a href=\"https:\/\/www.radiopiu.net\/wordpress\/le-storie-dei-comuni-bellunesi-sintetizzate-in-un-bel-libretto-di-renato-bona\/\">LE STORIE DEI COMUNI BELLUNESI  SINTETIZZATE IN UN BEL LIBRETTO di Renato Bona<\/a><\/p><\/blockquote>\n<p><iframe loading=\"lazy\" title=\"&#8220;LE STORIE DEI COMUNI BELLUNESI  SINTETIZZATE IN UN BEL LIBRETTO di Renato Bona&#8221; &#8212; Radio Pi\u00f9\" class=\"wp-embedded-content\" sandbox=\"allow-scripts\" security=\"restricted\" style=\"position: absolute; clip: rect(1px, 1px, 1px, 1px);\" src=\"https:\/\/www.radiopiu.net\/wordpress\/le-storie-dei-comuni-bellunesi-sintetizzate-in-un-bel-libretto-di-renato-bona\/embed\/#?secret=v9jOOiBzZQ\" data-secret=\"v9jOOiBzZQ\" width=\"600\" height=\"338\" frameborder=\"0\" marginwidth=\"0\" marginheight=\"0\" scrolling=\"no\"><\/iframe><\/p>\n<p>&nbsp;<\/p>\n<blockquote class=\"wp-embedded-content\" data-secret=\"aj5g2eGERU\"><p><a href=\"https:\/\/www.radiopiu.net\/wordpress\/scuola-dellinfanzia-di-taibon-e-i-bambini\/\">SCUOLA DELL&#8217;INFANZIA DI TAIBON E I BAMBINI<\/a><\/p><\/blockquote>\n<p><iframe loading=\"lazy\" title=\"&#8220;SCUOLA DELL&#8217;INFANZIA DI TAIBON E I BAMBINI&#8221; &#8212; Radio Pi\u00f9\" class=\"wp-embedded-content\" sandbox=\"allow-scripts\" security=\"restricted\" style=\"position: absolute; clip: rect(1px, 1px, 1px, 1px);\" src=\"https:\/\/www.radiopiu.net\/wordpress\/scuola-dellinfanzia-di-taibon-e-i-bambini\/embed\/#?secret=aj5g2eGERU\" data-secret=\"aj5g2eGERU\" width=\"600\" height=\"338\" frameborder=\"0\" marginwidth=\"0\" marginheight=\"0\" scrolling=\"no\"><\/iframe><\/p>\n<p>&nbsp;<\/p>\n<h1><span style=\"color: #008000;\">IERI<\/span> <span style=\"color: #000000;\">ALLA <\/span><span style=\"color: #ff0000;\"><strong>RADIO<\/strong><\/span><\/h1>\n<h3><a class=\"dt-pswp-item\" href=\"https:\/\/www.radiopiu.net\/wordpress\/wp-content\/uploads\/2020\/03\/6443a2ad-535a-49b7-a39c-1c2b65015f49.jpg\" data-dt-img-description=\"\" data-large_image_width=\"300\" data-large_image_height=\"168\"><img loading=\"lazy\" decoding=\"async\" class=\"size-full wp-image-124297 alignleft\" src=\"https:\/\/www.radiopiu.net\/wordpress\/wp-content\/uploads\/2020\/03\/6443a2ad-535a-49b7-a39c-1c2b65015f49.jpg\" alt=\"\" width=\"300\" height=\"168\" \/><\/a>DEVIS ZASSO KIWI SPORT<\/h3>\n<p>di Claudio Fontanive<\/p>\n<audio class=\"wp-audio-shortcode\" id=\"audio-124163-13\" preload=\"none\" style=\"width: 100%;\" controls=\"controls\"><source type=\"audio\/mpeg\" src=\"https:\/\/www.radiopiu.net\/wordpress\/wp-content\/uploads\/2020\/03\/devis-zasso.mp3?_=13\" \/><a href=\"https:\/\/www.radiopiu.net\/wordpress\/wp-content\/uploads\/2020\/03\/devis-zasso.mp3\">https:\/\/www.radiopiu.net\/wordpress\/wp-content\/uploads\/2020\/03\/devis-zasso.mp3<\/a><\/audio>\n<p>&nbsp;<\/p>\n<p>&nbsp;<\/p>\n<p>&nbsp;<\/p>\n<hr \/>\n<h3><a class=\"dt-pswp-item\" href=\"https:\/\/www.radiopiu.net\/wordpress\/wp-content\/uploads\/2020\/03\/5e7c42e0-0c98-4557-b8b9-d24caa1ae6f6.jpg\" data-dt-img-description=\"\" data-large_image_width=\"225\" data-large_image_height=\"225\"><img loading=\"lazy\" decoding=\"async\" class=\" wp-image-124296 alignleft\" src=\"https:\/\/www.radiopiu.net\/wordpress\/wp-content\/uploads\/2020\/03\/5e7c42e0-0c98-4557-b8b9-d24caa1ae6f6.jpg\" alt=\"\" width=\"123\" height=\"123\" srcset=\"https:\/\/www.radiopiu.net\/wordpress\/wp-content\/uploads\/2020\/03\/5e7c42e0-0c98-4557-b8b9-d24caa1ae6f6.jpg 225w, https:\/\/www.radiopiu.net\/wordpress\/wp-content\/uploads\/2020\/03\/5e7c42e0-0c98-4557-b8b9-d24caa1ae6f6-150x150.jpg 150w\" sizes=\"auto, (max-width: 123px) 100vw, 123px\" \/><\/a>&#8220;SERVE UNA MANO&#8221; IL PROGETTO SPI CGIL BELLUNO, OSPITE MARIA RITA GENTILIN<\/h3>\n<p>di Claudio Fontanive<\/p>\n<audio class=\"wp-audio-shortcode\" id=\"audio-124163-14\" preload=\"none\" style=\"width: 100%;\" controls=\"controls\"><source type=\"audio\/mpeg\" src=\"https:\/\/www.radiopiu.net\/wordpress\/wp-content\/uploads\/2020\/03\/spi-cgil-gentilin.mp3?_=14\" \/><a href=\"https:\/\/www.radiopiu.net\/wordpress\/wp-content\/uploads\/2020\/03\/spi-cgil-gentilin.mp3\">https:\/\/www.radiopiu.net\/wordpress\/wp-content\/uploads\/2020\/03\/spi-cgil-gentilin.mp3<\/a><\/audio>\n<p>&nbsp;<\/p>\n<hr \/>\n<h3><\/h3>\n<h3><span style=\"color: #ff6600;\">I RACCONTI DI PAOLO SOPPELSA, QUINDICESIMA PUNTATA<\/span><\/h3>\n<p>LA PARTITA<\/p>\n<p><strong>AUDIO<\/strong><\/p>\n<audio class=\"wp-audio-shortcode\" id=\"audio-124163-15\" preload=\"none\" style=\"width: 100%;\" controls=\"controls\"><source type=\"audio\/mpeg\" src=\"https:\/\/www.radiopiu.net\/wordpress\/wp-content\/uploads\/2020\/03\/PAOLO.mp3?_=15\" \/><a href=\"https:\/\/www.radiopiu.net\/wordpress\/wp-content\/uploads\/2020\/03\/PAOLO.mp3\">https:\/\/www.radiopiu.net\/wordpress\/wp-content\/uploads\/2020\/03\/PAOLO.mp3<\/a><\/audio>\n<p><a class=\"dt-pswp-item\" href=\"https:\/\/www.radiopiu.net\/wordpress\/wp-content\/uploads\/2020\/03\/c7a62729-ec6d-4e9f-9f2f-e5120a4b4616.jpg\" data-dt-img-description=\"\" data-large_image_width=\"960\" data-large_image_height=\"541\"><img loading=\"lazy\" decoding=\"async\" class=\"alignnone size-full wp-image-124035\" src=\"https:\/\/www.radiopiu.net\/wordpress\/wp-content\/uploads\/2020\/03\/c7a62729-ec6d-4e9f-9f2f-e5120a4b4616.jpg\" alt=\"\" width=\"960\" height=\"541\" srcset=\"https:\/\/www.radiopiu.net\/wordpress\/wp-content\/uploads\/2020\/03\/c7a62729-ec6d-4e9f-9f2f-e5120a4b4616.jpg 960w, https:\/\/www.radiopiu.net\/wordpress\/wp-content\/uploads\/2020\/03\/c7a62729-ec6d-4e9f-9f2f-e5120a4b4616-300x169.jpg 300w, https:\/\/www.radiopiu.net\/wordpress\/wp-content\/uploads\/2020\/03\/c7a62729-ec6d-4e9f-9f2f-e5120a4b4616-768x433.jpg 768w\" sizes=\"auto, (max-width: 960px) 100vw, 960px\" \/><\/a><\/p>\n<p>Marzo, nell\u2019hockey su ghiaccio, \u00e8 il mese dei play-off. Il mese delle partite decisive, quelle da dentro o fuori. Vedere la squadra sul ghiaccio dopo la met\u00e0 di marzo significa essere in corsa per un sogno chiamato scudetto. E\u2019 il tempo dei giocatori con le barba lunga, delle cariche alla balaustra che si fanno sempre pi\u00f9 dure. Dello stadio sempre pi\u00f9 pieno, con le coreografie ed il gran tifo. Arrivare agli ultimi giorni di marzo significa esserci dentro a quel sogno. Sono momenti in cui il pubblico diventa un tutt\u2019uno con la squadra. Come accadde diciotto anni fa di questi giorni ad Alleghe. Il 26 Marzo 2002 era un marted\u00ec. La partita \u00e8 Alleghe- Bolzano, gara 5 di semifinale. Nella serie al meglio delle cinque gare la formazione agordina si port\u00f2 sul 2 a 0, ma venne rimontata e fu necessario lo spareggio. Ricordo bene quel giorno. Fu una giornata di lavoro particolare, con la testa gi\u00e0 all\u2019 Alvise De Toni. Ansia, paura di una delusione, speranza di vittoria. Un tumulto di emozioni. Ore 17.20 arrivo a casa, doccia e panino al volo. Poco dopo le 18 si parte in direzione Alleghe. Al Mas c\u2019\u00e8 gi\u00e0 la colonna di auto che sale da Sedico. All\u2019arrivo lo stadio \u00e8 ancora chiuso e centinaia di persone aspettano di entrare. Poi i cancelli si aprono e a razzo prendo il solito posto in tribuna. Dopo pochi minuti siamo tutti schiacciati gli uni sugli altri. Gran coreografia all\u2019ingresso sul ghiaccio delle formazioni e finalmente si parte. Pochi minuti e si sente un colpo terribile provenire dal campo. Stavo seguendo un attacco dell\u2019 Alleghe quando con la coda dell\u2019occhio mi accorgo che Cadorin \u00e8 a terra. Brian Loney lo ha colpito violentemente con la stecca alle costole. Per fortuna l\u2019arbitro ha visto, cos\u00ec \u201cbaby face\u201d se ne va negli spogliatoli per il resto della partita. E sono 5 i minuti di superiorit\u00e0 numerica da sfruttare. Ci pensa Miroslav Mosnar a sbloccare il parziale con un tiro preciso dalla blu. Boato del pubblico, ma \u00e8 ancora lunga. Tanto lunga. Primo tempo 1 a 0 per gli agordini. Il secondo tempo rimane a reti inviolate, anche se emozionante e combattuto. La posta in palio \u00e8 altissima ed il punteggio \u00e8 esiguo, nell\u2019hockey bastano pochi secondi per ribaltare le sorti di un incontro. Poi, nel terzo tempo, un ingaggio alla sinistra dell\u2019estremo bolzanino. Stephane Roy vince il face-off, disco indietro a Lino De Toni che mira l\u2019incrocio dei pali. Tiro di polso e goal. Tremano i lamellari del De Toni. Oltre 2000 persone urlano di gioia. Un caos incredibile. Dopo ogni azione guardo il tabellone per vedere quanto manca. Ed \u00e8 sempre troppo tempo. Stavolta ce la facciamo mi dico. Dobbiamo farcela. Lo stadio \u00e8 una bolgia, si alzano i cori, i tifosi spingono la squadra verso il sognato traguardo. A meno di due minuti dal termine Veggiato entra alla blu proprio davanti alla panca degli altoatesini, carica il tiro e brucia il portiere sul secondo palo. Lo stadio esplode, credo che il frastuono lo abbiano sentito fino a Cencenighe. E, forse, si sar\u00e0 alzata un\u2019 onda anomala sul lago. A dieci secondi parte il conto alla rovescia. Al suono della sirena mi ritrovo ad urlare \u201c\u00e8 finale\u2026\u00e8 finale\u2026\u00e8 finale\u2026\u201d. Sono fuori di me in quegli attimi, come tutti in quello stadio. Guardo gli occhi lucidi di molta gente. Questa \u00e8 una gran sera. Usciamo dal palaghiaccio senza voce. In macchina due afoni commentano l\u2019incontro, pensando che un paio di giorni dopo saremo ancora qui per gara 1 di finale. Altra adrenalina. La notte non dormo ed al mattino gli articoli di Mirko Mezzacasa sul Gazzettino mi riportano nel sogno della serata appena trascorsa. Emozioni incredibili. Che si spera, un giorno, possano ritornare.<\/p>\n<p>&nbsp;<\/p>\n<hr \/>\n<h3><\/h3>\n<h3>\u00a0ODE A LA VECIA POPA INTE L AN DEL CORONA VIRUS<\/h3>\n<p><strong><a class=\"dt-pswp-item\" href=\"https:\/\/www.radiopiu.net\/wordpress\/wp-content\/uploads\/2020\/03\/download-37.jpg\" data-dt-img-description=\"\" data-large_image_width=\"264\" data-large_image_height=\"191\"><img loading=\"lazy\" decoding=\"async\" class=\" wp-image-124254 alignleft\" src=\"https:\/\/www.radiopiu.net\/wordpress\/wp-content\/uploads\/2020\/03\/download-37.jpg\" alt=\"\" width=\"169\" height=\"122\" \/><\/a>AGORDO<\/strong> Antonia Bortot tra le animatrice dei Ladin del Poi che Bala ci ha scritto <em>&#8220;Ieri mattina ho mandato un messaggio ai ladin che la vecia popa la ha pers la testa a veder al broi senza gente ma la ghe mandea un abbraccio a tutti&#8221;<\/em>. Su suggerimento del capobal ognuno ha scritto una strofa e questo \u00e8 il risultato<\/p>\n<p>&nbsp;<\/p>\n<p>&nbsp;<\/p>\n<h3>LA LETTERA ALLA VECIA POPA, VOCE DANIELA LENA<\/h3>\n<audio class=\"wp-audio-shortcode\" id=\"audio-124163-16\" preload=\"none\" style=\"width: 100%;\" controls=\"controls\"><source type=\"audio\/mpeg\" src=\"https:\/\/www.radiopiu.net\/wordpress\/wp-content\/uploads\/2020\/03\/DANIELA-1.mp3?_=16\" \/><a href=\"https:\/\/www.radiopiu.net\/wordpress\/wp-content\/uploads\/2020\/03\/DANIELA-1.mp3\">https:\/\/www.radiopiu.net\/wordpress\/wp-content\/uploads\/2020\/03\/DANIELA-1.mp3<\/a><\/audio>\n<h3>LA RISPOSTA DE LA VECIA POPA, VOCE DANIELA LENA<\/h3>\n<audio class=\"wp-audio-shortcode\" id=\"audio-124163-17\" preload=\"none\" style=\"width: 100%;\" controls=\"controls\"><source type=\"audio\/mpeg\" src=\"https:\/\/www.radiopiu.net\/wordpress\/wp-content\/uploads\/2020\/03\/DANIELA-2.mp3?_=17\" \/><a href=\"https:\/\/www.radiopiu.net\/wordpress\/wp-content\/uploads\/2020\/03\/DANIELA-2.mp3\">https:\/\/www.radiopiu.net\/wordpress\/wp-content\/uploads\/2020\/03\/DANIELA-2.mp3<\/a><\/audio>\n<p>&nbsp;<\/p>\n<p>&nbsp;<\/p>\n<p>Cara Vecia Popa,<br \/>\nsta olta te te l \u00e0 schivada<br \/>\nma l an che vien<br \/>\nte daron na bela passada.<\/p>\n<p>Te aea paura che i te portesse via in barela<br \/>\ne alora te \u00e9 restada in val de Frela<\/p>\n<p>E anca el to testament,<br \/>\nfat con tant sentiment,<br \/>\nnossuni i podar\u00e0 scolt\u00e0,<br \/>\nper scoprilo ne tocar\u00e0 spet\u00e0.<\/p>\n<p>Vecia Popa,<br \/>\nper sto an te te l \u00e0 sparagnada<br \/>\nma n alter an te te ciapar\u00e0 na bela rangiada<\/p>\n<p>Tut sto gran laoro de cus\u00ec, tai\u00e0 e pitur\u00e0,<br \/>\nche in tanti i \u00e0 fat per te pareci\u00e0,<br \/>\nn\u00f3 l \u00e9 ndat tut sprec\u00e0<br \/>\nperch\u00e9 c\u00f3 se sta in compagnia a ride e ciacol\u00e0<br \/>\nle ore passade in alegria l \u00e9 na roba che n\u00f3 se pol conpr\u00e0.<\/p>\n<p>Cara Vecia Popa,<br \/>\nsperon el prossimo an de se cat\u00e0 parch\u00e9 aon na gran voia de te brus\u00e0<\/p>\n<p>Vecia Popa,<br \/>\npar sto an la \u00e9 ndata coss\u00ec,<br \/>\nma el prossimo an venion a te rost\u00ec.<br \/>\nSta pur trancuila, se tornaron cat\u00e0 c\u00f3 sar\u00e0 el d\u00ec de te brus\u00e0.<\/p>\n<p>Cara Vecia,<br \/>\nsto an n\u00f3 podon brusate<br \/>\nperch\u00e9 avon tuti paura de contagiate!<br \/>\nMa en d\u00ec se rifaron<br \/>\ne faron tut en spolveron.<\/p>\n<p>Cande che finalmente te brusaron,<br \/>\nvolar\u00e0 d\u00ec che saron tuti de fora a fa su en bel feston!<\/p>\n<p>Tut intorn a ti con tant amor, amicizia, bai, alegria e gioia inte l cor!<\/p>\n<p>&nbsp;<\/p>\n<p>&nbsp;<\/p>\n<hr \/>\n<h3><\/h3>\n<p>&nbsp;<\/p>\n<blockquote class=\"wp-embedded-content\" data-secret=\"MvlJzAn27V\"><p><a href=\"https:\/\/www.radiopiu.net\/wordpress\/il-messaggio-dai-sacerdoti-della-conca-su-radio-piu-alle-7-30-e-19-30\/\">IL MESSAGGIO DAI SACERDOTI DELLA CONCA SU RADIO PIU&#8217; ALLE 7.30 E 19.30<\/a><\/p><\/blockquote>\n<p><iframe loading=\"lazy\" title=\"&#8220;IL MESSAGGIO DAI SACERDOTI DELLA CONCA SU RADIO PIU&#8217; ALLE 7.30 E 19.30&#8221; &#8212; Radio Pi\u00f9\" class=\"wp-embedded-content\" sandbox=\"allow-scripts\" security=\"restricted\" style=\"position: absolute; clip: rect(1px, 1px, 1px, 1px);\" src=\"https:\/\/www.radiopiu.net\/wordpress\/il-messaggio-dai-sacerdoti-della-conca-su-radio-piu-alle-7-30-e-19-30\/embed\/#?secret=MvlJzAn27V\" data-secret=\"MvlJzAn27V\" width=\"600\" height=\"338\" frameborder=\"0\" marginwidth=\"0\" marginheight=\"0\" scrolling=\"no\"><\/iframe><\/p>\n<p>&nbsp;<\/p>\n<hr \/>\n<p>&nbsp;<\/p>\n<p>&nbsp;<\/p>\n<h3><strong><span style=\"color: #ff0000;\">SALUTE E SOCIETA&#8217;<\/span>\u00a0<\/strong><\/h3>\n<blockquote class=\"wp-embedded-content\" data-secret=\"ptbLZ7fMjg\"><p><a href=\"https:\/\/www.radiopiu.net\/wordpress\/eiaculazione-precoce-colesterolo-anemia-falciforme\/\">Eiaculazione precoce &#8211; Colesterolo &#8211; Anemia falciforme<\/a><\/p><\/blockquote>\n<p><iframe loading=\"lazy\" title=\"&#8220;Eiaculazione precoce &#8211; Colesterolo &#8211; Anemia falciforme&#8221; &#8212; Radio Pi\u00f9\" class=\"wp-embedded-content\" sandbox=\"allow-scripts\" security=\"restricted\" style=\"position: absolute; clip: rect(1px, 1px, 1px, 1px);\" src=\"https:\/\/www.radiopiu.net\/wordpress\/eiaculazione-precoce-colesterolo-anemia-falciforme\/embed\/#?secret=ptbLZ7fMjg\" data-secret=\"ptbLZ7fMjg\" width=\"600\" height=\"338\" frameborder=\"0\" marginwidth=\"0\" marginheight=\"0\" scrolling=\"no\"><\/iframe><\/p>\n<p><strong>LE ALTRE PUNTATE<\/strong><\/p>\n<blockquote class=\"wp-embedded-content\" data-secret=\"m33gdYWdr5\"><p><a href=\"https:\/\/www.radiopiu.net\/wordpress\/saluteesocieta\/\">Salute e Societ\u00e0<\/a><\/p><\/blockquote>\n<p><iframe loading=\"lazy\" title=\"&#8220;Salute e Societ\u00e0&#8221; &#8212; Radio Pi\u00f9\" class=\"wp-embedded-content\" sandbox=\"allow-scripts\" security=\"restricted\" style=\"position: absolute; clip: rect(1px, 1px, 1px, 1px);\" src=\"https:\/\/www.radiopiu.net\/wordpress\/saluteesocieta\/embed\/#?secret=m33gdYWdr5\" data-secret=\"m33gdYWdr5\" width=\"600\" height=\"338\" frameborder=\"0\" marginwidth=\"0\" marginheight=\"0\" scrolling=\"no\"><\/iframe><\/p>\n<h3><span style=\"color: #ff00ff;\">IN VIVO VERSO<\/span><\/h3>\n<blockquote class=\"wp-embedded-content\" data-secret=\"noXwd1erD3\"><p><a href=\"https:\/\/www.radiopiu.net\/wordpress\/la-fin-de-la-jornada-di-thomas-pellegrini\/\">LA FIN DE LA JORNADA di THOMAS PELLEGRINI<\/a><\/p><\/blockquote>\n<p><iframe loading=\"lazy\" title=\"&#8220;LA FIN DE LA JORNADA di THOMAS PELLEGRINI&#8221; &#8212; Radio Pi\u00f9\" class=\"wp-embedded-content\" sandbox=\"allow-scripts\" security=\"restricted\" style=\"position: absolute; clip: rect(1px, 1px, 1px, 1px);\" src=\"https:\/\/www.radiopiu.net\/wordpress\/la-fin-de-la-jornada-di-thomas-pellegrini\/embed\/#?secret=noXwd1erD3\" data-secret=\"noXwd1erD3\" width=\"600\" height=\"338\" frameborder=\"0\" marginwidth=\"0\" marginheight=\"0\" scrolling=\"no\"><\/iframe><\/p>\n<p><strong>COLLEZIONE COMPLETA<\/strong><\/p>\n<blockquote class=\"wp-embedded-content\" data-secret=\"J29FEPONUX\"><p><a href=\"https:\/\/www.radiopiu.net\/wordpress\/in-vivo-verso\/\">In Vivo Verso<\/a><\/p><\/blockquote>\n<p><iframe loading=\"lazy\" title=\"&#8220;In Vivo Verso&#8221; &#8212; Radio Pi\u00f9\" class=\"wp-embedded-content\" sandbox=\"allow-scripts\" security=\"restricted\" style=\"position: absolute; clip: rect(1px, 1px, 1px, 1px);\" src=\"https:\/\/www.radiopiu.net\/wordpress\/in-vivo-verso\/embed\/#?secret=J29FEPONUX\" data-secret=\"J29FEPONUX\" width=\"600\" height=\"338\" frameborder=\"0\" marginwidth=\"0\" marginheight=\"0\" scrolling=\"no\"><\/iframe><\/p>\n<h3><span style=\"color: #808080;\">AGORDINOMERON<\/span><\/h3>\n<blockquote class=\"wp-embedded-content\" data-secret=\"kJaMYWwtHo\"><p><a href=\"https:\/\/www.radiopiu.net\/wordpress\/agordinomeron-il-territorio-si-racconta-in-onda\/\">Agordinomeron, il territorio si racconta in onda<\/a><\/p><\/blockquote>\n<p><iframe loading=\"lazy\" title=\"&#8220;Agordinomeron, il territorio si racconta in onda&#8221; &#8212; Radio Pi\u00f9\" class=\"wp-embedded-content\" sandbox=\"allow-scripts\" security=\"restricted\" style=\"position: absolute; clip: rect(1px, 1px, 1px, 1px);\" src=\"https:\/\/www.radiopiu.net\/wordpress\/agordinomeron-il-territorio-si-racconta-in-onda\/embed\/#?secret=kJaMYWwtHo\" data-secret=\"kJaMYWwtHo\" width=\"600\" height=\"338\" frameborder=\"0\" marginwidth=\"0\" marginheight=\"0\" scrolling=\"no\"><\/iframe><\/p>\n<p>&nbsp;<\/p>\n<h3><span style=\"color: #339966;\">DUE MINUTI UN LIBRO<\/span><\/h3>\n<blockquote class=\"wp-embedded-content\" data-secret=\"VrQQ0KrxCl\"><p><a href=\"https:\/\/www.radiopiu.net\/wordpress\/ah-lamore-lamore\/\">AH L&#8217;AMORE L&#8217;AMORE<\/a><\/p><\/blockquote>\n<p><iframe loading=\"lazy\" title=\"&#8220;AH L&#8217;AMORE L&#8217;AMORE&#8221; &#8212; Radio Pi\u00f9\" class=\"wp-embedded-content\" sandbox=\"allow-scripts\" security=\"restricted\" style=\"position: absolute; clip: rect(1px, 1px, 1px, 1px);\" src=\"https:\/\/www.radiopiu.net\/wordpress\/ah-lamore-lamore\/embed\/#?secret=VrQQ0KrxCl\" data-secret=\"VrQQ0KrxCl\" width=\"600\" height=\"338\" frameborder=\"0\" marginwidth=\"0\" marginheight=\"0\" scrolling=\"no\"><\/iframe><\/p>\n<p><strong>COLLEZIONE COMPLETA<\/strong><\/p>\n<blockquote class=\"wp-embedded-content\" data-secret=\"X9bsBfH4mX\"><p><a href=\"https:\/\/www.radiopiu.net\/wordpress\/due-minuti-un-libro\/\">Due minuti un libro<\/a><\/p><\/blockquote>\n<p><iframe loading=\"lazy\" title=\"&#8220;Due minuti un libro&#8221; &#8212; Radio Pi\u00f9\" class=\"wp-embedded-content\" sandbox=\"allow-scripts\" security=\"restricted\" style=\"position: absolute; clip: rect(1px, 1px, 1px, 1px);\" src=\"https:\/\/www.radiopiu.net\/wordpress\/due-minuti-un-libro\/embed\/#?secret=X9bsBfH4mX\" data-secret=\"X9bsBfH4mX\" width=\"600\" height=\"338\" frameborder=\"0\" marginwidth=\"0\" marginheight=\"0\" scrolling=\"no\"><\/iframe><\/p>\n<h3><span style=\"color: #00ccff;\">007 IN CONDOTTA<\/span><\/h3>\n<blockquote class=\"wp-embedded-content\" data-secret=\"8trhYkY7k2\"><p><a href=\"https:\/\/www.radiopiu.net\/wordpress\/didattica-on-line-esami-anno-scolastico\/\">Didattica on line, esami, anno scolastico<\/a><\/p><\/blockquote>\n<p><iframe loading=\"lazy\" title=\"&#8220;Didattica on line, esami, anno scolastico&#8221; &#8212; Radio Pi\u00f9\" class=\"wp-embedded-content\" sandbox=\"allow-scripts\" security=\"restricted\" style=\"position: absolute; clip: rect(1px, 1px, 1px, 1px);\" src=\"https:\/\/www.radiopiu.net\/wordpress\/didattica-on-line-esami-anno-scolastico\/embed\/#?secret=8trhYkY7k2\" data-secret=\"8trhYkY7k2\" width=\"600\" height=\"338\" frameborder=\"0\" marginwidth=\"0\" marginheight=\"0\" scrolling=\"no\"><\/iframe><\/p>\n<p><strong>COLLEZIONE COMPLETA<\/strong><\/p>\n<blockquote class=\"wp-embedded-content\" data-secret=\"33PLOkp9RO\"><p><a href=\"https:\/\/www.radiopiu.net\/wordpress\/007incondotta-2-2\/\">007 in condotta<\/a><\/p><\/blockquote>\n<p><iframe loading=\"lazy\" title=\"&#8220;007 in condotta&#8221; &#8212; Radio Pi\u00f9\" class=\"wp-embedded-content\" sandbox=\"allow-scripts\" security=\"restricted\" style=\"position: absolute; clip: rect(1px, 1px, 1px, 1px);\" src=\"https:\/\/www.radiopiu.net\/wordpress\/007incondotta-2-2\/embed\/#?secret=33PLOkp9RO\" data-secret=\"33PLOkp9RO\" width=\"600\" height=\"338\" frameborder=\"0\" marginwidth=\"0\" marginheight=\"0\" scrolling=\"no\"><\/iframe><\/p>\n<p>&nbsp;<\/p>\n<p><a class=\"dt-pswp-item\" href=\"https:\/\/www.radiopiu.net\/wordpress\/wp-content\/uploads\/2018\/09\/sport.jpg\" data-dt-img-description=\"\" data-large_image_width=\"800\" data-large_image_height=\"100\"><img loading=\"lazy\" decoding=\"async\" class=\"size-full wp-image-60761 aligncenter\" src=\"https:\/\/www.radiopiu.net\/wordpress\/wp-content\/uploads\/2018\/09\/sport.jpg\" alt=\"\" width=\"800\" height=\"100\" srcset=\"https:\/\/www.radiopiu.net\/wordpress\/wp-content\/uploads\/2018\/09\/sport.jpg 800w, https:\/\/www.radiopiu.net\/wordpress\/wp-content\/uploads\/2018\/09\/sport-300x38.jpg 300w, https:\/\/www.radiopiu.net\/wordpress\/wp-content\/uploads\/2018\/09\/sport-768x96.jpg 768w\" sizes=\"auto, (max-width: 800px) 100vw, 800px\" \/><\/a><\/p>\n<p>&nbsp;<\/p>\n<h3>MATTHIAS LEVIS:_ E&#8217; TEMPO DI BILANCI E DI PROGRAMMI, IL SALUTO A LAURI AINSASJARVI<\/h3>\n<p>&nbsp;<\/p>\n<p>https:\/\/www.facebook.com\/AllegheHockey\/videos\/2585143408396631\/<\/p>\n<p>&nbsp;<\/p>\n<h3>IL RIASSUNTO DI UNA STAGIONE CON STEFANO ORSINGHER<\/h3>\n<p>https:\/\/www.facebook.com\/AllegheHockey\/videos\/616660822510387\/<\/p>\n<p>&nbsp;<\/p>\n<blockquote>\n<h3>IL MONDO DELLO SPORT BELLUNESE: NE PARLA IL CONI<\/h3>\n<\/blockquote>\n<p><strong><a class=\"dt-pswp-item\" href=\"https:\/\/www.radiopiu.net\/wordpress\/wp-content\/uploads\/2020\/03\/RENATO-TREVISSON.jpg\" data-dt-img-description=\"\" data-large_image_width=\"290\" data-large_image_height=\"163\"><img loading=\"lazy\" decoding=\"async\" class=\"size-full wp-image-124308 alignleft\" src=\"https:\/\/www.radiopiu.net\/wordpress\/wp-content\/uploads\/2020\/03\/RENATO-TREVISSON.jpg\" alt=\"\" width=\"290\" height=\"163\" \/><\/a>BELLUNO<\/strong> Anche il mondo dello sport bellunese fa i conti con l\u2019emergenza coronavirus. I decreti del Governo hanno imposto lo stop a ogni attivit\u00e0 e ancora \u00e8 presto per capire quando realmente si potr\u00e0 tornare in campo. Nel momento di massima difficolt\u00e0 l\u2019unico strumento disponibile \u00e8 l\u2019unione. Si pu\u00f2 battere il covid-19 solo facendo squadra e remando tutti nella stessa direzione. Ne \u00e8 convinto anche il delegato CONI di Belluno, Luciano Trevisson <strong>(nella foto)<\/strong>, che analizza cosi la difficile situazione.\u00a0\u201c<em>Lo sport \u00e8 una componente importante per una provincia come la nostra. Oltre alla popolazione che pratica sport, ci sono migliaia di volontari che si impegnano ogni giorno nelle nostre societ\u00e0 e decine e decine di famiglie che vivono grazie allo sport &#8211; premette il numero uno dello sport bellunese. Per questo, inizialmente, non \u00e8 stato facile recepire i messaggi arrivati dal Governo. Per\u00f2 nel giro di pochi giorni la risposta degli sportivi bellunesi \u00e8 stata importante. Si pu\u00f2 continuare a fare sport anche a casa, in giardino, a distanza di sicurezza dagli altri. In questo momento serve la massima attenzione da parte di tutti. Cerchiamo di rimanere in casa il pi\u00f9 possibile e seguiamo diligentemente le direttive che ci vengono date dal Governo<\/em>\u201d. Il Presidente Regionale, Gianfranco Bardelle, ha partecipato al tavolo regionale convocato dall\u2019assessore Regionale Cristiano Corazzari, un momento di confronto per analizzare tutte le problematiche connesse con l\u2019emergenza covid-19, non ultime quelle di carattere economico. \u201c<em>Bloccare completamente lo sport significa mettere in grossa difficolt\u00e0 tutte le realt\u00e0 che operano e vivono grazie a questo settore. Dopo questo periodo le societ\u00e0 sportive faticheranno molto a trovare nuovi sponsor. La maggior parte dei nostri impianti sportivi \u00e8 in gestione a privati che ora, dopo la chiusura totale, sono letteralmente in ginocchio. E poi naturalmente, c\u2019\u00e8 il turismo. Intere aree hanno nello sport un volano irrinunciabile, anche grazie a manifestazioni consolidate. E\u2019 indispensabile che Governo e Regione Veneto prendano in considerazione aiuti a tutte le societ\u00e0 impegnate nell\u2019organizzazione di eventi sportivi importanti per il nostro territorio. Fare previsioni in questo momento \u00e8 molto difficile\u201d. Ma con le Olimpiadi di Tokio all\u2019orizzonte \u00e8 difficile non pensare anche agli scenari pi\u00f9 negativi. \u201cTemo la situazione non si risolver\u00e0 a breve. Conosciamo ancora troppo poco di questo virus. A mio giudizio le Olimpiadi sono a rischio. I mesi che precedono i giochi da sempre sono fondamentali; in questo periodo dovrebbero svolgersi tutti i principali tornei di qualificazione. Ora che \u00e8 tutto fermo, mi chiedo quali atleti andrebbero a Tokio per giocarsi le medaglie? Penso sia molto meglio pensare fin da ora a un rinvio al 2021. Prima viene la salute, poi le Olimpiadi<\/em>\u201d.<\/p>\n<p>&nbsp;<\/p>\n<hr \/>\n<p>&nbsp;<\/p>\n<blockquote>\n<h3>TRANSPELMO 2020, APERTURA ISCRIZIONI POSTICIPATA AL 6 MAGGIO<\/h3>\n<\/blockquote>\n<p><span lang=\"zxx\"><strong style=\"color: #000000; font-family: verdana, sans-serif;\">VAL DI ZOLDO<\/strong><span style=\"color: #000000; font-family: verdana, sans-serif;\"> Transpelmo 2020 posticipa l&#8217;apertura delle iscrizioni. L&#8217;evento di trailrunning delle Dolomiti della Val di Zoldo (Belluno), che si corre attorno a una delle vette di maggior fascino, vale a dire il Monte Pelmo, aveva programmato per il 6 aprile l&#8217;apertura delle adesioni all&#8217;edizione numero 13, edizione in programma per domenica 6 settembre. In considerazione del periodo di generalizzata difficolt\u00e0 dovuta all&#8217;emergenza Covid 19, il comitato organizzatore ha scelto per\u00f2 di ritardare di un mese l&#8217;apertura.<\/span>\u00a0<\/span><span lang=\"zxx\"><span style=\"color: #000000; font-family: verdana, sans-serif;\">\u00abAbbiamo ritenuto fosse giusto fermarci in questo momento nel quale le attivit\u00e0, in tutti gli ambiti, anche quello sportivo, sono sospese\u00bb sottolineano Eris Costa e Andrea Cero, coordinatori del comitato organizzatore. \u00ab<em>L&#8217;auspicio \u00e8 che tutto possa risolversi in tempi brevi e che in tempi brevi si possa tornare alla normalit\u00e0. Per l&#8217;edizione 2020 abbiamo iniziato a lavorare da tempo e possiamo dire che tutto \u00e8 pronto. In questo momento sospendiamo il primo step, quello dell&#8217;aertura iscrizioni, posticipandolo di un mese. Pronti a ripartire, con pi\u00f9 entusiasmo di prima e con animo grato nei confronti di chi in queste settimane di emergenza si sta prodigando per risolverla<\/em>\u00bb.<\/span>\u00a0<\/span><span style=\"font-family: verdana, sans-serif;\"><span style=\"color: #0000ff;\"><span lang=\"zxx\"><span style=\"color: #000000;\">La Transpelmo si svolger\u00e0 sul tradizionale tracciato di 18 chilometri e 1300 metri di dislivello positivo, con partenza e arrivo a Palafav\u00e8ra (centro del biathlon). Il punto pi\u00f9 alto del percorso sono i 2.476 metri di Forcella Val d&#8217;Arcia. Come gi\u00e0 lo scorso anno, l&#8217;evento \u00e8 inserito nel cir<\/span><\/span><\/span><span style=\"color: #0000ff;\"><span lang=\"zxx\"><span style=\"color: #000000;\">cuito Golden Trail National Series by Salomon, selezione di 5 eventi fra i pi\u00f9 iconici a livello nazionale.<\/span><\/span><\/span><\/span><\/p>\n<p>&nbsp;<\/p>\n<hr \/>\n<p>&nbsp;<\/p>\n<p><a class=\"dt-pswp-item\" href=\"https:\/\/www.radiopiu.net\/wordpress\/wp-content\/uploads\/2018\/09\/WhatsApp-Image-2018-09-20-at-16.04.06.jpeg\" data-dt-img-description=\"\" data-large_image_width=\"800\" data-large_image_height=\"100\"><img loading=\"lazy\" decoding=\"async\" class=\"size-full wp-image-61378 aligncenter\" src=\"https:\/\/www.radiopiu.net\/wordpress\/wp-content\/uploads\/2018\/09\/WhatsApp-Image-2018-09-20-at-16.04.06.jpeg\" alt=\"\" width=\"800\" height=\"100\" srcset=\"https:\/\/www.radiopiu.net\/wordpress\/wp-content\/uploads\/2018\/09\/WhatsApp-Image-2018-09-20-at-16.04.06.jpeg 800w, https:\/\/www.radiopiu.net\/wordpress\/wp-content\/uploads\/2018\/09\/WhatsApp-Image-2018-09-20-at-16.04.06-300x38.jpeg 300w, https:\/\/www.radiopiu.net\/wordpress\/wp-content\/uploads\/2018\/09\/WhatsApp-Image-2018-09-20-at-16.04.06-768x96.jpeg 768w\" sizes=\"auto, (max-width: 800px) 100vw, 800px\" \/><\/a><\/p>\n<p>&nbsp;<\/p>\n<p><center><b>Martedi 24<\/b><\/center><b>Tempo atteso:\u00a0<\/b>Ancora bel tempo e ben soleggiato specie al mattino con ottima visibilit\u00e0 sia nelle valli che in alta montagna e molto freddo per la stagione; nel pomeriggio da poco a parzialmente nuvoloso per ingresso di nubi medio\/alte provenienti da est, pi\u00f9 estese e pi\u00f9 presenti in serata.<br \/>\n<b>Precipitazioni:\u00a0<\/b>Assenti(0%)<br \/>\n<b>Temperature:\u00a0<\/b>Nelle valli in diminuzione, in quota stazionarie o in lieve aumento, su valori ancora di molto inferiori alla norma. Diffuse gelate notturne fino a fondovalle. Su Prealpi a 1500 m min -10\u00b0C max 1\u00b0C, a 2000 m min -20\u00b0C max -12\u00b0C. Su Dolomiti a 2000 m min -12\u00b0C max -6\u00b0C, a 3000 m min -17\u00b0C max -13\u00b0C.<br \/>\n<b>Venti:\u00a0<\/b>Nelle valli deboli, localmente moderati per qualche rinforzo; in quota da nord-est, in genere tesi a tratti forti, specie in alta montagna oltre i 2500 m da nord-est, a 25-30 km\/h a 2000 m, a 30-40 km\/h a 3000 m.<\/p>\n<hr \/>\n<p><center><b>Mercoledi 25<\/b><\/center><b>Tempo atteso:\u00a0<\/b>Cielo nuvoloso o molto nuvoloso, con qualche schiarita al mattino e maggiore presenza di nuvolosit\u00e0 nel pomeriggio\/sera, quando non si esclude qualche debole precipitazione.<br \/>\n<b>Precipitazioni:\u00a0<\/b>Assenti (0%) al mattino, probabilit\u00e0 in aumento dalle ore centrali fino a divenire medio bassa (25-50%) di precipitazioni prevalentemente molto deboli e perlopi\u00f9 locali ed eventualmente nevose fino a fondovalle.<br \/>\n<b>Temperature:\u00a0<\/b>Minime in aumento nelle valli, stazionarie o in lieve aumento in quota, massime ovunque in diminuzione, ancora ben inferiori alle medie del periodo. Clima molto freddo per il periodo anche nelle valli dove di giorno oltre i 600-800 m le temperature diurne saranno prossime allo 0\u00b0C. Su Prealpi a 1500 m min -9\u00b0C max -5\u00b0C, a 2000 m min -10\u00b0C max -9\u00b0C. Su Dolomiti a 2000 m min -11\u00b0C max -5\u00b0C, a 3000 m min -17\u00b0C max -12\u00b0C.<br \/>\n<b>Venti:\u00a0<\/b>Nelle valli generalmente deboli con locali rinforzi; in quota sempre da nord-est, tesi a tratti forti in alta montagna, a 25-35 km\/h a 2000 m, 40-50 km\/h a 3000 m.<\/p>\n<hr \/>\n<p><center><b>Giovedi 26<\/b><\/center>Cielo nuvoloso o molto nuvoloso ed inizialmente ancora tipicamente invernale. Non sono escluse del tutto deboli precipitazioni eventualmente nevose fino a fondovalle al mattino, con quota neve in graduale aumento dalle ore centrali, fino a 1300-1500 m. Temperature in aumento specie le massime, con clima ancora freddo nelle valli soprattutto nella prima parte della giornata. Venti in quota sempre moderati o tesi orientali.<\/p>\n<hr \/>\n<p><center><b>Venerdi 27<\/b><\/center>Cielo in prevalenza nuvoloso con precipitazioni pi\u00f9 occasionali e pi\u00f9 sporadiche rispetto a mercoled\u00ec, che saranno tuttavia ancora molto deboli ed eventualmente nevose oltre i 1500-1800 m. Temperature in aumento anche sensibile con clima meno freddo. Venti in quota moderati in prevalenza sud-orientali. Previsore: M.Padoan<\/p>\n","protected":false},"excerpt":{"rendered":"<p>PER RICEVERE QUESTO NOTIZIARIO DIRETTAMENTE SUL TUO CELLULARE ISCRIVITI AL CANALE\u00a0TELEGRAM\u00a0\u201cRADIO PIU\u00a0 INFORMAZIONE\u201d CAMBIA IL MODULO DI AUTOCERTIFICAZIONE PER GLI SPOSTAMENTI CLICCA\u00a0 PER SCARICARE IL MODULO MODULO 23 MARZO 2020\u00a0 &nbsp; STAI A CASA, A TAIBON E\u2019 LA FARMACIA CHE VIENE DA TE! AIUTACI AD AIUTARCI\u00a0 La distribuzione dei farmaci a domicilio, per gli abitanti&hellip;<\/p>\n","protected":false},"author":4,"featured_media":124412,"comment_status":"closed","ping_status":"closed","sticky":false,"template":"","format":"standard","meta":{"_monsterinsights_skip_tracking":false,"_monsterinsights_sitenote_active":false,"_monsterinsights_sitenote_note":"","_monsterinsights_sitenote_category":0,"footnotes":""},"categories":[1,51,86,49],"tags":[],"class_list":["post-124163","post","type-post","status-publish","format-standard","has-post-thumbnail","hentry","category-senza-categoria","category-evidenza-top","category-gr","category-news-18","category-1","category-51","category-86","category-49","description-off"],"img_url":"https:\/\/www.radiopiu.net\/wordpress\/wp-content\/uploads\/2020\/03\/5d82b204-fc5b-42f9-a3af-5fed5dfa16d4.jpg","_links":{"self":[{"href":"https:\/\/www.radiopiu.net\/wordpress\/wp-json\/wp\/v2\/posts\/124163","targetHints":{"allow":["GET"]}}],"collection":[{"href":"https:\/\/www.radiopiu.net\/wordpress\/wp-json\/wp\/v2\/posts"}],"about":[{"href":"https:\/\/www.radiopiu.net\/wordpress\/wp-json\/wp\/v2\/types\/post"}],"author":[{"embeddable":true,"href":"https:\/\/www.radiopiu.net\/wordpress\/wp-json\/wp\/v2\/users\/4"}],"replies":[{"embeddable":true,"href":"https:\/\/www.radiopiu.net\/wordpress\/wp-json\/wp\/v2\/comments?post=124163"}],"version-history":[{"count":0,"href":"https:\/\/www.radiopiu.net\/wordpress\/wp-json\/wp\/v2\/posts\/124163\/revisions"}],"wp:featuredmedia":[{"embeddable":true,"href":"https:\/\/www.radiopiu.net\/wordpress\/wp-json\/wp\/v2\/media\/124412"}],"wp:attachment":[{"href":"https:\/\/www.radiopiu.net\/wordpress\/wp-json\/wp\/v2\/media?parent=124163"}],"wp:term":[{"taxonomy":"category","embeddable":true,"href":"https:\/\/www.radiopiu.net\/wordpress\/wp-json\/wp\/v2\/categories?post=124163"},{"taxonomy":"post_tag","embeddable":true,"href":"https:\/\/www.radiopiu.net\/wordpress\/wp-json\/wp\/v2\/tags?post=124163"}],"curies":[{"name":"wp","href":"https:\/\/api.w.org\/{rel}","templated":true}]}}