{"id":124181,"date":"2020-03-23T12:35:24","date_gmt":"2020-03-23T11:35:24","guid":{"rendered":"https:\/\/www.radiopiu.net\/wordpress\/?p=124181"},"modified":"2020-03-23T14:11:22","modified_gmt":"2020-03-23T13:11:22","slug":"la-conferenza-stampa-del-presidente-del-veneto-luca-zaia-23-marzo-2020","status":"publish","type":"post","link":"https:\/\/www.radiopiu.net\/wordpress\/la-conferenza-stampa-del-presidente-del-veneto-luca-zaia-23-marzo-2020\/","title":{"rendered":"LA CONFERENZA STAMPA DEL PRESIDENTE DEL VENETO LUCA ZAIA 23 MARZO 2020"},"content":{"rendered":"<p><strong>VENEZIA<\/strong> L&#8217;appuntamento giornaliero con Luca Zaia, Presidente del Veneto, che fa il punto sull&#8217;emergenza COVID-19.<\/p>\n<p><strong>DATI\u00a0<\/strong>I dati di oggi\u00a0 ci dicono che non siamo davanti a un&#8217;influenza, sono infatti 1487\u00a0 i letti occupati dai pazienti Covid cio\u00e8 due grandi ospedali di provincia. 5500 i positivi, 192 decessi, 329 dimessi, 281 in terapia intensiva. <em>&#8220;Non ne siamo usciti, abbiamo fatto 64mila tamponi in Veneto nel corso di una pandemia mondiale. Siamo aggressivi nei confronti del virus. Grazie ai veneti per la responsabilit\u00e0, il senso di comunit\u00e0 e di solidariet\u00e0 rispettando l&#8217;ordinanza. Ho messo 200 metri perch\u00e9 i veneti vogliono sapere qual&#8217;\u00e8 la misura. E&#8217; un sacrificio e per questo vi ringrazio. Poi \u00e8 arrivato il DPCM ma noi continuiamo a seguire questa via. La prima cura lo abbiamo capito siamo noi cittadini con i nostri comporamenti. Il senso di civilt\u00e0 deve essere presente in ognuno di noi&#8221;<\/em><\/p>\n<p><strong>DONAZIONI<\/strong><em> &#8220;Grazie a Mario Moretti\u00a0 Polegato e il figlio Enrico di Geox che hanno donato un milione di euro. Abbiamo un incremento delle donazioni<\/em>. <em>Dalle donazioni abbiamo incrementi importanti.<\/em><\/p>\n<p><strong>COME ANDRA&#8217;<\/strong> &#8220;<em>Ne verremo fuori ma non dobbiamo abbassare la guardia, non fatevi ammagliare da un risultato positivo che il giorno dopo viene smentito, e&#8217; una pandemia mondiale. Continueremo a sostenere le attivit\u00e0 dei tamponi con grande difficolt\u00e0 perch\u00e9 mancano materiali e reagenti. Obiettivo venirne fuori con le ossa rotte meno possibili&#8221;<\/em><\/p>\n<p><strong>SPERIMENTAZIONE<\/strong> <em>&#8220;Siamo pronti e rispettosi delle leggi. Se c&#8217;\u00e8 una minima opportunit\u00e0 in fondo al tunnel \u00e8 eticamente sostenibile trovare quella luce e vedere com&#8217;\u00e8. Che la comunit\u00e0 scientifica abbia un approccio liberale dove c&#8217;\u00e8 bisogno ed esperimentare quello che si pu\u00f2&#8221;<\/em><\/p>\n<p><strong>DISPOSITIVI<\/strong> &#8220;<em>Ci sono 13 milioni e mezzo di dispositivi in arrivo, abbiamo trovato 2 milioni di pezzi mascherine regolari (e milioni di pezzi) abbiamo comprato ovunque dall&#8217;Europa al Sud America. In arrivo anche respiratori meccanici, ne ho chiesti 200, fino ad oggi ce ne hanno dati 49, abbiamo diritto di chiederli. Non ho contezza di arrivi da altri&#8221;.<\/em><\/p>\n<p><strong>SINDACATI E GOVERNO SUL DECRETO<\/strong><em> &#8220;Devo essere sincero abbiamo lavorato su pi\u00f9 fronti so che ci sono polemiche spero trovino un punto d&#8217;incontro in un momento di transito come questo i dissidi sociali non aiutano. Che le parti sociali presentino le loro richieste come hanno fatto l&#8217;11 marzo per tenere aperto&#8221;.<\/em><\/p>\n<p><strong>CONFERMA L&#8217;ORDINANZA?<\/strong> <em>&#8220;Fino al 3 aprile, anche per i supermercati e non va in conflitto con quella governativa, abbiamo fatto una verifica giuridica e non vogliamo fare il braccio di ferro<\/em>&#8220;.<\/p>\n<p><strong>MACCHINE A CAMPIONI <em>&#8220;<\/em><\/strong><em>Ne arrivano 11 per il pronto soccorso&#8221;.<\/em><\/p>\n<p>_______________<\/p>\n<p>&nbsp;<\/p>\n<p><strong>PROFESSOR RIZZUTO<\/strong><br \/>\n<em>&#8220;Dobbiamo trovare le persone che trasmettono la malattia, questo virus che\u00a0 vive solo sugli esseri umani. Dobbiamo cercare dovunque chi pu\u00f2 trasmettere la malattia attraverso i tamponi. Se non lo facciamo avremo centinaia, migliaia di trasmettitori inconsapevoli della malattia. Abbiamo chiesto ai colleghi e ai laboratori di ricerca di mettere a disposizione le macchine, la risposta \u00e8 stata positiva, in tanti si sono gi\u00e0 resi disponibili decine di persone sono pronte per aiutarci.. Le categorie pi\u00f9 esposte e a rischio sono gli\u00a0 anziani nelle case di riposo. Dobbiamo con un grande sforzo economico trovare tutti coloro che possono trasmettere la malattia.<\/em><\/p>\n<hr \/>\n<p>&nbsp;<\/p>\n<p><strong>IL PROFESSOR CRISANTI <\/strong><strong>\u00a0<\/strong>(ordinario di microbiologia all&#8217;Universit\u00e0 di Padova)<\/p>\n<p><em>&#8220;Dobbiamo evitare i contatti e sorveglianza attiva, ossia cercare le persone che stanno a casa e accusano sintomi, poi a cerchi allargati trovare chi ha trasmesso la malattia. Dobbiamo trovarli e stanarli \u00e8 la sfida pi\u00f9 importante.Se le persone non obbediscono alla quarantena continueranno a trasmettere la malattia. Servir\u00e0 un grande sforzo. La Regione coordina i laboratori, come disporre i macchinari, come aumentare il personale e distribuire i reagenti. L&#8217;obiettivo: un aumento dei casi positivi scovati, pi\u00f9 se ne trovano e meno si ammalano, in contemporanea una diminuzione delle persone in ospedale e in terapia intensiva. Nessun controllo sulle persone, diamo per scontato che il positivo rimanga a casa. Un paziente con sintomi verr\u00e0 ispezionato, lui e l&#8217;intera famiglia e chi \u00e8 venuto in contatto. Oggi facciamo 2mila tamponi al giorno, a fine settimana contiamo di arrivare a 4mila e speriamo di raddoppiare con l&#8217;arrivo di nuovi\u00a0 macchinari. La nostra ricerca inizier\u00e0 dalle case di cura\u00a0 dove sono ricoverati i pi\u00f9 deboli, guai quando il virus entra li dentro.\u00a0 Abbiamo materiale per circa 200mila tamponi.<\/em><\/p>\n<hr \/>\n<p>&nbsp;<\/p>\n<p><strong>IL PROFESSOR MERIGLIANO\u00a0<\/strong>(presidente scuola di medicina)<br \/>\n<em>&#8220;La cosa importante \u00e8 la\u00a0 collaborazione a coordinamento tra le strutture.Il grande sforzo trovare il progetto, le persone disponibili a farlo su base volontaria e oganizzata integrandoci nel sistema sanitario. I positivi dovranno proteggersi. Supporto logistico comitato regionale della Croce Rossa, il progetto vale su scala regionale da Padova per cerchi concentrici e lo faremo con 15 squadre divise per provincia. Controlleremo i pazienti positivi domiciliari con i tirocinanti degli studenti di medicina, che sarebbero dovuti essere presso i medici di medicina generale, li abbiamo dirottati sui sistemi territoriali, si parla di\u00a0 500 giovani medici in formazione che lavoreranno nei controlli. Fondamentale lo sforzo dei ricercatori di tutta l&#8217;area biomedica dell&#8217;universit\u00e0 per recuperare macchine e persone.\u00a0 I medici cinesi sono restati particolarmente sorpresi positivamente\u00a0 dalle strutture semi-intensive, che\u00a0 non avevano mai visto e valutato con molto interesse&#8221;<\/em><\/p>\n<hr \/>\n<p>&nbsp;<\/p>\n<p>https:\/\/www.facebook.com\/zaiaufficiale\/videos\/210416350212404<\/p>\n","protected":false},"excerpt":{"rendered":"<p>VENEZIA L&#8217;appuntamento giornaliero con Luca Zaia, Presidente del Veneto, che fa il punto sull&#8217;emergenza COVID-19. DATI\u00a0I dati di oggi\u00a0 ci dicono che non siamo davanti a un&#8217;influenza, sono infatti 1487\u00a0 i letti occupati dai pazienti Covid cio\u00e8 due grandi ospedali di provincia. 5500 i positivi, 192 decessi, 329 dimessi, 281 in terapia intensiva. &#8220;Non ne&hellip;<\/p>\n","protected":false},"author":4,"featured_media":121391,"comment_status":"closed","ping_status":"closed","sticky":false,"template":"","format":"standard","meta":{"_monsterinsights_skip_tracking":false,"_monsterinsights_sitenote_active":false,"_monsterinsights_sitenote_note":"","_monsterinsights_sitenote_category":0,"footnotes":""},"categories":[49],"tags":[],"class_list":["post-124181","post","type-post","status-publish","format-standard","has-post-thumbnail","hentry","category-news-18","category-49","description-off"],"img_url":"https:\/\/www.radiopiu.net\/wordpress\/wp-content\/uploads\/2020\/03\/covid-zaia.jpg","_links":{"self":[{"href":"https:\/\/www.radiopiu.net\/wordpress\/wp-json\/wp\/v2\/posts\/124181","targetHints":{"allow":["GET"]}}],"collection":[{"href":"https:\/\/www.radiopiu.net\/wordpress\/wp-json\/wp\/v2\/posts"}],"about":[{"href":"https:\/\/www.radiopiu.net\/wordpress\/wp-json\/wp\/v2\/types\/post"}],"author":[{"embeddable":true,"href":"https:\/\/www.radiopiu.net\/wordpress\/wp-json\/wp\/v2\/users\/4"}],"replies":[{"embeddable":true,"href":"https:\/\/www.radiopiu.net\/wordpress\/wp-json\/wp\/v2\/comments?post=124181"}],"version-history":[{"count":0,"href":"https:\/\/www.radiopiu.net\/wordpress\/wp-json\/wp\/v2\/posts\/124181\/revisions"}],"wp:featuredmedia":[{"embeddable":true,"href":"https:\/\/www.radiopiu.net\/wordpress\/wp-json\/wp\/v2\/media\/121391"}],"wp:attachment":[{"href":"https:\/\/www.radiopiu.net\/wordpress\/wp-json\/wp\/v2\/media?parent=124181"}],"wp:term":[{"taxonomy":"category","embeddable":true,"href":"https:\/\/www.radiopiu.net\/wordpress\/wp-json\/wp\/v2\/categories?post=124181"},{"taxonomy":"post_tag","embeddable":true,"href":"https:\/\/www.radiopiu.net\/wordpress\/wp-json\/wp\/v2\/tags?post=124181"}],"curies":[{"name":"wp","href":"https:\/\/api.w.org\/{rel}","templated":true}]}}