{"id":124194,"date":"2020-03-23T11:36:50","date_gmt":"2020-03-23T10:36:50","guid":{"rendered":"https:\/\/www.radiopiu.net\/wordpress\/?p=124194"},"modified":"2020-03-23T11:37:58","modified_gmt":"2020-03-23T10:37:58","slug":"la-fin-de-la-jornada-di-thomas-pellegrini","status":"publish","type":"post","link":"https:\/\/www.radiopiu.net\/wordpress\/la-fin-de-la-jornada-di-thomas-pellegrini\/","title":{"rendered":"LA FIN DE LA JORNADA di THOMAS PELLEGRINI"},"content":{"rendered":"<p>&nbsp;<\/p>\n<audio class=\"wp-audio-shortcode\" id=\"audio-124194-1\" preload=\"none\" style=\"width: 100%;\" controls=\"controls\"><source type=\"audio\/mpeg\" src=\"https:\/\/www.radiopiu.net\/wordpress\/wp-content\/uploads\/2020\/03\/01-THOMAS-PELLEGRINI-LA-FINE-DE-LA-JORNADA.mp3?_=1\" \/><a href=\"https:\/\/www.radiopiu.net\/wordpress\/wp-content\/uploads\/2020\/03\/01-THOMAS-PELLEGRINI-LA-FINE-DE-LA-JORNADA.mp3\">https:\/\/www.radiopiu.net\/wordpress\/wp-content\/uploads\/2020\/03\/01-THOMAS-PELLEGRINI-LA-FINE-DE-LA-JORNADA.mp3<\/a><\/audio>\n<p>&nbsp;<\/p>\n<p>&nbsp;<\/p>\n<p><span style=\"color: #000000;\"><span style=\"font-size: x-large;\">LA FIN DE LA JORNADA<\/span><\/span><\/p>\n<p>Co&#8217; river\u00e0 la fin de la jornada,<\/p>\n<p>Co&#8217; ben sar\u00e0 finidi i nostri afani,<\/p>\n<p>No volarie, Signor, par na monada,<\/p>\n<p>Che pes<span style=\"font-family: Times New Roman, serif;\">\u00e9<\/span>sse i cont de tuti i ani.<\/p>\n<p>De i primi de seg\u00f9r te me perdona,<\/p>\n<p>Che zerto despi\u00e0ser no te n \u00f2 dati.<\/p>\n<p>L&#8217; <span style=\"font-family: Times New Roman, serif;\">\u00e9 dopo che pa &#8216;l mondo \u00f2 fat al mona, <\/span><\/p>\n<p><span style=\"font-family: Times New Roman, serif;\">E de pec\u00e0 pi grosi ghe n \u00f2 fati.<\/span><\/p>\n<p><span style=\"font-family: Times New Roman, serif;\">Speron, Signor, che alora in Paradiso<\/span><\/p>\n<p><span style=\"font-family: Times New Roman, serif;\">An alt e n bas i torne a far galivo.<\/span><\/p>\n<p><span style=\"font-family: Times New Roman, serif;\">Che ti no te me sconde l to soriso<\/span><\/p>\n<p><span style=\"font-family: Times New Roman, serif;\">Lassandome de fora tut solivo.<\/span><\/p>\n","protected":false},"excerpt":{"rendered":"<p>&nbsp; &nbsp; &nbsp; LA FIN DE LA JORNADA Co&#8217; river\u00e0 la fin de la jornada, Co&#8217; ben sar\u00e0 finidi i nostri afani, No volarie, Signor, par na monada, Che pes\u00e9sse i cont de tuti i ani. De i primi de seg\u00f9r te me perdona, Che zerto despi\u00e0ser no te n \u00f2 dati. L&#8217; \u00e9 dopo&hellip;<\/p>\n","protected":false},"author":1,"featured_media":124195,"comment_status":"closed","ping_status":"closed","sticky":false,"template":"","format":"standard","meta":{"_monsterinsights_skip_tracking":false,"_monsterinsights_sitenote_active":false,"_monsterinsights_sitenote_note":"","_monsterinsights_sitenote_category":0,"footnotes":""},"categories":[22,49],"tags":[],"class_list":["post-124194","post","type-post","status-publish","format-standard","has-post-thumbnail","hentry","category-invivoverso","category-news-18","category-22","category-49","description-off"],"img_url":"https:\/\/www.radiopiu.net\/wordpress\/wp-content\/uploads\/2020\/03\/THOMAS-PELLEGRINI-FOTO.jpg","_links":{"self":[{"href":"https:\/\/www.radiopiu.net\/wordpress\/wp-json\/wp\/v2\/posts\/124194","targetHints":{"allow":["GET"]}}],"collection":[{"href":"https:\/\/www.radiopiu.net\/wordpress\/wp-json\/wp\/v2\/posts"}],"about":[{"href":"https:\/\/www.radiopiu.net\/wordpress\/wp-json\/wp\/v2\/types\/post"}],"author":[{"embeddable":true,"href":"https:\/\/www.radiopiu.net\/wordpress\/wp-json\/wp\/v2\/users\/1"}],"replies":[{"embeddable":true,"href":"https:\/\/www.radiopiu.net\/wordpress\/wp-json\/wp\/v2\/comments?post=124194"}],"version-history":[{"count":0,"href":"https:\/\/www.radiopiu.net\/wordpress\/wp-json\/wp\/v2\/posts\/124194\/revisions"}],"wp:featuredmedia":[{"embeddable":true,"href":"https:\/\/www.radiopiu.net\/wordpress\/wp-json\/wp\/v2\/media\/124195"}],"wp:attachment":[{"href":"https:\/\/www.radiopiu.net\/wordpress\/wp-json\/wp\/v2\/media?parent=124194"}],"wp:term":[{"taxonomy":"category","embeddable":true,"href":"https:\/\/www.radiopiu.net\/wordpress\/wp-json\/wp\/v2\/categories?post=124194"},{"taxonomy":"post_tag","embeddable":true,"href":"https:\/\/www.radiopiu.net\/wordpress\/wp-json\/wp\/v2\/tags?post=124194"}],"curies":[{"name":"wp","href":"https:\/\/api.w.org\/{rel}","templated":true}]}}