{"id":124239,"date":"2020-03-23T14:48:08","date_gmt":"2020-03-23T13:48:08","guid":{"rendered":"https:\/\/www.radiopiu.net\/wordpress\/?p=124239"},"modified":"2020-03-23T14:48:08","modified_gmt":"2020-03-23T13:48:08","slug":"le-dichiarazioni-della-presidente-di-confindustria-belluno-sul-decreto-chiudi-italia","status":"publish","type":"post","link":"https:\/\/www.radiopiu.net\/wordpress\/le-dichiarazioni-della-presidente-di-confindustria-belluno-sul-decreto-chiudi-italia\/","title":{"rendered":"LE DICHIARAZIONI DELLA PRESIDENTE DI CONFINDUSTRIA BELLUNO SUL DECRETO &#8220;CHIUDI ITALIA&#8221;"},"content":{"rendered":"<p><strong><a class=\"dt-pswp-item\" href=\"https:\/\/www.radiopiu.net\/wordpress\/wp-content\/uploads\/2019\/09\/Lorraine_Berton.jpg\" data-dt-img-description=\"\" data-large_image_width=\"767\" data-large_image_height=\"768\"><img loading=\"lazy\" decoding=\"async\" class=\"alignleft wp-image-99105 size-medium\" src=\"https:\/\/www.radiopiu.net\/wordpress\/wp-content\/uploads\/2019\/09\/Lorraine_Berton-300x300.jpg\" alt=\"\" width=\"300\" height=\"300\" srcset=\"https:\/\/www.radiopiu.net\/wordpress\/wp-content\/uploads\/2019\/09\/Lorraine_Berton-300x300.jpg 300w, https:\/\/www.radiopiu.net\/wordpress\/wp-content\/uploads\/2019\/09\/Lorraine_Berton-150x150.jpg 150w, https:\/\/www.radiopiu.net\/wordpress\/wp-content\/uploads\/2019\/09\/Lorraine_Berton.jpg 767w\" sizes=\"auto, (max-width: 300px) 100vw, 300px\" \/><\/a>BELLUNO<\/strong>\u00a0\u201c<em>Da imprenditori non possiamo e non vogliamo perdere la fiducia. Non ce lo possiamo permettere, ma stavolta ci troviamo di fronte a un bivio drammatico. In tanti oggi abbiamo chiuso con un senso di angoscia. Se e quando riapriremo \u00e8 un grande punto interrogativo. Ce la metteremo tutta ma la politica stavolta deve fare la differenza<\/em>\u201d.\u00a0Questo \u00e8 il messaggio della presidente di Confindustria Belluno Dolomiti Lorraine Berton, all\u2019indomani della firma al decreto \u201cChiudi Italia\u201d, annunciato sabato sera dal Governo.\u00a0\u201c<em>Siamo pronti a fare la nostra parte come sempre, ma sia chiaro che stavolta per riaprire le nostre fabbriche servir\u00e0 un piano-choc da parte del Governo. Il mondo dell\u2019impresa sta rispondendo con responsabilit\u00e0, altrettanta ne vogliamo nei nostri confronti. La ripartenza di questo Paese dipender\u00e0 dagli imprenditori, di questo le Istituzioni devono esserne consapevoli fin da ora<\/em>\u201d.\u00a0\u201c<em>Ancora una volta abbiamo assistito a un caos vergognoso e irrispettoso verso le imprese. Non si pu\u00f2 annunciare un decreto di chiusura delle fabbriche con una diretta Facebook il sabato sera alle 23 e poi firmarlo solo 20 ore pi\u00f9 tardi, permettendo la diffusione di bozze parziali e fuorvianti. Non \u00e8 una semplice questione di forma o di comunicazione, \u00e8 sostanza\u201d, afferma Berton. \u201cIl momento \u00e8 drammatico per tutti ma il presappochismo non \u00e8 ammissibile soprattutto se in ballo c\u2019\u00e8 il cuore produttivo del Paese, quello che sta garantendo al sistema di andare avanti, nonostante tutto e nonostante tutti, l\u2019unico da cui si potr\u00e0 davvero ripartire<\/em>\u201d.\u00a0\u201c<em>Detto questo<\/em>\u201d, prosegue Berton, \u201c<em>il Governo dovr\u00e0 adottare a stretto giro di posta provvedimenti seri e lungimiranti. Non \u00e8 pi\u00f9 il momento dei pannicelli caldi e dei compromessi, a cui i palazzi del potere ci hanno tristemente abituati. Dobbiamo gi\u00e0 prepararci per il dopo emergenza e per i duri, durissimi, mesi che ci attendono sul fronte economico. Se l\u2019Esecutivo sapr\u00e0 rassicurare con atti concreti il mondo dell\u2019impresa e del lavoro, penso che tutti noi riusciremo ad affrontare queste settimane con maggiore serenit\u00e0 e lo spirito giusto<\/em>\u201d.\u00a0\u201c<em>Continuiamo a ripeterci che \u201cAndr\u00e0 tutto bene\u201d: lo penso pure io, ma davvero \u201candr\u00e0 tutto bene\u201d soltanto se tutti faranno la loro parte con coraggio, con quel coraggio che noi imprenditori dimostriamo ogni giorno e che, ora pi\u00f9 che mai, serve soprattutto alla nostra classe politica<\/em>\u201d, la conclusione di Berton.<\/p>\n","protected":false},"excerpt":{"rendered":"<p>BELLUNO\u00a0\u201cDa imprenditori non possiamo e non vogliamo perdere la fiducia. Non ce lo possiamo permettere, ma stavolta ci troviamo di fronte a un bivio drammatico. In tanti oggi abbiamo chiuso con un senso di angoscia. Se e quando riapriremo \u00e8 un grande punto interrogativo. Ce la metteremo tutta ma la politica stavolta deve fare la&hellip;<\/p>\n","protected":false},"author":4,"featured_media":99105,"comment_status":"closed","ping_status":"closed","sticky":false,"template":"","format":"standard","meta":{"_monsterinsights_skip_tracking":false,"_monsterinsights_sitenote_active":false,"_monsterinsights_sitenote_note":"","_monsterinsights_sitenote_category":0,"footnotes":""},"categories":[49],"tags":[],"class_list":["post-124239","post","type-post","status-publish","format-standard","has-post-thumbnail","hentry","category-news-18","category-49","description-off"],"img_url":"https:\/\/www.radiopiu.net\/wordpress\/wp-content\/uploads\/2019\/09\/Lorraine_Berton.jpg","_links":{"self":[{"href":"https:\/\/www.radiopiu.net\/wordpress\/wp-json\/wp\/v2\/posts\/124239","targetHints":{"allow":["GET"]}}],"collection":[{"href":"https:\/\/www.radiopiu.net\/wordpress\/wp-json\/wp\/v2\/posts"}],"about":[{"href":"https:\/\/www.radiopiu.net\/wordpress\/wp-json\/wp\/v2\/types\/post"}],"author":[{"embeddable":true,"href":"https:\/\/www.radiopiu.net\/wordpress\/wp-json\/wp\/v2\/users\/4"}],"replies":[{"embeddable":true,"href":"https:\/\/www.radiopiu.net\/wordpress\/wp-json\/wp\/v2\/comments?post=124239"}],"version-history":[{"count":0,"href":"https:\/\/www.radiopiu.net\/wordpress\/wp-json\/wp\/v2\/posts\/124239\/revisions"}],"wp:featuredmedia":[{"embeddable":true,"href":"https:\/\/www.radiopiu.net\/wordpress\/wp-json\/wp\/v2\/media\/99105"}],"wp:attachment":[{"href":"https:\/\/www.radiopiu.net\/wordpress\/wp-json\/wp\/v2\/media?parent=124239"}],"wp:term":[{"taxonomy":"category","embeddable":true,"href":"https:\/\/www.radiopiu.net\/wordpress\/wp-json\/wp\/v2\/categories?post=124239"},{"taxonomy":"post_tag","embeddable":true,"href":"https:\/\/www.radiopiu.net\/wordpress\/wp-json\/wp\/v2\/tags?post=124239"}],"curies":[{"name":"wp","href":"https:\/\/api.w.org\/{rel}","templated":true}]}}