{"id":124268,"date":"2020-03-23T16:10:36","date_gmt":"2020-03-23T15:10:36","guid":{"rendered":"https:\/\/www.radiopiu.net\/wordpress\/?p=124268"},"modified":"2020-03-23T16:10:36","modified_gmt":"2020-03-23T15:10:36","slug":"regione-veneto-e-universita-di-padova-varano-maxi-piano-per-interrompere-la-circolazione-di-covid-19","status":"publish","type":"post","link":"https:\/\/www.radiopiu.net\/wordpress\/regione-veneto-e-universita-di-padova-varano-maxi-piano-per-interrompere-la-circolazione-di-covid-19\/","title":{"rendered":"REGIONE VENETO E UNIVERSITA\u2019 DI PADOVA VARANO MAXI PIANO PER INTERROMPERE LA CIRCOLAZIONE DI COVID-19"},"content":{"rendered":"<p><strong><a class=\"dt-pswp-item\" href=\"https:\/\/www.radiopiu.net\/wordpress\/wp-content\/uploads\/2020\/03\/coronavirus-foto-oggi-2.jpg\" data-dt-img-description=\"\" data-large_image_width=\"2048\" data-large_image_height=\"1536\"><img loading=\"lazy\" decoding=\"async\" class=\"alignleft wp-image-124270 size-medium\" src=\"https:\/\/www.radiopiu.net\/wordpress\/wp-content\/uploads\/2020\/03\/coronavirus-foto-oggi-2-300x225.jpg\" alt=\"\" width=\"300\" height=\"225\" srcset=\"https:\/\/www.radiopiu.net\/wordpress\/wp-content\/uploads\/2020\/03\/coronavirus-foto-oggi-2-300x225.jpg 300w, https:\/\/www.radiopiu.net\/wordpress\/wp-content\/uploads\/2020\/03\/coronavirus-foto-oggi-2-1024x768.jpg 1024w, https:\/\/www.radiopiu.net\/wordpress\/wp-content\/uploads\/2020\/03\/coronavirus-foto-oggi-2-768x576.jpg 768w, https:\/\/www.radiopiu.net\/wordpress\/wp-content\/uploads\/2020\/03\/coronavirus-foto-oggi-2-1536x1152.jpg 1536w, https:\/\/www.radiopiu.net\/wordpress\/wp-content\/uploads\/2020\/03\/coronavirus-foto-oggi-2.jpg 2048w\" sizes=\"auto, (max-width: 300px) 100vw, 300px\" \/><\/a>VENEZIA<\/strong>\u00a0Interrompere la catena di trasmissione del virus responsabile di COVID-19. E\u2019 questo l\u2019obbiettivo dichiarato di un nuovo, articolato, \u201cpiano anti-coronavirus\u201d, denominato Piano \u201cEpidemia Covid 19 \u2013 Interventi urgenti di Sanit\u00e0 Pubblica\u201d che la Regione Veneto e l\u2019Universit\u00e0 di Padova hanno realizzato con lo scopo di interrompere la circolazione del virus SARS-COV-2.\u00a0I contenuti del Piano sono stati presentati oggi nel corso del consueto appuntamento del Presidente della Regione Luca Zaia per fare il punto. Con il Governatore, erano presenti, come sempre, gli Assessore Manuela Lanzarin (Sanit\u00e0) e Gianpaolo Bottacin (Protezione Civile, affiancati dal Rettore dell\u2019Universit\u00e0 di Padova, prof. Rosario<span class=\"Apple-converted-space\">\u00a0 <\/span>Rizzuto, dal Direttore della Scuola di Medicina dell\u2019Universit\u00e0 di Padova, prof. Stefano Merigliano, dal Direttore del Laboratorio di Microbiologia e Virologia dell\u2019Azienda Ospedaliera di Padova, prof. Andrea Crisanti, e dal Presidente del Comitato Regionale Veneto della Croce Rossa Italiana, Francesco Bosa.\u00a0\u201c<em>Non abbassiamo la guardia, anzi con questo Piano la alziamo \u2013 ha detto Zaia \u2013 perch\u00e9 si pu\u00f2 e si deve accelerare ancora, andando a caccia dei positivi asintomatici e dei sintomatici lievi. Ogni asintomatico pu\u00f2 contagiare 10 persone, e pi\u00f9 asintomatici troviamo e isoliamo, pi\u00f9 combattiamo la diffusione del virus. I 65 mila tamponi gi\u00e0 fatti in Veneto dimostrano che \u00e8 la strada giusta e la percorreremo fino in fondo, pur rispettando l\u2019esistenza di approcci diversi. Non \u00e8 una prova muscolare nei confronti di nessuno, \u00e8, secondo noi, il modo migliore per salvaguardare la salute dei veneti e per uscire da questa emergenza con le ossa meno rotte possibile<\/em>\u201d. <a class=\"dt-pswp-item\" href=\"https:\/\/www.radiopiu.net\/wordpress\/wp-content\/uploads\/2020\/03\/Coronavirus-foto-oggi-1.jpg\" data-dt-img-description=\"\" data-large_image_width=\"2048\" data-large_image_height=\"1536\"><img loading=\"lazy\" decoding=\"async\" class=\"alignright wp-image-124269 size-medium\" src=\"https:\/\/www.radiopiu.net\/wordpress\/wp-content\/uploads\/2020\/03\/Coronavirus-foto-oggi-1-300x225.jpg\" alt=\"\" width=\"300\" height=\"225\" srcset=\"https:\/\/www.radiopiu.net\/wordpress\/wp-content\/uploads\/2020\/03\/Coronavirus-foto-oggi-1-300x225.jpg 300w, https:\/\/www.radiopiu.net\/wordpress\/wp-content\/uploads\/2020\/03\/Coronavirus-foto-oggi-1-1024x768.jpg 1024w, https:\/\/www.radiopiu.net\/wordpress\/wp-content\/uploads\/2020\/03\/Coronavirus-foto-oggi-1-768x576.jpg 768w, https:\/\/www.radiopiu.net\/wordpress\/wp-content\/uploads\/2020\/03\/Coronavirus-foto-oggi-1-1536x1152.jpg 1536w, https:\/\/www.radiopiu.net\/wordpress\/wp-content\/uploads\/2020\/03\/Coronavirus-foto-oggi-1.jpg 2048w\" sizes=\"auto, (max-width: 300px) 100vw, 300px\" \/><\/a>\u201c<em>Questo Piano \u2013 ha aggiunto l\u2019Assessore Lanzarin \u2013 ha il merito di concentrarsi prioritariamente sulle categorie pi\u00f9 esposte, come i lavoratori della sanit\u00e0 e le 30 mila persone tra operatori e assistiti che compongono il mondo delle case di riposo che, dopo gli ospedali, sono le strutture pi\u00f9 esposte a rischi. I costi complessivi dell\u2019operazione saranno quantificato strada facendo, ma non \u00e8 certo questo il momento di lesinare risorse. Tutto il materiale necessario sar\u00e0 acquistato dalla Regione<\/em>\u201d.\u00a0Il personale dei Dipartimenti di Prevenzione coinvolto ammonta a 714 operatori, dei quali 121 medici, 30 specializzandi, 43 studenti (medici o infermieri), 277 assistenti sanitari, 128 infermieri, 28 tecnici della prevenzione, 31 altre figure sanitarie, 33 amministrativi.<span class=\"Apple-converted-space\">\u00a0\u00a0<\/span>Il nuovo Piano punta a migliorare ampiamente la gi\u00e0 ottima performance ottenuta con la campagna di tamponi finora<span class=\"Apple-converted-space\">\u00a0 <\/span>realizzata che, dal 27 febbraio al 22 marzo, con una curva in continua ascesa, ha portato da zero a 15.736 le persone poste in isolamento domiciliare. Nella popolazione generale si intende avviare un Piano che, attraverso l\u2019individuazione di soggetti \u201cpositivi\u201d con sintomi lievi ed asintomatici consenta l\u2019allargamento dell\u2019isolamento domiciliare fiduciario attorno al caso \u201cpositivo\u201d.\u00a0\u201c<em>Si tratta di trovare e isolare i trasmissori inconsapevoli \u2013 ha chiarito il prof. Crisanti, ideatore scientifico del Piano \u2013 partendo dal caso positivo e allargando l\u2019indagine per cerchi concentrici, verso la famiglia, il condominio di residenza, il luogo di lavoro e via allargando il cerchio. Inizialmente ci aspettiamo un aumento dei casi positivi. Pi\u00f9 casi positivi troviamo e isoliamo, meno si ammaleranno, e di conseguenza potranno calare i ricoveri e il ricorso alla terapia intensiva. Quello che si chiama punto di flessione, che ci dar\u00e0 la misura degli effetti ottenuti, si avr\u00e0 tra un po\u2019 di tempo, quando ci si attende un calo contemporaneo sia dei positivi che dei ricoverati<\/em>\u201d.\u00a0\u201c<em>Mettiamo in gioco tutta la forza umana e tecnologica della nostra Istituzione Scientifica \u2013 ha assicurato il <a class=\"dt-pswp-item\" href=\"https:\/\/www.radiopiu.net\/wordpress\/wp-content\/uploads\/2020\/03\/Coronavirus-foto-oggi.jpg\" data-dt-img-description=\"\" data-large_image_width=\"2048\" data-large_image_height=\"1536\"><img loading=\"lazy\" decoding=\"async\" class=\" wp-image-124271 alignleft\" src=\"https:\/\/www.radiopiu.net\/wordpress\/wp-content\/uploads\/2020\/03\/Coronavirus-foto-oggi-300x225.jpg\" alt=\"\" width=\"300\" height=\"225\" srcset=\"https:\/\/www.radiopiu.net\/wordpress\/wp-content\/uploads\/2020\/03\/Coronavirus-foto-oggi-300x225.jpg 300w, https:\/\/www.radiopiu.net\/wordpress\/wp-content\/uploads\/2020\/03\/Coronavirus-foto-oggi-1024x768.jpg 1024w, https:\/\/www.radiopiu.net\/wordpress\/wp-content\/uploads\/2020\/03\/Coronavirus-foto-oggi-768x576.jpg 768w, https:\/\/www.radiopiu.net\/wordpress\/wp-content\/uploads\/2020\/03\/Coronavirus-foto-oggi-1536x1152.jpg 1536w, https:\/\/www.radiopiu.net\/wordpress\/wp-content\/uploads\/2020\/03\/Coronavirus-foto-oggi.jpg 2048w\" sizes=\"auto, (max-width: 300px) 100vw, 300px\" \/><\/a>Rettore di Unipd, Rizzuto &#8211;<span class=\"Apple-converted-space\">\u00a0 <\/span>e abbiamo contribuito a creare una squadra unita che si muove in sincronia con le Istituzioni pubbliche verso l\u2019obbiettivo comune<\/em>\u201d.\u00a0\u201c<em>Tutto si sta muovendo molto al di sopra dei ritmi ordinari \u2013 ha sottolineato il prof. Merigliano \u2013 nell\u2019ottica della massima integrazione con il sistema sanitario e con la preziosa collaborazione della Croce Rossa, che sta allestendo 15 sue squadre, che cominceranno l\u2019attivit\u00e0 di screening da Padova, allargandosi progressivamente a tutto il Veneto, sempre con il metodo dei cerchi concentrici. Gettiamo nella mischia anche 400 giovani tirocinanti, che saranno utilissimi per supportare in vari modi il grande lavoro che ci aspetta<\/em>\u201d.\u00a0Il Piano sar\u00e0 attuato dai Dipartimenti di Prevenzione della Regione del Veneto con la collaborazione dell\u2019Azienda Ospedale Universit\u00e0 Padova e del Comitato Croce Rossa Italiana attraverso il coordinamento della Direzione Prevenzione, Sicurezza Alimentare e Veterinaria della Regione del Veneto.<span class=\"Apple-converted-space\">\u00a0<\/span><\/p>\n","protected":false},"excerpt":{"rendered":"<p>VENEZIA\u00a0Interrompere la catena di trasmissione del virus responsabile di COVID-19. E\u2019 questo l\u2019obbiettivo dichiarato di un nuovo, articolato, \u201cpiano anti-coronavirus\u201d, denominato Piano \u201cEpidemia Covid 19 \u2013 Interventi urgenti di Sanit\u00e0 Pubblica\u201d che la Regione Veneto e l\u2019Universit\u00e0 di Padova hanno realizzato con lo scopo di interrompere la circolazione del virus SARS-COV-2.\u00a0I contenuti del Piano sono&hellip;<\/p>\n","protected":false},"author":4,"featured_media":124269,"comment_status":"closed","ping_status":"closed","sticky":false,"template":"","format":"standard","meta":{"_monsterinsights_skip_tracking":false,"_monsterinsights_sitenote_active":false,"_monsterinsights_sitenote_note":"","_monsterinsights_sitenote_category":0,"footnotes":""},"categories":[49],"tags":[],"class_list":["post-124268","post","type-post","status-publish","format-standard","has-post-thumbnail","hentry","category-news-18","category-49","description-off"],"img_url":"https:\/\/www.radiopiu.net\/wordpress\/wp-content\/uploads\/2020\/03\/Coronavirus-foto-oggi-1.jpg","_links":{"self":[{"href":"https:\/\/www.radiopiu.net\/wordpress\/wp-json\/wp\/v2\/posts\/124268","targetHints":{"allow":["GET"]}}],"collection":[{"href":"https:\/\/www.radiopiu.net\/wordpress\/wp-json\/wp\/v2\/posts"}],"about":[{"href":"https:\/\/www.radiopiu.net\/wordpress\/wp-json\/wp\/v2\/types\/post"}],"author":[{"embeddable":true,"href":"https:\/\/www.radiopiu.net\/wordpress\/wp-json\/wp\/v2\/users\/4"}],"replies":[{"embeddable":true,"href":"https:\/\/www.radiopiu.net\/wordpress\/wp-json\/wp\/v2\/comments?post=124268"}],"version-history":[{"count":0,"href":"https:\/\/www.radiopiu.net\/wordpress\/wp-json\/wp\/v2\/posts\/124268\/revisions"}],"wp:featuredmedia":[{"embeddable":true,"href":"https:\/\/www.radiopiu.net\/wordpress\/wp-json\/wp\/v2\/media\/124269"}],"wp:attachment":[{"href":"https:\/\/www.radiopiu.net\/wordpress\/wp-json\/wp\/v2\/media?parent=124268"}],"wp:term":[{"taxonomy":"category","embeddable":true,"href":"https:\/\/www.radiopiu.net\/wordpress\/wp-json\/wp\/v2\/categories?post=124268"},{"taxonomy":"post_tag","embeddable":true,"href":"https:\/\/www.radiopiu.net\/wordpress\/wp-json\/wp\/v2\/tags?post=124268"}],"curies":[{"name":"wp","href":"https:\/\/api.w.org\/{rel}","templated":true}]}}