{"id":124299,"date":"2020-03-23T23:59:14","date_gmt":"2020-03-23T22:59:14","guid":{"rendered":"https:\/\/www.radiopiu.net\/wordpress\/?p=124299"},"modified":"2020-03-23T22:05:08","modified_gmt":"2020-03-23T21:05:08","slug":"le-storie-dei-comuni-bellunesi-sintetizzate-in-un-bel-libretto-di-renato-bona","status":"publish","type":"post","link":"https:\/\/www.radiopiu.net\/wordpress\/le-storie-dei-comuni-bellunesi-sintetizzate-in-un-bel-libretto-di-renato-bona\/","title":{"rendered":"LE STORIE DEI COMUNI BELLUNESI  SINTETIZZATE IN UN BEL LIBRETTO di Renato Bona"},"content":{"rendered":"<p>Tocca oggi a Borca di Cadore, Calalzo di Cadore, Canale d\u2019Agordo, Castellavazzo, Cencenighe e Cesiomaggiore. Sono i comuni dei quali proponiamo la storia in sintesi, sulla falsariga di quanto scritto dallo scomparso giornalista Fiorello Zangrando nel libretto (82 pagine), edito nel luglio 1990: \u201cI Comuni della Provincia di Belluno, storia e simboli\u201d edito dal Comune capoluogo per l\u2019inaugurazione della rinnovata fontana di Piazza dei Martiri con la collocazione in rilievo degli stemmi municipali (originali opera dello scultore Massimo Facchin, anch\u2019egli mancato) di tutti i 69 comuni, che oggi in realt\u00e0 sono 68 dopo il passaggio di Sappada con la provincia di Udine. BORCA DI CADORE. Il paese, la cui storia municipale si confonde con quella di San Vito fino al 1822, \u00e8 purtroppo noto per le frane: 26 gennaio 1348, 1400, 26 ottobre 1629, 7 e 22 luglio 1737, 21 aprile 1814, 23 luglio 1868, tutte che si staccano dall\u2019Antelao (e che, purtroppo, si sono susseguite fino ai giorni nostri). Cos\u00ec Zangrando: \u201cA sud di Borca (forse dal latino \u2018bifurca\u2019: luogo posto ad un bivio) ci sono i forni dove si purga il ferro scavato a Selva. Nel 1319 il Patriarca di Aquileia concede a Gabriele della Torre da Pescul di aprire uno stabilimento con l\u2019uso dei boschi circostanti. Il diritto passa a Negrone e poi al patrizio veneziano Benedetto Tiepolo che nel 1575 suscita le ire dell\u2019Oltrechiusa perch\u00e9 taglia troppo. Nel \\1714 la scarsit\u00e0 di combustibile produce l\u00ec abbandono. Ricorda quindi che ai tempi della rivoluzione antiaustriaca rilevante \u00e8 il combattimento a Dogana Vecchia\u201d. CALALZO DI CADORE. L\u2019autore ricorda che: \u201cE\u2019 a L\u00e0gole che dal sesto secolo avanti Cristo si manifesta lo spirito religioso, strettamente legato alla residenzialit\u00e0 dei paleoveneti: fondano un santuario ad una divinit\u00e0 affine ad Ecate Trina, alla quale sacrificano oggetti votivi. L\u00e0gole ha dato un terzo delle iscrizioni conosciute di questa popolazione\u201d. E aggiunge: \u201cCalalzo, il cui nome contiene la nozione di elevato da \u2018alto\u2019, ha una Regola molto antica, che fa scrivere i propri Laudi nel 1274. La cronaca registra numerosi incendi: 1754, 1855, 1954. Il 21 maggio 1848 il paese \u00e8 invaso dai Cacciatori austriaci, venuti dalla forcella Piccola dell\u2019Antelao e dalla Val d\u2019Oten, fuggiti allo squillo delle campane suonate da due donne. Nel 1878 sul Molin\u00e0 nasce la prima fabbrica di occhiali ad opera di Angelo Frescura e di due fratelli Lozza. Dopo il 1920 sul Desedan sorgono gli impianti idroelettrici di Valentino Vascellari\u2026\u201d. CANALE D\u2019AGORDO. Fino al 1968 si chiamava Forno di Canale. Il nome deriva dalle fucine in cui i Remondini di Bassano purgano e fondono il rame ricavato nella Valle di Gar\u00e9s e i Crotta di Agordo il ferro scavato da Hais presso Fregona. Nel 1737 sono distrutte da un\u2019alluvione\u2026 Forse i primi abitanti sono trentini, scesi dal Passo San Pellegrino. Il primo documento \u00e8 del 1148 e ricorda che Raifredo de Taibono \u201cdedit una peciam de terra in Peteguno\u201d all\u2019ospizio di Candaten, tra Agordo e Belluno. Ancora Zangrando: \u201cNel 1321 Bidulfo e Pietro da Canale che hanno parteggiato per guadagnino Avoscano sono esiliati con lui. Gli imperiali depredano Forno nel 1508, gli austriaci che contrastano Napoleone vi svernano nel 1796. Nel 1944 i tedeschi bruciano 75 case per rappresaglia antipartigiana. Qui nel 1912 \u00e8 nato Albino Luciani, per 33 giorni sul soglio di Pietro col nome di Giovanni Paolo I\u201d. CASTELLAVAZZO. Deriva il nome del Pagus Laebactii, insediamento civile con fortilizio munito di popolazione spedita a contrastare i pericoli dal Norico. L\u2019importanza militare si protrae fino al 1726, quando il Comune di Belluno ordina il restauro del Castello della Gardona. Questo fortilizio al confine con il Cadore, \u00e8 fatto irrobustire nel 1171 da Ottone vescovo di Belluno. Durante la guerra di Cambrai, il 9 dicembre 1511 vi combattono aspramente gli imperiali di Regendorf e i bellunesi capitanati da Colle e Doglioni. L\u2019autore richiama quindi il fatto che Castellavazzo \u00e8 centro di una circoscrizione ecclesiastica che comprende Longarone ed Erto; vi si ricava una pietra bianco-rosa che per secoli viene utilizzata nella costruzione di edifici monumentali anche fuori dal Bellunese. Codissago \u00e8 il porto fluviale dove staccano le imbarcazioni costruite a Perarolo di Cadore e guidate da abilissimi zat\u00e8r. CENCENIGHE. Probabilmente l\u2019origine come centro stabilmente abitato risale ad un periodo attorno al Mille. Il nome deriva da un personale latino: \u201ccincinius\u201d che indica il possesso di beni fondiari di una famiglia. I primi documenti sul paese risalgono al XIII secolo, Ai tempi della Repubblica veneta forma una Regola ed \u00e8 il luogo dove si radunano i 25 consiglieri della Comunit\u00e0 di Soprachiusa per trattare gli affari. Il paese \u2013 annota il giornalista Zangrando \u2013 va soggetto a devastazioni ad opera, bel 1439, dei soldati di Filippo Maria Visconti e nel 1509 degli imperiali di Massimiliano. L\u2019abitato anticamente si stende sul piano. Nell\u2019autunno del 1686 e del 1707 \u00e8 danneggiato dalle acque; si ottiene cos\u00ec di costruire pi\u00f9 in alto. Inondazioni si ripetono nel 1748, nel 1757 e nel 1882. Dopo quella del 4 novembre 1966 il centro rinasce pi\u00f9 moderno e funzionale. CESIOMAGGIORE. Area verosimilmente abitata gi\u00e0 prima della venuta dei romani. Qui \u2013 si legge nel libro \u2013 c\u2019\u00e8 il famoso milliario che segna il percorso della via Claudia Augusta Altinate che vi giungerebbe da Mel attraverso Nave. Nel 1404 venne abbattuto il castello della famiglia Cesia, quando Feltre entra nello Stato Veneto. Nello stesso tempo, nelle vicinanze, viene edificata la Villa Muffoni, appartenente alla famiglia discendente da un Cesio Muffone e dalla quale esce quel Pietro da Cesio che nel secolo XIV si afferma come pittore e scultore. Con la dominazione veneziana sviluppa la costruzione di molte ville signorili e accanto ad esse sorgono case coloniche che danno vita ai paesi. L\u2019invasione del 1917-18 provoca lutti e predazioni dalla villa di Centenere, ricca di reperti antichi. Durante la Resistenza la brigata partigiana \u201cPisacane\u201d ha la propria sede nella Val Canzoi. NELLE FOTO (riproduzioni dal libro \u201cI Comuni della Provincia di Belluno. Storia e simboli\u201d): in sequenza gli stemmi dei comuni di Borca di Cadore, Calalzo di Cadore,Canale d\u2019Agordo, Castellavazzo, Cencenighe e Cesiomaggiore.<\/p>\n\n\t\t\t<style type='text\/css'>\n\t\t\t\t#gallery-1 {\n\t\t\t\t\tmargin: auto;\n\t\t\t\t}\n\t\t\t\t#gallery-1 .gallery-item {\n\t\t\t\t\tfloat: left;\n\t\t\t\t\tmargin-top: 10px;\n\t\t\t\t\ttext-align: center;\n\t\t\t\t\twidth: 33%;\n\t\t\t\t}\n\t\t\t\t#gallery-1 img {\n\t\t\t\t\tborder: 2px solid #cfcfcf;\n\t\t\t\t}\n\t\t\t\t#gallery-1 .gallery-caption {\n\t\t\t\t\tmargin-left: 0;\n\t\t\t\t}\n\t\t\t\t\/* see gallery_shortcode() in wp-includes\/media.php *\/\n\t\t\t<\/style>\n\t\t<div id='gallery-1' class='dt-gallery-container gallery galleryid-124299 gallery-columns-3 gallery-size-medium'><dl class='gallery-item'>\n\t\t\t\t<dt class='gallery-icon portrait'>\n\t\t\t\t\t<a class=\"rollover\" href='https:\/\/www.radiopiu.net\/wordpress\/le-storie-dei-comuni-bellunesi-sintetizzate-in-un-bel-libretto-di-renato-bona\/90245271_3634216346620104_46764381307928576_n\/'><img loading=\"lazy\" decoding=\"async\" width=\"260\" height=\"300\" src=\"https:\/\/www.radiopiu.net\/wordpress\/wp-content\/uploads\/2020\/03\/90245271_3634216346620104_46764381307928576_n-260x300.jpg\" class=\"attachment-medium size-medium\" alt=\"\" srcset=\"https:\/\/www.radiopiu.net\/wordpress\/wp-content\/uploads\/2020\/03\/90245271_3634216346620104_46764381307928576_n-260x300.jpg 260w, https:\/\/www.radiopiu.net\/wordpress\/wp-content\/uploads\/2020\/03\/90245271_3634216346620104_46764381307928576_n-888x1024.jpg 888w, https:\/\/www.radiopiu.net\/wordpress\/wp-content\/uploads\/2020\/03\/90245271_3634216346620104_46764381307928576_n-768x886.jpg 768w, https:\/\/www.radiopiu.net\/wordpress\/wp-content\/uploads\/2020\/03\/90245271_3634216346620104_46764381307928576_n-1332x1536.jpg 1332w, https:\/\/www.radiopiu.net\/wordpress\/wp-content\/uploads\/2020\/03\/90245271_3634216346620104_46764381307928576_n-1776x2048.jpg 1776w\" sizes=\"auto, (max-width: 260px) 100vw, 260px\" \/><\/a>\n\t\t\t\t<\/dt><\/dl><dl class='gallery-item'>\n\t\t\t\t<dt class='gallery-icon portrait'>\n\t\t\t\t\t<a class=\"rollover\" href='https:\/\/www.radiopiu.net\/wordpress\/le-storie-dei-comuni-bellunesi-sintetizzate-in-un-bel-libretto-di-renato-bona\/90790614_2579164122327824_5238502272979173376_n\/'><img loading=\"lazy\" decoding=\"async\" width=\"265\" height=\"300\" src=\"https:\/\/www.radiopiu.net\/wordpress\/wp-content\/uploads\/2020\/03\/90790614_2579164122327824_5238502272979173376_n-265x300.jpg\" class=\"attachment-medium size-medium\" alt=\"\" srcset=\"https:\/\/www.radiopiu.net\/wordpress\/wp-content\/uploads\/2020\/03\/90790614_2579164122327824_5238502272979173376_n-265x300.jpg 265w, https:\/\/www.radiopiu.net\/wordpress\/wp-content\/uploads\/2020\/03\/90790614_2579164122327824_5238502272979173376_n-903x1024.jpg 903w, https:\/\/www.radiopiu.net\/wordpress\/wp-content\/uploads\/2020\/03\/90790614_2579164122327824_5238502272979173376_n-768x871.jpg 768w, https:\/\/www.radiopiu.net\/wordpress\/wp-content\/uploads\/2020\/03\/90790614_2579164122327824_5238502272979173376_n-1355x1536.jpg 1355w, https:\/\/www.radiopiu.net\/wordpress\/wp-content\/uploads\/2020\/03\/90790614_2579164122327824_5238502272979173376_n-1806x2048.jpg 1806w\" sizes=\"auto, (max-width: 265px) 100vw, 265px\" \/><\/a>\n\t\t\t\t<\/dt><\/dl><dl class='gallery-item'>\n\t\t\t\t<dt class='gallery-icon portrait'>\n\t\t\t\t\t<a class=\"rollover\" href='https:\/\/www.radiopiu.net\/wordpress\/le-storie-dei-comuni-bellunesi-sintetizzate-in-un-bel-libretto-di-renato-bona\/90242789_848541352287464_5925227974075875328_n\/'><img loading=\"lazy\" decoding=\"async\" width=\"267\" height=\"300\" src=\"https:\/\/www.radiopiu.net\/wordpress\/wp-content\/uploads\/2020\/03\/90242789_848541352287464_5925227974075875328_n-267x300.jpg\" class=\"attachment-medium size-medium\" alt=\"\" srcset=\"https:\/\/www.radiopiu.net\/wordpress\/wp-content\/uploads\/2020\/03\/90242789_848541352287464_5925227974075875328_n-267x300.jpg 267w, https:\/\/www.radiopiu.net\/wordpress\/wp-content\/uploads\/2020\/03\/90242789_848541352287464_5925227974075875328_n-912x1024.jpg 912w, https:\/\/www.radiopiu.net\/wordpress\/wp-content\/uploads\/2020\/03\/90242789_848541352287464_5925227974075875328_n-768x863.jpg 768w, https:\/\/www.radiopiu.net\/wordpress\/wp-content\/uploads\/2020\/03\/90242789_848541352287464_5925227974075875328_n-1367x1536.jpg 1367w, https:\/\/www.radiopiu.net\/wordpress\/wp-content\/uploads\/2020\/03\/90242789_848541352287464_5925227974075875328_n-1823x2048.jpg 1823w\" sizes=\"auto, (max-width: 267px) 100vw, 267px\" \/><\/a>\n\t\t\t\t<\/dt><\/dl><br style=\"clear: both\" \/><dl class='gallery-item'>\n\t\t\t\t<dt class='gallery-icon portrait'>\n\t\t\t\t\t<a class=\"rollover\" href='https:\/\/www.radiopiu.net\/wordpress\/le-storie-dei-comuni-bellunesi-sintetizzate-in-un-bel-libretto-di-renato-bona\/90714478_619304428850525_7984319124949958656_n\/'><img loading=\"lazy\" decoding=\"async\" width=\"266\" height=\"300\" src=\"https:\/\/www.radiopiu.net\/wordpress\/wp-content\/uploads\/2020\/03\/90714478_619304428850525_7984319124949958656_n-266x300.jpg\" class=\"attachment-medium size-medium\" alt=\"\" srcset=\"https:\/\/www.radiopiu.net\/wordpress\/wp-content\/uploads\/2020\/03\/90714478_619304428850525_7984319124949958656_n-266x300.jpg 266w, https:\/\/www.radiopiu.net\/wordpress\/wp-content\/uploads\/2020\/03\/90714478_619304428850525_7984319124949958656_n-907x1024.jpg 907w, https:\/\/www.radiopiu.net\/wordpress\/wp-content\/uploads\/2020\/03\/90714478_619304428850525_7984319124949958656_n-768x867.jpg 768w, https:\/\/www.radiopiu.net\/wordpress\/wp-content\/uploads\/2020\/03\/90714478_619304428850525_7984319124949958656_n-1361x1536.jpg 1361w, https:\/\/www.radiopiu.net\/wordpress\/wp-content\/uploads\/2020\/03\/90714478_619304428850525_7984319124949958656_n-1815x2048.jpg 1815w, https:\/\/www.radiopiu.net\/wordpress\/wp-content\/uploads\/2020\/03\/90714478_619304428850525_7984319124949958656_n.jpg 2013w\" sizes=\"auto, (max-width: 266px) 100vw, 266px\" \/><\/a>\n\t\t\t\t<\/dt><\/dl><dl class='gallery-item'>\n\t\t\t\t<dt class='gallery-icon portrait'>\n\t\t\t\t\t<a class=\"rollover\" href='https:\/\/www.radiopiu.net\/wordpress\/le-storie-dei-comuni-bellunesi-sintetizzate-in-un-bel-libretto-di-renato-bona\/89969991_312032289772150_3761645641894199296_n\/'><img loading=\"lazy\" decoding=\"async\" width=\"266\" height=\"300\" src=\"https:\/\/www.radiopiu.net\/wordpress\/wp-content\/uploads\/2020\/03\/89969991_312032289772150_3761645641894199296_n-266x300.jpg\" class=\"attachment-medium size-medium\" alt=\"\" srcset=\"https:\/\/www.radiopiu.net\/wordpress\/wp-content\/uploads\/2020\/03\/89969991_312032289772150_3761645641894199296_n-266x300.jpg 266w, https:\/\/www.radiopiu.net\/wordpress\/wp-content\/uploads\/2020\/03\/89969991_312032289772150_3761645641894199296_n-909x1024.jpg 909w, https:\/\/www.radiopiu.net\/wordpress\/wp-content\/uploads\/2020\/03\/89969991_312032289772150_3761645641894199296_n-768x865.jpg 768w, https:\/\/www.radiopiu.net\/wordpress\/wp-content\/uploads\/2020\/03\/89969991_312032289772150_3761645641894199296_n-1363x1536.jpg 1363w, https:\/\/www.radiopiu.net\/wordpress\/wp-content\/uploads\/2020\/03\/89969991_312032289772150_3761645641894199296_n.jpg 1762w\" sizes=\"auto, (max-width: 266px) 100vw, 266px\" \/><\/a>\n\t\t\t\t<\/dt><\/dl><dl class='gallery-item'>\n\t\t\t\t<dt class='gallery-icon portrait'>\n\t\t\t\t\t<a class=\"rollover\" href='https:\/\/www.radiopiu.net\/wordpress\/le-storie-dei-comuni-bellunesi-sintetizzate-in-un-bel-libretto-di-renato-bona\/90534095_588163078576165_1972832569594478592_n\/'><img loading=\"lazy\" decoding=\"async\" width=\"259\" height=\"300\" src=\"https:\/\/www.radiopiu.net\/wordpress\/wp-content\/uploads\/2020\/03\/90534095_588163078576165_1972832569594478592_n-259x300.jpg\" class=\"attachment-medium size-medium\" alt=\"\" srcset=\"https:\/\/www.radiopiu.net\/wordpress\/wp-content\/uploads\/2020\/03\/90534095_588163078576165_1972832569594478592_n-259x300.jpg 259w, https:\/\/www.radiopiu.net\/wordpress\/wp-content\/uploads\/2020\/03\/90534095_588163078576165_1972832569594478592_n-883x1024.jpg 883w, https:\/\/www.radiopiu.net\/wordpress\/wp-content\/uploads\/2020\/03\/90534095_588163078576165_1972832569594478592_n-768x891.jpg 768w, https:\/\/www.radiopiu.net\/wordpress\/wp-content\/uploads\/2020\/03\/90534095_588163078576165_1972832569594478592_n-1324x1536.jpg 1324w, https:\/\/www.radiopiu.net\/wordpress\/wp-content\/uploads\/2020\/03\/90534095_588163078576165_1972832569594478592_n.jpg 1556w\" sizes=\"auto, (max-width: 259px) 100vw, 259px\" \/><\/a>\n\t\t\t\t<\/dt><\/dl><br style=\"clear: both\" \/>\n\t\t\t<\/div>\n\n","protected":false},"excerpt":{"rendered":"<p>Tocca oggi a Borca di Cadore, Calalzo di Cadore, Canale d\u2019Agordo, Castellavazzo, Cencenighe e Cesiomaggiore. Sono i comuni dei quali proponiamo la storia in sintesi, sulla falsariga di quanto scritto dallo scomparso giornalista Fiorello Zangrando nel libretto (82 pagine), edito nel luglio 1990: \u201cI Comuni della Provincia di Belluno, storia e simboli\u201d edito dal Comune&hellip;<\/p>\n","protected":false},"author":4,"featured_media":124304,"comment_status":"closed","ping_status":"closed","sticky":false,"template":"","format":"standard","meta":{"_monsterinsights_skip_tracking":false,"_monsterinsights_sitenote_active":false,"_monsterinsights_sitenote_note":"","_monsterinsights_sitenote_category":0,"footnotes":""},"categories":[49],"tags":[],"class_list":["post-124299","post","type-post","status-publish","format-standard","has-post-thumbnail","hentry","category-news-18","category-49","description-off"],"img_url":"https:\/\/www.radiopiu.net\/wordpress\/wp-content\/uploads\/2020\/03\/90714478_619304428850525_7984319124949958656_n.jpg","_links":{"self":[{"href":"https:\/\/www.radiopiu.net\/wordpress\/wp-json\/wp\/v2\/posts\/124299","targetHints":{"allow":["GET"]}}],"collection":[{"href":"https:\/\/www.radiopiu.net\/wordpress\/wp-json\/wp\/v2\/posts"}],"about":[{"href":"https:\/\/www.radiopiu.net\/wordpress\/wp-json\/wp\/v2\/types\/post"}],"author":[{"embeddable":true,"href":"https:\/\/www.radiopiu.net\/wordpress\/wp-json\/wp\/v2\/users\/4"}],"replies":[{"embeddable":true,"href":"https:\/\/www.radiopiu.net\/wordpress\/wp-json\/wp\/v2\/comments?post=124299"}],"version-history":[{"count":0,"href":"https:\/\/www.radiopiu.net\/wordpress\/wp-json\/wp\/v2\/posts\/124299\/revisions"}],"wp:featuredmedia":[{"embeddable":true,"href":"https:\/\/www.radiopiu.net\/wordpress\/wp-json\/wp\/v2\/media\/124304"}],"wp:attachment":[{"href":"https:\/\/www.radiopiu.net\/wordpress\/wp-json\/wp\/v2\/media?parent=124299"}],"wp:term":[{"taxonomy":"category","embeddable":true,"href":"https:\/\/www.radiopiu.net\/wordpress\/wp-json\/wp\/v2\/categories?post=124299"},{"taxonomy":"post_tag","embeddable":true,"href":"https:\/\/www.radiopiu.net\/wordpress\/wp-json\/wp\/v2\/tags?post=124299"}],"curies":[{"name":"wp","href":"https:\/\/api.w.org\/{rel}","templated":true}]}}