{"id":124422,"date":"2020-03-24T09:40:58","date_gmt":"2020-03-24T08:40:58","guid":{"rendered":"https:\/\/www.radiopiu.net\/wordpress\/?p=124422"},"modified":"2020-03-24T09:43:23","modified_gmt":"2020-03-24T08:43:23","slug":"siamo-tutti-in-sofferenza","status":"publish","type":"post","link":"https:\/\/www.radiopiu.net\/wordpress\/siamo-tutti-in-sofferenza\/","title":{"rendered":"SIAMO TUTTI IN SOFFERENZA MENTRE I COLOSSI DELLE VENDITE ON LINE ACCUMULANO RICCHEZZA MA IL NOSTRO GOVERNO A QUESTO NON CI HA PENSATO E ALLA RIPRESA SAREMO ANCORA PIU&#8217; POVERI"},"content":{"rendered":"<blockquote>\n<div><strong><span style=\"color: #339966;\">CACCIA AGLI INFETTATI COME A VO&#8217;, NECESSARIA LA CAMPAGNA TAMPONI PER<\/span> SALVARE IL VENETO E NON RIPETERE IL CASO LOMBARDIA PERCH<span style=\"color: #ff0000;\">E&#8217; I RITARDI COSTANO VITE UMANE. <\/span><\/strong><\/div>\n<\/blockquote>\n<div><span style=\"color: #339966;\">di Mir<\/span>ko Mez<span style=\"color: #ff0000;\">zacasa<\/span><\/div>\n<div><\/div>\n<div><em>E&#8217; necessario un piano preciso, ben studiato per le case di riposo. Falcade piange il maestro di sci di Valdobbiadene, Silvio Baratto aveva un sogno, riaprire l&#8217;ospedale del suo paese e i sui colleghi dall&#8217;Agordino lo sosterranno. In Veneto un&#8217;altra donazione importante da 1 milione di euro dalla famiglia Moretti-Polegato. Scattata ieri la distribuzione delle mascherine Grafica Veneta, 7000 mascherine per il personale che opera sul campo e poi per le famiglie. L&#8217;ultimo decreto Conte \u00e8 un altro decreto &#8220;caos&#8221;, probabilmente farlo di notte non lo aiuta, caos per gli imprenditori che devono o non\u00a0 devono chiudere, caos per la gente che non pu\u00f2 uscire dal Comune di residenza a fare la spesa, perch\u00e9 il Conte non conosce le zone orograficamente difficili come il bellunese dove i distributori di benzina tanto per fare un esempio non sono sotto la porta di casa o nella via della citt\u00e0 di residenza, ma a chilometri di distanza, ma tant&#8217;\u00e8 il Governo Centrale &#8211; nonostante la presenza dei Deputati bellunesi di diverso colore &#8211; dalla montagna era lontano prima come lo \u00e8 oggi e se non cambier\u00e0 lo sar\u00e0 anche domani. <\/em><\/div>\n<div><\/div>\n<div><\/div>\n<div>In Italia da due giorni calano i numeri di malati per Covid-19 cos\u00ec come i decessi, anche in Veneto dove ieri si sono contati 366 contagi contro i 464 del giorno prima e i 572 di due giorni fa, cio\u00e8 una media di 100 in meno al giorno. Quello che rimane stabile \u00e8 purtroppo il numero dei decessi 24 anche ieri per il secondo giorno consecutivo, uno all&#8217;ora. Tanti, troppi. La stretta dunque serve, non a caso il professor Andrea Crisanti ha definito &#8220;una follia&#8221; non isolare immediatamente i focolai in Lombardia, purtroppo le conseguenze da Bergamo in gi\u00f9 le abbiamo viste e purtroppo contate. Sono 262 i bellunesi contagiati, 17 nuovi casi nella sola giornata di ieri, 66 i pazienti in ospedale, 6 in terapia intensiva e si va verso la saturazione dei letti disponibili che in provincia sono attualmente 9. Al San Martino 44 i pazienti in area non critica (+5 in 12 ore), 6 in terapia intensiva (+2), a Feltre 10 in area non critica (+1) e ad Agordo 6 (stabile). Sono 1051 i bellunesi in isolamento domiciliare e vengono controllati almeno due volte al giorno poich\u00e9 hanno l&#8217;obbligo di non lasciare le mura di casa, intanto la Ulss1 continua a fare tamponi, 3418 dal 21 febbraio a ieri. Ieri non ci sono stati decessi, il numero totale \u00e8 7 con quattro decessi all&#8217;ospedale di Belluno e 3 a Feltre, uno dei pazienti era stato trasferito negli ospedali bellunesi dal trevigiano. La statistica della mortalit\u00e0 segna per Belluno un 3 per cento. In provincia i contagi aumentano, dopo Feltrino e Alpago (casa di riposo) il virus attacca l&#8217;ampezzano, ieri a Cortina 20 abitanti sono risultati positivi al virus <em>&#8220;Purtroppo la situazione \u00e8 notevolmente peggiorata nel fine settimana, si sono aggiunti tanti nuovi casi&#8221;<\/em> ne ha dato notizia con queste parole su facebook il sindaco Gianpietro Ghedina. Ad Auronzo a pagare dazio sono ancora gli uomini della Guardia di Finanza anche loro da giorni sul campo, un altro militare \u00e8 risultato positivo, ma la caserma rimane aperta perch\u00e9 sanificata e il finanziere contagiato non \u00e8 pi\u00f9 in servizio (perch\u00e9 accusava sintomi febbrili) da met\u00e0 marzo.\u00a0 La stretta sar\u00e0 ancora pi\u00f9 stretta perch\u00e9 da domani le sanzioni saranno ancora pi\u00f9 pesanti per coloro che si credono furbi ma di norma vengono definiti &#8220;de coccio&#8221; cio\u00e8 imbecilli o per metterla ancora pi\u00f9 sul concreto &#8220;potenziali portatori di morte&#8221;, multe fino a 3000 euro per chi le norme decide di non rispettarle e le Forze dell&#8217;Ordine hanno ora la possibilit\u00e0 di far alzare in volo i droni per controllare gli spostamenti. Nel capitolo di furbi poco furbi si aggiunge il nome di un 57enne dell&#8217;Alpago che girava per il paese senza motivo con un&#8217;arma illegale nascosta sotto al sedile, per questo sono scattati gli arresti domiciliari, sono una trentina le persone che vengono denunciate ogni giorno, tra loro anche lo stalker seriale di 47 anni fermato dalla Polizia che in piena notte voleva incendiare la porta di casa della donna che non lo vuole pi\u00f9, in auto aveva la lattina piena di benzina per dare concretezza ai suoi progetti. \u00a0L&#8217;ultimo decreto Conte di caos ne ha creato ancora, la mancanza di chiarezza ha fatto montare la rabbia dei sindacati, c&#8217;\u00e8 chi si nasconde dietro i codici per tenere aperto anche se le loro produzioni non sono certo indispensabili come detta il decreto. La Prefettura \u00e8 al lavoro ed ha fornito un indirizzo di posta elettronica (protocollo.prefetturabl@pec.interno.it) per inoltrare le richieste e lo dovranno fare tutte le aziende che\u00a0 non\u00a0 erogano servizi fondamentali. Nella mail dovranno essere indicate le imprese e le amministrazioni beneficiarie dei prodotti e servizi attinenti le attivit\u00e0 consentite. Le Belle storie, Due famiglie cinesi hanno deciso di aiutare le comunit\u00e0 bellunesi, di proteggerle. Li Li imprenditore della ristorazione ha donato 4mila mascherine come segno di ringraziamento per essere stato accolto a Belluno 3 anni fa, lui \u00e8 in Italia ormai da 18 anni. Ha fatto altrettanto la famiglia cinese residente in Alpago che ad Agordo da tempo gestisce il ristorante Due Angeli e il Caff\u00e8 Commercio che ha donato mascherine ai Carabinieri d&#8217;Alpago e alla locale Casa di riposo.<\/div>\n<div><\/div>\n<div><\/div>\n","protected":false},"excerpt":{"rendered":"<p>CACCIA AGLI INFETTATI COME A VO&#8217;, NECESSARIA LA CAMPAGNA TAMPONI PER SALVARE IL VENETO E NON RIPETERE IL CASO LOMBARDIA PERCHE&#8217; I RITARDI COSTANO VITE UMANE. di Mirko Mezzacasa E&#8217; necessario un piano preciso, ben studiato per le case di riposo. Falcade piange il maestro di sci di Valdobbiadene, Silvio Baratto aveva un sogno, riaprire&hellip;<\/p>\n","protected":false},"author":1,"featured_media":124359,"comment_status":"closed","ping_status":"closed","sticky":false,"template":"","format":"standard","meta":{"_monsterinsights_skip_tracking":false,"_monsterinsights_sitenote_active":false,"_monsterinsights_sitenote_note":"","_monsterinsights_sitenote_category":0,"footnotes":""},"categories":[51,49],"tags":[],"class_list":["post-124422","post","type-post","status-publish","format-standard","has-post-thumbnail","hentry","category-evidenza-top","category-news-18","category-51","category-49","description-off"],"img_url":"https:\/\/www.radiopiu.net\/wordpress\/wp-content\/uploads\/2020\/03\/WhatsApp-Image-2020-03-23-at-18.57.52-2.jpeg","_links":{"self":[{"href":"https:\/\/www.radiopiu.net\/wordpress\/wp-json\/wp\/v2\/posts\/124422","targetHints":{"allow":["GET"]}}],"collection":[{"href":"https:\/\/www.radiopiu.net\/wordpress\/wp-json\/wp\/v2\/posts"}],"about":[{"href":"https:\/\/www.radiopiu.net\/wordpress\/wp-json\/wp\/v2\/types\/post"}],"author":[{"embeddable":true,"href":"https:\/\/www.radiopiu.net\/wordpress\/wp-json\/wp\/v2\/users\/1"}],"replies":[{"embeddable":true,"href":"https:\/\/www.radiopiu.net\/wordpress\/wp-json\/wp\/v2\/comments?post=124422"}],"version-history":[{"count":0,"href":"https:\/\/www.radiopiu.net\/wordpress\/wp-json\/wp\/v2\/posts\/124422\/revisions"}],"wp:featuredmedia":[{"embeddable":true,"href":"https:\/\/www.radiopiu.net\/wordpress\/wp-json\/wp\/v2\/media\/124359"}],"wp:attachment":[{"href":"https:\/\/www.radiopiu.net\/wordpress\/wp-json\/wp\/v2\/media?parent=124422"}],"wp:term":[{"taxonomy":"category","embeddable":true,"href":"https:\/\/www.radiopiu.net\/wordpress\/wp-json\/wp\/v2\/categories?post=124422"},{"taxonomy":"post_tag","embeddable":true,"href":"https:\/\/www.radiopiu.net\/wordpress\/wp-json\/wp\/v2\/tags?post=124422"}],"curies":[{"name":"wp","href":"https:\/\/api.w.org\/{rel}","templated":true}]}}