{"id":124423,"date":"2020-03-24T12:30:25","date_gmt":"2020-03-24T11:30:25","guid":{"rendered":"https:\/\/www.radiopiu.net\/wordpress\/?p=124423"},"modified":"2020-03-24T13:55:13","modified_gmt":"2020-03-24T12:55:13","slug":"la-conferenza-stampa-del-presidente-del-veneto-luca-zaia-24-marzo-2020-2","status":"publish","type":"post","link":"https:\/\/www.radiopiu.net\/wordpress\/la-conferenza-stampa-del-presidente-del-veneto-luca-zaia-24-marzo-2020-2\/","title":{"rendered":"LA CONFERENZA STAMPA DEL PRESIDENTE DEL VENETO LUCA ZAIA 24 MARZO 2020"},"content":{"rendered":"<p><strong>VENEZIA<\/strong> L&#8217;appuntamento giornaliero con il Presidente del Veneto Luca Zaia per la conferenza stampa<\/p>\n<p>16220 persone in isolamento, 5.948 contagiati, 310 in pi\u00f9 rispetto al bollettino di ieri sera e 6 nuove vittime. 1622 ricoverati, posti sottrtti alla degenza normale di qui la contrazione ad alcune attivit\u00e0 ospedaliere e se non lo avessimo fatto oggi i problemi sarebbero tanti, mancherebbero i posti letto. La sfida trovare l&#8217;ultimo posto letto per l&#8217;ultimo paziente. Dei 1622 posti letto 304 sono i cittadini in terapia intensiva, numero che inquieta perch\u00e9 servono respiratori. 304 posti letto sono un po&#8217; di meno dell&#8217;occupazione di tutta la Regione per tutte le attivit\u00e0. Dimessi 381 unico raggio di sole, sono usciti dall&#8217;ospedale guarito. Infine i decessi 216 persone che hanno perso la vita. Non siamo felici di questi dati \u00e8 una verit\u00e0 dura ma abbiamo una crescita costante e lenta arriveremo a un punto che se la curva dei contagi non si ferma non avremo pi\u00f9 letti per i pazienti.\u00a0 Dobbiamo creare nuovi posti in terapia intensiva. Anche questa mattina nella riunione con i direttore generali abbiamo parlato di molti problemi, soprattutto dei posti letto. Abbiamo 825 posti letto di terapia intensiva.<\/p>\n<p><strong>RESPIRATORI <\/strong>50 respiratori in viaggio dalla Svizzera se non ce li bloccano ha gi\u00e0 passato Milano, 200 li aspettiamo dal Governo e Protezione Civile poich\u00e9 una delle tre Regioni pi\u00f9 colpite,\u00a0 dopo un mese ne sono arrivati 46 e la nostra programmazione si basa su questo e siamo molto preoccupati. Ogni respiratore \u00e8 una speranza di vita.<\/p>\n<p><strong>CONFISCA RESPIRATORI VETERINARI<\/strong> Abbiamo dato disposizione di provvedere al prestito (confisca) dei respiratori degli studi veterinari, circa una cinquantina.\u00a0 E&#8217; una pompa ci interessa la parte meccanica utile per l&#8217;uso umano. Cominciamo a raccogliere anche questi, perch\u00e8 stiamo lavorando in emergenza, guardiamo in faccia alla realt\u00e0 oltre ai nostri oltre 825 posti \u00e8 probabile ne servano ancora di pi\u00f9.<\/p>\n<p><strong>STATE A CASA<\/strong> Chiediamo ancora un sacrificio ai Veneti. Non \u00e8 una passeggiata ed evitiamo confronti con altre Regioni. Abbiamo controllato gli spostamenti con la rete telefonica e abbiamo visto che i venti si comportano bene Il margine se arrivano i respiratori promessi giorno dopo giorno si restringer\u00e0. Siamo in emergenza, siamo in guerra e bilanci di fanno alla fine. Continueremo con le misure, chiedo che la cura popolare continui ad esserci.<\/p>\n<p><strong>I VENETI<\/strong> Si stanno comportando bene con grande senso di solidariet\u00e0 verso il prossimo, tutti i veneti nati qui o da altre parte, in Veneto da tanto o da poco. Dobbiamo continuare con le misure, so che il sacrificio \u00e8 grande ma vi chiedo che la cura popolare continui.<\/p>\n<p><strong>DONAZIONI<\/strong> Grazie a quanti stanno versando, ne abbiamo molti, stiamo raccogliendo tanto, avremo grossi versamenti gi\u00e0 annunciati. Oggi ringrazio il popolo dei veneti perch\u00e9 da una dimensione della chiamata di popolo su questa partita. Sono migliaia di persone che ringrazier\u00f2 tutti uno ad uno. Abbiamo bisogno dell&#8217;aiuto di tutti. Oggi abbiamo una cassa di 50 milioni di euro, abbiamo comperato quello che non si comperava da 10 anni. Ora con le donazione siamo sopra gli 8 milioni di euro.<\/p>\n<p><strong>NON UDENTI<\/strong> Mi scuso con i cittadini che non ci sentono ci stiamo organizzando con un interprete per i non udenti prossimamente ci sar\u00e0, hanno diritto anche loro di avere informazione.<\/p>\n<p><strong>BORRELLI HA DETTO CHE IL\u00a0 NUMERO DEI CONTAGIATI REALI POSITIVI VENETI 10 VOLTE SUPERIORE<\/strong> Il nostro modello ci dice che avremo 2 milioni di veneti contagiati, molti cittadini non riusciremo ad intercettarli per motivi logistici pratici, saranno gli asintomatici positivi che non sviluppano patologie. Spero che il modello che parla di 2 milioni di contagiati sia smentito.Il nostro modello prevede picchi entro il 15 aprile e ci dice di 2 milioni di possibili contagi.<\/p>\n<p><strong>TERAPIA INTENSIVA<\/strong> Ad oggi non abbiamo sofferenza,<strong> siamo molto preoccupati del cluster di Verona\u00a0<\/strong> che paga lo scotto di aree contermini come il bresciano dove c&#8217;\u00e8 una continuit\u00e0. Abbiamo rinforzato la squadra anche con il dottor Rosi e stiamo allestendo postazioni di terapia intensiva oltre ogni misura, speriamo di farlo per nulla. Nei prossimi giorni potremo finire in over booking.<\/p>\n<p><strong>ATTRACCO DELLA NAVE<\/strong> Se arriva una nave il Veneto non \u00e8 in grado di garantire cure a nessuno qualunque sia la nazionalit\u00e0 di chi arriva, sarebbe un disservizio che diamo, non abbiamo letti non \u00e8 un discorso di autonomia dei veneti ma coerente di clinica e pianificazione sanitaria. Una nave di contagiati e&#8217; una bomba ingestibile. Rinnovo la mia totale indisponibilit\u00e0 ad ospitare persone in arrivo, il Veneto purtroppo in questo momento non \u00e8 in grado di garantire cure a nessuno, non ce la facciamo.<\/p>\n<p><strong>IL SUD<\/strong> La sfida del sud \u00e8 una grande sfida la loro sfida e&#8217; la nostra sfida. Che facciano tesoro della nostra esperienza perch\u00e9 abbiamo tre settimane di &#8220;vantaggio&#8221; e mettano subito a sistema le indicazioni che abbiamo dato in video conferenza. Devono creare pi\u00f9 posti possibile in terapia intensiva.Che mettano a sistema le nostre indicazioni. Che facciano pi\u00f9 posti di terapia intensiva.<\/p>\n<p><strong>MASCHERINE<\/strong> Ne arriveranno 13 milioni e mezzo, le prime 300 mila questa settimana. La prossima settimana ne comperiamo 2 milioni di FFP3. Ci sono delinquenti sul mercato. Dobbiamo mettere in sicurezza i nostri lavoratori.<\/p>\n<p><strong>TAMPONI<\/strong> Progetto Crisanti abbiamo gi\u00e0 fatto 65 mila tamponi dobbiamo fare quelli casuali finch\u00e8 facciamo tamponi ai positivi non \u00e8 rappresentativo, per strada si ha uno spaccato della comunit\u00e0. Prima ai lavoratori della sanit\u00e0, ci permette di capire chi \u00e8 positivo o meno in ospedale. Non capiamo se il paziente \u00e8 partito dal paziente o dall&#8217;interno dell&#8217;ospedale. Con il tampone misuriamo lo stato di salute della sanit\u00e0. Il dato finale lo daro&#8217; quando avro&#8217; &#8220;tamponato&#8221; tutti.<\/p>\n<p><strong>DA DOMANI NELLE REGIONI PIU&#8217; COLPITE 300 MEDICI<\/strong> Mi risulta siano destinati alla Lombardia. E&#8217; una task force costituita a livello nazionale forse hanno aderito alcuni medici del Veneto. Mi risulta ci siano regioni come la Lombardia dove ci sia molto bisogno<\/p>\n<p><strong>SEI CITTADINI IN GERMANIA IN TERAPIA INTENSIVA<\/strong> Anche noi se sono tedeschi in Veneto che stanno male li ricoveriamo.<\/p>\n<p><strong>SPERIMENTAZIONE<\/strong> Sui nuovi farmaci se non ci sono evidenze scientifiche c&#8217;e&#8217; la sperimentazione, senza illudere i cittadini perche&#8217; non e&#8217; detto che funzioni.Se gli scienziati hanno evidenze scientifiche certe ce le portino.<\/p>\n<p>&nbsp;<\/p>\n<p>ASSESSORE MANUELA LANZARIN<\/p>\n<p><strong>SPISAL<\/strong> Verificato le distanze, i detergenti, la presenza disinfettanti, la catellonistica.\u00a0 Non mi risulta siano state chiuse aziende.<\/p>\n<p>Attiviamo 680 posti in terapia intensiva. Sui social mappa comuni per comuni diversa dalla Regione? Da una settimana sono i direttore generali che danno ai sindaci direttamente il numero ma anche i nominativi delle persone positive da contattare. da ieri difficolt\u00e0 perch\u00e8 il sistema \u00e8 andato in tilt. Non so se circolano contraffazioni, sono dati sensibili che hanno i sindaci che sono i responsabili di dati e nominativi.<\/p>\n<p>&nbsp;<\/p>\n<p>&nbsp;<\/p>\n<p>&nbsp;<\/p>\n<p>https:\/\/www.facebook.com\/zaiaufficiale\/videos\/660305834795832<\/p>\n","protected":false},"excerpt":{"rendered":"<p>VENEZIA L&#8217;appuntamento giornaliero con il Presidente del Veneto Luca Zaia per la conferenza stampa 16220 persone in isolamento, 5.948 contagiati, 310 in pi\u00f9 rispetto al bollettino di ieri sera e 6 nuove vittime. 1622 ricoverati, posti sottrtti alla degenza normale di qui la contrazione ad alcune attivit\u00e0 ospedaliere e se non lo avessimo fatto oggi&hellip;<\/p>\n","protected":false},"author":4,"featured_media":121391,"comment_status":"closed","ping_status":"closed","sticky":false,"template":"","format":"standard","meta":{"_monsterinsights_skip_tracking":false,"_monsterinsights_sitenote_active":false,"_monsterinsights_sitenote_note":"","_monsterinsights_sitenote_category":0,"footnotes":""},"categories":[49],"tags":[],"class_list":["post-124423","post","type-post","status-publish","format-standard","has-post-thumbnail","hentry","category-news-18","category-49","description-off"],"img_url":"https:\/\/www.radiopiu.net\/wordpress\/wp-content\/uploads\/2020\/03\/covid-zaia.jpg","_links":{"self":[{"href":"https:\/\/www.radiopiu.net\/wordpress\/wp-json\/wp\/v2\/posts\/124423","targetHints":{"allow":["GET"]}}],"collection":[{"href":"https:\/\/www.radiopiu.net\/wordpress\/wp-json\/wp\/v2\/posts"}],"about":[{"href":"https:\/\/www.radiopiu.net\/wordpress\/wp-json\/wp\/v2\/types\/post"}],"author":[{"embeddable":true,"href":"https:\/\/www.radiopiu.net\/wordpress\/wp-json\/wp\/v2\/users\/4"}],"replies":[{"embeddable":true,"href":"https:\/\/www.radiopiu.net\/wordpress\/wp-json\/wp\/v2\/comments?post=124423"}],"version-history":[{"count":0,"href":"https:\/\/www.radiopiu.net\/wordpress\/wp-json\/wp\/v2\/posts\/124423\/revisions"}],"wp:featuredmedia":[{"embeddable":true,"href":"https:\/\/www.radiopiu.net\/wordpress\/wp-json\/wp\/v2\/media\/121391"}],"wp:attachment":[{"href":"https:\/\/www.radiopiu.net\/wordpress\/wp-json\/wp\/v2\/media?parent=124423"}],"wp:term":[{"taxonomy":"category","embeddable":true,"href":"https:\/\/www.radiopiu.net\/wordpress\/wp-json\/wp\/v2\/categories?post=124423"},{"taxonomy":"post_tag","embeddable":true,"href":"https:\/\/www.radiopiu.net\/wordpress\/wp-json\/wp\/v2\/tags?post=124423"}],"curies":[{"name":"wp","href":"https:\/\/api.w.org\/{rel}","templated":true}]}}