{"id":124587,"date":"2020-03-24T18:13:36","date_gmt":"2020-03-24T17:13:36","guid":{"rendered":"https:\/\/www.radiopiu.net\/wordpress\/?p=124587"},"modified":"2020-03-24T18:13:36","modified_gmt":"2020-03-24T17:13:36","slug":"stop-alle-aziende-non-essenziali-le-sigle-sindacali-scrivono-al-prefetto-di-belluno","status":"publish","type":"post","link":"https:\/\/www.radiopiu.net\/wordpress\/stop-alle-aziende-non-essenziali-le-sigle-sindacali-scrivono-al-prefetto-di-belluno\/","title":{"rendered":"STOP ALLE AZIENDE NON ESSENZIALI: LE SIGLE SINDACALI SCRIVONO AL PREFETTO DI BELLUNO"},"content":{"rendered":"<p><strong><a class=\"dt-pswp-item\" href=\"https:\/\/www.radiopiu.net\/wordpress\/wp-content\/uploads\/2020\/03\/SINDACATI.jpg\" data-dt-img-description=\"\" data-large_image_width=\"2048\" data-large_image_height=\"2048\"><img loading=\"lazy\" decoding=\"async\" class=\"size-medium wp-image-121809 alignleft\" src=\"https:\/\/www.radiopiu.net\/wordpress\/wp-content\/uploads\/2020\/03\/SINDACATI-300x300.jpg\" alt=\"\" width=\"300\" height=\"300\" srcset=\"https:\/\/www.radiopiu.net\/wordpress\/wp-content\/uploads\/2020\/03\/SINDACATI-300x300.jpg 300w, https:\/\/www.radiopiu.net\/wordpress\/wp-content\/uploads\/2020\/03\/SINDACATI-1024x1024.jpg 1024w, https:\/\/www.radiopiu.net\/wordpress\/wp-content\/uploads\/2020\/03\/SINDACATI-150x150.jpg 150w, https:\/\/www.radiopiu.net\/wordpress\/wp-content\/uploads\/2020\/03\/SINDACATI-768x768.jpg 768w, https:\/\/www.radiopiu.net\/wordpress\/wp-content\/uploads\/2020\/03\/SINDACATI-1536x1536.jpg 1536w, https:\/\/www.radiopiu.net\/wordpress\/wp-content\/uploads\/2020\/03\/SINDACATI.jpg 2048w\" sizes=\"auto, (max-width: 300px) 100vw, 300px\" \/><\/a>BELLUNO<\/strong> Stop alle attivit\u00e0 non essenziali: appello delle Organizzazioni Sindacali bellunesi al prefetto affinch\u00e9 si adoperi per richiamare gli imprenditori a interpretare concretamente il fondamento prioritario del DPCM di domenica 22 marzo, ossia la sospensione delle attivit\u00e0 produttive e commerciali per evitare il diffondersi del contagio da coronavirus.\u00a0In una lettera inviata questa mattina, marted\u00ec 24 marzo, ad Adriana Cogode, Cgil, Cisl e Uil territoriali invitano il prefetto a svolgere un intervento di sensibilizzazione fra le imprese, per una interpretazione omogenea del Decretoche &#8211; scrivono Mauro De Carli (Cgil), Rudy Roffar\u00e8 (Cisl) e Guglielmo Pisana (Uil) &#8211; \u201c<em>purtroppo ha generato numerose diversit\u00e0 operative all\u2019interno del mondo produttivo, tanto che ora emergono contrapposizioni, sia tra aziende, che tra i lavoratori e le loro rappresentanze e le aziende stesse<\/em>\u201d.\u00a0In particolare, Cgil, Cisl e Uil sottolineano che lo stesso Decreto permette al prefetto una \u201cdiscrezionalit\u00e0 su alcune tipologie di intervento, quelle sulle aziende a ciclo continuo\u201d. Il Decreto infatti consente, previa comunicazione al prefetto, le attivit\u00e0 degli impianti a ciclo produttivo continuo, dalla cui interruzione derivi un grave pregiudizio all\u2019impianto stesso o un pericolo di incidenti. Il prefetto pu\u00f2 sospendere le attivit\u00e0 qualora ritenga che non sussistano le condizioni di pregiudizio o pericolo.\u00a0\u201c<em>La classificazione tra aziende secondo codici Ateco &#8211; scrivono le Organizzazioni sindacali &#8211; non permette di cogliere lo spirito dell\u2019iniziativa del governo, che era quella di sospendere le attivit\u00e0 ad eccezione di quelle ritenute essenziali. Oggi purtroppo assistiamo ad un\u2019applicazione del Decreto solamente secondo la classificazione dei codici, non secondo la vera necessit\u00e0 del Paese, cio\u00e8 quella di evitare il propagarsi del contagio, evitando al massimo qualsiasi forma di contatto o di vicinanza tra le persone, anche e soprattutto nei luoghi di lavoro<\/em>\u201d.\u00a0\u201c<em>Riconosciamo in gran parte del mondo produttivo &#8211; proseguono &#8211; una consapevolezza della gravit\u00e0 del momento, ma allo stesso modo vediamo le scelte di alcune aziende che si stanno nascondendo dietro al tecnicismo del codice, noncuranti delle forti preoccupazioni dei lavoratori. Non nascondiamo il dubbio che alcune di queste scelte siano dettate da logiche di mercato, anche quando gli stessi potenziali clienti hanno scelto di chiudere l\u2019attivit\u00e0<\/em>\u201d.\u00a0Il riferimento al settore dell\u2019occhialeria \u00e8 chiaro: il codice Ateco parla di produzioni ad uso farmaceutico, anche se la totalit\u00e0 delle produzioni attualmente \u00e8 rivolta ai settori della moda e dell\u2019abbigliamento. \u201c<em>Ma registriamo atteggiamenti analoghi anche in aziende del settore della gomma-plastica e del metalmeccanico, aggravate in qualche caso dalla non chiara osservanza delle disposizioni Spisal<\/em>\u201d.\u00a0Le Organizzazioni sindacali, infine, si rivolgono al prefetto sottolineando di non escludere la possibilit\u00e0 di nuove mobilitazioni e proteste contro \u201cun atteggiamento di insensibilit\u00e0 verso la situazione di emergenza e verso la sicurezza della salute pubblica e dei lavoratori\u201d.<\/p>\n","protected":false},"excerpt":{"rendered":"<p>BELLUNO Stop alle attivit\u00e0 non essenziali: appello delle Organizzazioni Sindacali bellunesi al prefetto affinch\u00e9 si adoperi per richiamare gli imprenditori a interpretare concretamente il fondamento prioritario del DPCM di domenica 22 marzo, ossia la sospensione delle attivit\u00e0 produttive e commerciali per evitare il diffondersi del contagio da coronavirus.\u00a0In una lettera inviata questa mattina, marted\u00ec 24&hellip;<\/p>\n","protected":false},"author":4,"featured_media":121809,"comment_status":"closed","ping_status":"closed","sticky":false,"template":"","format":"standard","meta":{"_monsterinsights_skip_tracking":false,"_monsterinsights_sitenote_active":false,"_monsterinsights_sitenote_note":"","_monsterinsights_sitenote_category":0,"footnotes":""},"categories":[49],"tags":[],"class_list":["post-124587","post","type-post","status-publish","format-standard","has-post-thumbnail","hentry","category-news-18","category-49","description-off"],"img_url":"https:\/\/www.radiopiu.net\/wordpress\/wp-content\/uploads\/2020\/03\/SINDACATI.jpg","_links":{"self":[{"href":"https:\/\/www.radiopiu.net\/wordpress\/wp-json\/wp\/v2\/posts\/124587","targetHints":{"allow":["GET"]}}],"collection":[{"href":"https:\/\/www.radiopiu.net\/wordpress\/wp-json\/wp\/v2\/posts"}],"about":[{"href":"https:\/\/www.radiopiu.net\/wordpress\/wp-json\/wp\/v2\/types\/post"}],"author":[{"embeddable":true,"href":"https:\/\/www.radiopiu.net\/wordpress\/wp-json\/wp\/v2\/users\/4"}],"replies":[{"embeddable":true,"href":"https:\/\/www.radiopiu.net\/wordpress\/wp-json\/wp\/v2\/comments?post=124587"}],"version-history":[{"count":0,"href":"https:\/\/www.radiopiu.net\/wordpress\/wp-json\/wp\/v2\/posts\/124587\/revisions"}],"wp:featuredmedia":[{"embeddable":true,"href":"https:\/\/www.radiopiu.net\/wordpress\/wp-json\/wp\/v2\/media\/121809"}],"wp:attachment":[{"href":"https:\/\/www.radiopiu.net\/wordpress\/wp-json\/wp\/v2\/media?parent=124587"}],"wp:term":[{"taxonomy":"category","embeddable":true,"href":"https:\/\/www.radiopiu.net\/wordpress\/wp-json\/wp\/v2\/categories?post=124587"},{"taxonomy":"post_tag","embeddable":true,"href":"https:\/\/www.radiopiu.net\/wordpress\/wp-json\/wp\/v2\/tags?post=124587"}],"curies":[{"name":"wp","href":"https:\/\/api.w.org\/{rel}","templated":true}]}}