{"id":124780,"date":"2020-03-25T23:59:10","date_gmt":"2020-03-25T22:59:10","guid":{"rendered":"https:\/\/www.radiopiu.net\/wordpress\/?p=124780"},"modified":"2020-03-25T16:36:53","modified_gmt":"2020-03-25T15:36:53","slug":"solidarieta-e-incoraggiamento-per-la-vicenda-del-corona-virus-di-renato-bona","status":"publish","type":"post","link":"https:\/\/www.radiopiu.net\/wordpress\/solidarieta-e-incoraggiamento-per-la-vicenda-del-corona-virus-di-renato-bona\/","title":{"rendered":"SOLIDARIETA\u2019 E INCORAGGIAMENTO PER LA VICENDA DEL \u201cCORONA VIRUS\u201d di RENATO BONA"},"content":{"rendered":"<p><span class=\"_5yl5\"><strong>BELLUNO<\/strong> Jos\u00e8 Soccal del Centro missionario della Diocesi di Belluno-Feltre diretto da don Luigi Canal \u2013 lo annuncia il sito chiesabellunofeltre \u2013 ha \u201cchiesto a tre missionari, partiti dalla nostra terra, un breve video per la nostra Chiesa, in questo momento di prova dovuto all\u2019epidemia di Coronavirus\u201d e precisa: Don Bruno Soppelsa ci manda un video dalla Thailandia, il vescovo Virgilio Pante dal Kenya, Daniela Camuffo dal Brasile. Tutti e tre hanno risposto a queste domande: Chi sei e dove ti trovi? Com\u2019\u00e8 la situazione nel paese? Che cosa vuoi dire ai tuoi conterranei? La loro parola di speranza \u2013 conclude Soccal &#8211; diventa un incoraggiamento anche per noi. Ed ecco, di seguito, la trascrizione che abbiamo effettuato delle dichiarazioni dei tre missionari. DON BRUNO SOPPELSA (Nato a Caviola l\u201911 giugno1969, missionario in Costa d\u2019Avorio dal 2001, a servizio dell\u2019Arcidiocesi di Bouak\u00e9, ora in Thailandia). \u201c Il Corona virus ha ripreso la sua marcia che sembrava essere terminata; siamo arrivati a 720 infettati e anche nelle province stanno arrivando i primi casi, qui gi\u00e0 una ventina; il governo ci ha obbligati a mettere le maschere, ha chiuso tutti i locali, gli alberghi, tutto tranne le farmacie e i negozi di generi alimentari; a noi \u00e8 stato detto di non celebrare pi\u00f9 le messe per la gente, un po\u2019 come da voi. Cosa dirvi: che siamo con voi, anche la nostra gente che guarda la televisione: l\u2019Italia \u00e8 sulla bocca di tutti, la gente prega per voi e noi vi ricordiamo tutti i giorni, dunque non sentitevi abbandonati ed andate avanti con la certezza che c\u2019\u00e8 tanta gente che vi sostiene con la preghiera. Occorre senso di responsabilit\u00e0; qui non abbiamo le misure di sicurezza come da voi ma un poco alla volta vi arriveremo\u2026 cerchiamo di ascoltare quello che ci viene detto, con senso civico di rispetto per la vita nostra e la vita di chi ci sta intorno; \u00e8 difficile, certo, ma l\u2019obiettivo finale \u00e8 la liberazione da questo virus; cerchiamo di essere uomini di speranza; noi cristiani dobbiamo essere uomini di speranza che non si fermano alle statistiche, ai morti,alle previsioni nefaste\u2026 c\u2019\u00e8 tanto bene in giro, guardiamolo, c\u2019\u00e8 tanta gente, persone che si donano, che muoiono per vincere, debellare questo virus; sono perle di bene che ci fanno intravvedere una resurrezione, una Pasqua che vivremo e celebreremo; quindi, avanti insieme nella responsabilit\u00e0 e nella speranza. Un forte abbraccio a tutti\u201d. VIRGILIO PANTE (Nato a Lamon il 16 marzo 1946; missionario in Kenya dal 1972, nelle diocesi di Nyeri, Marsabit, Kisumu, Nairobi e Mararal; attualmente \u00e8 vescovo di quest\u2019ultima diocesi). \u201cCarissimi, sono Pante Virgilio, vescovo in Kenia, diocesi di Malala. Qui da noi ci sono solo 15 casi sicuri di Corona virus a Nairobi, la capitale; ma saranno probabilmente molti di pi\u00f9 perch\u00e9 qui non abbiamo tanti strumenti per misurare\u2026 Stiamo educando la gente a stare attenti\u2026 Il messaggio che mando a voi, cari paesani, \u00e8 di avere pazienza, che \u00e8 la virt\u00f9 dei forti; noi siamo nelle mani del Signore e lui non pu\u00f2 abbandonarci; cerchiamo di essere obbedienti, di seguire le regole che ci danno, il governo, la Chiesa\u2026 anche questo \u00e8 un modo per essere caritatevoli gli uni verso gli altri, per rispettare la vita nostra e degli altri, perch\u00e9 questa cosa che il Signore ci manda avr\u00e0 anche degli aspetti positivi che noi adesso non conosciamo, perch\u00e9 Il Signore ricava anche dal male il bene; \u00e8 un momento di prova, arriver\u00e0 anche la resurrezione!; coraggio stiamo insieme in comunione di preghiera\u201d. DANIELA CAMUFFO (Nata a Belluno il 6 maggio 1973; appartiene alla Comunit\u00e0 missionaria dall\u2019ottobre del2000; \u00e8 in missione a San Paolo del Brasile dal 2013). \u201cCiao, a tutti, sono di Belluno, sono della Comunit\u00e0 di Villaregia e mi trovo a San Paolo del Brasile, alla periferia di questa grande citt\u00e0. Il virus sta arrivando e stiamo cominciando ad organizzarci perch\u00e9 da questo fine settimana sono iniziate le restrizioni, hanno sospeso gli eventi, hanno fermato i mezzi pubblici\u2026 quindi dobbiamo stare a casa; ed \u00e8 cominciata la quarantena di due settimane; stiamo cercando di sensibilizzare le persone perch\u00e9 non tutti ancora capiscono, ci credono, pare una cosa tanto lontana\u2026 Comunichiamo il pi\u00f9 possibile con le reti sociali e in questo modo riusciamo a rimanere in contatto con la gente. Come lo diciamo qui, vorrei dirlo anche a voi che l\u2019unico modo \u00e8 fermarsi, stare in casa il pi\u00f9 possibile, cercando di vivere bene questo tempo che \u00e8 una quaresima diversa, un sacrificio che di sicuro noi non avremmo scelto, consapevoli comunque che Dio non fa nulla a caso\u201d.<\/span><\/p>\n\n\t\t\t<style type='text\/css'>\n\t\t\t\t#gallery-1 {\n\t\t\t\t\tmargin: auto;\n\t\t\t\t}\n\t\t\t\t#gallery-1 .gallery-item {\n\t\t\t\t\tfloat: left;\n\t\t\t\t\tmargin-top: 10px;\n\t\t\t\t\ttext-align: center;\n\t\t\t\t\twidth: 33%;\n\t\t\t\t}\n\t\t\t\t#gallery-1 img {\n\t\t\t\t\tborder: 2px solid #cfcfcf;\n\t\t\t\t}\n\t\t\t\t#gallery-1 .gallery-caption {\n\t\t\t\t\tmargin-left: 0;\n\t\t\t\t}\n\t\t\t\t\/* see gallery_shortcode() in wp-includes\/media.php *\/\n\t\t\t<\/style>\n\t\t<div id='gallery-1' class='dt-gallery-container gallery galleryid-124780 gallery-columns-3 gallery-size-thumbnail'><dl class='gallery-item'>\n\t\t\t\t<dt class='gallery-icon portrait'>\n\t\t\t\t\t<a class=\"rollover\" href='https:\/\/www.radiopiu.net\/wordpress\/solidarieta-e-incoraggiamento-per-la-vicenda-del-corona-virus-di-renato-bona\/90943402_934297840362064_4619604872969322496_n\/'><img loading=\"lazy\" decoding=\"async\" width=\"150\" height=\"150\" src=\"https:\/\/www.radiopiu.net\/wordpress\/wp-content\/uploads\/2020\/03\/90943402_934297840362064_4619604872969322496_n-150x150.jpg\" class=\"attachment-thumbnail size-thumbnail\" alt=\"\" \/><\/a>\n\t\t\t\t<\/dt><\/dl><dl class='gallery-item'>\n\t\t\t\t<dt class='gallery-icon portrait'>\n\t\t\t\t\t<a class=\"rollover\" href='https:\/\/www.radiopiu.net\/wordpress\/solidarieta-e-incoraggiamento-per-la-vicenda-del-corona-virus-di-renato-bona\/90631950_202467734519313_9052943289258344448_n\/'><img loading=\"lazy\" decoding=\"async\" width=\"150\" height=\"150\" src=\"https:\/\/www.radiopiu.net\/wordpress\/wp-content\/uploads\/2020\/03\/90631950_202467734519313_9052943289258344448_n-150x150.jpg\" class=\"attachment-thumbnail size-thumbnail\" alt=\"\" \/><\/a>\n\t\t\t\t<\/dt><\/dl><dl class='gallery-item'>\n\t\t\t\t<dt class='gallery-icon portrait'>\n\t\t\t\t\t<a class=\"rollover\" href='https:\/\/www.radiopiu.net\/wordpress\/solidarieta-e-incoraggiamento-per-la-vicenda-del-corona-virus-di-renato-bona\/90767040_236971854112330_1275915830227369984_n\/'><img loading=\"lazy\" decoding=\"async\" width=\"150\" height=\"150\" src=\"https:\/\/www.radiopiu.net\/wordpress\/wp-content\/uploads\/2020\/03\/90767040_236971854112330_1275915830227369984_n-150x150.jpg\" class=\"attachment-thumbnail size-thumbnail\" alt=\"\" \/><\/a>\n\t\t\t\t<\/dt><\/dl><br style=\"clear: both\" \/>\n\t\t\t<\/div>\n\n<p>&nbsp;<\/p>\n<p><span class=\"_5yl5\">NELLE FOTO (sito chiesabellunofeltre): don Bruno Soppelsa; mons. Virgilio Pante; Daniela Camuffo della Comunit\u00e0 di Villaregia.<\/span><\/p>\n","protected":false},"excerpt":{"rendered":"<p>BELLUNO Jos\u00e8 Soccal del Centro missionario della Diocesi di Belluno-Feltre diretto da don Luigi Canal \u2013 lo annuncia il sito chiesabellunofeltre \u2013 ha \u201cchiesto a tre missionari, partiti dalla nostra terra, un breve video per la nostra Chiesa, in questo momento di prova dovuto all\u2019epidemia di Coronavirus\u201d e precisa: Don Bruno Soppelsa ci manda un&hellip;<\/p>\n","protected":false},"author":1,"featured_media":124781,"comment_status":"closed","ping_status":"closed","sticky":false,"template":"","format":"standard","meta":{"_monsterinsights_skip_tracking":false,"_monsterinsights_sitenote_active":false,"_monsterinsights_sitenote_note":"","_monsterinsights_sitenote_category":0,"footnotes":""},"categories":[49],"tags":[],"class_list":["post-124780","post","type-post","status-publish","format-standard","has-post-thumbnail","hentry","category-news-18","category-49","description-off"],"img_url":"https:\/\/www.radiopiu.net\/wordpress\/wp-content\/uploads\/2020\/03\/90943402_934297840362064_4619604872969322496_n.jpg","_links":{"self":[{"href":"https:\/\/www.radiopiu.net\/wordpress\/wp-json\/wp\/v2\/posts\/124780","targetHints":{"allow":["GET"]}}],"collection":[{"href":"https:\/\/www.radiopiu.net\/wordpress\/wp-json\/wp\/v2\/posts"}],"about":[{"href":"https:\/\/www.radiopiu.net\/wordpress\/wp-json\/wp\/v2\/types\/post"}],"author":[{"embeddable":true,"href":"https:\/\/www.radiopiu.net\/wordpress\/wp-json\/wp\/v2\/users\/1"}],"replies":[{"embeddable":true,"href":"https:\/\/www.radiopiu.net\/wordpress\/wp-json\/wp\/v2\/comments?post=124780"}],"version-history":[{"count":0,"href":"https:\/\/www.radiopiu.net\/wordpress\/wp-json\/wp\/v2\/posts\/124780\/revisions"}],"wp:featuredmedia":[{"embeddable":true,"href":"https:\/\/www.radiopiu.net\/wordpress\/wp-json\/wp\/v2\/media\/124781"}],"wp:attachment":[{"href":"https:\/\/www.radiopiu.net\/wordpress\/wp-json\/wp\/v2\/media?parent=124780"}],"wp:term":[{"taxonomy":"category","embeddable":true,"href":"https:\/\/www.radiopiu.net\/wordpress\/wp-json\/wp\/v2\/categories?post=124780"},{"taxonomy":"post_tag","embeddable":true,"href":"https:\/\/www.radiopiu.net\/wordpress\/wp-json\/wp\/v2\/tags?post=124780"}],"curies":[{"name":"wp","href":"https:\/\/api.w.org\/{rel}","templated":true}]}}