{"id":124829,"date":"2020-03-25T17:12:40","date_gmt":"2020-03-25T16:12:40","guid":{"rendered":"https:\/\/www.radiopiu.net\/wordpress\/?p=124829"},"modified":"2020-03-25T17:29:05","modified_gmt":"2020-03-25T16:29:05","slug":"cordoglio-per-la-morte-di-liana-bortolon","status":"publish","type":"post","link":"https:\/\/www.radiopiu.net\/wordpress\/cordoglio-per-la-morte-di-liana-bortolon\/","title":{"rendered":"Cordoglio per la morte di Liana Bortolon."},"content":{"rendered":"<p>&nbsp;<\/p>\n<p align=\"JUSTIFY\"><strong><a class=\"dt-pswp-item\" href=\"https:\/\/www.radiopiu.net\/wordpress\/wp-content\/uploads\/2020\/03\/cdb94dac-f852-4ef2-b653-31dcc9fc7dcb.jpg\" data-dt-img-description=\"\" data-large_image_width=\"1600\" data-large_image_height=\"1133\"><img loading=\"lazy\" decoding=\"async\" class=\"wp-image-124839 alignleft\" src=\"https:\/\/www.radiopiu.net\/wordpress\/wp-content\/uploads\/2020\/03\/cdb94dac-f852-4ef2-b653-31dcc9fc7dcb-1024x725.jpg\" alt=\"\" width=\"253\" height=\"179\" srcset=\"https:\/\/www.radiopiu.net\/wordpress\/wp-content\/uploads\/2020\/03\/cdb94dac-f852-4ef2-b653-31dcc9fc7dcb-1024x725.jpg 1024w, https:\/\/www.radiopiu.net\/wordpress\/wp-content\/uploads\/2020\/03\/cdb94dac-f852-4ef2-b653-31dcc9fc7dcb-300x212.jpg 300w, https:\/\/www.radiopiu.net\/wordpress\/wp-content\/uploads\/2020\/03\/cdb94dac-f852-4ef2-b653-31dcc9fc7dcb-768x544.jpg 768w, https:\/\/www.radiopiu.net\/wordpress\/wp-content\/uploads\/2020\/03\/cdb94dac-f852-4ef2-b653-31dcc9fc7dcb-1536x1088.jpg 1536w, https:\/\/www.radiopiu.net\/wordpress\/wp-content\/uploads\/2020\/03\/cdb94dac-f852-4ef2-b653-31dcc9fc7dcb.jpg 1600w\" sizes=\"auto, (max-width: 253px) 100vw, 253px\" \/><\/a>FELTRE\u00a0<\/strong> <span style=\"font-size: large;\">La notizia della scomparsa di Liana Bortolon ha destato profondo cordoglio nel mondo della cultura feltrina e nell\u2019Amministrazione. Come non ricordare, tra le sue iniziative a favore della citt\u00e0 che amava profondamente, la donazione fatta nel 2007 al Comune di Feltre della sua collezione d&#8217;opere d&#8217;arte comprendente oltre 90 lavori di maestri del &#8216;900. Alla prestigiosa raccolta vennero dedicati una mostra e un catalogo e successivamente fu allestita una sezione stabile all&#8217;interno della Galleria d&#8217;arte moderna \u201cCarlo Rizzarda\u201d. In uno dei testi del catalogo Liana Bortolon scriveva: \u00abDesidero che tutto questo appartenga a Feltre, la citt\u00e0 dove sono nata e dove mi sono aperta al richiamo della bellezza. Desidero che i giovani condividano questa passione e nel condividerla mi ricordino\u00bb.\u00a0 (FOTO Ritratto della pittrice Wanda Broggi)<\/span><\/p>\n<p align=\"JUSTIFY\"><span style=\"font-size: large;\">Cos\u00ec la ricorda oggi Tiziana Casagrande, conservatrice dei musei cittadini. <\/span><span style=\"font-size: large;\">\u00abFeltre non scorder\u00e0 sicuramente questa donna intelligente, indipendente e generosa, che, partendo dalla nostra citt\u00e0, si \u00e8 saputa affermare nel mondo giornalistico e dell&#8217;arte, in un periodo non facile, soprattutto per una donna. Fin dal primo incontro nel 2006 la preoccupazione di Liana \u00e8 stata quella di garantire l&#8217;unitariet\u00e0 e la fruizione pubblica di una collezione che ci parla di lei, delle sue frequentazioni e dei suoi gusti e rappresenta un&#8217;ideale prosecuzione della volont\u00e0 del fondatore del museo, Carlo Rizzarda, di ampliare le raccolte. Prodiga sempre di consigli e fortemente legata a Feltre, ha di frequente messo a disposizione le sue conoscenze nel mondo dell&#8217;arte per facilitare la realizzazione di numerose iniziative. Opere come Porto di Antibes di Bruno Cassinari o Danzatrici di Massimo Campigli continueranno a parlarci di lei e di quel \u201crichiamo alla bellezza\u201d che deve infondere coraggio e speranza, anche nei periodi pi\u00f9 bui\u00bb. <\/span><\/p>\n<p align=\"JUSTIFY\"><span style=\"font-size: large;\">Profondo cordoglio per la scomparsa di Liana Bortolon sono stati espressi anche dal sindaco Paolo Perenzin e dal vicesindaco e assessore alla cultura Alessandro del Bianco a nome di tutta la comunit\u00e0: \u201cCon liana Bortolon la citt\u00e0 perde oltre che una donna di grande spessore culturale, un\u2019autentica amica di Feltre, che ha fatto dell\u2019amore per l\u2019arte e la bellezza un tutt\u2019uno con la passione per la nostra storia e il suo straordinario patrimonio\u201d.<\/span><\/p>\n<p>&nbsp;<\/p>\n<p>&nbsp;<\/p>\n<p><a class=\"dt-pswp-item\" href=\"https:\/\/www.radiopiu.net\/wordpress\/wp-content\/uploads\/2020\/03\/download-42.jpg\" data-dt-img-description=\"\" data-large_image_width=\"251\" data-large_image_height=\"201\"><img loading=\"lazy\" decoding=\"async\" class=\"size-full wp-image-124830 alignright\" src=\"https:\/\/www.radiopiu.net\/wordpress\/wp-content\/uploads\/2020\/03\/download-42.jpg\" alt=\"\" width=\"251\" height=\"201\" \/><\/a><strong>WIKIPEDIA (<em>Feltre<\/em>, 13 aprile 1923)\u00a0<\/strong> Figlia del geometra libero professionista Aldo e di Teresa Sernaglia, dopo l&#8217;esame di maturit\u00e0 classica a Belluno si iscrisse nel 1941 all&#8217;<a title=\"Universit\u00e0 Cattolica del Sacro Cuore\" href=\"https:\/\/it.wikipedia.org\/wiki\/Universit%C3%A0_Cattolica_del_Sacro_Cuore\">Universit\u00e0 Cattolica del Sacro Cuore<\/a>\u00a0di Milano. Dopo il 25 luglio 1943, rientr\u00f2 a Feltre. Durante i venti mesi della Resistenza antifascista feltrina partecip\u00f2 come staffetta all&#8217;attivit\u00e0 partigiana. Faceva riferimento al gruppo organizzato del monsignor\u00a0<a title=\"Giulio Gaio\" href=\"https:\/\/it.wikipedia.org\/wiki\/Giulio_Gaio\">Giulio Gaio<\/a>\u00a0e del tenente colonnello\u00a0<a title=\"Angelo Giuseppe Zancanaro\" href=\"https:\/\/it.wikipedia.org\/wiki\/Angelo_Giuseppe_Zancanaro\">Angelo Giuseppe Zancanaro<\/a>. Ag\u00ec secondo le indicazioni dei suoi amici sacerdoti: don Giovanni Paoletti (preside delle locali scuole magistrali) e don Luigi Feltrin (cappellano militare e insegnante di religione). Era cugina del comandante partigiano Luigi Bortolon \u201cToti\u201d, figlio di Annibale, il rappresentante dei liberali nel CLN feltrino. Il 19 giugno del 1944, nella tragica \u201cnotte di santa Marina\u201d, assistette all&#8217;assassinio da parte dei nazi-fascisti dell&#8217;ingegner Vendrami, suo vicino di casa. Tra le altre tragedie che la coinvolsero in quel periodo fu il 5 agosto la fucilazione di\u00a0<a title=\"Alvaro Bari\" href=\"https:\/\/it.wikipedia.org\/wiki\/Alvaro_Bari\">Alvaro Bari<\/a>\u00a0che conosceva perch\u00e9 era il fidanzato di \u201cPupa\u201d Banchieri (Maria Angela), sua amica d&#8217;infanzia e in ottobre la deportazione dello zio Annibale Bortolon nei lager di\u00a0<a title=\"Bolzano\" href=\"https:\/\/it.wikipedia.org\/wiki\/Bolzano\">Bolzano<\/a>\u00a0e di\u00a0<a title=\"Campo di concentramento di Dachau\" href=\"https:\/\/it.wikipedia.org\/wiki\/Campo_di_concentramento_di_Dachau\">Dachau<\/a>.<\/p>\n","protected":false},"excerpt":{"rendered":"<p>&nbsp; FELTRE\u00a0 La notizia della scomparsa di Liana Bortolon ha destato profondo cordoglio nel mondo della cultura feltrina e nell\u2019Amministrazione. Come non ricordare, tra le sue iniziative a favore della citt\u00e0 che amava profondamente, la donazione fatta nel 2007 al Comune di Feltre della sua collezione d&#8217;opere d&#8217;arte comprendente oltre 90 lavori di maestri del&hellip;<\/p>\n","protected":false},"author":1,"featured_media":124839,"comment_status":"closed","ping_status":"closed","sticky":false,"template":"","format":"standard","meta":{"_monsterinsights_skip_tracking":false,"_monsterinsights_sitenote_active":false,"_monsterinsights_sitenote_note":"","_monsterinsights_sitenote_category":0,"footnotes":""},"categories":[49],"tags":[],"class_list":["post-124829","post","type-post","status-publish","format-standard","has-post-thumbnail","hentry","category-news-18","category-49","description-off"],"img_url":"https:\/\/www.radiopiu.net\/wordpress\/wp-content\/uploads\/2020\/03\/cdb94dac-f852-4ef2-b653-31dcc9fc7dcb.jpg","_links":{"self":[{"href":"https:\/\/www.radiopiu.net\/wordpress\/wp-json\/wp\/v2\/posts\/124829","targetHints":{"allow":["GET"]}}],"collection":[{"href":"https:\/\/www.radiopiu.net\/wordpress\/wp-json\/wp\/v2\/posts"}],"about":[{"href":"https:\/\/www.radiopiu.net\/wordpress\/wp-json\/wp\/v2\/types\/post"}],"author":[{"embeddable":true,"href":"https:\/\/www.radiopiu.net\/wordpress\/wp-json\/wp\/v2\/users\/1"}],"replies":[{"embeddable":true,"href":"https:\/\/www.radiopiu.net\/wordpress\/wp-json\/wp\/v2\/comments?post=124829"}],"version-history":[{"count":0,"href":"https:\/\/www.radiopiu.net\/wordpress\/wp-json\/wp\/v2\/posts\/124829\/revisions"}],"wp:featuredmedia":[{"embeddable":true,"href":"https:\/\/www.radiopiu.net\/wordpress\/wp-json\/wp\/v2\/media\/124839"}],"wp:attachment":[{"href":"https:\/\/www.radiopiu.net\/wordpress\/wp-json\/wp\/v2\/media?parent=124829"}],"wp:term":[{"taxonomy":"category","embeddable":true,"href":"https:\/\/www.radiopiu.net\/wordpress\/wp-json\/wp\/v2\/categories?post=124829"},{"taxonomy":"post_tag","embeddable":true,"href":"https:\/\/www.radiopiu.net\/wordpress\/wp-json\/wp\/v2\/tags?post=124829"}],"curies":[{"name":"wp","href":"https:\/\/api.w.org\/{rel}","templated":true}]}}