{"id":124969,"date":"2020-03-26T08:33:07","date_gmt":"2020-03-26T07:33:07","guid":{"rendered":"https:\/\/www.radiopiu.net\/wordpress\/?p=124969"},"modified":"2020-03-26T07:24:44","modified_gmt":"2020-03-26T06:24:44","slug":"frena-il-contagio-in-italia-ma-non-nel-veneto-nelle-case-di-riposo-il-dramma-quotidiano","status":"publish","type":"post","link":"https:\/\/www.radiopiu.net\/wordpress\/frena-il-contagio-in-italia-ma-non-nel-veneto-nelle-case-di-riposo-il-dramma-quotidiano\/","title":{"rendered":"FRENA IL CONTAGIO IN ITALIA MA NON NEL VENETO. NELLE CASE DI RIPOSO IL DRAMMA QUOTIDIANO,"},"content":{"rendered":"<h3>SONO GIA&#8217; 30 LE VITTIME TRA I NOSTRI ANZIANI, <span style=\"color: #008000;\">547 GLI INFETTI, NEL CONTO ANCHE I DIPENDENTI DELLE STRUTTURE<\/span><\/h3>\n<p><span style=\"color: #ff0000;\">di Mirko<\/span> Mezz<span style=\"color: #339966;\">acasa\u00a0<\/span><\/p>\n<p><em>Per il quarto giorno consecutivo, cala il numero dei contagi da Coronavirus in Italia. Frena anche l&#8217;aumento delle vittime.\u00a0Sono 74.386 i casi totali in Italia (57.521 attualmente attivi), 7.503 i morti e 9.362 guariti. \u00a0Stati Uniti, 60mila positivi al Covid-19: 200 morti nelle ultime 24 ore; \u00a0Positivo al test il principe Carlo; \u00a0ONU: &#8220;L\u2019umanit\u00e0 intera \u00e8 minacciata&#8221;.<\/em><\/p>\n<p><a class=\"dt-pswp-item\" href=\"https:\/\/www.radiopiu.net\/wordpress\/wp-content\/uploads\/2020\/03\/daeed3bc-1814-4b7d-ae14-8f35b0d75aec.jpg\" data-dt-img-description=\"\" data-large_image_width=\"720\" data-large_image_height=\"1440\"><img loading=\"lazy\" decoding=\"async\" class=\"wp-image-124962 alignleft\" src=\"https:\/\/www.radiopiu.net\/wordpress\/wp-content\/uploads\/2020\/03\/daeed3bc-1814-4b7d-ae14-8f35b0d75aec-512x1024.jpg\" alt=\"\" width=\"160\" height=\"320\" srcset=\"https:\/\/www.radiopiu.net\/wordpress\/wp-content\/uploads\/2020\/03\/daeed3bc-1814-4b7d-ae14-8f35b0d75aec-512x1024.jpg 512w, https:\/\/www.radiopiu.net\/wordpress\/wp-content\/uploads\/2020\/03\/daeed3bc-1814-4b7d-ae14-8f35b0d75aec-150x300.jpg 150w, https:\/\/www.radiopiu.net\/wordpress\/wp-content\/uploads\/2020\/03\/daeed3bc-1814-4b7d-ae14-8f35b0d75aec.jpg 720w\" sizes=\"auto, (max-width: 160px) 100vw, 160px\" \/><\/a>Mentre in Italia il contagio frena In Veneto il 25 marzo sar\u00e0 ricordato come il giorno del dramma, 37 morti in 24 ore, 517 i contagiati l&#8217;incitamento alla speranza \u00e8 il numero dei pazienti ricoverati in terapia intensiva, ieri l&#8217;aumento si \u00e8 fermato a 4 in pi\u00f9 del giorno prima. Ieri sera negli ospedali veneti si contavano 318 pazienti in terapia intensiva che sono tanti, ma sono anche 160 in meno grazie gli oltre 70 mila tamponi eseguiti, soprattutto alle restrizioni adottate dai decreti governativi e dalle ordinanze della Regione. Il Presidente Luca Zaia ha annunciato che sono arrivati 100 respiratori che permetteranno l&#8217;attivazione di 825 posti letto, quelli programmati per i reparti di rianimazione. 13 milioni di mascherine chirurgiche acquistate che saranno distribuire negli ospedali, case di riposo e centri servizi. 2 milioni le mascherine Fpp3 a maggiore protezione. Continuano le sperimentazioni dei nuovi farmaci e anche la pioggia di donazioni, ieri il gruppo De Longhi ha portato nelle casse della Regione 3 milioni di euro per combattere il virus. E&#8217; invece critica la situazione nelle case di riposo, ieri l&#8217;assessore Manuela Lanzarin ha reso noti i dati regionali, nelle 360 case di assistenza sono risultati positivi al virus 336 ospiti e 211 dipendenti, 30 i deceduti. Nelle strutture bellunesi 46 gli ospiti positivi e 10 dipendenti che hanno contratto il virus, lunedi importante incontro tra i direttori dei servizi territoriali mentre la Ulss annuncia un gruppo di lavoro dedicato al supporto dei centri servizi. I direttori Boito e Santesso denunciano: &#8220;La prossima settimana arriveranno le mascherine FFP2 quelle che mancano sull&#8217;intero territorio europeo&#8221;.\u00a0 L&#8217;economia bellunese sta sprofondando, dal turismo all&#8217;industria al tessuto artigianale, le difficolt\u00e0 sono evidenti. Gli uffici delle associazioni di categoria ricevono di continuo richieste legate all&#8217;emergenza e all&#8217;accesso agli ammortizzatori sociali, quasi 200 richieste solo ieri tanto dai piccoli industriali che dagli artigiani. Degli allevatori e agricoltori si parla sempre poco, solo un accenno ieri per il crollo dei prezzi e l&#8217;allarme speculazione lanciato da Coldiretti, ma anche questa categoria \u00e8 in sofferenza e al virus si aggiunge il continuo pasto dei lupi, dopo le pecore in Alpago \u00e8 strage anche di daini, 18 in poche ore in un recinto che ne conteneva 23. Il capitolo dei &#8220;de coccio&#8221; continua a riempirsi di nomi, martedi sono state denunciate 70 persone il giorno prima 35, immancabili le sospensioni di licenze &#8211; almeno una al giorno &#8211; per i commercianti poco rispettosi delle ordinanze soprattutto senza rispetto per l&#8217;intera categoria. La Prefettura ha comunicato che nei primi\u00a0 due giorni della settimana sono stati effettuati 1862 controlli su persone, quasi 6000 nei negozi.\u00a0 Ottava vittima del coronavirus in provincia, la quinta all&#8217;ospedale San Martino dove ieri ha smesso di respirare Clara Maraga, storica commerciante di 92 anni del Mas di Sedico dove ha gestito l&#8217;attivit\u00e0 per anni con il marito Mario Fregona (foto). Anche ieri 26 contagi in pi\u00f9 con nuovi casi da Falcade a Cortina che ha fatto segnare un triste record (28 nuovi casi), 1149 i bellunesi in isolamento, 306 i tamponi positivi.Negli ospedali 45 pazienti al San Martino, 8 al Santa Maria del Prato di Feltre, 11 ad Agordo e 8 in terapia intensiva. In vista di altri ricoveri sono gi\u00e0 stati previsti altri posti letto. La bella notizia \u00e8 arrivata ieri sera dal sindaco di Cencenighe Mauro Soppelsa, il carico di aiuti in arrivo dalla Cina \u00e8 stato sdoganato, un pensiero di un cittadino cinese legato al paese agordino. Da oggi arriveranno le pensioni, assegni importanti perch\u00e9 dopo 8 anni c&#8217;\u00e8 l&#8217;aumento, l&#8217;invito \u00e8 di non recarsi negli uffici ma chi non \u00e8 organizzato in via telematica potr\u00e0 accedere allo sportello rispettando la turnazione alfabetica per cognome da oggi al 1 aprile.\u00a0 In questo scenario di guerra tra la confusione generale dettata dalla paura ieri il Ministro friulano Patuanelli ha scelto il nuovo commissario per la Wanbao di Villa di Villa che conta 290 dipendenti, la sconosciuta Anna De Pasquale guarda il caso friulana anche lei come il Ministro. Maurizio Castro scompare dal risiko di Villa di Villa a Mel (verrebbe da usare un altro termine che rende di pi\u00f9 ma non \u00e8 politicamente corretto) eppure era gradito dal Ministro D&#8217;Inc\u00e0 che ieri in proposito non ha proferito parola diversamente dal deputato Dario Bond che non ha mancato di inviare una pepata critica.<\/p>\n<p>&nbsp;<\/p>\n<p>&nbsp;<\/p>\n","protected":false},"excerpt":{"rendered":"<p>SONO GIA&#8217; 30 LE VITTIME TRA I NOSTRI ANZIANI, 547 GLI INFETTI, NEL CONTO ANCHE I DIPENDENTI DELLE STRUTTURE di Mirko Mezzacasa\u00a0 Per il quarto giorno consecutivo, cala il numero dei contagi da Coronavirus in Italia. Frena anche l&#8217;aumento delle vittime.\u00a0Sono 74.386 i casi totali in Italia (57.521 attualmente attivi), 7.503 i morti e 9.362&hellip;<\/p>\n","protected":false},"author":1,"featured_media":124861,"comment_status":"closed","ping_status":"closed","sticky":false,"template":"","format":"standard","meta":{"_monsterinsights_skip_tracking":false,"_monsterinsights_sitenote_active":false,"_monsterinsights_sitenote_note":"","_monsterinsights_sitenote_category":0,"footnotes":""},"categories":[51,49],"tags":[],"class_list":["post-124969","post","type-post","status-publish","format-standard","has-post-thumbnail","hentry","category-evidenza-top","category-news-18","category-51","category-49","description-off"],"img_url":"https:\/\/www.radiopiu.net\/wordpress\/wp-content\/uploads\/2020\/03\/e01e1674-4a7e-434e-9d2e-b1a69733b641.jpg","_links":{"self":[{"href":"https:\/\/www.radiopiu.net\/wordpress\/wp-json\/wp\/v2\/posts\/124969","targetHints":{"allow":["GET"]}}],"collection":[{"href":"https:\/\/www.radiopiu.net\/wordpress\/wp-json\/wp\/v2\/posts"}],"about":[{"href":"https:\/\/www.radiopiu.net\/wordpress\/wp-json\/wp\/v2\/types\/post"}],"author":[{"embeddable":true,"href":"https:\/\/www.radiopiu.net\/wordpress\/wp-json\/wp\/v2\/users\/1"}],"replies":[{"embeddable":true,"href":"https:\/\/www.radiopiu.net\/wordpress\/wp-json\/wp\/v2\/comments?post=124969"}],"version-history":[{"count":0,"href":"https:\/\/www.radiopiu.net\/wordpress\/wp-json\/wp\/v2\/posts\/124969\/revisions"}],"wp:featuredmedia":[{"embeddable":true,"href":"https:\/\/www.radiopiu.net\/wordpress\/wp-json\/wp\/v2\/media\/124861"}],"wp:attachment":[{"href":"https:\/\/www.radiopiu.net\/wordpress\/wp-json\/wp\/v2\/media?parent=124969"}],"wp:term":[{"taxonomy":"category","embeddable":true,"href":"https:\/\/www.radiopiu.net\/wordpress\/wp-json\/wp\/v2\/categories?post=124969"},{"taxonomy":"post_tag","embeddable":true,"href":"https:\/\/www.radiopiu.net\/wordpress\/wp-json\/wp\/v2\/tags?post=124969"}],"curies":[{"name":"wp","href":"https:\/\/api.w.org\/{rel}","templated":true}]}}