{"id":124998,"date":"2020-03-26T12:33:43","date_gmt":"2020-03-26T11:33:43","guid":{"rendered":"https:\/\/www.radiopiu.net\/wordpress\/?p=124998"},"modified":"2020-03-26T22:32:49","modified_gmt":"2020-03-26T21:32:49","slug":"la-conferenza-stampa-del-presidente-del-veneto-luca-zaia-26-marzo-2020","status":"publish","type":"post","link":"https:\/\/www.radiopiu.net\/wordpress\/la-conferenza-stampa-del-presidente-del-veneto-luca-zaia-26-marzo-2020\/","title":{"rendered":"LA CONFERENZA STAMPA DEL PRESIDENTE DEL VENETO LUCA ZAIA 26 MARZO 2020"},"content":{"rendered":"<p><strong>VENEZIA<\/strong> Il quotidiano punto stampa del Presidente del Veneto Luca Zaia su l&#8217;emergenza COVID-19<\/p>\n<p>&nbsp;<\/p>\n<p><strong>VENEZIA<\/strong> Dal bollettino giornaliero di Azienda Zero con i dati della notte balza subito agli occhi il numero dei decessi, 14 (287 dal 21 febbraio),\u00a0 ma anche i 353 casi di positivit\u00e0 in pi\u00f9 riscontrati dai controlli che porta il totale alle soglie dei 7000. Ancora invariato per il terzo giorno il numero di positivi del cluster di Vo (84). Sono 326 i pazienti ricoverati in terapia intensiva, 8 in pi\u00f9 rispetto a ieri sera alle 17. Nel veronese e nel vicentino i dati pi\u00f9 drammatici, oltre ai decessi, con aumenti di ricoveri in area non critica, terapia intensiva e casi di contagio riscontrati: + 85 a Verona (1402 il totale), + 43 a Vicenza (899). A Treviso 66 i nuovi infetti (1254). Cresce i numero dei dimessi: 508. Sono 17 mila le persone in isolamento.<\/p>\n<p><strong>ABBIAMO FRENATO LA CURVA<\/strong> ma 287 persone hanno perso la vita, ma c&#8217;\u00e8 un dato positivo ieri sono nati 91 bambini veneti in un momento tragico della vita della comunit\u00e0. Chiedo ai cittadini di essere della partita. Mi hanno detto che ho dato una notizia positiva che il modello \u00e8 avanti di 2 giorni, significa che le misure che abbiamo adottato di stare in casa\u00a0 se non per lavoro o finalit\u00e0 impellenti, rallenta il contagio. Se questa strategia la portiamo avanti a prescindere dalle ordinanza con prudenza e non eroismo tipo\u00a0 &#8220;tanto a me non toccher\u00e0 mai&#8221; che lo dicono solo i polli. Dobbiamo evitare l&#8217;incontro con il virus con i mezzi di protezione di naso e bocca, e lavarsi ossessivamente le mani spesso e per non meno di 20 secondi. Il virus si annida nelle mani e infetta. Usate i guanti per andare a fare la spesa,eliminate gli incolucri all&#8217;aria aperta e usate il disinfettante. Arieggiate i locali stil nonne. Se il virus trova un ambiente confinato \u00e8 l\u00ec e viene inoculato. Evitare i rapporti con le persone, evitare i rapporti con i vicini e con gli intermediari. I bambini non devono andare a giocare con gli altri vicini di casa. Tutelate i nonni sopra i 70 anni. La macchina del volontariato deve tutelare questa fascia di et\u00e0, la pi\u00f9 debole, evitate di andare a fare visita si richia di farli ammalare e morire. E&#8217; necessario un sacrificio: l&#8217;isolamento. E&#8217; un investimento per il futuro. La sanit\u00e0 risponde ma in base alla qualit\u00e0 del paziente. Il coronavirus lo prendono tutti e sviluppa patologie diverse, attacca tutti. Non e&#8217; un problema degli anziani, si sono persone di 30 anni intubate e giovani adolescenti con problemi respiratori. Anche se fossero solo anziani sarebbe vomitevole pensare che non \u00e8 un problema sociale. Il mondo intero si sta fermando alla faccia dei complottisti da social. New York fa 70 mila contagi ogni giorno, in Louisana si muore perch\u00e9 la notizia fake ha detto che il farmaco per la malaria risolve il problema e la gente muore.<\/p>\n<p><strong>TERAPIA INTENSIVA<\/strong> Siamo pronti per l&#8217;onda d&#8217;urto ma chi ci arriva gioca alla roulette russa. Vi prego pertanto di stare in casa. Agli anziani e ai cittadini in generale andate meno possibile a fare la spesa. Non posso sentirmi dire dagli operatori che ci sono cittadini che vanno in negozio pi\u00f9 volte al giorno per fare una passeggiata, &#8220;Non costringetemi a fare ordinanze cattive sul fronte della spesa&#8221;. Comperatevi scatolamente in questa fase anche se sono un cultore del cibo. Idem per le farmacia. Se volte andare dove gira il virus andate in farmacia o in ospedale, non so pi\u00f9 in che lingua dirlo. In ospedale crollo accessi al pronto soccorso da 4500 a un migliaio in tutto il Veneto i cittadini hanno capito che si va solo in caso di necessit\u00e0, domani presenteremo un piano nuovo proprio sugli ospedali. Il virus \u00e8 una brutta bestia e la conosceremo solo quando avremo concluso i conti anche sui danni da infezione e post infezione. Non \u00e8 una passeggiata. Con i nonni utilizziamo la tecnologia con le video chiamate.<\/p>\n<p><strong>DONAZIONI<\/strong> Ringrazio l&#8217;azienda Paolo Fassa calce intonaci di Spresiano che sositene la sanit\u00e0 del Veneto con 500 mila euro, ringrazio Rino Mastrotto di Arzignano per gli altri 500 mila euro e Mauro Fanin con la Cerael Dox con altri 500 mila euro. Abbiamo oggi 13 milioni e 800 mila euro. A tutti grazie.Giorno dopo giorno si cresce.<\/p>\n<p><strong>MASCHERINE<\/strong> Fatte in asia a piedi nudi, sono immagini che girano in rete quindi i &#8220;lazzaroni&#8221; che hanno criticato le nostre ci pensino, senza offendere nessuno<\/p>\n<h2>DOMANDE<\/h2>\n<p><strong>OSPEDALI<\/strong> Domani vedremo i numeri sui pazienti degli ospedali e presenteremo un piano. Ospedali Covid Sant&#8217;Orso galoppa verso l&#8217;occupazione come Schiavonia, Villa Salus, San Camillo, Jesolo e molti altri, chiediamo un sacrificio ai territorio. Saranno i numeri a rispondere a chi ha fatto polemiche. Un sacrificio che chiediamo ai pazienti che spero sia ripagato per ora il tunnel \u00e8 ancora molto buio e non bisogna abassare la guardia &#8220;al fronte sparano ma la trincea ci protegge&#8221;. Abbiamo allestito un contingente da terapia intensiva e una volta finita l&#8217;emergenza potremo anche darle ad altri. Pazienti ordinari vengono gestite con le giuste cure e i giusti interventi chirurgici con medie di ospedalizzazione di cinque giorni. Schiavonia sta diventando il polmone dell&#8217;azienda ospedaliera.<\/p>\n<p><strong>AVIGAN<\/strong> Stiamo attendendo io protocollo operativo Aifa. Non illudiamo il cittadino abbiamo 7 farmaci in sperimentazione Avigan compreso.<\/p>\n<p><strong>RECLUTAMENTO 1000 MEDICI<\/strong>\u00a0 \u00e8 stato completato 525 pi\u00f9 780. Due medici se non sono stati chiamati sar\u00e0 un problema di pratiche.<\/p>\n<p><strong>NUMERO MORTI SPAVENTA<\/strong> Il numero dei morti \u00e8 quello su cui fissarsi, se ci comportiamo bene cala se pensiamo sia un problema degli altri bussa alla vostra casa . per il post contagio ne parleremo una volta presentato un progetto.<\/p>\n<p><strong>A CHE PUNTO SISTEMA PER CONTROLLO AI SUPERMERCATI?<\/strong> Un sacco di proposte, il sistema migliore il senso civico. Se sar\u00e0 necessario faremo anche l&#8217;ordinanza.<\/p>\n<p><strong>VIDEO CONFERENZA CON IL GOVERNO<\/strong> hanno parlato di forniture, verifiche arrivi, scorte, aspetti aperativi e non si \u00e8 parlato di decreti e stanziamenti per le imprese<\/p>\n<p><strong>CONTE STIMA 25 MILIARDI<\/strong> spero sia solo l&#8217;inizio la Germania ne ha stanziati 500\u00a0 gli Stati Uniti 2000 abbiamo due emergenze sanitaria ed economica e dobbiamo uscirne vivi da entrambe. Servono risorse e la presenza di imprese. 25 miliardi servono a poco o nulla, spero sia l&#8217;inizio di un grande stanziamento. Mi chiedo come mai l&#8217;Italia rispetti ancora l&#8217;Europa con sudditanza e non sono anti europeista. L&#8217;Europa che ha senso di esistere deve avere una sua dimensione politica prendendo posizione su una crisi planetaria.<\/p>\n<p><strong>LAVORI AGRICOLI? TRATTAMENTO VIGNETI?<\/strong> con questo argomento non c&#8217;entra nulla. Non \u00e8 in discussione, sono attivit\u00e0 agricole. Tutto quello che non \u00e8 vietato \u00e8 concesso<\/p>\n<p><strong>GRAVI DISABILITA&#8217; PER PASSEGGIARE?<\/strong> Ci stiamo muovendo. Avete capito o no che non potete uscire con il cane? Nemmeno da soli oltre i 200 metri. Se non avete il metro sono 263 passi<\/p>\n<p><strong>MINISTRO DAL LAVORO FONDI PER CASSA INTEGRAZIONE QUANDO LA RICHIESTA<\/strong> Siamo gi\u00e0 pronti assessore Donazzan sta seguendo. Attendiamo i fondi comunitari. Abbiamo gi\u00e0 approvato la delibera per la cassa integrazione.<\/p>\n<p><strong>CANTIERI IMPONENTi COME IL MOSE<\/strong> Il divieto non lo vieta ma se sono in sicurezza non ci sono problemi soprattutto all&#8217;aria aperta. E&#8217; una scelta di chi \u00e8 nel cantiere<\/p>\n<p><strong>NON PAGARE I MUTUI PER ACCEDERE AL FONDO<\/strong>\u00a0 Si stanno muovendo tutte le banche facciamo un appello agli istituti di credito anticipate le mosse su questo fronte che le banche facciano questo sacrificio e sono convinte lo faranno.<\/p>\n<p><strong>TAMPONI QUAL&#8217;E&#8217; LA PERCENTUALE COPERTURA<\/strong> Li stanno facendo capacit\u00e0 arriver\u00e0 a 8000 -10.000 al giorno. Sabato arrivano i primi 100 mila kit rapidi che utilizzeremo<\/p>\n<p><strong>VAL DI CHIOGGIA SONO PREOCCUPATI E CHIEDONO TAMPONE DI MASSA\u00a0<\/strong> Se potessimo farli a tutti li faremo. Capisco la loro ansia so che si sono attivati gli isolamenti fiduciari.<\/p>\n<p>&nbsp;<\/p>\n<p>&nbsp;<\/p>\n<p>https:\/\/www.facebook.com\/zaiaufficiale\/videos\/2634261143513928<\/p>\n","protected":false},"excerpt":{"rendered":"<p>VENEZIA Il quotidiano punto stampa del Presidente del Veneto Luca Zaia su l&#8217;emergenza COVID-19 &nbsp; VENEZIA Dal bollettino giornaliero di Azienda Zero con i dati della notte balza subito agli occhi il numero dei decessi, 14 (287 dal 21 febbraio),\u00a0 ma anche i 353 casi di positivit\u00e0 in pi\u00f9 riscontrati dai controlli che porta il&hellip;<\/p>\n","protected":false},"author":4,"featured_media":121391,"comment_status":"closed","ping_status":"closed","sticky":false,"template":"","format":"standard","meta":{"_monsterinsights_skip_tracking":false,"_monsterinsights_sitenote_active":false,"_monsterinsights_sitenote_note":"","_monsterinsights_sitenote_category":0,"footnotes":""},"categories":[49],"tags":[],"class_list":["post-124998","post","type-post","status-publish","format-standard","has-post-thumbnail","hentry","category-news-18","category-49","description-off"],"img_url":"https:\/\/www.radiopiu.net\/wordpress\/wp-content\/uploads\/2020\/03\/covid-zaia.jpg","_links":{"self":[{"href":"https:\/\/www.radiopiu.net\/wordpress\/wp-json\/wp\/v2\/posts\/124998","targetHints":{"allow":["GET"]}}],"collection":[{"href":"https:\/\/www.radiopiu.net\/wordpress\/wp-json\/wp\/v2\/posts"}],"about":[{"href":"https:\/\/www.radiopiu.net\/wordpress\/wp-json\/wp\/v2\/types\/post"}],"author":[{"embeddable":true,"href":"https:\/\/www.radiopiu.net\/wordpress\/wp-json\/wp\/v2\/users\/4"}],"replies":[{"embeddable":true,"href":"https:\/\/www.radiopiu.net\/wordpress\/wp-json\/wp\/v2\/comments?post=124998"}],"version-history":[{"count":0,"href":"https:\/\/www.radiopiu.net\/wordpress\/wp-json\/wp\/v2\/posts\/124998\/revisions"}],"wp:featuredmedia":[{"embeddable":true,"href":"https:\/\/www.radiopiu.net\/wordpress\/wp-json\/wp\/v2\/media\/121391"}],"wp:attachment":[{"href":"https:\/\/www.radiopiu.net\/wordpress\/wp-json\/wp\/v2\/media?parent=124998"}],"wp:term":[{"taxonomy":"category","embeddable":true,"href":"https:\/\/www.radiopiu.net\/wordpress\/wp-json\/wp\/v2\/categories?post=124998"},{"taxonomy":"post_tag","embeddable":true,"href":"https:\/\/www.radiopiu.net\/wordpress\/wp-json\/wp\/v2\/tags?post=124998"}],"curies":[{"name":"wp","href":"https:\/\/api.w.org\/{rel}","templated":true}]}}