{"id":125004,"date":"2020-03-26T12:09:02","date_gmt":"2020-03-26T11:09:02","guid":{"rendered":"https:\/\/www.radiopiu.net\/wordpress\/?p=125004"},"modified":"2020-03-26T12:09:02","modified_gmt":"2020-03-26T11:09:02","slug":"emergenza-coronavirus-lappello-della-cooperazione-sociale-e-dei-sindacati-veneti-alle-istituzioni","status":"publish","type":"post","link":"https:\/\/www.radiopiu.net\/wordpress\/emergenza-coronavirus-lappello-della-cooperazione-sociale-e-dei-sindacati-veneti-alle-istituzioni\/","title":{"rendered":"EMERGENZA CORONAVIRUS: L\u2019APPELLO DELLA COOPERAZIONE SOCIALE E DEI SINDACATI VENETI ALLE ISTITUZIONI"},"content":{"rendered":"<p><strong>VENEZIA<\/strong>\u00a0In queste settimane difficili e drammatiche di emergenza per il Coronavirus, circa 15mila lavoratrici e lavoratori delle cooperative sociali del Veneto sono impegnati quotidianamente nell\u2019arduo compito di garantire l\u2019erogazione di numerosi servizi essenziali: quelli di assistenza, cura e accoglienza delle persone pi\u00f9 fragili, ma anche di altri come la pulizia e la sanificazione degli ambienti. Compiti delicati e importanti, per i quali \u00e8 indispensabile utilizzare i dispositivi di protezione individuale (dpi: mascherine, guanti, occhiali protettivi, camici, termometri, etc), a tutela della propria e dell&#8217;altrui salute. Dispositivi la cui reperibilit\u00e0 sul mercato \u2013 come \u00e8 noto \u2013 purtroppo risulta oggi pressoch\u00e9 impossibile, con grave rischio per la continuit\u00e0 stessa di tali servizi.<span class=\"Apple-converted-space\">\u00a0\u00a0<\/span>A evidenziarlo unitariamente, esprimendo la loro forte preoccupazione, sono le sigle venete di Confcooperative-Federsolidariet\u00e0, Legacoop, Fp Cgil, Fp Cisl, Fisascat Cisl, Fpl Uil, Uil Tucs, che lanciano insieme un appello: \u00ab<em>Chiediamo a tutte le istituzioni e alla Protezione civile di garantire anche agli operatori di questi settori i dpi necessari, a seconda dei diversi bisogni dei singoli servizi, affinch\u00e9 possano operare in sicurezza loro stessi e, al contempo, tutelare le persone vulnerabili a cui prestano cura. Solo cos\u00ec si potr\u00e0 continuare ad assicurare servizi indispensabili per la comunit\u00e0, che non possono fermarsi e che in molti casi consentono alle persone di continuare a vivere pi\u00f9 \u201cnormalmente\u201d in questi frangenti cos\u00ec difficili<\/em>\u00bb.\u00a0Si tratta, infatti, di lavoratrici e lavoratori che garantiscono il funzionamento dei servizi di segretariato sociale, delle comunit\u00e0 di accoglienza (per minori, disabili, anziani, tossicodipendenti, persone con problemi di salute mentale, persone malate di Hiv), delle residenze sanitarie assistenziali (rsa), dei servizi domiciliari infermieristici e socioassistenziali, dei dormitori per persone senza dimora, dei servizi di accoglienza per richiedenti asilo e rifugiati, e ancora dei consultori familiari, dei servizi di sanificazione e pulizia di ambulatori, ospedali, uffici pubblici e condomini\u2026\u00ab<em>L\u2019esposizione di questi operatori ai rischi di contagio per s\u00e9 e per gli altri \u00e8 spesso pari a quella degli operatori ospedalieri. Perci\u00f2<\/em><em> chiediamo che nell&#8217;accesso ai dpi siano considerati a pari merito\u00bb continuano le organizzazioni, dicendo ancora: \u00abSiamo pronti ad assumerci il compito di organizzare forme di raccordo e di distribuzione dei dispositivi di sicurezza individuali che potranno essere disponibili<\/em>\u00bb.<span class=\"Apple-converted-space\">\u00a0<\/span>\u00ab<em>Solo nella collaborazione tra tutte le parti risiede la possibilit\u00e0 di fare fronte a questa emergenza \u2013 concludono convinte Confcooperative-Federsolidariet\u00e0, Legacoop, Fp Cgil, Fp Cisl, Fisascat Cisl, Fpl Uil, Uil Tucs \u2013: contiamo pertanto sulla sensibilit\u00e0 e l&#8217;attenzione delle istituzioni a questo nostro appello<\/em>\u00bb.<\/p>\n","protected":false},"excerpt":{"rendered":"<p>VENEZIA\u00a0In queste settimane difficili e drammatiche di emergenza per il Coronavirus, circa 15mila lavoratrici e lavoratori delle cooperative sociali del Veneto sono impegnati quotidianamente nell\u2019arduo compito di garantire l\u2019erogazione di numerosi servizi essenziali: quelli di assistenza, cura e accoglienza delle persone pi\u00f9 fragili, ma anche di altri come la pulizia e la sanificazione degli ambienti.&hellip;<\/p>\n","protected":false},"author":4,"featured_media":125005,"comment_status":"closed","ping_status":"closed","sticky":false,"template":"","format":"standard","meta":{"_monsterinsights_skip_tracking":false,"_monsterinsights_sitenote_active":false,"_monsterinsights_sitenote_note":"","_monsterinsights_sitenote_category":0,"footnotes":""},"categories":[49],"tags":[],"class_list":["post-125004","post","type-post","status-publish","format-standard","has-post-thumbnail","hentry","category-news-18","category-49","description-off"],"img_url":"https:\/\/www.radiopiu.net\/wordpress\/wp-content\/uploads\/2020\/03\/MANI-ANZIANI.jpg","_links":{"self":[{"href":"https:\/\/www.radiopiu.net\/wordpress\/wp-json\/wp\/v2\/posts\/125004","targetHints":{"allow":["GET"]}}],"collection":[{"href":"https:\/\/www.radiopiu.net\/wordpress\/wp-json\/wp\/v2\/posts"}],"about":[{"href":"https:\/\/www.radiopiu.net\/wordpress\/wp-json\/wp\/v2\/types\/post"}],"author":[{"embeddable":true,"href":"https:\/\/www.radiopiu.net\/wordpress\/wp-json\/wp\/v2\/users\/4"}],"replies":[{"embeddable":true,"href":"https:\/\/www.radiopiu.net\/wordpress\/wp-json\/wp\/v2\/comments?post=125004"}],"version-history":[{"count":0,"href":"https:\/\/www.radiopiu.net\/wordpress\/wp-json\/wp\/v2\/posts\/125004\/revisions"}],"wp:featuredmedia":[{"embeddable":true,"href":"https:\/\/www.radiopiu.net\/wordpress\/wp-json\/wp\/v2\/media\/125005"}],"wp:attachment":[{"href":"https:\/\/www.radiopiu.net\/wordpress\/wp-json\/wp\/v2\/media?parent=125004"}],"wp:term":[{"taxonomy":"category","embeddable":true,"href":"https:\/\/www.radiopiu.net\/wordpress\/wp-json\/wp\/v2\/categories?post=125004"},{"taxonomy":"post_tag","embeddable":true,"href":"https:\/\/www.radiopiu.net\/wordpress\/wp-json\/wp\/v2\/tags?post=125004"}],"curies":[{"name":"wp","href":"https:\/\/api.w.org\/{rel}","templated":true}]}}