{"id":125060,"date":"2020-03-26T22:37:09","date_gmt":"2020-03-26T21:37:09","guid":{"rendered":"https:\/\/www.radiopiu.net\/wordpress\/?p=125060"},"modified":"2020-03-26T22:37:58","modified_gmt":"2020-03-26T21:37:58","slug":"roberto-paganini-ingegnere-agordino-il-fondatore-dellindiana-margherita-di-renato-bona","status":"publish","type":"post","link":"https:\/\/www.radiopiu.net\/wordpress\/roberto-paganini-ingegnere-agordino-il-fondatore-dellindiana-margherita-di-renato-bona\/","title":{"rendered":"ROBERTO PAGANINI INGEGNERE AGORDINO IL FONDATORE DELL\u2019INDIANA MARGHERITA di Renato Bona"},"content":{"rendered":"<p><a class=\"dt-pswp-item\" href=\"https:\/\/www.radiopiu.net\/wordpress\/wp-content\/uploads\/2019\/08\/553085_385905871470280_1626001170_n.jpg\" data-dt-img-description=\"\" data-large_image_width=\"855\" data-large_image_height=\"569\"><img loading=\"lazy\" decoding=\"async\" class=\" wp-image-94070 alignleft\" src=\"https:\/\/www.radiopiu.net\/wordpress\/wp-content\/uploads\/2019\/08\/553085_385905871470280_1626001170_n-300x200.jpg\" alt=\"\" width=\"173\" height=\"115\" \/><\/a>di Renato Bona<\/p>\n<p>Politico, ingegnere ferroviario, e fondatore dell\u2019insediamento Margherita in India. E\u2019 il profilo in sintesi estrema di un illustre agordino: Roberto Paganini cui Agordo, paese natale, ha intitolato una via verso il Col di Foglia. Nato il 6 marzo 1849, era di marted\u00ec, da Stefano e Francesca Barpi, si spos\u00f2 con Elena Ruspoli dalla quale ha avuto due figli: Paolo Giovanni e Francesca Maria; numerosi i fratelli e le sorelle: Giunio, Maddalena, Antonio, Amelia, Pia, Celestino, Luigi, Liberale, Giuseppe e Vittorio; Paolo Giovanni e Francesca Maria. Laureato in ingegneria, aveva residenza nella via Nomentana di Roma. Ingegnere capo della Societ\u00e0 commerciale dell\u2019Assam in India nel 1881 fu fondatore della Citt\u00e0 di Margherita quindici anni pi\u00f9 tardi progettista dell\u2019acquedotto del comune di Agordo; deputato nelle legislature 19, 20 e 21, fu nominato senatore nella 23; era stato direttore delle ferrovie sarde e presidente della Regia cointeressata dei tabacchi del Montenegro nel 1903. Insignito dell\u2019onorificenza di commendatore dell\u2019ordine della Corona d\u2019Italia. Il Corriere delle Alpi il 6 agosto 2006 in occasione dell\u2019inaugurazione della mostra \u201c1925-1955: la breve vita della ferrovia Bribano-Agordo\u201d, organizzata nella propria sala congressi dalla Comunit\u00e0 montana agordina con la preziosa collaborazione dell\u2019Associazione filatelico-numismatica, e richiamando una serie di appunti del ricercatore Michela Cau sulla storia della ferrovia di cui si parlava dalla met\u00e0 del diciannovesimo secolo \u2013 scriveva fra l\u2019altro che Roberto Paganini \u201cpromosse un comitato che fu presieduto da Cesare Tom\u00e8, facente funzioni di sindaco, col proposito di sostenere nelle sedi opportune il collegamento ferroviario di Agordo alla rete nazionale, con possibilit\u00e0 di futuro proseguimento verso nord, attraverso la valle del Cordevole, fino al Tirolo\u201d. Una tratta che ebbe vita breve, trent\u2019anni: dall\u201911 gennaio 1925 quando venne solennemente inaugurata \u201cin un tripudio di folla\u201d, al 24 novembre del 1955, tanto da indurre don Bruno Bersaglio, autore del libro \u201cIl treno per le Valli del bellunese\u201d ad affermare: \u201cPovera ferrovia Bribano-Agordo. Dopo 40 anni di trepidazioni, lotte e progetti per il tuo sorgere, ed altri trent\u2019anni di buon funzionamento e di penosa vita nel rimpianto e malcontento generale, tu cadesti nell\u2019ombra del silenzio e nel buio del nulla, mentre serbavi il diritto i il bisogno di servire ancora\u201d. Torniamo a Paganini, richiamando il sito Faceebook di Fai giovani Belluno del 9 agosto 2017, in occasione di una delle molteplici pregevoli iniziative: \u201cVilla Paganini-Ruspoli, sulle rive del lago di Alleghe, aperta al pubblico. La villa, voluta dal sen. Roberto Paganini e successivamente divenuta propriet\u00e0 del sen. Dino Riva; tra i numerosi ospiti celebri si ricordano il gen. Luigi Cadorna, Aldo Moro, Nilde Jotti\u2026 Ma l\u2019ospite pi\u00f9 apprezzato rimane Claudio Baglioni che qui composte l\u2019album \u2018E tu come stai?\u2019\u201d. Da quello di Tripadvisor invece leggiamo un commento del 9 luglio 2018 di Alessandra Biondi: \u201cPasseggiando sul lungolago di Alleghe, ho notato la bella villa erta in affaccio allo specchio d&#8217;acqua calma lacustre, cos\u00ec mi sono informata e mi \u00e8 stata raccontata la storia. L&#8217;ingegnere e senatore Roberto Paganini (maritato alla nobildonna Elena Ruspoli aristocratica romana) nativo di Agordo e progettista-impresario di linee ferroviarie nel mondo, operando in Bengala e in Africa contrasse la malaria, cos\u00ec decise di trasferirsi dalla sua lussuosa villa romana in localit\u00e0 Torlonia a questa localit\u00e0 montana; acquist\u00f2 dal Comune il promontorio &#8220;al B\u00e8ch&#8221; e nel 1893 fece costruire la bella villa. Successivamente venne acquistata dal senatore Dino Riva , attualmente \u00e8 di propriet\u00e0 della famiglia Francavilla ed \u00e8 visitabile solo in eventi organizzati dal F.A.I. Rimane una \u2018bella cartolina\u2019 per tutti gli amanti delle foto panoramiche\u201d. A proposito dell\u2019attivit\u00e0 fuori dai confini nazionali di Roberto Paganini apprendiamo invece dal sito della libera enciclopedia Wikipedia che Margherita \u00e8 una citt\u00e0 nel distretto di Tinsukia dello stato di Assam, che vanta bellezza paesaggistica ed \u00e8 circondata da colline, giardini da t\u00e8, foreste e dal fiume Dihine; ha un bellissimo campo da golf ai piedi delle colline e un piccolo ruscello che l\u2019attraversa. Sebbene sia considerata una piccola citt\u00e0, vanta numerosi ospedali e istituti scolastici ed \u00e8 regolarmente frequentata dai visitatori perch\u00e9 l\u2019ultima citt\u00e0 dell\u2019Alto Assam. Quanto al nome, ecco testuale: \u201c Il nome Margherita in realt\u00e0 deriva dalla regina italiana e risale alla fine del 19. secolo come apprezzamento simbolico per l\u2019ingegnere capo italiano di una sezione ferroviaria, Chevalier R. Paganini, che supervision\u00f2 la costruzione. Margherita era famosa per le sue colonie molto sviluppate dagli inglesi. Coal India Ltd ha il pi\u00f9 grande impianto industriale qui. La citt\u00e0 \u00e8 anche conosciuta come la regina del carbone,,, e come Ma-Kum (dimora di tutte le trib\u00f9). Il nome ha le sue radici nel Dehing River Bridge, costruito intorno al 1880 da un team guidato dall&#8217;ingegnere italiano Chevalier Roberto Paganini che lavorava per la Assam Railways &amp; Trading Company Ltd. Da documenti storici, non \u00e8 del tutto chiaro se il direttore di quell&#8217;azienda ribattezz\u00f2 il luogo come un tributo duraturo a quell&#8217;ingegnere italiano o fu Paganini stesso, per patriottismo, a battezzare il posto in onore della regina Margherita d\u2019Italia\u201d. NELLE FOTO (siti Wikipedia e Facebook Fai giovani): il parlamentare e ingegnere agordino Roberto Paganini; inaugurazione della ferrovia Bribano-Agordo; don Bruno Bersaglio; la villa di Paganini in riva al lago di Alleghe; uno scorcio di Margherita, in India.<\/p>\n\n\t\t\t<style type='text\/css'>\n\t\t\t\t#gallery-1 {\n\t\t\t\t\tmargin: auto;\n\t\t\t\t}\n\t\t\t\t#gallery-1 .gallery-item {\n\t\t\t\t\tfloat: left;\n\t\t\t\t\tmargin-top: 10px;\n\t\t\t\t\ttext-align: center;\n\t\t\t\t\twidth: 25%;\n\t\t\t\t}\n\t\t\t\t#gallery-1 img {\n\t\t\t\t\tborder: 2px solid #cfcfcf;\n\t\t\t\t}\n\t\t\t\t#gallery-1 .gallery-caption {\n\t\t\t\t\tmargin-left: 0;\n\t\t\t\t}\n\t\t\t\t\/* see gallery_shortcode() in wp-includes\/media.php *\/\n\t\t\t<\/style>\n\t\t<div id='gallery-1' class='dt-gallery-container gallery galleryid-125060 gallery-columns-4 gallery-size-thumbnail'><dl class='gallery-item'>\n\t\t\t\t<dt class='gallery-icon landscape'>\n\t\t\t\t\t<a class=\"rollover\" href='https:\/\/www.radiopiu.net\/wordpress\/roberto-paganini-ingegnere-agordino-il-fondatore-dellindiana-margherita-di-renato-bona\/91112954_2469309683286034_3827017694134140928_n\/'><img loading=\"lazy\" decoding=\"async\" width=\"150\" height=\"150\" src=\"https:\/\/www.radiopiu.net\/wordpress\/wp-content\/uploads\/2020\/03\/91112954_2469309683286034_3827017694134140928_n-150x150.jpg\" class=\"attachment-thumbnail size-thumbnail\" alt=\"\" \/><\/a>\n\t\t\t\t<\/dt><\/dl><dl class='gallery-item'>\n\t\t\t\t<dt class='gallery-icon landscape'>\n\t\t\t\t\t<a class=\"rollover\" href='https:\/\/www.radiopiu.net\/wordpress\/roberto-paganini-ingegnere-agordino-il-fondatore-dellindiana-margherita-di-renato-bona\/90441300_2515694815351843_4364660544901218304_n\/'><img loading=\"lazy\" decoding=\"async\" width=\"150\" height=\"150\" src=\"https:\/\/www.radiopiu.net\/wordpress\/wp-content\/uploads\/2020\/03\/90441300_2515694815351843_4364660544901218304_n-150x150.jpg\" class=\"attachment-thumbnail size-thumbnail\" alt=\"\" \/><\/a>\n\t\t\t\t<\/dt><\/dl><dl class='gallery-item'>\n\t\t\t\t<dt class='gallery-icon portrait'>\n\t\t\t\t\t<a class=\"rollover\" href='https:\/\/www.radiopiu.net\/wordpress\/roberto-paganini-ingegnere-agordino-il-fondatore-dellindiana-margherita-di-renato-bona\/91120858_218615779209599_5248316320495173632_n\/'><img loading=\"lazy\" decoding=\"async\" width=\"150\" height=\"150\" src=\"https:\/\/www.radiopiu.net\/wordpress\/wp-content\/uploads\/2020\/03\/91120858_218615779209599_5248316320495173632_n-150x150.jpg\" class=\"attachment-thumbnail size-thumbnail\" alt=\"\" \/><\/a>\n\t\t\t\t<\/dt><\/dl><dl class='gallery-item'>\n\t\t\t\t<dt class='gallery-icon landscape'>\n\t\t\t\t\t<a class=\"rollover\" href='https:\/\/www.radiopiu.net\/wordpress\/roberto-paganini-ingegnere-agordino-il-fondatore-dellindiana-margherita-di-renato-bona\/90587415_229789061725013_2282218159349956608_n\/'><img loading=\"lazy\" decoding=\"async\" width=\"150\" height=\"143\" src=\"https:\/\/www.radiopiu.net\/wordpress\/wp-content\/uploads\/2020\/03\/90587415_229789061725013_2282218159349956608_n-150x143.jpg\" class=\"attachment-thumbnail size-thumbnail\" alt=\"\" \/><\/a>\n\t\t\t\t<\/dt><\/dl><br style=\"clear: both\" \/>\n\t\t\t<\/div>\n\n","protected":false},"excerpt":{"rendered":"<p>di Renato Bona Politico, ingegnere ferroviario, e fondatore dell\u2019insediamento Margherita in India. E\u2019 il profilo in sintesi estrema di un illustre agordino: Roberto Paganini cui Agordo, paese natale, ha intitolato una via verso il Col di Foglia. Nato il 6 marzo 1849, era di marted\u00ec, da Stefano e Francesca Barpi, si spos\u00f2 con Elena Ruspoli&hellip;<\/p>\n","protected":false},"author":4,"featured_media":125066,"comment_status":"closed","ping_status":"closed","sticky":false,"template":"","format":"standard","meta":{"_monsterinsights_skip_tracking":false,"_monsterinsights_sitenote_active":false,"_monsterinsights_sitenote_note":"","_monsterinsights_sitenote_category":0,"footnotes":""},"categories":[49],"tags":[],"class_list":["post-125060","post","type-post","status-publish","format-standard","has-post-thumbnail","hentry","category-news-18","category-49","description-off"],"img_url":"https:\/\/www.radiopiu.net\/wordpress\/wp-content\/uploads\/2020\/03\/90441300_2515694815351843_4364660544901218304_n.jpg","_links":{"self":[{"href":"https:\/\/www.radiopiu.net\/wordpress\/wp-json\/wp\/v2\/posts\/125060","targetHints":{"allow":["GET"]}}],"collection":[{"href":"https:\/\/www.radiopiu.net\/wordpress\/wp-json\/wp\/v2\/posts"}],"about":[{"href":"https:\/\/www.radiopiu.net\/wordpress\/wp-json\/wp\/v2\/types\/post"}],"author":[{"embeddable":true,"href":"https:\/\/www.radiopiu.net\/wordpress\/wp-json\/wp\/v2\/users\/4"}],"replies":[{"embeddable":true,"href":"https:\/\/www.radiopiu.net\/wordpress\/wp-json\/wp\/v2\/comments?post=125060"}],"version-history":[{"count":0,"href":"https:\/\/www.radiopiu.net\/wordpress\/wp-json\/wp\/v2\/posts\/125060\/revisions"}],"wp:featuredmedia":[{"embeddable":true,"href":"https:\/\/www.radiopiu.net\/wordpress\/wp-json\/wp\/v2\/media\/125066"}],"wp:attachment":[{"href":"https:\/\/www.radiopiu.net\/wordpress\/wp-json\/wp\/v2\/media?parent=125060"}],"wp:term":[{"taxonomy":"category","embeddable":true,"href":"https:\/\/www.radiopiu.net\/wordpress\/wp-json\/wp\/v2\/categories?post=125060"},{"taxonomy":"post_tag","embeddable":true,"href":"https:\/\/www.radiopiu.net\/wordpress\/wp-json\/wp\/v2\/tags?post=125060"}],"curies":[{"name":"wp","href":"https:\/\/api.w.org\/{rel}","templated":true}]}}