{"id":125316,"date":"2020-03-27T12:01:18","date_gmt":"2020-03-27T11:01:18","guid":{"rendered":"https:\/\/www.radiopiu.net\/wordpress\/?p=125316"},"modified":"2020-03-27T17:10:17","modified_gmt":"2020-03-27T16:10:17","slug":"ci-ha-lasciato-gianni-secco","status":"publish","type":"post","link":"https:\/\/www.radiopiu.net\/wordpress\/ci-ha-lasciato-gianni-secco\/","title":{"rendered":"CI HA LASCIATO GIANNI SECCO"},"content":{"rendered":"<p><strong>BELLUNO<\/strong> Aprendo la pagina\u00a0 di Marco Perale apprendiamo della notizia della scomparsa di Gianni Secco pochi giorni fa ospite di RADIOPIU. Scrive l&#8217;assessore bellunese\u00a0<em> &#8220;Belluno saluta con commozione Gianni Secco, che ci ha lasciati con un sorriso nel cuore dopo una lunga battaglia. Una figura davvero straordinaria. Chi lo ricor<span class=\"text_exposed_show\">da per l&#8217;ironia graffiante dei &#8220;I Belumat&#8221;, chi per la valorizzazione della tradizione dell&#8217;emigrazione veneta in Brasile, chi per il salvataggio dei carnevali di montagna e delle loro maschere, chi infine come poeta. I poeti sanno vedere lontano, e non muoiono mai&#8221;<\/span><\/em><\/p>\n<p>pagina MARCO PERALE <span style=\"color: #0000ff;\"><a style=\"color: #0000ff;\" href=\"https:\/\/www.facebook.com\/marco.perale.5\/posts\/10222334964148368\">CLICCA QUI<\/a><\/span><\/p>\n<p>&nbsp;<\/p>\n<p><strong>IL NOSTRO RICORDO.<\/strong> Nel periodo di carnevale Gianni Santomaso ha intervistato Gianni Secco nel programma la rassegna stampa da L&#8217;Amico del Popolo<\/p>\n<audio class=\"wp-audio-shortcode\" id=\"audio-125316-1\" preload=\"none\" style=\"width: 100%;\" controls=\"controls\"><source type=\"audio\/mpeg\" src=\"https:\/\/www.radiopiu.net\/wordpress\/wp-content\/uploads\/2020\/03\/02_Rassegna-Adp-21_02_20_Gianluigi-Secco.mp3?_=1\" \/><a href=\"https:\/\/www.radiopiu.net\/wordpress\/wp-content\/uploads\/2020\/03\/02_Rassegna-Adp-21_02_20_Gianluigi-Secco.mp3\">https:\/\/www.radiopiu.net\/wordpress\/wp-content\/uploads\/2020\/03\/02_Rassegna-Adp-21_02_20_Gianluigi-Secco.mp3<\/a><\/audio>\n<p>&nbsp;<\/p>\n<p><strong>IL MESSAGGIO DI LUCA ZAIA, PRESIDENTE DEL VENETO<\/strong><\/p>\n<p>\u201c<em>Se ne va uno dei grandi difensore dell\u2019identit\u00e0, della cultura, della veneticit\u00e0 dei veneti, se ne va un amico, una persona che abbiamo sempre apprezzato. Non lo dimenticheremo mai<\/em>\u201d.\u00a0Cos\u00ec il presidente della Regione, Luca Zaia, rende omaggio a Gianni Secco, storico componente del duo dei Belumat (insieme a Giorgio Fornasier), poeta e cantore della cultura popolare bellunese e veneta, scomparso oggi.\u00a0\u201c<em>Chi non si ricorda gli spettacoli di Gianni sui palcoscenici e nelle sagre, la sua trasmissione \u2018A marenda co i Belumat\u2019? Ha riempito piazze e teatri per decenni, in Italia e all\u2019estero \u2013 rievoca Zaia &#8211; Attraverso il piccolo schermo \u00e8 entrato nelle nostre case. Lui avrebbe detto, \u2018faccio parte del mobilio\u2019!\u201d.\u00a0\u201cGrande cultore della lingua veneta, e dello studio della lingua veneta e del \u2018talian\u2019, ovvero del veneto parlato dagli emigranti in America Latina, con il suo lavoro di recupero di storie e canzoni \u2013 conclude Zaia &#8211;<span class=\"Apple-converted-space\">\u00a0 <\/span>ha sempre cercato di nobilitare la storia e la cultura dei veneti. Ci mancher\u00e0\u201d.<\/em><span class=\"Apple-converted-space\">\u00a0<\/span><\/p>\n<p><strong>IL MESSAGGIO DI CORDOGLIO DEL PRESIDENTE DELLA PROVINCIA ROBERTO PADRIN<\/strong><\/p>\n<p><em>\u00abApprendo con dolore la notizia della morte di Gianni Secco. Con lui se ne va una persona poliedrica, una figura straordinaria della nostra terra\u00bb. Cos\u00ec in una nota di cordoglio il presidente della Provincia Roberto Padrin.<\/em><br \/>\n<em>\u00abGianni Secco ha saputo esprimere in modi ora ironici ora delicatissimi il grande amore per il Bellunese e la sua gente. Cantore storico dei \u201cBelumat\u201d insieme all&#8217;amico Giorgio Fornasier, ma anche poeta e fine conoscitore delle tradizioni della nostra montagna, ha sempre saputo cogliere le bellezze della nostra provincia, e trasmetterle con passione. Come \u00e8 tipico delle persone intelligenti, sapeva non prendersi mai troppo sul serio. Ci mancher\u00e0 il suo humor, ci mancher\u00e0 la sua presenza\u00bb.<\/em><\/p>\n<p><strong>IL CORDOGLIO DEL SINDACO DI BELLUNO JACOPO MASSARO<\/strong><\/p>\n<p>Il Sindaco di Belluno, Jacopo Massaro, si unisce al cordoglio della famiglia per la scomparsa di Gianni Secco, 74 anni, figura impegnata da sempre nella valorizzazione della cultura popolare locale.\u00a0\u00ab<em>Belluno perde oggi un pezzo importante del mondo culturale, un uomo che ha unito arte, musica, spettacolo e associazionismo per promuovere e valorizzare la nostra cultura popolare, difendendone l\u2019identit\u00e0 e ravvivandone le tradizioni: &#8211; commenta Massaro \u2013 dalle canzoni dialettali con I Belumat fino all&#8217;impegno per il recupero dei carnevali storici arrivando anche a realizzare una mostra itinerante, passando per la fondazione dell&#8217;associazione Soraimar che unisce autori e cultori delle tradizioni popolari e per le centinaia di scritti e saggi sulla cultura popolare e sulla storia dell&#8217;emigrazione. La cultura popolare \u00e8 identit\u00e0, tradizione, memoria e passione, e con la scomparsa di Gianni Secco Belluno perde un suo grande cultore<\/em>\u00bb.<\/p>\n<p><strong>IL RICORDO OSCAR DE BONA, ASSOCIAZIONE BELLUNESI NEL MONDO<\/strong><\/p>\n<p>\u00ab<em>Conoscevo Gianni Secco da trentacinque anni &#8211; le parole del presidente Abm De Bona &#8211; Nei miei diciannove anni alla presidenza della Provincia di Belluno ho sempre sostenuto le sue iniziative culturali, rivolte alla tradizione popolare bellunese\u00a0 e veneta. Sia quando faceva parte del duo &#8220;Belumat&#8221;, ma anche per iniziative individuali. A Gianni \u00e8 doveroso riconoscere il poderoso lavoro, fatto assieme all&#8217;amico Ivano Pocchiesa e sostenuto dalla Regione Veneto, attraverso Soraimar, l&#8217;Associazione Culturale per la promozione della conoscenza e diffusione delle culture locali. Sono stati registrati e catalogati non solo i dialetti bellunesi, ma anche quelli veneti e dei nostri discendenti in Brasile. Da non dimenticare inoltre la sua passione per la maschere veneziane e della tradizione dolomitica\u00bb.<\/em><\/p>\n<p><strong>IL RICORDO DELLA PRO LOCO MONTI DEL SOLE<\/strong><\/p>\n<p>La Pro loco \u201cMonti del Sole\u201d di Sospirolo si unisce al cordoglio per la scomparsa del grande Gianluigi \u201cGianni\u201d Secco, uomo di cultura, punto di riferimento per le tradizioni della terra bellunese, persona schietta e sincera. Fin dagli anni 70 l\u2019associazione sospirolese ha collaborato con lui nell\u2019organizzazione della festa dei marangoni (falegnami) a Borgo Pra. Negli anni 80 ha preso parte con serate culturali alla festa campestre in Canal del Mis. Molte le serate di poesia dialettale e di tradizioni locali costruite col suo apporto negli anni, sempre in collaborazione con il Comune di Sospirolo e l&#8217;associazionismo locale. Due anni fa ha reso possibile l\u2019allestimento a Sospirolo della mostra di maschere lignee dell&#8217;associazione Arca dei volti. Dal 2014 \u00e8 presidente della giuria del concorso letterario \u201cSospirolo tra leggende e misteri\u201d, realizzato con la biblioteca civica, sempre a titolo volontario. Appena il 5 gennaio scorso \u00e8 stato ospite al Centro civico con Loris Santomaso in una serata-omaggio al pittore Claudio Nevyjel (la cui mostra, insieme a quadri di Megi Pepeu e Tarcisio Postogna era stata realizzata sempre grazie a lui). La Pro loco sicuramente render\u00e0 omaggio a questa importante personalit\u00e0, con l\u2019augurio che il suo patrimonio morale e materiale venga valorizzato in futuro.<\/p>\n","protected":false},"excerpt":{"rendered":"<p>BELLUNO Aprendo la pagina\u00a0 di Marco Perale apprendiamo della notizia della scomparsa di Gianni Secco pochi giorni fa ospite di RADIOPIU. Scrive l&#8217;assessore bellunese\u00a0 &#8220;Belluno saluta con commozione Gianni Secco, che ci ha lasciati con un sorriso nel cuore dopo una lunga battaglia. Una figura davvero straordinaria. Chi lo ricorda per l&#8217;ironia graffiante dei &#8220;I&hellip;<\/p>\n","protected":false},"author":1,"featured_media":125317,"comment_status":"closed","ping_status":"closed","sticky":false,"template":"","format":"standard","meta":{"_monsterinsights_skip_tracking":false,"_monsterinsights_sitenote_active":false,"_monsterinsights_sitenote_note":"","_monsterinsights_sitenote_category":0,"footnotes":""},"categories":[51,49],"tags":[],"class_list":["post-125316","post","type-post","status-publish","format-standard","has-post-thumbnail","hentry","category-evidenza-top","category-news-18","category-51","category-49","description-off"],"img_url":"https:\/\/www.radiopiu.net\/wordpress\/wp-content\/uploads\/2020\/03\/90673329_10222334950788034_5737916414413504512_n.jpg","_links":{"self":[{"href":"https:\/\/www.radiopiu.net\/wordpress\/wp-json\/wp\/v2\/posts\/125316","targetHints":{"allow":["GET"]}}],"collection":[{"href":"https:\/\/www.radiopiu.net\/wordpress\/wp-json\/wp\/v2\/posts"}],"about":[{"href":"https:\/\/www.radiopiu.net\/wordpress\/wp-json\/wp\/v2\/types\/post"}],"author":[{"embeddable":true,"href":"https:\/\/www.radiopiu.net\/wordpress\/wp-json\/wp\/v2\/users\/1"}],"replies":[{"embeddable":true,"href":"https:\/\/www.radiopiu.net\/wordpress\/wp-json\/wp\/v2\/comments?post=125316"}],"version-history":[{"count":0,"href":"https:\/\/www.radiopiu.net\/wordpress\/wp-json\/wp\/v2\/posts\/125316\/revisions"}],"wp:featuredmedia":[{"embeddable":true,"href":"https:\/\/www.radiopiu.net\/wordpress\/wp-json\/wp\/v2\/media\/125317"}],"wp:attachment":[{"href":"https:\/\/www.radiopiu.net\/wordpress\/wp-json\/wp\/v2\/media?parent=125316"}],"wp:term":[{"taxonomy":"category","embeddable":true,"href":"https:\/\/www.radiopiu.net\/wordpress\/wp-json\/wp\/v2\/categories?post=125316"},{"taxonomy":"post_tag","embeddable":true,"href":"https:\/\/www.radiopiu.net\/wordpress\/wp-json\/wp\/v2\/tags?post=125316"}],"curies":[{"name":"wp","href":"https:\/\/api.w.org\/{rel}","templated":true}]}}