{"id":125358,"date":"2020-03-27T13:58:14","date_gmt":"2020-03-27T12:58:14","guid":{"rendered":"https:\/\/www.radiopiu.net\/wordpress\/?p=125358"},"modified":"2020-03-27T13:58:14","modified_gmt":"2020-03-27T12:58:14","slug":"zaia-forse-le-scuole-non-riapriranno","status":"publish","type":"post","link":"https:\/\/www.radiopiu.net\/wordpress\/zaia-forse-le-scuole-non-riapriranno\/","title":{"rendered":"ZAIA: FORSE LE SCUOLE NON RIAPRIRANNO"},"content":{"rendered":"<p><strong>SCUOLE<\/strong><\/p>\n<p><em>&#8220;Forse le scuole non riapriranno pi\u00f9, la vedo dura mettere a repentaglio la salute dei ragazzi e creare un popolo di contagiatori&#8221;<\/em><\/p>\n<audio class=\"wp-audio-shortcode\" id=\"audio-125358-1\" preload=\"none\" style=\"width: 100%;\" controls=\"controls\"><source type=\"audio\/mpeg\" src=\"https:\/\/www.radiopiu.net\/wordpress\/wp-content\/uploads\/2020\/03\/ZAIA-SCUOLE.mp3?_=1\" \/><a href=\"https:\/\/www.radiopiu.net\/wordpress\/wp-content\/uploads\/2020\/03\/ZAIA-SCUOLE.mp3\">https:\/\/www.radiopiu.net\/wordpress\/wp-content\/uploads\/2020\/03\/ZAIA-SCUOLE.mp3<\/a><\/audio>\n<p><strong>APPELLO CONTINUO<\/strong><\/p>\n<p>Stiamo facendo di tutto per curare i cittadini in ospedale, per ora sono sufficienti le nostre strutture. Spero che il Governo con la massim lucidit\u00e0 e buon senso continui con le restrizioni. E\u2019 un problema che abbiamo tutti quello di rimanere in casa e non abbiate paura di ingrassare, piuttosto che perdere chili su un letto di terapia intensiva. Sono ossessivo: rimanete a casa.Una persona positiva deve restare a casa e per questo sono favorevole ai tracciati telefonici e non per spiare la gente. Che il governo adotti le intelligente artificiali, abbiamo necessit\u00e0 di capire chi \u00e8 ammalato.<\/p>\n<audio class=\"wp-audio-shortcode\" id=\"audio-125358-2\" preload=\"none\" style=\"width: 100%;\" controls=\"controls\"><source type=\"audio\/mpeg\" src=\"https:\/\/www.radiopiu.net\/wordpress\/wp-content\/uploads\/2020\/03\/ZAIA-APPELLO.mp3?_=2\" \/><a href=\"https:\/\/www.radiopiu.net\/wordpress\/wp-content\/uploads\/2020\/03\/ZAIA-APPELLO.mp3\">https:\/\/www.radiopiu.net\/wordpress\/wp-content\/uploads\/2020\/03\/ZAIA-APPELLO.mp3<\/a><\/audio>\n<p>&nbsp;<\/p>\n<p><strong>I CORRIERI<\/strong><\/p>\n<p>Sono sempre al fronte i corriere mi chiedono di dire di evitare di comperare \u201ccazzate\u201d ci sono molte \u201cmonate\u201d portate nelle famiglie con inutili rischio per il corriere e per le famiglie, il virus vice su superfici non biologiche. Evitiamo gli acquisti on line.<\/p>\n<audio class=\"wp-audio-shortcode\" id=\"audio-125358-3\" preload=\"none\" style=\"width: 100%;\" controls=\"controls\"><source type=\"audio\/mpeg\" src=\"https:\/\/www.radiopiu.net\/wordpress\/wp-content\/uploads\/2020\/03\/ZAIA-CORRIERI.mp3?_=3\" \/><a href=\"https:\/\/www.radiopiu.net\/wordpress\/wp-content\/uploads\/2020\/03\/ZAIA-CORRIERI.mp3\">https:\/\/www.radiopiu.net\/wordpress\/wp-content\/uploads\/2020\/03\/ZAIA-CORRIERI.mp3<\/a><\/audio>\n<p>&nbsp;<\/p>\n<p><strong>VERONA<\/strong><\/p>\n<p>Siamo preoccupati con le terapia intensive sotto tensione e stiamo allestendo postazioni. La scelta di Villafranca \u00e8 diventata realt\u00e0 e stiamo allestendo Manzana, \u00e8 importante svuotare ospedali per pazienti covid. Il veronese \u00e8 la realt\u00e0 che ricovera pi\u00f9 pazienti al giorno. Ci sono problemi al confine con Brescia<\/p>\n<audio class=\"wp-audio-shortcode\" id=\"audio-125358-4\" preload=\"none\" style=\"width: 100%;\" controls=\"controls\"><source type=\"audio\/mpeg\" src=\"https:\/\/www.radiopiu.net\/wordpress\/wp-content\/uploads\/2020\/03\/ZAIA-PREOCCUPAZIONI-VERONA.mp3?_=4\" \/><a href=\"https:\/\/www.radiopiu.net\/wordpress\/wp-content\/uploads\/2020\/03\/ZAIA-PREOCCUPAZIONI-VERONA.mp3\">https:\/\/www.radiopiu.net\/wordpress\/wp-content\/uploads\/2020\/03\/ZAIA-PREOCCUPAZIONI-VERONA.mp3<\/a><\/audio>\n<p>&nbsp;<\/p>\n<p><strong>CASE DI RIPOSO<\/strong><\/p>\n<p>I dispositivi li diamo e abbiamo anche magazzino. So che sono in difficolt\u00e0 cos\u00ec come negli ospedali, la mascherina andrebbe cambiata dopo poche ore, pian piano arrivano le forniture 13 milioni e mezzo di materiale in arrivo a giorni.<\/p>\n<audio class=\"wp-audio-shortcode\" id=\"audio-125358-5\" preload=\"none\" style=\"width: 100%;\" controls=\"controls\"><source type=\"audio\/mpeg\" src=\"https:\/\/www.radiopiu.net\/wordpress\/wp-content\/uploads\/2020\/03\/ZAIA-CASE-RIPOSO-MATERIALI.mp3?_=5\" \/><a href=\"https:\/\/www.radiopiu.net\/wordpress\/wp-content\/uploads\/2020\/03\/ZAIA-CASE-RIPOSO-MATERIALI.mp3\">https:\/\/www.radiopiu.net\/wordpress\/wp-content\/uploads\/2020\/03\/ZAIA-CASE-RIPOSO-MATERIALI.mp3<\/a><\/audio>\n<p>&nbsp;<\/p>\n<p><strong>PROROGA BOLLO AUTO\u00a0<\/strong><\/p>\n<p>Ci stiamo pensando, siamo una Regione che non applica tasse quindi non abbiamo il gettito di altre Regioni. Stiamo valutando la possibilit\u00e0 di proroga in base al bilancio<\/p>\n<audio class=\"wp-audio-shortcode\" id=\"audio-125358-6\" preload=\"none\" style=\"width: 100%;\" controls=\"controls\"><source type=\"audio\/mpeg\" src=\"https:\/\/www.radiopiu.net\/wordpress\/wp-content\/uploads\/2020\/03\/ZAIA-BOLLO-AUTO.mp3?_=6\" \/><a href=\"https:\/\/www.radiopiu.net\/wordpress\/wp-content\/uploads\/2020\/03\/ZAIA-BOLLO-AUTO.mp3\">https:\/\/www.radiopiu.net\/wordpress\/wp-content\/uploads\/2020\/03\/ZAIA-BOLLO-AUTO.mp3<\/a><\/audio>\n","protected":false},"excerpt":{"rendered":"<p>SCUOLE &#8220;Forse le scuole non riapriranno pi\u00f9, la vedo dura mettere a repentaglio la salute dei ragazzi e creare un popolo di contagiatori&#8221; APPELLO CONTINUO Stiamo facendo di tutto per curare i cittadini in ospedale, per ora sono sufficienti le nostre strutture. Spero che il Governo con la massim lucidit\u00e0 e buon senso continui con&hellip;<\/p>\n","protected":false},"author":4,"featured_media":0,"comment_status":"closed","ping_status":"closed","sticky":false,"template":"","format":"standard","meta":{"_monsterinsights_skip_tracking":false,"_monsterinsights_sitenote_active":false,"_monsterinsights_sitenote_note":"","_monsterinsights_sitenote_category":0,"footnotes":""},"categories":[49],"tags":[],"class_list":["post-125358","post","type-post","status-publish","format-standard","hentry","category-news-18","category-49","description-off"],"img_url":false,"_links":{"self":[{"href":"https:\/\/www.radiopiu.net\/wordpress\/wp-json\/wp\/v2\/posts\/125358","targetHints":{"allow":["GET"]}}],"collection":[{"href":"https:\/\/www.radiopiu.net\/wordpress\/wp-json\/wp\/v2\/posts"}],"about":[{"href":"https:\/\/www.radiopiu.net\/wordpress\/wp-json\/wp\/v2\/types\/post"}],"author":[{"embeddable":true,"href":"https:\/\/www.radiopiu.net\/wordpress\/wp-json\/wp\/v2\/users\/4"}],"replies":[{"embeddable":true,"href":"https:\/\/www.radiopiu.net\/wordpress\/wp-json\/wp\/v2\/comments?post=125358"}],"version-history":[{"count":0,"href":"https:\/\/www.radiopiu.net\/wordpress\/wp-json\/wp\/v2\/posts\/125358\/revisions"}],"wp:attachment":[{"href":"https:\/\/www.radiopiu.net\/wordpress\/wp-json\/wp\/v2\/media?parent=125358"}],"wp:term":[{"taxonomy":"category","embeddable":true,"href":"https:\/\/www.radiopiu.net\/wordpress\/wp-json\/wp\/v2\/categories?post=125358"},{"taxonomy":"post_tag","embeddable":true,"href":"https:\/\/www.radiopiu.net\/wordpress\/wp-json\/wp\/v2\/tags?post=125358"}],"curies":[{"name":"wp","href":"https:\/\/api.w.org\/{rel}","templated":true}]}}