{"id":125485,"date":"2020-03-28T03:31:42","date_gmt":"2020-03-28T02:31:42","guid":{"rendered":"https:\/\/www.radiopiu.net\/wordpress\/?p=125485"},"modified":"2020-03-28T06:15:27","modified_gmt":"2020-03-28T05:15:27","slug":"il-lupo-ai-tempi-del-corona-virus-una-convivenza-sempre-piu-difficile","status":"publish","type":"post","link":"https:\/\/www.radiopiu.net\/wordpress\/il-lupo-ai-tempi-del-corona-virus-una-convivenza-sempre-piu-difficile\/","title":{"rendered":"IL LUPO AI TEMPI DEL CORONA VIRUS: UNA CONVIVENZA SEMPRE PI\u00d9 DIFFICILE"},"content":{"rendered":"<p><strong><a class=\"dt-pswp-item\" href=\"https:\/\/www.radiopiu.net\/wordpress\/wp-content\/uploads\/2020\/03\/Lupi-a-Chies-Alpago-2.jpg\" data-dt-img-description=\"\" data-large_image_width=\"1200\" data-large_image_height=\"892\"><img loading=\"lazy\" decoding=\"async\" class=\" wp-image-125490 alignleft\" src=\"https:\/\/www.radiopiu.net\/wordpress\/wp-content\/uploads\/2020\/03\/Lupi-a-Chies-Alpago-2-300x223.jpg\" alt=\"\" width=\"256\" height=\"190\" srcset=\"https:\/\/www.radiopiu.net\/wordpress\/wp-content\/uploads\/2020\/03\/Lupi-a-Chies-Alpago-2-300x223.jpg 300w, https:\/\/www.radiopiu.net\/wordpress\/wp-content\/uploads\/2020\/03\/Lupi-a-Chies-Alpago-2-1024x761.jpg 1024w, https:\/\/www.radiopiu.net\/wordpress\/wp-content\/uploads\/2020\/03\/Lupi-a-Chies-Alpago-2-768x571.jpg 768w, https:\/\/www.radiopiu.net\/wordpress\/wp-content\/uploads\/2020\/03\/Lupi-a-Chies-Alpago-2.jpg 1200w\" sizes=\"auto, (max-width: 256px) 100vw, 256px\" \/><\/a>ALPAGO<\/strong> La misura \u00e8 colma, adesso siamo alla mattanza. in meno di 2 mesi si annovera ai lupi infatti la predazione di 50 pecore, 2 muli, 2 cani e si \u00e8 ormai perso il conto degli animali selvatici; l&#8217;ultimo inquietante episodio risale a pochi giorni fa, registrando la mattanza di 18 daini custoditi in un recinto. L&#8217;amministrazione comunale di Chies d&#8217;Alpago \u00e8 seriamente preoccupata per il futuro del proprio territorio, che da qualche tempo fa i conti con la presenza di lupi &#8220;problematici&#8221;.<br \/>\nGi\u00e0 un mese e mezzo fa era stato segnalato il problema e l\u2019esigenza di comprenderne numericamente la portata, sperando in un intervento delle autorit\u00e0 competenti. Nel mentre si auspica che le autorit\u00e0 regionali competenti si attiviassero presso il Ministero dell&#8217;Ambiente per avviare gli opportuni &#8211; e previsti &#8211; piani di gestione, controllo, e contenimento dove necessario del lupo. Se non verranno attuate delle misure concrete in tempi celeri, andremo incontro all&#8217;abbandono delle attivit\u00e0 da parte degli allevatori con un conseguente degrado pericoloso del territorio. <em>&#8220;Se da un lato &#8211; scrive l&#8217;amministrazione comunale &#8211;\u00a0 il lupo pu\u00f2 essere un valido equilibratore della fauna selvatica, in particolare in quei parchi dove \u00e8 praticamente assente la presenza dell\u2019uomo, allo stesso tempo \u00e8 fondamentale che venga preservato il paesaggio e la grande qualit\u00e0 ambientale del nostro Comune montano, che \u00e8 perfetta e indistricabile fusione del lavoro della Natura e di secoli di lavoro dei montanari, senza il quale non si potrebbe avere questa straordinaria biodiversit\u00e0 che in molti ci invidiano&#8221;.<\/em>\u00a0L&#8217;Amministrazione comunale di Chies d\u2019Alpago sta cercando di predisporre dei regolamenti edilizi per installare recinti elettrificati per la protezione dai grandi carnivori, e si augura che a livello regionale venga pubblicato velocemente il bando della misura specifica per la protezione degli allevamenti, al quale potranno partecipare anche gli imprenditori agricoli, figure fondamentali nella preservazione del nostro habitat.<\/p>\n","protected":false},"excerpt":{"rendered":"<p>ALPAGO La misura \u00e8 colma, adesso siamo alla mattanza. in meno di 2 mesi si annovera ai lupi infatti la predazione di 50 pecore, 2 muli, 2 cani e si \u00e8 ormai perso il conto degli animali selvatici; l&#8217;ultimo inquietante episodio risale a pochi giorni fa, registrando la mattanza di 18 daini custoditi in un&hellip;<\/p>\n","protected":false},"author":1,"featured_media":125490,"comment_status":"closed","ping_status":"closed","sticky":false,"template":"","format":"standard","meta":{"_monsterinsights_skip_tracking":false,"_monsterinsights_sitenote_active":false,"_monsterinsights_sitenote_note":"","_monsterinsights_sitenote_category":0,"footnotes":""},"categories":[51,49],"tags":[],"class_list":["post-125485","post","type-post","status-publish","format-standard","has-post-thumbnail","hentry","category-evidenza-top","category-news-18","category-51","category-49","description-off"],"img_url":"https:\/\/www.radiopiu.net\/wordpress\/wp-content\/uploads\/2020\/03\/Lupi-a-Chies-Alpago-2.jpg","_links":{"self":[{"href":"https:\/\/www.radiopiu.net\/wordpress\/wp-json\/wp\/v2\/posts\/125485","targetHints":{"allow":["GET"]}}],"collection":[{"href":"https:\/\/www.radiopiu.net\/wordpress\/wp-json\/wp\/v2\/posts"}],"about":[{"href":"https:\/\/www.radiopiu.net\/wordpress\/wp-json\/wp\/v2\/types\/post"}],"author":[{"embeddable":true,"href":"https:\/\/www.radiopiu.net\/wordpress\/wp-json\/wp\/v2\/users\/1"}],"replies":[{"embeddable":true,"href":"https:\/\/www.radiopiu.net\/wordpress\/wp-json\/wp\/v2\/comments?post=125485"}],"version-history":[{"count":0,"href":"https:\/\/www.radiopiu.net\/wordpress\/wp-json\/wp\/v2\/posts\/125485\/revisions"}],"wp:featuredmedia":[{"embeddable":true,"href":"https:\/\/www.radiopiu.net\/wordpress\/wp-json\/wp\/v2\/media\/125490"}],"wp:attachment":[{"href":"https:\/\/www.radiopiu.net\/wordpress\/wp-json\/wp\/v2\/media?parent=125485"}],"wp:term":[{"taxonomy":"category","embeddable":true,"href":"https:\/\/www.radiopiu.net\/wordpress\/wp-json\/wp\/v2\/categories?post=125485"},{"taxonomy":"post_tag","embeddable":true,"href":"https:\/\/www.radiopiu.net\/wordpress\/wp-json\/wp\/v2\/tags?post=125485"}],"curies":[{"name":"wp","href":"https:\/\/api.w.org\/{rel}","templated":true}]}}