{"id":125585,"date":"2020-03-28T10:59:03","date_gmt":"2020-03-28T09:59:03","guid":{"rendered":"https:\/\/www.radiopiu.net\/wordpress\/?p=125585"},"modified":"2020-03-28T10:59:27","modified_gmt":"2020-03-28T09:59:27","slug":"il-virus-dei-nonni-uccide-altre-9-persone-in-un-giorno-nelle-case-di-riposo","status":"publish","type":"post","link":"https:\/\/www.radiopiu.net\/wordpress\/il-virus-dei-nonni-uccide-altre-9-persone-in-un-giorno-nelle-case-di-riposo\/","title":{"rendered":"\u00a0IL &#8220;VIRUS DEI NONNI&#8221; UCCIDE ALTRE 9 PERSONE IN UN GIORNO NELLE CASE DI RIPOSO."},"content":{"rendered":"<h3><span style=\"color: #ff0000;\">AGORDO Sul pennone sventola il tricolore, non \u00e8 un errore in vista del 25 aprile, ma una scelta del sindaco e amministrazione comunale.<\/span> Un segnale importante per sentirsi italiani, un segnale per guardare al futuro con fiducia. <span style=\"color: #339966;\">Radio Pi\u00f9 ha scelto di pubblicare la fotografia per tutti coloro che dalle proprie abitazioni vorranno sposare questo pensiero che arriva dalle istituzioni<\/span><\/h3>\n<p class=\"photoswipe-wrapper\"><a class=\"dt-pswp-item pspw-wrap-ready\" href=\"https:\/\/i1.wp.com\/www.radiopiu.net\/wordpress\/wp-content\/uploads\/2020\/03\/5a545916-8ca6-465e-bb83-4d3253193058.jpg?ssl=1\" data-dt-img-description=\"\" data-large_image_width=\"2016\" data-large_image_height=\"1134\"><img loading=\"lazy\" decoding=\"async\" class=\"alignnone wp-image-125406 size-large jetpack-lazy-image jetpack-lazy-image--handled\" src=\"https:\/\/i1.wp.com\/www.radiopiu.net\/wordpress\/wp-content\/uploads\/2020\/03\/5a545916-8ca6-465e-bb83-4d3253193058.jpg?resize=1024%2C576&amp;ssl=1\" sizes=\"auto, (max-width: 1024px) 100vw, 1024px\" srcset=\"https:\/\/i1.wp.com\/www.radiopiu.net\/wordpress\/wp-content\/uploads\/2020\/03\/5a545916-8ca6-465e-bb83-4d3253193058.jpg?resize=1024%2C576&amp;ssl=1 1024w, https:\/\/i1.wp.com\/www.radiopiu.net\/wordpress\/wp-content\/uploads\/2020\/03\/5a545916-8ca6-465e-bb83-4d3253193058.jpg?resize=300%2C169&amp;ssl=1 300w, https:\/\/i1.wp.com\/www.radiopiu.net\/wordpress\/wp-content\/uploads\/2020\/03\/5a545916-8ca6-465e-bb83-4d3253193058.jpg?resize=768%2C432&amp;ssl=1 768w, https:\/\/i1.wp.com\/www.radiopiu.net\/wordpress\/wp-content\/uploads\/2020\/03\/5a545916-8ca6-465e-bb83-4d3253193058.jpg?resize=1536%2C864&amp;ssl=1 1536w, https:\/\/i1.wp.com\/www.radiopiu.net\/wordpress\/wp-content\/uploads\/2020\/03\/5a545916-8ca6-465e-bb83-4d3253193058.jpg?w=2016&amp;ssl=1 2016w\" alt=\"\" width=\"1024\" height=\"576\" data-recalc-dims=\"1\" data-lazy-loaded=\"1\" \/><\/a><\/p>\n<p>&nbsp;<\/p>\n<hr \/>\n<p>&nbsp;<\/p>\n<p>&nbsp;<\/p>\n<blockquote>\n<h3>IL BILANCIO DELLA PROTEZIONE CIVILE<\/h3>\n<\/blockquote>\n<p><strong>86.498 i casi totali<\/strong> &#8211; superata la Cina -,\u00a0con un incremento rispetto al 26 marzo di 5.959 unit\u00e0.\u00a0<strong>10.950 le persone guarite<\/strong> (589 in pi\u00f9\u00a0del giorno prima). Si contano <strong>9.134 i morti<\/strong>, con un aumento rispetto al 26 marzo di 919; <strong>ISTITUTO SUPERIORE DI SANITA<\/strong>&#8216;:<em>\u201dDal 19-20 marzo il numero di nuovi casi segnalati cala<\/em>, ma il picco non \u00e8 ancora arrivato\u201d- <strong>W<span class=\"emoji emoji-spritesheet-3\" title=\"warning\">arning<\/span><\/strong><span class=\"emoji emoji-spritesheet-3\" title=\"warning\">:<\/span> L\u2019Italia ha superato la Cina per contagi da coronavirus. <strong>\u00a0Oms:<\/strong> <em>&#8220;Per il vaccino ancora 12-18 mesi&#8221;. \u2022 Sotto la pioggia, <strong>Papa Francesco lancia<\/strong> il suo &#8216;grido&#8217;: &#8220;Dio, non lasciarci in balia della tempesta&#8221;. <\/em>Londra trema <em><strong>Boris Johnson<\/strong><\/em> il premier britannico ha il coronavirus<em>&#8220;Sono positivo&#8221;<\/em> ha dichiarato ieri pubblicamente e nella stessa condizione \u00e8 il Ministro della salute e il suo principale consulente.<\/p>\n<blockquote>\n<h3><\/h3>\n<\/blockquote>\n<p><span style=\"color: #ff0000;\">di Mirko<\/span> Mezz<span style=\"color: #339966;\">acasa<\/span><\/p>\n<p>In Veneto dallo scorso 22 marzo rallenta il propagarsi del virus, meno malati e meno contagiati, solo un paziente in pi\u00f9 ieri in terapia intensiva e questo accende qualche speranza. Purtroppo \u00e8 il numero dei morti che continua a preoccupare, 37 anche ieri. Ieri mattina avevamo contato 5 decessi, tutti nel veronese, ieri sera ne abbiamo contati\u00a0 29 pi\u00f9 due all&#8217;ospedale San Martino di Belluno, 36 decessi, tanti in 24 ore con il\u00a0 totale\u00a0 che sale a 342, in aumento i positivi, 7650 (+153),\u00a0 a\u00a0 Verona\u00a0 +43, Belluno e Padova +28, nessuno a Rovigo. <strong>I DECESSI<\/strong>: 4 Padova e Peschiera, 3 Santorso e Villafranca,\u00a0 2 Legnago, Treviso, Mestre, Schiavonia e Jesolo,\u00a0 1 San Bonifacio, Verona Borgo Trento, Montebelluna, Dolo. A Verona ieri si sono contati anche 7 morti della casa di riposo Maria Gasparini che porta il totale a 15. Ieri il primo decesso nella casa per anziani di Puos d&#8217;Alpago.<\/p>\n<p><strong><a class=\"dt-pswp-item\" href=\"https:\/\/www.radiopiu.net\/wordpress\/wp-content\/uploads\/2020\/03\/ee29c286-77b9-4119-b094-de5ed87749df.jpg\" data-dt-img-description=\"\" data-large_image_width=\"1152\" data-large_image_height=\"2048\"><img loading=\"lazy\" decoding=\"async\" class=\"size-medium wp-image-125586 alignleft\" src=\"https:\/\/www.radiopiu.net\/wordpress\/wp-content\/uploads\/2020\/03\/ee29c286-77b9-4119-b094-de5ed87749df-169x300.jpg\" alt=\"\" width=\"169\" height=\"300\" srcset=\"https:\/\/www.radiopiu.net\/wordpress\/wp-content\/uploads\/2020\/03\/ee29c286-77b9-4119-b094-de5ed87749df-169x300.jpg 169w, https:\/\/www.radiopiu.net\/wordpress\/wp-content\/uploads\/2020\/03\/ee29c286-77b9-4119-b094-de5ed87749df-576x1024.jpg 576w, https:\/\/www.radiopiu.net\/wordpress\/wp-content\/uploads\/2020\/03\/ee29c286-77b9-4119-b094-de5ed87749df-768x1365.jpg 768w, https:\/\/www.radiopiu.net\/wordpress\/wp-content\/uploads\/2020\/03\/ee29c286-77b9-4119-b094-de5ed87749df-864x1536.jpg 864w, https:\/\/www.radiopiu.net\/wordpress\/wp-content\/uploads\/2020\/03\/ee29c286-77b9-4119-b094-de5ed87749df.jpg 1152w\" sizes=\"auto, (max-width: 169px) 100vw, 169px\" \/><\/a>BELLUNO<\/strong> Due decessi all&#8217;ospedale San Martino <span style=\"font-size: medium;\"><span style=\"font-family: Calibri, serif;\">pazienti COVID\u00a0 positivi di 75 e<\/span><\/span><span style=\"font-family: Calibri, serif; font-size: medium;\"> 71 anni, ricoverati nella terapia intensiva di Belluno. Salgono a 13 i decessi in provincia di Belluno, A Cortina i contagi in 48 ore sono raddoppiati (40) lo ha confermato il sindaco Gianpiero Ghedina sui social <em>&#8220;Purtroppo la situazione \u00e8 peggiorata, riscontriamo altri 14 casi&#8221;<\/em> e i cittadini guardano in cagnesco gli sciatori dell&#8217;ultimo week end, tra l&#8217;altro gli impiantisti ampezzani erano proprio coloro che volevano continuare a tenere aperto mentre il Dolomitisuperski aveva gi\u00e0 deciso per lo stop.\u00a0<\/span><span style=\"font-family: Calibri, serif; font-size: medium;\"> Sono 83 i pazienti ricoverati negli ospedali bellunesi,\u00a0 al San Martino altri 5 pazienti in area non critica (53) due in meno pari ai decessi in terapia intensiva (7). Due ricoveri in pi\u00f9 anche a Feltre (11) e uno in pi\u00f9 ad Agordo (12). Nella mappa dei contagi negli ultimi giorni si \u00e8 aggiunto Falcade (pochi giorni prima Livinallongo del Col di Lana) ed \u00e8 la conferma che gli agordini devono stare in casa non girare per il paese o per i boschi a lordare cartelli contro i proprietari di seconde case, al proposito il sindaco di Falcade Michele Costa ieri ha fatto visita (con tanto di mascherina e guanti) al locale comando dei Carabinieri per sporgere denuncia contro ignoti per le scritte di Sappade. I controlli sui furbetti delle passeggiate continuano, ad Auronzo la Polizia locale si \u00e8 organizzata con il drone, la Guardia di Finanza di Belluno ha denunciato 3 persone, un podista che allegramente correva sulla ciclabile di Cortina e due operai che trasportavano materiali edili, tra l&#8217;altro uno nemmeno in regola. Da ieri sono in consegna le pensioni, fuori dagli uffici postali di Belluno i volontari per la consegna delle protezioni individuali, ben 300. Lunga fila a Mel unico ufficio postale aperto a BorgoValbelluna. La Provincia ha dato il via alla sanificazione delle strade con la varechina, prova del nove ben riuscita a Limana ora gli operai procederanno per strade e piazze sul territorio provinciale. <\/span>Al di l\u00e0 del colore politico pi\u00f9 o meno condivisibile va dato atto a Zaia di essersi saputo muovere per tempo, quando gli altri sonnecchiavano e i trentini invitavano a frequentare i loro alberghi <em>&#8220;dove non si ci ammala&#8221;<\/em> lui \u00e8 partito chiedendo ai fornitori di accelerare creando 740 nuovi posti in terapia intensiva quelli che salvano la vita respirando per te anestetizzato dal virus, imponendo misure drastiche perch\u00e9 il peggio doveva ancora venire, incazzandosi con la donnina a spasso con il cane, con il cliente fisso della farmacia, lo sportivo assatanato della corsa o i bambini ammucchiati nei giochi di gruppo. Se non l&#8217;avesse fatto? Cosa sarebbe ora il Veneto? Non c&#8217;erano alternative e dopo un primo tentennamento quando i numeri non facevano ancora paura,\u00a0 si \u00e8 lasciato consigliare imponendo sacrifici a tutti. I danni ci sono eccome, la sconfitta pure perch\u00e9 quando ci sono vittime \u00e8 sempre una sconfitta,\u00a0 ma poteva andare molto peggio e potrebbe andare molto peggio se oggi si molla la presa. Va dato merito a Zaia di aver conquistato anche la fiducia dei &#8220;potenti&#8221; dal portafoglio gonfio,\u00a0 al punto che non hanno esitato a mettere sul piatto non uno, non due, ma una decina di milioni di euro e in tempi di crisi non \u00e8 poca cosa e anche i veneti lo hanno appoggiato non a caso oggi la Regione per la nostra sanit\u00e0, per la nostra salute pu\u00f2 contare su quasi 14 milioni di euro e non \u00e8 ancora finita. Ma quello che \u00e8 encomiabile sono i concetti precisi e dritti, senza giri di parole <strong>TAMPONI<\/strong> <em>&#8220;Siamo i campioni mondiali dei tamponi&#8221;. <\/em>Ad oggi sono stati eseguiti 83mila tamponi, 27 mila per il personale sanitario (7% della popolazione) il numero poteva essere ancora pi\u00f9 alto se non mancassero i reagenti,\u00a0 a Verona arriver\u00e0 una macchina olandese in grado di tamponare 20 mila persone al giorno. <strong>EUROPA<\/strong> <em>&#8220;Sempre latitante ed \u00e8 scandaloso, La Bce non segue la Fed e si comporta come con gli immigrati a Lampedusa, cio\u00e8 ci lascia soli&#8221; <\/em><strong>CONTROMISURE<\/strong> Cure a domicilio con il farmaco antimalaria (idroclorochina); droni per misurare la febbre dall&#8217;alto con il modello Israele sospendendo la privacy; domani supermercati chiusi. <strong>VENDITE ON LINE<\/strong> <em>&#8220;Finitela di comperare monate in rete, perch\u00e9 il virus viaggia con i pacchi\u00a0 ed entra in casa, mette a rischio la vostra vita a anche quella del Corriere&#8221;<\/em>: <strong>SCUOLA <\/strong><em>\u201cForse le scuole non riapriranno pi\u00f9, la vedo dura mettere a repentaglio la salute dei ragazzi e creare un popolo di contagiatori.\u00a0Abbiamo anche ragazzi e adolescenti ricoverati, ce n\u2019\u00e8 per tutt<\/em>i\u201d. <strong>BOLLO AUTO <\/strong>\u00a0<em>\u00abAd un&#8217;eventuale proroga ci stiamo pensando\u00a0 ma abbiamo difficolt\u00e0 perch\u00e9 la nostra \u00e8 una regione che non applica tasse. Altre incassano l&#8217;addizionale Irpef, e possono contare su altre entrate, stiamo comunque valutando la sostenibilit\u00e0 di prorogare il Bollo auto\u00bb. <\/em>Le aziende in Veneto traballano come nel resto del Paese, hanno tempo fino ad oggi per chiedere di poter riaprire se il codice Ateco lo permette, oltre 11 mila domande sono giunte sul tavolo delle Prefetture che dovranno decidere se concedere la deroga al decreto oppure no, in Provincia gli imprenditori che hanno chiesto di poter lavorare sono 450. Le imprese sono costrette a rivedere le previsioni, ieri lo ha fatto anche EssilorLuxottica che tra l&#8217;altro ha rinunciato all&#8217;acquisto delle azioni e poich\u00e9 piove sul bagnato in questi giorni sta conducendo un&#8217;altra battaglia con gli hacker che sono riusciti a bloccare l&#8217;azienda francese, nessuna ripercussione su Luxottica Italia. Geox lamenta un calo di vendite del 20 per cento nel primo trimestre, va meglio da un po&#8217; sui mercati asiatici. Oltre il Coronavirus c&#8217;\u00e8 la WANBAO ACC di Mel, il sindaco Stefano Cesa ha scritto al Ministro Pattuanelli mentre il ministro D&#8217;Inc\u00e0 non ha proferito parola dopo la nomina di Anna Di Pasquale e il defenestramento di Maurizio Castro <em>&#8220;E&#8217; stato annullato un percorso durato mesi, sono stati smentiti clamorosamente i colleghi di Governo&#8221; <\/em>ha detto Cesa\u00a0ovvio il riferimento a D&#8217;Inc\u00e0 che si era assunto l&#8217;onere<em> &#8220;per amore verso il proprio territorio&#8221;<\/em> di guidare il percorso istituzionale, altro che amore si \u00e8 trattato di una crisi coniugale precipitata nel divorzio e sul mercato arriva il tonfo. La richiesta da Mel \u00e8 una soltanto: una marcia indietro abbandonando la politica &#8220;vecchio stile&#8221; e revocando la nomina della Di Pasquale il rischio \u00e8 la chiusura dell&#8217;azienda. Oltre il coronavirus o meglio assieme alla crisi Coronavirus in Alpago c&#8217;\u00e8 un altro problema, quello del lupo e l&#8217;amministrazione comunale chiede di intervenire al pi\u00f9 presto per evitare l&#8217;abbandono del territorio dopo la strage di 50 pecore, 2 muli, 2 cani e 18 daini. <em>&#8220;La misura \u00e8 colma auspico un intervento delle autorit\u00e0 competenti&#8221;<\/em> dice il sindaco Gianluca Dal Borgo. Per il contenimento c&#8217;\u00e8 chi\u00a0 invoca di imbracciare le doppiette. <strong>SOVRAMONTE <\/strong>Infine nel feltrino seconda scossa di terremoto della settimana, \u00a0 Secondo lieve tremolio in pochi giorni a Sovramonte, 1,3 la magnitudo, all&#8217;1.12.<\/p>\n<h3>Nella casa di riposo di Puos primo decesso<\/h3>\n<p><strong>GIANLUIGI DELLA GIACOMA, FP CGIL<\/strong><\/p>\n<audio class=\"wp-audio-shortcode\" id=\"audio-125585-1\" preload=\"none\" style=\"width: 100%;\" controls=\"controls\"><source type=\"audio\/mpeg\" src=\"https:\/\/www.radiopiu.net\/wordpress\/wp-content\/uploads\/2020\/03\/GIAN.mp3?_=1\" \/><a href=\"https:\/\/www.radiopiu.net\/wordpress\/wp-content\/uploads\/2020\/03\/GIAN.mp3\">https:\/\/www.radiopiu.net\/wordpress\/wp-content\/uploads\/2020\/03\/GIAN.mp3<\/a><\/audio>\n<p>&nbsp;<\/p>\n<p>&nbsp;<\/p>\n<p>&nbsp;<\/p>\n","protected":false},"excerpt":{"rendered":"<p>AGORDO Sul pennone sventola il tricolore, non \u00e8 un errore in vista del 25 aprile, ma una scelta del sindaco e amministrazione comunale. Un segnale importante per sentirsi italiani, un segnale per guardare al futuro con fiducia. Radio Pi\u00f9 ha scelto di pubblicare la fotografia per tutti coloro che dalle proprie abitazioni vorranno sposare questo&hellip;<\/p>\n","protected":false},"author":1,"featured_media":125586,"comment_status":"closed","ping_status":"closed","sticky":false,"template":"","format":"standard","meta":{"_monsterinsights_skip_tracking":false,"_monsterinsights_sitenote_active":false,"_monsterinsights_sitenote_note":"","_monsterinsights_sitenote_category":0,"footnotes":""},"categories":[49],"tags":[],"class_list":["post-125585","post","type-post","status-publish","format-standard","has-post-thumbnail","hentry","category-news-18","category-49","description-off"],"img_url":"https:\/\/www.radiopiu.net\/wordpress\/wp-content\/uploads\/2020\/03\/ee29c286-77b9-4119-b094-de5ed87749df.jpg","_links":{"self":[{"href":"https:\/\/www.radiopiu.net\/wordpress\/wp-json\/wp\/v2\/posts\/125585","targetHints":{"allow":["GET"]}}],"collection":[{"href":"https:\/\/www.radiopiu.net\/wordpress\/wp-json\/wp\/v2\/posts"}],"about":[{"href":"https:\/\/www.radiopiu.net\/wordpress\/wp-json\/wp\/v2\/types\/post"}],"author":[{"embeddable":true,"href":"https:\/\/www.radiopiu.net\/wordpress\/wp-json\/wp\/v2\/users\/1"}],"replies":[{"embeddable":true,"href":"https:\/\/www.radiopiu.net\/wordpress\/wp-json\/wp\/v2\/comments?post=125585"}],"version-history":[{"count":0,"href":"https:\/\/www.radiopiu.net\/wordpress\/wp-json\/wp\/v2\/posts\/125585\/revisions"}],"wp:featuredmedia":[{"embeddable":true,"href":"https:\/\/www.radiopiu.net\/wordpress\/wp-json\/wp\/v2\/media\/125586"}],"wp:attachment":[{"href":"https:\/\/www.radiopiu.net\/wordpress\/wp-json\/wp\/v2\/media?parent=125585"}],"wp:term":[{"taxonomy":"category","embeddable":true,"href":"https:\/\/www.radiopiu.net\/wordpress\/wp-json\/wp\/v2\/categories?post=125585"},{"taxonomy":"post_tag","embeddable":true,"href":"https:\/\/www.radiopiu.net\/wordpress\/wp-json\/wp\/v2\/tags?post=125585"}],"curies":[{"name":"wp","href":"https:\/\/api.w.org\/{rel}","templated":true}]}}