{"id":125648,"date":"2020-03-28T13:17:37","date_gmt":"2020-03-28T12:17:37","guid":{"rendered":"https:\/\/www.radiopiu.net\/wordpress\/?p=125648"},"modified":"2020-03-28T13:17:37","modified_gmt":"2020-03-28T12:17:37","slug":"bandiere-a-mezzasta-e-minuto-di-silenzio-martedi-31-marzo","status":"publish","type":"post","link":"https:\/\/www.radiopiu.net\/wordpress\/bandiere-a-mezzasta-e-minuto-di-silenzio-martedi-31-marzo\/","title":{"rendered":"BANDIERE A MEZZ&#8217;ASTA E MINUTO DI SILENZIO MARTEDI&#8217; 31 MARZO"},"content":{"rendered":"<p><strong><a class=\"dt-pswp-item\" href=\"https:\/\/www.radiopiu.net\/wordpress\/wp-content\/uploads\/2019\/02\/palazzo_piloni_belluno.jpg\" data-dt-img-description=\"\" data-large_image_width=\"1000\" data-large_image_height=\"667\"><img loading=\"lazy\" decoding=\"async\" class=\"size-medium wp-image-77618 alignleft\" src=\"https:\/\/www.radiopiu.net\/wordpress\/wp-content\/uploads\/2019\/02\/palazzo_piloni_belluno-300x200.jpg\" alt=\"\" width=\"300\" height=\"200\" srcset=\"https:\/\/www.radiopiu.net\/wordpress\/wp-content\/uploads\/2019\/02\/palazzo_piloni_belluno-300x200.jpg 300w, https:\/\/www.radiopiu.net\/wordpress\/wp-content\/uploads\/2019\/02\/palazzo_piloni_belluno-768x512.jpg 768w, https:\/\/www.radiopiu.net\/wordpress\/wp-content\/uploads\/2019\/02\/palazzo_piloni_belluno.jpg 1000w\" sizes=\"auto, (max-width: 300px) 100vw, 300px\" \/><\/a>BELLUNO<\/strong> La Provincia di Belluno raccoglie l\u2019invito dell\u2019Unione Province Italiane e della Provincia di Bergamo: marted\u00ec 31 marzo anche a Palazzo Piloni le bandiere saranno a mezz\u2019asta, in segno di vicinanza al territorio bergamasco, colpito in maniera pesantissima dall\u2019epidemia di coronavirus.\u00a0\u00ab<em>Abbiamo ricevuto la lettera dell\u2019Upi e del collega Gianfranco Gafforelli, presidente della Provincia di Bergamo, e non possiamo che esprimere tutta la nostra vicinanza a un territorio che sta soffrendo, molto pi\u00f9 di altre zone d\u2019Italia, per questa epidemia che ci sta colpendo tutti &#8211; afferma il presidente Roberto Padrin -. Abbiamo esteso l\u2019invito anche a tutti i sindaci di fare altrettanto: a esporre le bandiere a mezz\u2019asta e a osservare un minuto di silenzio davanti al municipio con la fascia tricolore, a mezzogiorno, a nome di tutta la cittadinanza. La risposta che ci sta arrivando in queste ore \u00e8 corale. Anche i cittadini bellunesi possono unirsi a questo momento di raccoglimento, per onorare i defunti e anche per rivolgere un pensiero a tutti coloro che hanno perso una persona cara, un familiare, e non hanno potuto essere vicini nel momento dell\u2019addio<\/em>\u00bb.\u00a0\u00ab<em>Ringrazio a nome di tutti i sindaci i medici e gli infermieri che si stanno impegnando per contenere l\u2019epidemia e curare i malati in queste giornate estremamente difficili per il nostro Paese, per il Veneto e anche per il Bellunese &#8211; conclude il presidente Padrin -. Ne usciremo, perch\u00e9 come abbiamo dimostrato con Vaia, \u00e8 nei momenti di prova e di difficolt\u00e0 che sappiamo essere forti, che sappiamo fare comunit\u00e0<\/em>\u00bb.<\/p>\n","protected":false},"excerpt":{"rendered":"<p>BELLUNO La Provincia di Belluno raccoglie l\u2019invito dell\u2019Unione Province Italiane e della Provincia di Bergamo: marted\u00ec 31 marzo anche a Palazzo Piloni le bandiere saranno a mezz\u2019asta, in segno di vicinanza al territorio bergamasco, colpito in maniera pesantissima dall\u2019epidemia di coronavirus.\u00a0\u00abAbbiamo ricevuto la lettera dell\u2019Upi e del collega Gianfranco Gafforelli, presidente della Provincia di Bergamo,&hellip;<\/p>\n","protected":false},"author":4,"featured_media":77618,"comment_status":"closed","ping_status":"closed","sticky":false,"template":"","format":"standard","meta":{"_monsterinsights_skip_tracking":false,"_monsterinsights_sitenote_active":false,"_monsterinsights_sitenote_note":"","_monsterinsights_sitenote_category":0,"footnotes":""},"categories":[49],"tags":[],"class_list":["post-125648","post","type-post","status-publish","format-standard","has-post-thumbnail","hentry","category-news-18","category-49","description-off"],"img_url":"https:\/\/www.radiopiu.net\/wordpress\/wp-content\/uploads\/2019\/02\/palazzo_piloni_belluno.jpg","_links":{"self":[{"href":"https:\/\/www.radiopiu.net\/wordpress\/wp-json\/wp\/v2\/posts\/125648","targetHints":{"allow":["GET"]}}],"collection":[{"href":"https:\/\/www.radiopiu.net\/wordpress\/wp-json\/wp\/v2\/posts"}],"about":[{"href":"https:\/\/www.radiopiu.net\/wordpress\/wp-json\/wp\/v2\/types\/post"}],"author":[{"embeddable":true,"href":"https:\/\/www.radiopiu.net\/wordpress\/wp-json\/wp\/v2\/users\/4"}],"replies":[{"embeddable":true,"href":"https:\/\/www.radiopiu.net\/wordpress\/wp-json\/wp\/v2\/comments?post=125648"}],"version-history":[{"count":0,"href":"https:\/\/www.radiopiu.net\/wordpress\/wp-json\/wp\/v2\/posts\/125648\/revisions"}],"wp:featuredmedia":[{"embeddable":true,"href":"https:\/\/www.radiopiu.net\/wordpress\/wp-json\/wp\/v2\/media\/77618"}],"wp:attachment":[{"href":"https:\/\/www.radiopiu.net\/wordpress\/wp-json\/wp\/v2\/media?parent=125648"}],"wp:term":[{"taxonomy":"category","embeddable":true,"href":"https:\/\/www.radiopiu.net\/wordpress\/wp-json\/wp\/v2\/categories?post=125648"},{"taxonomy":"post_tag","embeddable":true,"href":"https:\/\/www.radiopiu.net\/wordpress\/wp-json\/wp\/v2\/tags?post=125648"}],"curies":[{"name":"wp","href":"https:\/\/api.w.org\/{rel}","templated":true}]}}