{"id":125743,"date":"2020-03-28T20:22:29","date_gmt":"2020-03-28T19:22:29","guid":{"rendered":"https:\/\/www.radiopiu.net\/wordpress\/?p=125743"},"modified":"2020-03-28T20:23:56","modified_gmt":"2020-03-28T19:23:56","slug":"lettera-al-presidente-del-veneto-luca-zaia-da-parte-di-uripa","status":"publish","type":"post","link":"https:\/\/www.radiopiu.net\/wordpress\/lettera-al-presidente-del-veneto-luca-zaia-da-parte-di-uripa\/","title":{"rendered":"LETTERA AL PRESIDENTE DEL VENETO LUCA ZAIA DA PARTE DI URIPA"},"content":{"rendered":"<p><strong><a class=\"dt-pswp-item\" href=\"https:\/\/www.radiopiu.net\/wordpress\/wp-content\/uploads\/2020\/03\/URIPA.png\" data-dt-img-description=\"\" data-large_image_width=\"422\" data-large_image_height=\"248\"><img loading=\"lazy\" decoding=\"async\" class=\"wp-image-125744 size-medium alignleft\" src=\"https:\/\/www.radiopiu.net\/wordpress\/wp-content\/uploads\/2020\/03\/URIPA-300x176.png\" alt=\"\" width=\"300\" height=\"176\" srcset=\"https:\/\/www.radiopiu.net\/wordpress\/wp-content\/uploads\/2020\/03\/URIPA-300x176.png 300w, https:\/\/www.radiopiu.net\/wordpress\/wp-content\/uploads\/2020\/03\/URIPA.png 422w\" sizes=\"auto, (max-width: 300px) 100vw, 300px\" \/><\/a>PADOVA<\/strong> Il presidente di URIPA Roberto Volpe ha scritto al Presidente del Veneto Luca Zaia in merito alle dichiarazioni fatte oggi sulle case di riposo in conferenza stampa.<\/p>\n<p><strong>LA LETTERA<\/strong><\/p>\n<p><em>Egregio Presidente,<\/em><br \/>\n<em>mi spaice dover qui rappresentarle il rammarico delle centinaia di Centri Servizi (ex case di riposo), che qui mi sento in dovere di rappresentare dopo aver attentamente ascoltato le sue parole pronunciate nella quotidiana conferenza stampa che per molti Veneti \u00e8 divenuta &#8211; per ovvi motivi &#8211; un appuntamento importante.<\/em><br \/>\n<em>Consapevole che per Lei il tempo \u00e8 tiranno e che troppo avrei dovuto scrivere per rapprentarle quanto nel mio animo, Le chiedo solo qualche minuto di attenzione e prendere visione del quadro comporativo che segue, volto ad evidenziare le differenze tra quanto \u00e8 stato offerto alla pubblica opinione e quanto in reat\u00e0 noi abbiamo sempre pensato di essere. Motivo questo per cui trover\u00e0 nella parte sinistra la trascrizione del suo intervento e nella destra il testo dell\u2019Accordo Contrattuale voluto dalla GRV (DGR 1231 del 14.8.2018) e che noi tutti abbiamo sottoscritto con le locali Aziende Sanitarie. Dallo stesso potr\u00e0 evincere che, se da un lato \u00e8 vero che \u201cle case di riposo non sono a gestione regionale\u201d, forse \u201cfratellastrii\u201d con il sistema sanitario regionale un po\u2019 lo siamo. Le parti che ho ritenuto di evidenziare vorrebbero essere solo un invito a riflettere sul ruolo reale delle nostre strutture, in considerazione di alcuni termini contenuti nello stesso scritto e che sono il frutto di decenni di storia dei servizi socio sanitari della nostra Regione e che fino ad oggi ci parevano significativi come : \u201cazione congiunta tra pari &#8211; di partnership e fattiva collaborazione \u2013 ecc.\u201d. Probabilmente oggi, in un momento di cos\u00ec grande difficolt\u00e0 il nostro ruolo non \u00e8 pi\u00f9 tale e probabilmente farcene una ragione, perch\u00e9 giustamente vengono prima 68 ospedali e 54.000 dipendenti (molti oggi eroici) delle ULSS. Mi creda mai abbiamo voluto venire prima di chi salva la vita di migliaia di persone anche giovani, anzi siamo ben consapevoli del lavoro eroico dei fratelli che lavorano negli ospedali cos\u00ec siamo che consapevoli che siamo come nella \u201cmedicina di guerra\u201d con ci\u00f2 che questo comporta, e lei ben comprende a cosa mi riferisco. Da ultimo un accenno al tema delle mascherine FPP2, mascherine chirurgiche, camici, ecc., di cui saremmo responsabili non avendo riempito i nostri magazzini. Noi ci eravamo fidati di quanto ben scritto nell\u2019ultimo comma dell\u2019art.11, anche perch\u00e9 se qualcuno ci avesse detto per tempo \u201carrangiatevi\u201d sicuramente &#8211; a costo di andare a piedi in qualche paese dell\u2019oriente &#8211; ci saremmo andati da subito. Vede Presidente in queste settimane abbiamo vissuto con l\u2019incubo di ricevere la prima telefonata con sull\u2019 esito del primo tampone con la stessa speranza che ognuno di noi potrebbe sperare per ognuno dei nostri genitori consapevoli degli effetti avendo piena coscienz del dramma dei fratelli della Lombardia dove &#8211; come lo definisce Lei il mostro \u2013 il giorno in cui avesse varcato le nostre porte il dramma sarebbe stato grande. In questo contesto abbiamo cercato di gestire l\u2019ansia di figli e nipoti e non meno di chi lavora, anche se non siamo riusciti a far passare il concetto che non sono i VECCHI il pericolo di contagio ma siamo noi che ci lavoriamo il reale pericolo. Prova ne \u00e8 che oggi nessun disoccupato verrebbe mai a lavorare in una struttura di VECCHI CONTAGIATI. Mi fermo qui perch\u00e9 la retorica rischierebbe di avere il soppravento ma oggi &#8211; mi creda &#8211; il messaggio che hanno colto molti di noi, ma quanto peggio i familiari dei nostri ospiti e ancor peggio il nostro personale \u00e8 quello di essere abbandonati al nostro destino. Spero sinceramente che la sua capacit\u00e0 cominicativa possa in una prossima occasione avere effetti diversi, ma a prescindere da questo aspetto stia certo che se anche \u201cle case di riposo non sono a gestione regionale\u201d e anche senza camici, FFP2, tamponi o altro, faremo come se ognuno dei nostri VECCHI OSPITI fosse il nostro ultimo pap\u00e0 o mamma e speriamo che la storia ne porti ricordo. Cordialmente. Roberto Volpe<\/em><\/p>\n<p>&nbsp;<\/p>\n<p><strong>IL DOCUMENTO COMPLETO<\/strong><\/p>\n<div class=\"su-document su-u-responsive-media-yes\"><iframe loading=\"lazy\" src=\"\/\/docs.google.com\/viewer?embedded=true&url=https:\/\/www.radiopiu.net\/wordpress\/wp-content\/uploads\/2020\/03\/PROT-80-28-MARZO-2020.pdf\" width=\"600\" height=\"800\" class=\"su-document\" title=\"Decreto 20.02.2020\"><\/iframe><\/div>\n<p>&nbsp;<\/p>\n<p><strong>LE DICHIARAZIONI DI ZAIA SULLE CASE DI RIPOSO<\/strong><\/p>\n<audio class=\"wp-audio-shortcode\" id=\"audio-125743-1\" preload=\"none\" style=\"width: 100%;\" controls=\"controls\"><source type=\"audio\/mpeg\" src=\"https:\/\/www.radiopiu.net\/wordpress\/wp-content\/uploads\/2020\/03\/ZAIA-CASE-RIPOSO-OK.mp3?_=1\" \/><a href=\"https:\/\/www.radiopiu.net\/wordpress\/wp-content\/uploads\/2020\/03\/ZAIA-CASE-RIPOSO-OK.mp3\">https:\/\/www.radiopiu.net\/wordpress\/wp-content\/uploads\/2020\/03\/ZAIA-CASE-RIPOSO-OK.mp3<\/a><\/audio>\n","protected":false},"excerpt":{"rendered":"<p>PADOVA Il presidente di URIPA Roberto Volpe ha scritto al Presidente del Veneto Luca Zaia in merito alle dichiarazioni fatte oggi sulle case di riposo in conferenza stampa. LA LETTERA Egregio Presidente, mi spaice dover qui rappresentarle il rammarico delle centinaia di Centri Servizi (ex case di riposo), che qui mi sento in dovere di&hellip;<\/p>\n","protected":false},"author":4,"featured_media":125744,"comment_status":"closed","ping_status":"closed","sticky":false,"template":"","format":"standard","meta":{"_monsterinsights_skip_tracking":false,"_monsterinsights_sitenote_active":false,"_monsterinsights_sitenote_note":"","_monsterinsights_sitenote_category":0,"footnotes":""},"categories":[49],"tags":[],"class_list":["post-125743","post","type-post","status-publish","format-standard","has-post-thumbnail","hentry","category-news-18","category-49","description-off"],"img_url":"https:\/\/www.radiopiu.net\/wordpress\/wp-content\/uploads\/2020\/03\/URIPA.png","_links":{"self":[{"href":"https:\/\/www.radiopiu.net\/wordpress\/wp-json\/wp\/v2\/posts\/125743","targetHints":{"allow":["GET"]}}],"collection":[{"href":"https:\/\/www.radiopiu.net\/wordpress\/wp-json\/wp\/v2\/posts"}],"about":[{"href":"https:\/\/www.radiopiu.net\/wordpress\/wp-json\/wp\/v2\/types\/post"}],"author":[{"embeddable":true,"href":"https:\/\/www.radiopiu.net\/wordpress\/wp-json\/wp\/v2\/users\/4"}],"replies":[{"embeddable":true,"href":"https:\/\/www.radiopiu.net\/wordpress\/wp-json\/wp\/v2\/comments?post=125743"}],"version-history":[{"count":0,"href":"https:\/\/www.radiopiu.net\/wordpress\/wp-json\/wp\/v2\/posts\/125743\/revisions"}],"wp:featuredmedia":[{"embeddable":true,"href":"https:\/\/www.radiopiu.net\/wordpress\/wp-json\/wp\/v2\/media\/125744"}],"wp:attachment":[{"href":"https:\/\/www.radiopiu.net\/wordpress\/wp-json\/wp\/v2\/media?parent=125743"}],"wp:term":[{"taxonomy":"category","embeddable":true,"href":"https:\/\/www.radiopiu.net\/wordpress\/wp-json\/wp\/v2\/categories?post=125743"},{"taxonomy":"post_tag","embeddable":true,"href":"https:\/\/www.radiopiu.net\/wordpress\/wp-json\/wp\/v2\/tags?post=125743"}],"curies":[{"name":"wp","href":"https:\/\/api.w.org\/{rel}","templated":true}]}}