{"id":125794,"date":"2020-03-29T09:13:51","date_gmt":"2020-03-29T07:13:51","guid":{"rendered":"https:\/\/www.radiopiu.net\/wordpress\/?p=125794"},"modified":"2020-03-29T09:13:51","modified_gmt":"2020-03-29T07:13:51","slug":"limboscata-di-ursula-e-conte-insorge-e-allarme-nelle-case-di-riposo-tra-le-morti-invisibilinessuna-traccia-nei-bollettini-ufficiali-siamo-in-prossimita-del-picco-e-si-apre-la-settimana-de","status":"publish","type":"post","link":"https:\/\/www.radiopiu.net\/wordpress\/limboscata-di-ursula-e-conte-insorge-e-allarme-nelle-case-di-riposo-tra-le-morti-invisibilinessuna-traccia-nei-bollettini-ufficiali-siamo-in-prossimita-del-picco-e-si-apre-la-settimana-de\/","title":{"rendered":"L&#8217;IMBOSCATA DI URSULA  E CONTE INSORGE. E&#8217; ALLARME NELLE CASE DI RIPOSO TRA LE MORTI &#8220;INVISIBILI&#8221;NESSUNA TRACCIA NEI BOLLETTINI UFFICIALI. SIAMO IN PROSSIMITA&#8217; DEL PICCO E SI APRE LA SETTIMANA DECISIVA."},"content":{"rendered":"<blockquote>\n<h2><\/h2>\n<\/blockquote>\n<p><em>\u00a0Sono 92.472 i casi totali di coronavirus in Italia (70.065 attualmente positivi), oltre 10mila i deceduti.\u00a012.384 i guariti, 1.434 in pi\u00f9 di ieri: \u00e8 l&#8217;incremento pi\u00f9 alto registrato dall&#8217;inizio dell&#8217;emergenza; \u2022 Negli Usa oltre 120mila casi: Trump valuta la quarantena in tre Stati, tra cui New York; \u2022 Il presidente del Consiglio Giuseppe Conte ha annunciato di aver firmato un Dpcm\u00a0che dispone 4,3 miliardi a valere sul fondo di solidariet\u00e0\u00a0dei Comuni: &#8220;Nessuno sar\u00e0 lasciato solo&#8221;, ha detto; \u2022 I primi treni passeggeri sono arrivati oggi a Wuhan, la citt\u00e0 cinese primo epicentro del coronavirus.<\/em><\/p>\n<p><span style=\"color: #ff0000;\">di Mirk<\/span>o Mez<span style=\"color: #339966;\">zacasa<\/span><\/p>\n<p>Ieri sera il premier Giuseppe Conte ha parlato all&#8217;Italia rassicurando i cittadini in sofferenza perch\u00e9 il Governo anticiper\u00e0 agli enti locali 4,3 miliardi di euro del fondo di solidariet\u00e0\u00a0 ai Comuni che potranno contare su 400 milioni per buoni spesa ed erogazioni di generi alimentari affinch\u00e9 li distribuiscano a chi \u00e8 senza reddito, per sopravvivere alla catastrofica epidemia che ha creato due emergenze, quella sanitaria e quella economica. E&#8217; stato proposto un assegno da 600 euro per tutti anche per chi lavora in nero e lo dimostrer\u00e0 con un&#8217;autocertificazione. Saranno prolungate anche oltre il 3 aprile le restrizioni e le scuole non riapriranno. Ieri la presidente della commissione europea Ursula Von De Leyen ha detto che non c&#8217;\u00e8 un piano per i coronabond, come dire che \u00e8 solo una parola, uno slogan e il Premier Conte l&#8217;ha stroncata <em>&#8220;Non \u00e8 lei che deve decidere ma \u00e8 L&#8217;Eurogruppo che elabora proposte<\/em> e per il Ministro Roberto Gualtieri &#8220;<em>quella donna non \u00e8 all&#8217;altezza della sfida&#8221; .<\/em> Nel Veneto quella che inizier\u00e0 domani sar\u00e0 la settimana decisiva come ricordato ieri in conferenza stampa dal presidente Luca Zaia <em>\u00abLa prossima settimana avremo le &#8220;turbolenze in volo&#8221;, sappiamo che atterreremo, che faremo arrivare questo volo a destinazione, ma vi dico che la prossima settimana sar\u00e0 una delle peggiori..Il modello ci dice che per noi sar\u00e0 la settimana determinante, ci dar\u00e0 la direzione del contagio e dell&#8217;andamento del virus\u00bb.\u00a0<\/em>In quella che si preannuncia la settimana decisiva saranno ancora una volta le terapie intensive a fare la differenza ed evitare tante croci. <em>\u00abLo stato delle terapie intensive \u00e8 al momento sotto controllo &#8211; ha detto Zaia &#8211;\u00a0 Per qualche giorno siamo tranquilli, poi siamo attrezzati con il recupero degli ospedali dismessi e con i Covid center che abbiamo attrezzato&#8221; . <\/em>E&#8217; strage nelle case di riposo, ieri altri 4 decessi nel veronese e 2 nel bellunese a Puos D&#8217;Alpago (il secondo) ed a Fonzaso. Hanno perso la vita dopo Pia anche Angelo Dalla Libera 88 anni, Giorgio Mazzoni 82 e Giuseppe Zenobi 85. Il conteggio giornaliero della Ulss1 tiene conto solo dei decessi ospedalieri ma non fornisce alcuna notizia sulle morti nelle altre strutture, se questi dati fossero resi noti si capirebbe la gravit\u00e0 del momento visto che si dice che in provincia siano ormai quasi 20 le vittime tra i nostri nonni.\u00a0 A Lamon 3 ospiti e un infermiere hanno dovuto ricorrere alle cure ospedaliere nelle sezioni covid19. Gli undici morti di Merlara sono stati purtroppo solo l&#8217;inizio. Rimane il dubbio se dopo questo triste episodio \u00e8 stato fatto tutto il possibile distribuendo \u00a0i dispositivi agli assistenti sanitari e agli anziani oppure se l&#8217;intera questione sia stata trattata con superficialit\u00e0 generando un effetto a catena. Dopo la conferenza stampa di Zaia,\u00a0 il presidente di Uripa Roberto Volpe (l&#8217;associazione delle strutture per anziani) ha di nuovo scritto al Presidente della Regione che\u00a0 ha detto\u00a0 <em>&#8220;Vigilanza ancora pi\u00f9 serrata nelle case di riposo, nonostante non dipendano dalla Regione ma dai Comuni e dai privati.\u00a0 Anche chi opera all&#8217;interno di queste strutture deve essere protetto e tutelato, per quanto possibile saremo di supporto&#8221;.\u00a0<\/em>Ieri sera come detto la risposta di Volpe :<em> &#8220;Vengono prima 68 ospedali e 54.000 dipendenti\u00a0 delle ULSS. Siamo ben consapevoli del lavoro eroico dei fratelli che lavorano negli ospedali. Anche se le case di riposo non sono a gestione regionale e anche senza camici, FFP2, tamponi o altro, faremo come se ognuno dei nostri\u00a0 vecchi ospiti fosse il nostro ultimo pap\u00e0 o mamma e speriamo che la storia ne porti ricordo&#8221;. <\/em>Nella guerra al coronavirus l&#8217;arma migliore \u00e8 il tampone che permette di scovare ed isolare i positivi asintomatici con la speranza rispettino i divieti imposti e di questo sono i sindaci e le Forze di Polizia a dovere vigilare <em>\u00abOggi\u00a0 &#8211; ha detto Zaia &#8211; ne facciamo 10mila al giorno, mancano i reagenti, abbiamo comprato macchinari nuovi, stiamo puntando ai 20mila tamponi.\u00a0 Stanno arrivando 732mila e 500 test rapidi,\u00a0 non sostituiscono il tampone, valgono solo quando i sintomi sono conclamati al quinto giorno\u00bb. <\/em>Nella nostra Regione la sperimentazione \u00e8 ora realt\u00e0 con la somministrazione di farmaci contro il covid19 e questo avverr\u00e0 direttamente a domicilio con lo scopo di rallentare la malattia ed evitare i ricoveri in ospedale. <em>&#8220;Il Veneto, su autorizzazione dell&#8217;Aifa, inizier\u00e0 la somministrazione in via precoce ai malati sintomatici dei farmaci sperimentali contro il Covid-19 (come clorochina, idrossiclorochina, e anti-reumatoidi) direttamente a casa&#8221;. <\/em>Anche ieri in provincia il conto dei contagi \u00e8 aumentato di 37\u00a0 e un decesso all&#8217;ospedale San Martino, il 14esimo dal 21 febbraio, due le vittime nelle case di soggiorno, la seconda a Puos d&#8217;Alpago, e la prima a Fonzaso proprio nel giorno in cui il presidente Luca Zaia ha affrontato il tema in conferenza stampa, Quasi 400 i positivi e 1184 le persone in isolamento fiduciario. Una curva quella dei contagi\u00a0 in crescita anche ieri di quasi il\u00a0 10% in 24 ore portando il dato a 394\u00a0 positivi. Da ieri ial San Martino si sono aperte le porte della terapia intensiva di riserva, oltre i 9 posti della &#8220;norma&#8221;, sono infatti 10 i ricoverati nella Rianimazione. Sono 51\u00a0 i degenti in area\u00a0 non critica a Belluno, 4 nell\u2019ospedale di Comunit\u00e1, aperto appositamente\u00a0 in questi giorni,\u00a0 11 i ricoverati a Feltre, 12 ad Agordo. Le aree per sospetti covid e pazienti covid a bassa intensit\u00e0\u00a0 \u00a0sono collocate al 3\u00b0e 4\u00b0piano del Blocco Medico al San Martino. Sono stati attivati ulteriori 18 posti letto per pazienti covid a bassa intensit\u00e0 al 3\u00b0 piano del blocco medico per un totale di 34 posti letto. I posti letto di media intensit\u00e0 sono 12 a Malattie infettive e 16 a Pneumologia covid . La Terapia Intensiva \u00e8 stato allargata anche al gruppo operatorio di Belluno con 4 posti letto di terapia intensiva mentre i pazienti in arrivo dal 118 che dovessero necessitare di ricoveri urgenti in terapia intensiva ma non con sintomi covid\u00a0 saranno portati a\u00a0 Feltre. Dall&#8217;inizio dell&#8217;emergenza sono 14 i pazienti deceduti, 17 quelli guariti, \u00a05205 tamponi fatti. Ieri la Cgia di Mestre ha proposto il suo studio sull&#8217;Economia veneta, tra debiti commerciali e stop alle grandi imprese solo la pubblica amministrazione ha bloccato 11,6 miliardi di spesa che sarebbero indispensabili per fronteggiare la situazione economica mentre aspettiamo che i 27 paesi\u00a0 dell&#8217;Europa trovino l&#8217;accordo per l&#8217;utilizzo dei coronabond. Per Unioncamere il 57 per cento delle ditte \u00e8 chiuso e sono gi\u00e0 stati persi 1,5 miliardi di export. Produzione ferma per 430 mila, quasi di 2 milioni di addetti a casa. I veneti potranno contare su altre 2milioni di mascherine dono di Grafica Veneta. <em>\u00abDopo la\u00a0 donazione di due milioni di mascherine &#8211; ha spiegato Fabio Franceschi di Grafica Veneta &#8211;\u00a0 rinnoviamo\u00a0 un&#8217;ulteriore fornitura di due milioni di mascherine, sono una barriera al 98%, non\u00a0 un pezzo di carta. Non continueremo con questa produzione di mascherine quando sar\u00e0 cessata la necessit\u00e0, il nostro settore \u00e8 un altro e non \u00e8 nemmeno un&#8217;operazione i marketing ma di amore per il territorio. Ne stiamo producendo\u00a0 qualche milione anche per gli Stati Uniti, ne avrebbero chiesto 500 di milioni di mascherine\u00bb.<\/em> In Provincia di mascherine ne sono gi\u00e0 state smistate 150 mila e ieri ne sono arrivate altre 40 mila dalla protezione civile. Altre 34 mila di altro materiale sono state consegnate alle case di riposo, Prefettura e Forze dell&#8217;ordine impegnate sul campo. Oggi la foto di copertina \u00e8 dedicata agli agenti e personale della Polizia Penitenziaria impegnati in difficili battaglie quotidiane, a loro il nostro pensiero e anche quello della Pasticceria La Briciola che ieri gli ha dedicato un dolce momento con un omaggio gradito.<\/p>\n<p>&nbsp;<\/p>\n","protected":false},"excerpt":{"rendered":"<p>\u00a0Sono 92.472 i casi totali di coronavirus in Italia (70.065 attualmente positivi), oltre 10mila i deceduti.\u00a012.384 i guariti, 1.434 in pi\u00f9 di ieri: \u00e8 l&#8217;incremento pi\u00f9 alto registrato dall&#8217;inizio dell&#8217;emergenza; \u2022 Negli Usa oltre 120mila casi: Trump valuta la quarantena in tre Stati, tra cui New York; \u2022 Il presidente del Consiglio Giuseppe Conte ha&hellip;<\/p>\n","protected":false},"author":1,"featured_media":125735,"comment_status":"closed","ping_status":"closed","sticky":false,"template":"","format":"standard","meta":{"_monsterinsights_skip_tracking":false,"_monsterinsights_sitenote_active":false,"_monsterinsights_sitenote_note":"","_monsterinsights_sitenote_category":0,"footnotes":""},"categories":[51,2],"tags":[],"class_list":["post-125794","post","type-post","status-publish","format-standard","has-post-thumbnail","hentry","category-evidenza-top","category-news","category-51","category-2","description-off"],"img_url":"https:\/\/www.radiopiu.net\/wordpress\/wp-content\/uploads\/2020\/03\/b60e2859-b932-460d-a12a-2ee94ba9e848.jpg","_links":{"self":[{"href":"https:\/\/www.radiopiu.net\/wordpress\/wp-json\/wp\/v2\/posts\/125794","targetHints":{"allow":["GET"]}}],"collection":[{"href":"https:\/\/www.radiopiu.net\/wordpress\/wp-json\/wp\/v2\/posts"}],"about":[{"href":"https:\/\/www.radiopiu.net\/wordpress\/wp-json\/wp\/v2\/types\/post"}],"author":[{"embeddable":true,"href":"https:\/\/www.radiopiu.net\/wordpress\/wp-json\/wp\/v2\/users\/1"}],"replies":[{"embeddable":true,"href":"https:\/\/www.radiopiu.net\/wordpress\/wp-json\/wp\/v2\/comments?post=125794"}],"version-history":[{"count":0,"href":"https:\/\/www.radiopiu.net\/wordpress\/wp-json\/wp\/v2\/posts\/125794\/revisions"}],"wp:featuredmedia":[{"embeddable":true,"href":"https:\/\/www.radiopiu.net\/wordpress\/wp-json\/wp\/v2\/media\/125735"}],"wp:attachment":[{"href":"https:\/\/www.radiopiu.net\/wordpress\/wp-json\/wp\/v2\/media?parent=125794"}],"wp:term":[{"taxonomy":"category","embeddable":true,"href":"https:\/\/www.radiopiu.net\/wordpress\/wp-json\/wp\/v2\/categories?post=125794"},{"taxonomy":"post_tag","embeddable":true,"href":"https:\/\/www.radiopiu.net\/wordpress\/wp-json\/wp\/v2\/tags?post=125794"}],"curies":[{"name":"wp","href":"https:\/\/api.w.org\/{rel}","templated":true}]}}