{"id":125799,"date":"2020-03-30T06:17:28","date_gmt":"2020-03-30T04:17:28","guid":{"rendered":"https:\/\/www.radiopiu.net\/wordpress\/?p=125799"},"modified":"2020-03-30T14:57:56","modified_gmt":"2020-03-30T12:57:56","slug":"giornale-radiopiu-30-marzo-2020-direttore-mirko-mezzacasa","status":"publish","type":"post","link":"https:\/\/www.radiopiu.net\/wordpress\/giornale-radiopiu-30-marzo-2020-direttore-mirko-mezzacasa\/","title":{"rendered":"GIORNALE RADIOPIU 30 MARZO 2020 DIRETTORE MIRKO MEZZACASA"},"content":{"rendered":"<h3><strong>PER RICEVERE QUESTO NOTIZIARIO DIRETTAMENTE SUL TUO CELLULARE ISCRIVITI AL CANALE\u00a0TELEGRAM\u00a0<\/strong><strong>\u201cRADIO PIU\u00a0 INFORMAZIONE\u201d<\/strong><\/h3>\n<p>&nbsp;<\/p>\n<hr \/>\n<div class=\"page-title-head hgroup\">\n<h3 class=\"entry-title\">CAMBIA IL MODULO DI AUTOCERTIFICAZIONE PER GLI SPOSTAMENTI<\/h3>\n<\/div>\n<div class=\"page-title-breadcrumbs\">CLICCA\u00a0 PER SCARICARE IL MODULO<\/div>\n<p><a href=\"https:\/\/www.radiopiu.net\/wordpress\/wp-content\/uploads\/2020\/03\/AUTOCERTIFICAZIONE-26-MARZO.pdf\">AUTOCERTIFICAZIONE 26 MARZO<\/a><\/p>\n<h3>DOCUMENTI, CIRCOLARE MINISTERIALE<\/h3>\n<p>CLICCA E SCARICA LA CIRCOLARE DPCM<\/p>\n<p><a href=\"https:\/\/www.radiopiu.net\/wordpress\/wp-content\/uploads\/2020\/03\/circolare-d-p-c-m-22-marzo-2020-pdf-pdf.pdf\">circolare-d-p-c-m\u201322-marzo-2020-pdf-pd\u00a0<\/a><\/p>\n<p>&nbsp;<\/p>\n<hr \/>\n<p>&nbsp;<\/p>\n<h3>ULTIM&#8217;ORA 9.00<\/h3>\n<p><strong>15 esimo decesso per covid19 in provincia<\/strong><\/p>\n<p><strong>BELLUNO<\/strong> Ieri un paziente COVID positivo\u00a0 76 anni, ricoverato nella Terapia Intensiva COVID Belluno, \u00e8 deceduto.<br \/>\nSono in corso gli accertamenti per stabilire le cause del decesso da parte dell\u2019Istituto Superiore di Sanit\u00e0.<br \/>\nLa Direzione Generale porge le condoglianze alla famiglia. Alle 15 vittime degli ospedali vanno aggiunti i tre decessi alle case di soggiorno di Puos d&#8217;Alpago e Fonzaso ma non esiste un bollettino ufficiale dei decessi in queste strutture, questi sono quelle comunicati da altre fonti.<\/p>\n<h3><\/h3>\n<h3>ULTIM&#8217;ORA 9.30<\/h3>\n<p><strong>DRAMMA A CORTINA, MORTO IL CUSTODE<\/strong><\/p>\n<p><strong>CORTINA<\/strong> Il Comando Carabinieri di Belluno informa che\u00a0 \u00e9 stato rinvenuto senza vita il corpo di Natale Mastrantonio, 64 anni di\u00a0 Roma , custode dell&#8217;Hotel Pocol. L&#8217;uomo era disteso sul proprio letto e il decesso \u00e9 riconducibile a cause naturali.\u00a0 Sono intervenuti i Carabinieri di Cortina<\/p>\n<p>&nbsp;<\/p>\n<p><strong>PASTO DEI LUPI IN ALPAGO NELLO SCATTO DELLA FOTO TRAPPOLA<br \/>\nA Feltre sbranata l&#8217;asinella &#8220;Gina&#8221; non \u00e8 servito nemmeno il recinto elettrificato, l&#8217;asinella era una presenza importante tanto al Palio che negli eventi del Natale.<\/strong><\/p>\n<p><strong><a class=\"dt-pswp-item\" href=\"https:\/\/www.radiopiu.net\/wordpress\/wp-content\/uploads\/2020\/03\/pasto-lupi.jpg\" data-dt-img-description=\"\" data-large_image_width=\"320\" data-large_image_height=\"240\"><img loading=\"lazy\" decoding=\"async\" class=\"alignnone wp-image-125886 size-full\" src=\"https:\/\/www.radiopiu.net\/wordpress\/wp-content\/uploads\/2020\/03\/pasto-lupi.jpg\" alt=\"\" width=\"320\" height=\"240\" srcset=\"https:\/\/www.radiopiu.net\/wordpress\/wp-content\/uploads\/2020\/03\/pasto-lupi.jpg 320w, https:\/\/www.radiopiu.net\/wordpress\/wp-content\/uploads\/2020\/03\/pasto-lupi-300x225.jpg 300w\" sizes=\"auto, (max-width: 320px) 100vw, 320px\" \/><\/a><\/strong><\/p>\n<p><strong>\u00a0<\/strong><\/p>\n<hr \/>\n<p>&nbsp;<\/p>\n<p><em>In Italia, dall\u2019inizio dell\u2019epidemia, 97.689 persone hanno contratto il Covid-19: di queste, 10.779 sono decedute (+756 rispetto a ieri) e 13.030 sono guarite (+646); \u00a0Sono arrivati in Italia medici e infermieri inviati dall&#8217;Albania per aiutare a Brescia; \u2022 In Spagna oltre 72mila casi: oggi stop ad attivit\u00e0 non essenziali; \u00a0Nelle ultime 24 ore si sono registrati oltre 100.000 casi in tutto il mondo: \u00e8 il numero pi\u00f9 alto dall\u2019inizio della pandemia.<\/em><\/p>\n<p>&nbsp;<\/p>\n<blockquote>\n<h3><span style=\"color: #ff0000;\">NEL VENETO L&#8217;EPIDEMIA RALLENTA, MA ANCHE IERI SI SONO CONTATI 24 MORTI.<\/span> IN PROVINCIA PIU&#8217; PAZIENTI DIMESSI, <span style=\"color: #339966;\">IL NUMERO DEI POSITIVI SALE A 411, PRIMATI PER BELLUNO, ALPAGO E CORTINA.<\/span><\/h3>\n<h3><span style=\"color: #ff0000;\">di Mirko<\/span> Mezz<span style=\"color: #339966;\">acasa\u00a0<\/span><\/h3>\n<\/blockquote>\n<p>I risultati delle pesanti restrizioni sono evidenti, la diminuzione dei contagi e dei ricoveri soprattutto in terapia intensiva \u00e8 un fatto concreto, ma purtroppo concreto \u00e8 anche il numero dei decessi sempre alto, ieri hanno perso la vita per il virus 756 persone in Italia, altre 24 nel Veneto. Nelle ultime 12 ore due decessi a Treviso, Villafranca e Camposanpiero, uno a Vittorio Veneto, Mestre, Santorso e Schiavonia che portano il totale a oltre 400, sono 5 i pazienti in pi\u00f9 in terapia intensiva (360) e 31 in pi\u00f9 in\u00a0 area non critica. La conta dei contagi nella giornata di ieri 151 i contagi in pi\u00f9 nel Veneto. + 15 Belluno, + 25 a Padova, + 10 Treviso, +19 Venezia, +57 Verona, + 21 Vicenza e nessun contagio a Rovigo. 20.064 le persone in isolamento domiciliare fiduciario. Confermata la data del picco al 15 aprile anche per questo i divieti non saranno tolti, piuttosto Zaia ha anticipato l&#8217;intenzione di chiudere i mercati anche alla luce di quanto visto in settimana a Padova in piazza delle Erbe tra assembramenti e gente senza alcuna protezione. <em>\u00a0&#8220;Mi sono arrivate tante segnalazione di gente che non ha capito di cosa stiamo parlando &#8211; dice il Presidente Luca Zaia &#8211;\u00a0 lo affermo con dispiacere, non rispettare le regole significa mettere a repentaglio la propria vita e quelle degli altri. Cercheremo di farvelo capire in altre maniere se ancora non basta.\u00a0 Le restrizioni stanno aiutando. Sar\u00e0 una settimana cruciale, spero domenica prossima di dirvi che stiamo cambiando direzione, ma oggi con quasi 2000 persone in ospedale e 360 in terapia intensiva non c\u2019\u00e8 da sorridere. Ogni veneto ha un parente colpito dal virus o conosce qualcuno colpito. Con questi numeri c\u2019\u00e8 poco da fare festa&#8221;. <\/em>L&#8217;emergenza \u00e8 legata alle case di riposo e il governatore ha assicurato che nessuno sar\u00e0 abbandonato. Ieri \u00e8 stato il giorno delle rassicurazioni per coloro che si sono sentiti abbandonati e sono state consegnate mascherine e test. <em>&#8220;Dobbiamo evitare la strage.\u00a0 Stiamo redigendo un nuovo piano a doc non escludendo\u00a0 se necessario lo spostamento di alcuni pazienti. Se li portiamo in ospedale \u00e8 come portarli dalla griglia alla brace&#8221;.<\/em> I contagiati in provincia di Belluno ieri hanno superato i 400 cio\u00e8 risultano infetti due bellunesi su 1000 dopo che sono stati eseguiti 5746 tamponi (541 in pi\u00f9 rispetto a sabato). Guardando alla percentuale contagi-tamponi come stiamo ripetendo da giorni con le tabelle di Tiziano De Col la provincia risulta la terza pi\u00f9 colpita del Veneto. In provincia sta per arrivare un milione di euro, \u00e8 il fondo che servir\u00e0 per\u00a0 l&#8217;acquisto di generi alimentari per le persone in difficolt\u00e0, i buoni spesa saranno suddivisi tra i Comuni che elargiranno i contributi in base al minor reddito pro capite attraverso i servizi sociali. Per Belluno citt\u00e0 stanziati 190 mila euro, poco meno di 7000 ad Alleghe, 1600 per Ospitale, 21 mila per Agordo. Il Governo sta studiando la possibilit\u00e0 di posticipare le scadenze di aprile e di maggio, forse un rinvio di due mesi come gi\u00e0 era successo a marzo\u00a0 con i pagamenti slittati a maggio. E&#8217; scontro tra il Ministro Boccia e le Regioni, il Veneto ha presentato la lista degli aiuti chiesti e arrivati solo in minima parte mentre il Ministro ha affermato che le Regioni sono state salvate dallo Stato<em> &#8220;Penso ai familiari che hanno a casa malati e morti, sentire dire che se non c\u2019\u00e8 lo Stato saremmo a cartoni &#8211; ha detto Zaia &#8211;\u00a0 Spero sia uno scivolone, un\u2019uscita infelice, il Veneto compera mascherine e fa quello che deve fare. Se vuole la polemica la faremo ma dopo intanto rispondiamo a numeri e fatti e abbiamo 700 mila test rapidi in arrivo il Governo ci dica quanti ne ha. Conosco Boccia e spero sia uno scivolone&#8221;.<\/em> La situazione negli ospedali del bellunese: 82 i pazienti ricoverati,\u00a0 al San Martino 8 pazienti escono dall\u2019area critica (43) e uno dalla terapia intensiva (9), due pazienti in pi\u00f9 nell\u2019ospedale di Comunit\u00e0 (6) 12 a Feltre (+1) e sempre 12 ad Agordo. Persone residenti in Ulss Dolomiti in isolamento domiciliare fiduciario e sorveglianza attiva al 29 marzo 2020: 1.226 (+ 72 rispetto a sabato). Tra le sfide importanti c&#8217;\u00e8 quella dei tamponi<em>\u00a0 &#8220;Abbiamo capacit\u00e0 di 11 mila tamponi quotidiani &#8211; ha detto Zaia &#8211;\u00a0 ma la vera battaglia \u00e8 trovare i reagenti. Stiamo arrivando a 100 mila tamponi e abbiamo iniziato a scartamento ridotto. Il vero tema \u00e8 che il mondo intero si \u00e8 accorto che la politica del tampone funziona. A sistema da domani\u00a0 oltre 700 mila test istantanei che permetteranno di integrare i tamponi e di fare una sperimentazione. Pare che possiamo essere certi che al quarto-quinto giorno di sintomi il test di d\u00e0 la risposta positiva. Arriva quasi in contemporanea col tampone&#8221;.<\/em>\u00a0 Presto inizier\u00e0 anche la\u00a0 somministrazione dei farmaci a domicilio\u00a0 evitando il trasporto in ospedale, al via anche le prove seriologiche per la ricerca degli anticorpi con il prelievo del sangue.<\/p>\n<p>&nbsp;<\/p>\n<blockquote class=\"wp-embedded-content\" data-secret=\"Hs7cqCkWQr\"><p><a href=\"https:\/\/www.radiopiu.net\/wordpress\/gli-interventi-significativi-di-zaia-in-conferenza-stampa-oggi\/\">GLI INTERVENTI SIGNIFICATIVI DI ZAIA IN CONFERENZA STAMPA OGGI<\/a><\/p><\/blockquote>\n<p><iframe loading=\"lazy\" title=\"&#8220;GLI INTERVENTI SIGNIFICATIVI DI ZAIA IN CONFERENZA STAMPA OGGI&#8221; &#8212; Radio Pi\u00f9\" class=\"wp-embedded-content\" sandbox=\"allow-scripts\" security=\"restricted\" style=\"position: absolute; clip: rect(1px, 1px, 1px, 1px);\" src=\"https:\/\/www.radiopiu.net\/wordpress\/gli-interventi-significativi-di-zaia-in-conferenza-stampa-oggi\/embed\/#?secret=Hs7cqCkWQr\" data-secret=\"Hs7cqCkWQr\" width=\"600\" height=\"338\" frameborder=\"0\" marginwidth=\"0\" marginheight=\"0\" scrolling=\"no\"><\/iframe><\/p>\n<p>&nbsp;<\/p>\n<hr \/>\n<blockquote class=\"wp-embedded-content\" data-secret=\"Z25KUxDNNd\"><p><a href=\"https:\/\/www.radiopiu.net\/wordpress\/meno-decessi-di-ieri-ma-10-sono-sempre-tanti-151-i-nuovi-casi-di-positivita\/\">MENO DECESSI DI IERI, MA 10 SONO SEMPRE TANTI, 151 I NUOVI CASI DI POSITIVITA&#8217;<\/a><\/p><\/blockquote>\n<p><iframe loading=\"lazy\" title=\"&#8220;MENO DECESSI DI IERI, MA 10 SONO SEMPRE TANTI, 151 I NUOVI CASI DI POSITIVITA&#8217;&#8221; &#8212; Radio Pi\u00f9\" class=\"wp-embedded-content\" sandbox=\"allow-scripts\" security=\"restricted\" style=\"position: absolute; clip: rect(1px, 1px, 1px, 1px);\" src=\"https:\/\/www.radiopiu.net\/wordpress\/meno-decessi-di-ieri-ma-10-sono-sempre-tanti-151-i-nuovi-casi-di-positivita\/embed\/#?secret=Z25KUxDNNd\" data-secret=\"Z25KUxDNNd\" width=\"600\" height=\"338\" frameborder=\"0\" marginwidth=\"0\" marginheight=\"0\" scrolling=\"no\"><\/iframe><\/p>\n<p>&nbsp;<\/p>\n<blockquote class=\"wp-embedded-content\" data-secret=\"aXIk8vcBqy\"><p><a href=\"https:\/\/www.radiopiu.net\/wordpress\/il-dpcm-firmato-ieri-dal-presidente-del-consiglio-giuseppe-conte\/\">IL DPCM FIRMATO IERI DAL PRESIDENTE DEL CONSIGLIO GIUSEPPE CONTE<\/a><\/p><\/blockquote>\n<p><iframe loading=\"lazy\" title=\"&#8220;IL DPCM FIRMATO IERI DAL PRESIDENTE DEL CONSIGLIO GIUSEPPE CONTE&#8221; &#8212; Radio Pi\u00f9\" class=\"wp-embedded-content\" sandbox=\"allow-scripts\" security=\"restricted\" style=\"position: absolute; clip: rect(1px, 1px, 1px, 1px);\" src=\"https:\/\/www.radiopiu.net\/wordpress\/il-dpcm-firmato-ieri-dal-presidente-del-consiglio-giuseppe-conte\/embed\/#?secret=aXIk8vcBqy\" data-secret=\"aXIk8vcBqy\" width=\"600\" height=\"338\" frameborder=\"0\" marginwidth=\"0\" marginheight=\"0\" scrolling=\"no\"><\/iframe><\/p>\n<hr \/>\n<p>&nbsp;<\/p>\n<div class=\"page-title-head hgroup\">\n<blockquote>\n<h3 class=\"entry-title\">ULSS 1 DOLOMITI: SONO 541 I TAMPONI DI OGGI, 72 PERSONE IN PIU\u2019 IN ISOLAMENTO DOMICILIARE FIDUCIARIO<\/h3>\n<\/blockquote>\n<\/div>\n<div class=\"page-title-breadcrumbs\">\n<p><strong>BELLUNO<\/strong>\u00a0GLI AGGIORNAMENTI DALLA ULSS 1 DOLOMITI<\/p>\n<p><strong>SORVEGLIANZA SANITARIA COVID-19<\/strong>\u00a0Numero totale tamponi effettuati per ricerca nCoV al 29 marzo 2020:\u00a0<b>5.746 (+ 541).\u00a0<\/b>Persone residenti in Ulss Dolomiti in isolamento domiciliare fiduciario e sorveglianza attiva al 29 marzo 2020:\u00a0<b>1.226 (+ 72 rispetto ieri)\u00a0<\/b>Alcuni tamponi sono stati effettuati pi\u00f9 volte sulle stesse persone<\/p>\n<p><strong>OSPEDALE DI BELLUNO<\/strong>\u00a0Installate altre 3 tende della Protezione Civile al Blocco F per il percorso dedicato ai sospetti COVID,\u00a0Attivato il Punto Medico Avanzato. Le degenze di MEDICINA E ONCOLOGIA sono state collocate al 2\u00b0piano del Blocco chirurgico,\u00a0le degenze della PNEUMOLOGIA e GERIATRIA sono state collocate al 3\u00b0 piano del Blocco Chirurgico (lato EST)<span class=\"Apple-converted-space\">\u00a0,\u00a0<\/span>le degenze di CHIRURGIA, NEFROLOGIA e UROLOGIA sono state compattate al 3\u00b0 piano del Blocco Chirurgico<span class=\"Apple-converted-space\">\u00a0,\u00a0<\/span>le degenze di NEUROLOGIA sono state spostate al 2\u00b0 piano del Blocco Medico. Le aree per sospetti COVID e pazienti COVID a bassa intensit\u00e0 sono collocate al 3\u00b0 e 4\u00b0piano del Blocco Medico,<span class=\"s2\">Sono stati attivati ulteriori 18 posti letto per pazienti COVID a bassa intensit\u00e0 al 3\u00b0 piano del blocco medico per un totale di 34 posti letto. I posti letto di media intensit\u00e0 sono 12 a Malattie infettive e 16 a Pneumologia COVID .\u00a0<\/span>il contenitore della Terapia Intensiva (9 posti letto) \u00e8 stato allargato anche al gruppo operatorio di Belluno dove al momento sono stati attivati ulteriori 4 posti letto di terapia intensiva dedicati a eventuali pazienti covid positivi. I pazienti in arrivo dal 118 che dovessero necessitare di ricoveri urgenti in terapia intensiva COVID negativi saranno centralizzati alla Rianimazione di Feltre.<\/p>\n<p><b>OSPEDALE DI AGORDO<\/b>\u00a0attivata attivit\u00e0 di ricovero per pazienti COVID positivi a bassa intensit\u00e0 di cura \u2013 modello ospedale di comunit\u00e0;<\/p>\n<p><b>OSPEDALE DI PIEVE DI CADORE\u00a0<\/b>\u00e8 attivo un filtro all\u2019ingresso per il controllo degli accessi grazie al personale della Protezione Civile, attivata un\u2019area per sospetti COVID al 2\u00b0 piano<\/p>\n<p><b>OSPEDALE DI FELTRE\u00a0<\/b><span class=\"s2\">Il reparto di PNEUMOLOGIA \u00e8 stato trasferito al 5\u00b0 piano del Padiglione Dalla Palma.\u00a0<\/span><span class=\"s3\">Il reparto di GERIATRIA \u00e8 rientrato al 5\u00b0 piano del Padiglione Dalla Palma.\u00a0<\/span><span class=\"s2\">l\u2019area di degenza dedicata ai casi positivi Covid-19 \u00e8 al 4\u00b0 Piano del Padiglione Dalla Palma.\u00a0<\/span>L\u2019ingresso in ospedale \u00e8 consentito solo con l\u2019utilizzo di mascherina portata da casa ed esclusivamente a: mariti\/compagni di partorienti, parenti stretti di pazienti in fin di vita o deceduti, una sola persona al giorno negli orari di visita per i degenti, pazienti per visite ambulatoriali, donatori di sangue. Situazioni specifiche saranno valutate dal personale sanitario preposto. \u00c8 vietato per gli accompagnatori o visitatori entrare nelle aree COVID.<\/p>\n<p class=\"photoswipe-wrapper\"><a class=\"dt-pswp-item pspw-wrap-ready\" href=\"https:\/\/i0.wp.com\/www.radiopiu.net\/wordpress\/wp-content\/uploads\/2020\/03\/Schermata-2020-03-29-alle-19.16.44.png?ssl=1\" data-dt-img-description=\"\" data-large_image_width=\"1202\" data-large_image_height=\"1776\"><img loading=\"lazy\" decoding=\"async\" class=\"alignnone size-large wp-image-125926 jetpack-lazy-image jetpack-lazy-image--handled\" src=\"https:\/\/i0.wp.com\/www.radiopiu.net\/wordpress\/wp-content\/uploads\/2020\/03\/Schermata-2020-03-29-alle-19.16.44.png?resize=693%2C1024&amp;ssl=1\" sizes=\"auto, (max-width: 693px) 100vw, 693px\" srcset=\"https:\/\/i0.wp.com\/www.radiopiu.net\/wordpress\/wp-content\/uploads\/2020\/03\/Schermata-2020-03-29-alle-19.16.44.png?resize=693%2C1024&amp;ssl=1 693w, https:\/\/i0.wp.com\/www.radiopiu.net\/wordpress\/wp-content\/uploads\/2020\/03\/Schermata-2020-03-29-alle-19.16.44.png?resize=203%2C300&amp;ssl=1 203w, https:\/\/i0.wp.com\/www.radiopiu.net\/wordpress\/wp-content\/uploads\/2020\/03\/Schermata-2020-03-29-alle-19.16.44.png?resize=768%2C1135&amp;ssl=1 768w, https:\/\/i0.wp.com\/www.radiopiu.net\/wordpress\/wp-content\/uploads\/2020\/03\/Schermata-2020-03-29-alle-19.16.44.png?resize=1040%2C1536&amp;ssl=1 1040w, https:\/\/i0.wp.com\/www.radiopiu.net\/wordpress\/wp-content\/uploads\/2020\/03\/Schermata-2020-03-29-alle-19.16.44.png?w=1202&amp;ssl=1 1202w\" alt=\"\" width=\"693\" height=\"1024\" data-recalc-dims=\"1\" data-lazy-loaded=\"1\" \/><\/a><\/p>\n<p>&nbsp;<\/p>\n<hr \/>\n<p>&nbsp;<\/p>\n<\/div>\n<div class=\"page-title-head hgroup\">\n<blockquote>\n<h3 class=\"entry-title\">DATI E GRAFICI DEL GIORNO, PROVINCIA-REGIONE 29 MARZO 2020<\/h3>\n<\/blockquote>\n<\/div>\n<div class=\"page-title-breadcrumbs\">\n<p><strong>Con la collaborazione di Tiziano De Col<\/strong><\/p>\n<p>Anche oggi si rileva il maggior incremento giornaliero dei contagi nella Provincia di Belluno, rispetto alle altre Province Venete. Questo incremento mantiene, purtroppo, la Provincia di Belluno, ai livelli pi\u00f9 alti tra le Province Venete, nel rapporto tra contagi e popolazione residente, solamente dopo Padova e Verona<\/p>\n<p class=\"photoswipe-wrapper\"><a class=\"dt-pswp-item pspw-wrap-ready\" href=\"https:\/\/i2.wp.com\/www.radiopiu.net\/wordpress\/wp-content\/uploads\/2020\/03\/Schermata-2020-03-29-alle-18.55.12.png?ssl=1\" data-dt-img-description=\"\" data-large_image_width=\"712\" data-large_image_height=\"454\"><img loading=\"lazy\" decoding=\"async\" class=\"alignnone size-full wp-image-125920 jetpack-lazy-image jetpack-lazy-image--handled\" src=\"https:\/\/i2.wp.com\/www.radiopiu.net\/wordpress\/wp-content\/uploads\/2020\/03\/Schermata-2020-03-29-alle-18.55.12.png?resize=712%2C454&amp;ssl=1\" sizes=\"auto, (max-width: 712px) 100vw, 712px\" srcset=\"https:\/\/i2.wp.com\/www.radiopiu.net\/wordpress\/wp-content\/uploads\/2020\/03\/Schermata-2020-03-29-alle-18.55.12.png?w=712&amp;ssl=1 712w, https:\/\/i2.wp.com\/www.radiopiu.net\/wordpress\/wp-content\/uploads\/2020\/03\/Schermata-2020-03-29-alle-18.55.12.png?resize=300%2C191&amp;ssl=1 300w\" alt=\"\" width=\"712\" height=\"454\" data-recalc-dims=\"1\" data-lazy-loaded=\"1\" \/><\/a><a class=\"dt-pswp-item pspw-wrap-ready\" href=\"https:\/\/i2.wp.com\/www.radiopiu.net\/wordpress\/wp-content\/uploads\/2020\/03\/1e53d7b6-e5be-4f88-b44f-b5d904de9eef.jpg?ssl=1\" data-dt-img-description=\"\" data-large_image_width=\"480\" data-large_image_height=\"289\"><img loading=\"lazy\" decoding=\"async\" class=\"alignnone size-large wp-image-125921 jetpack-lazy-image jetpack-lazy-image--handled\" src=\"https:\/\/i2.wp.com\/www.radiopiu.net\/wordpress\/wp-content\/uploads\/2020\/03\/1e53d7b6-e5be-4f88-b44f-b5d904de9eef.jpg?resize=480%2C289&amp;ssl=1\" sizes=\"auto, (max-width: 480px) 100vw, 480px\" srcset=\"https:\/\/i2.wp.com\/www.radiopiu.net\/wordpress\/wp-content\/uploads\/2020\/03\/1e53d7b6-e5be-4f88-b44f-b5d904de9eef.jpg?w=480&amp;ssl=1 480w, https:\/\/i2.wp.com\/www.radiopiu.net\/wordpress\/wp-content\/uploads\/2020\/03\/1e53d7b6-e5be-4f88-b44f-b5d904de9eef.jpg?resize=300%2C181&amp;ssl=1 300w\" alt=\"\" width=\"480\" height=\"289\" data-recalc-dims=\"1\" data-lazy-loaded=\"1\" \/><\/a><\/p>\n<p>&nbsp;<\/p>\n<hr \/>\n<p>&nbsp;<\/p>\n<blockquote class=\"wp-embedded-content\" data-secret=\"Jn1EtBnrn8\"><p><a href=\"https:\/\/www.radiopiu.net\/wordpress\/aggiornamento-assessorato-protezione-civile-29-marzo-2020\/\">AGGIORNAMENTO ASSESSORATO PROTEZIONE CIVILE 29 MARZO 2020<\/a><\/p><\/blockquote>\n<p><iframe loading=\"lazy\" title=\"&#8220;AGGIORNAMENTO ASSESSORATO PROTEZIONE CIVILE 29 MARZO 2020&#8221; &#8212; Radio Pi\u00f9\" class=\"wp-embedded-content\" sandbox=\"allow-scripts\" security=\"restricted\" style=\"position: absolute; clip: rect(1px, 1px, 1px, 1px);\" src=\"https:\/\/www.radiopiu.net\/wordpress\/aggiornamento-assessorato-protezione-civile-29-marzo-2020\/embed\/#?secret=Jn1EtBnrn8\" data-secret=\"Jn1EtBnrn8\" width=\"600\" height=\"338\" frameborder=\"0\" marginwidth=\"0\" marginheight=\"0\" scrolling=\"no\"><\/iframe><\/p>\n<p>&nbsp;<\/p>\n<\/div>\n<p><strong>DAL GR DELLE 14:30 DI IERI L&#8217;ASSESSORE REGIONALE GIANPAOLO BOTTACIN<\/strong><\/p>\n<audio class=\"wp-audio-shortcode\" id=\"audio-125799-1\" preload=\"none\" style=\"width: 100%;\" controls=\"controls\"><source type=\"audio\/mpeg\" src=\"https:\/\/www.radiopiu.net\/wordpress\/wp-content\/uploads\/2020\/03\/bottacin-domenica.mp3?_=1\" \/><a href=\"https:\/\/www.radiopiu.net\/wordpress\/wp-content\/uploads\/2020\/03\/bottacin-domenica.mp3\">https:\/\/www.radiopiu.net\/wordpress\/wp-content\/uploads\/2020\/03\/bottacin-domenica.mp3<\/a><\/audio>\n<p>&nbsp;<\/p>\n<hr \/>\n<p>&nbsp;<\/p>\n<blockquote>\n<h2>LEGGI LA CONFERENZA STAMPA, TESTO IN DIRETTA<\/h2>\n<\/blockquote>\n<p><strong>AGGIORNAMENTO<\/strong>\u00a020064 PERSONE IN ISOLAMENTO,\u00a0 8358 POSITIVI IN VIRTU\u2019 DELLA CAMPAGNA TAINBON 5-6 MILA IN LAVORAZIONE A PADOVA DA VALIDARE 1941 RICOVERATI ORAMI VICINI A 2000 CONTINGENTE DI 2000 LETTI DEDICATI 355 PERSONE IN TERAPIA INTENSIVA SEGUITE H24 DAI SANITARI IN CONDIZIONI DIFFICILI 392 DECESSI ORMAI VICINI A 400 MORTI A CAUSA DEL CORONAVIRUS PUR CRONICI, PUR ANZIANI, PUR PLURIPATOLOGICI MA SENZA VIRUS SAREBBERO VISSUTI PER ALTRE MOTIVAZIONI. 715 DIMESSI NOTA POSITIVA GALOPPANO VERSO IL MIGLIAIO DOPO I NUMERI A POCHE UNITA\u2019 DEI PRIMI GIORNI. QUESTA NOTTE SONO NATI 59 BAMBINI.<\/p>\n<p><strong>RESTRIZIONI<\/strong>\u00a0Mi sono arrivate tante segnalazione di gente che non ha capito di cosa stiamo parlando, Lo dicono con dispiacere, non rispettare le regole significa mettere a repentaglio la propria vita e quelle degli altri. Mi sono arrivate foto di persone che passeggiavano nei campi dove i Carabinieri non arrivano a la Polizia non li vede. Bravi furbi lo fate a spese vostre. Cercheremo di farvelo capire in altre maniere se ancora non basta. Dobbiamo rispettare le regole che dicono che la prossima settimana sar\u00e0 cruciale e dipender\u00e0 da come saranno rispettate le regole. Stiamo valutando quali saranno le nuove restrizioni, vogliamo lanciare una sfida importante, se saremo bravi vedremo i risultati, sar\u00e0 una settimana cruciale e ce lo dicono i modelli matematici sui quali per l\u2019attenzione dei veneti siamo in ritardo, il sacrificio \u00e8 servito. Le restrizioni stanno aiutando. Sar\u00e0 una settimana cruciale, spero domenica prossima di dirvi che stiamo cambiando direzione, ma oggi con quasi 2000 persone in ospedale e 355 in terapia intensiva non c\u2019\u00e8 da sorridere. Ogni vento ha un parente colpito dal virus o conosce qualcuno colpito. Con questi numeri c\u2019\u00e8 poco da fare festa. Il cambio di direzione spero di vederlo la prossima settimana, dobbiamo rispettare le regole.<\/p>\n<p><strong>L\u2019EMERGENZA<\/strong>\u00a0Provincia di Verona di preoccupa \u00e8 sotto controllo e paga lo scotto di alcune contingenze, sono arrivati pazienti per chiedere cure da fuori regione \u00e8 il risultato della continuit\u00e0 del grande focolaio di Brescia. Spero che Verona si possa chiuedere bene questa partita ma stiamo allestendo terapie intensive. Paolo Rosi responsabile 118 del Veneto persona di provata esperienza \u00e8 stato mandato come supervisore ed ha l\u2019esperienza della Sierra Leone. Sovrintende e coordina tutto il tema emergenza-urgenza. Abbiamo sanit\u00e0 e manager di livello\u00a0 e spostiamo soldati e comandanti come in guerra dove \u00e8 necessario<\/p>\n<p><strong>CASE DI RIPOSO<\/strong>\u00a0Tamponi in case di riposo e continueremo perch\u00e9 sono i punti pi\u00f9 delicati. Dobbiamo evitare la strade. Li abbiamo forniti di dispositivi che mandiamo tutti i giorni non dal primo giorno perch\u00e9 non ne avevamo nemmeno per i nostri dipendenti. Le mascherine sono arrivate da questa settimana (13 milioni e mezzo) non c\u2019erano fonti di approvigionamento prima. Abbiamo comperato le mascherine su Amazon e sono quelle chirugiche, ne abbiamo comperato con l\u2019assessore Bottacin una trentina. Era impossibile trovarle. Ora le inviamo tutte le mattine alle Ulss e case di riposo. Prossima settimana arriva la grande fornitura 2 milioni di FFp2 che sono lingotti d\u2019oro. Abbiamo messo a sistema la Ocean Blu che fa mascherine chirurgiche, 10 mila al giorno e le comperiamo tutte noi. Non sapevamo di questa azienda ma l\u2019abbiamo intercettata. Case di riposo ci sar\u00e0 screening assistenza tecnica sanitaria e coordinamento. Stiamo redigendo un nuovo piano a doc non escludendo\u00a0 se necessario lo spostamento di alcuni pazienti. Se li portiamo in ospedale \u00e8 come portarli dalla griglia alla brace.<\/p>\n<p><strong>TAMPONI\u00a0<\/strong>\u00a0abbiamo capacit\u00e0 di 11 mila tamponi quotidiani ma la vera battaglia \u00e8 trovare i reagenti. Stiamo arrivando a 100 mila tamponi e abbiamo iniziato a scartamento ridotto. Il vero tema \u00e8 che il mondo intero si \u00e8 accorto che la politica del tampone funziona. A sistema martedi oltre 700 mila test istantanei che permetteranno di integrare i tamponi e di fare una sperimentazione dopo 20 giorni di test. Pare che possiamo essere certi che al quarto quinto giorno di sintomi il test di d\u00e0 la risposta positiva. Arriva quasi in contemporanea col tampone. Siamo pronti per la somministrazione dei farmaci a domicilio e partire con le terapie evitando il trasporto in ospedale. Prove seriologiche: ricerchiamo gli anticorpi con il prelievo del sangue, stiamo sperimentando anche questo, per monitorare la situazione.<\/p>\n<p><strong>NO COVID<\/strong>\u00a0SIamo in gradi garantire ospitalit\u00e0 a 9000 pazienti no covid con le sale operatorie aperte\u00a0 Mi viene l\u2019ansia se non posso garantire le cure non perch\u00e9 l\u2019ospedale e\u2019 a qualche decina di chilometro di lontananza dalle sedi dove si va di norma e poi torner\u00e0 tutto come prima, pi\u00f9 bello di prima. Sono vicino ai sindaci e cittadini a tutti quelli che hanno capito e quelli che non hanno capito. Non si tiene aperto l\u2019ospedale a casa mia e gli altri si arrangino.COntestatemi quando non garantiro\u2019 le cure ha chi ha diritto.<\/p>\n<h2>DOMANDE<\/h2>\n<p><strong>400 milioni per fare la spesa<\/strong>\u00a0Non voglio fare polemica, non basta ma aiuta, Europa scandalosa, non c\u2019\u00e8. Dov\u2019\u00e8 L\u2019europa? si faccia sentire.<\/p>\n<p><strong>Boccia: le Regioni sarebbero crollate da sole. Mascherine senza lo stato non ci sarebbe stato nulla<\/strong>\u00a0Penso ai familiari che hanno a casa malati e morti, sentire dire che se non c\u2019\u00e8 lo stato saremmo a cartoni\u2026 vi lascio uno schema di cosa abbiamo chiesto e avuto ma non voglio fare polemiche. Spero sia uno scivolone, un\u2019uscita infelice, il Veneto compera mascherine e fa quello che deve fare. Se vuole la polemica la faremo ma dopo intanto rispondiamo a numeri e fatti e abbiamo 700 mila test rapidi in arrivo il Governo ci dica quanti ne ha. Vi posso lasciare la lista aggiornata al 25 quello che abbiamo chiesto e arrivato giusto per darvi un\u2019idea e sono imbarazzato perch\u00e9 conosco Boccia e spero sia uno scivolone, abbiamo bisogno di 200 mila FFp3 al giorno ne sono state consegnate 3210 in totale, le chirurgiche ne abbiamo bisogno di 550 mila ne hanno consegnate 682 in totale. Che sia chiaro che non ho fatto polemica e non la faccio.<\/p>\n<p><strong>Lettera aperta che il Veneto sia un modello obiettivo arrivare proroga del decreto Conte con ulteriori restringimenti utile o intempestiva?<\/strong>\u00a0Non faccio commenti il Governo ha altre idee.<\/p>\n<p><strong>Cosa potrebbe prevedere ordinanza pi\u00f9 restrittiva?\u00a0<\/strong>Stiamo valutando anche il tema dei mercati e non ho detto che li chiudiamo<\/p>\n<p><strong>Ieri\u00a0 piazz delle erbe di Padova presa d\u2019assalto.<\/strong>\u00a0Terribile era il contesto ideale per diffondere il virus e tutti senza mascherina<\/p>\n<p><strong>Federazioni comuni Sanpierese sperimentato droni per il controllo della temperatura\u00a0<\/strong>\u00e8 intelligenza artificiale se ci viene in aiuto la guardiamo con attenzione sono temi da affrontare a livello nazionale<\/p>\n<p><strong>Dichiarazioni ieri case di riposo non enti regionali. Dichiarazioni che hanno gettato nello sconforto oggi dice non li abbandoniamo abbiamo un piano a doc cosa \u00e8 cambiato<\/strong>? Non \u00e8 cambiato nulla sono stati mal interpretato ho detto che le mascherine le porto ma non fate passare l\u2019idea che sia una competenza della Regione in emergenza siamo dappertutto ma non passi l\u2019idea che tutto quello che va in negativo \u00e8 colpa della Regione. Le case di riposo sono autonome ma non le abbandoniamo abbiamo tamponato Merlare e altre realt\u00e0. NOn \u00e8 una retromarcia guardatevi il video di ieri<\/p>\n<p><strong>Tema mascherine una casa di riposo 50 mila bloccate<\/strong>\u00a0Bloccate in dogana perch\u00e9 non inviate alla Regione. Non siamo noi a bloccarle ma ci sono direttive per evitare scorrettezze.<\/p>\n<p><strong>Ci puo\u2019 anticipare il piano trasferimento anziani in casa di riposo abbiamo tanti morti?<\/strong>\u00a0Affrontiamo il tema in modo approfondito, abbiamo una serie di circolari e direttive. Che non passi questo concetto. Stiamo mettendo insieme le direttive per mettere tutto in linea ed essere incisivi QUando lo spostamento? Ho detto semplicemente che non si esccude la possibilit\u00e0 di valutare i trasferimenti. Case di riposo tocca tutta la regione, non \u00e8 scappato di mano in altre regioni \u00e8 andata molto peggio noi teniamo. La mancanza di dispositivi ha pesato sul monte dei contagi anche sui sanitari.<\/p>\n<p><strong>prove seriologiche novit\u00e0?<\/strong>\u00a0Per il coronavirus si.<\/p>\n<p>https:\/\/www.facebook.com\/zaiaufficiale\/videos\/166304877794846<\/p>\n<p>&nbsp;<\/p>\n<hr \/>\n<p>&nbsp;<\/p>\n<p>&nbsp;<\/p>\n<p><a class=\"dt-pswp-item\" href=\"https:\/\/www.radiopiu.net\/wordpress\/wp-content\/uploads\/2020\/03\/fefba4af-7419-4d08-8d6d-c10a934c427c.jpg\" data-dt-img-description=\"\" data-large_image_width=\"1327\" data-large_image_height=\"683\"><img loading=\"lazy\" decoding=\"async\" class=\"alignnone size-large wp-image-125986\" src=\"https:\/\/www.radiopiu.net\/wordpress\/wp-content\/uploads\/2020\/03\/fefba4af-7419-4d08-8d6d-c10a934c427c-1024x527.jpg\" alt=\"\" width=\"1024\" height=\"527\" srcset=\"https:\/\/www.radiopiu.net\/wordpress\/wp-content\/uploads\/2020\/03\/fefba4af-7419-4d08-8d6d-c10a934c427c-1024x527.jpg 1024w, https:\/\/www.radiopiu.net\/wordpress\/wp-content\/uploads\/2020\/03\/fefba4af-7419-4d08-8d6d-c10a934c427c-300x154.jpg 300w, https:\/\/www.radiopiu.net\/wordpress\/wp-content\/uploads\/2020\/03\/fefba4af-7419-4d08-8d6d-c10a934c427c-768x395.jpg 768w, https:\/\/www.radiopiu.net\/wordpress\/wp-content\/uploads\/2020\/03\/fefba4af-7419-4d08-8d6d-c10a934c427c.jpg 1327w\" sizes=\"auto, (max-width: 1024px) 100vw, 1024px\" \/><\/a><\/p>\n<blockquote>\n<h3>I CONTAGI IN PROVINCIA DI BELLUNO<\/h3>\n<\/blockquote>\n<p class=\"photoswipe-wrapper\"><a class=\"dt-pswp-item\" href=\"https:\/\/www.radiopiu.net\/wordpress\/wp-content\/uploads\/2020\/03\/EFF67F40-C79A-4475-8B24-32A7FE7959EF.jpeg\" data-dt-img-description=\"\" data-large_image_width=\"1049\" data-large_image_height=\"968\"><img loading=\"lazy\" decoding=\"async\" class=\" wp-image-125873 alignleft\" src=\"https:\/\/www.radiopiu.net\/wordpress\/wp-content\/uploads\/2020\/03\/EFF67F40-C79A-4475-8B24-32A7FE7959EF-300x277.jpeg\" alt=\"\" width=\"257\" height=\"237\" srcset=\"https:\/\/www.radiopiu.net\/wordpress\/wp-content\/uploads\/2020\/03\/EFF67F40-C79A-4475-8B24-32A7FE7959EF-300x277.jpeg 300w, https:\/\/www.radiopiu.net\/wordpress\/wp-content\/uploads\/2020\/03\/EFF67F40-C79A-4475-8B24-32A7FE7959EF-1024x945.jpeg 1024w, https:\/\/www.radiopiu.net\/wordpress\/wp-content\/uploads\/2020\/03\/EFF67F40-C79A-4475-8B24-32A7FE7959EF-768x709.jpeg 768w, https:\/\/www.radiopiu.net\/wordpress\/wp-content\/uploads\/2020\/03\/EFF67F40-C79A-4475-8B24-32A7FE7959EF.jpeg 1049w\" sizes=\"auto, (max-width: 257px) 100vw, 257px\" \/><\/a><strong>I CONTAGI COMUNE PER COMUNE IN PROVINCIA DI BELLUNO<\/strong><\/p>\n<p>Belluno 58, Alpago 46, Cortina 45, Feltre 26, Santa Giustina 19, Alano Di Piave 18, Borgo Valbelluna 14, Ponte Nelle Alpi 13, Pedavena 12, Agordo 11, Sedico 8, Chies D\u2019Alpago 7, Quero Vas 6, Calalzo Di Cadore, Cesiomaggiore, Fonzaso, Livinallongo Del Col Di Lana, San Vito di Cadore, Santo Stefano di Cadore, Seren Del Grappa, Tambre 5, Domegge di Cadore, Limana, Pieve di Cadore, Rocca Pietore, Voltago 4, Borca di Cadore, Gosaldo, Sospirolo, Taibon Agordino, Valle di Cadore 3, Cibiana di Cadore, Colle Santa Lucia, Lozzo Di Cadore, San Gregorio Nelle Alpi, Val Di Zoldo 2, Alleghe, Arsi\u00e8, Auronzo di Cadore, Canale D\u2019Agordo, Comelico Superiore, Danta di Cadore, Falcade, Longarone, Rivamonte, San Tomaso Agordino, Selva di Cadore <strong>(non residente nel Comune<\/strong>), Soverzene, Vallada Agordina, Zopp\u00e8 di Cadore 1<\/p>\n<p>&nbsp;<\/p>\n<p><strong>GRAFICI DI TIZIANO DE COL\u00a0<\/strong><\/p>\n<p>&nbsp;<\/p>\n<p>&nbsp;<\/p>\n<p><a class=\"dt-pswp-item\" href=\"https:\/\/www.radiopiu.net\/wordpress\/wp-content\/uploads\/2020\/03\/d82c5988-7e17-43fc-abf3-be1424784d30.jpg\" data-dt-img-description=\"\" data-large_image_width=\"1398\" data-large_image_height=\"289\"><img loading=\"lazy\" decoding=\"async\" class=\"alignnone size-large wp-image-125987\" src=\"https:\/\/www.radiopiu.net\/wordpress\/wp-content\/uploads\/2020\/03\/d82c5988-7e17-43fc-abf3-be1424784d30-1024x212.jpg\" alt=\"\" width=\"1024\" height=\"212\" srcset=\"https:\/\/www.radiopiu.net\/wordpress\/wp-content\/uploads\/2020\/03\/d82c5988-7e17-43fc-abf3-be1424784d30-1024x212.jpg 1024w, https:\/\/www.radiopiu.net\/wordpress\/wp-content\/uploads\/2020\/03\/d82c5988-7e17-43fc-abf3-be1424784d30-300x62.jpg 300w, https:\/\/www.radiopiu.net\/wordpress\/wp-content\/uploads\/2020\/03\/d82c5988-7e17-43fc-abf3-be1424784d30-768x159.jpg 768w, https:\/\/www.radiopiu.net\/wordpress\/wp-content\/uploads\/2020\/03\/d82c5988-7e17-43fc-abf3-be1424784d30.jpg 1398w\" sizes=\"auto, (max-width: 1024px) 100vw, 1024px\" \/><\/a><\/p>\n<p>&nbsp;<\/p>\n<p>&nbsp;<\/p>\n<p>&nbsp;<\/p>\n<hr \/>\n<p>&nbsp;<\/p>\n<div class=\"page-title-head hgroup\">\n<blockquote>\n<h3 class=\"entry-title\">MISURE E RISORSE PER LA SOLIDARIETA\u2019 ALIMENTARE<\/h3>\n<\/blockquote>\n<\/div>\n<div class=\"page-title-breadcrumbs\">\n<p>Pubblichiamo lo schema di ordinanza di Protezione Civile con riferimento alla provincia di Belluno. Contributo spettante a ciascun comune per misure urgenti di solidariet\u00e0 alimentare. Vedere l\u2019ultima colonna a destra. Contributo spettante espresso in euro.<\/p>\n<p class=\"photoswipe-wrapper\"><a class=\"dt-pswp-item pspw-wrap-ready\" href=\"https:\/\/i2.wp.com\/www.radiopiu.net\/wordpress\/wp-content\/uploads\/2020\/03\/FE6E38E9-B6DD-4339-8C4E-270102194A5A.jpeg?ssl=1\" data-dt-img-description=\"\" data-large_image_width=\"934\" data-large_image_height=\"1094\"><img loading=\"lazy\" decoding=\"async\" class=\"alignnone size-large wp-image-125880 jetpack-lazy-image jetpack-lazy-image--handled\" src=\"https:\/\/i2.wp.com\/www.radiopiu.net\/wordpress\/wp-content\/uploads\/2020\/03\/FE6E38E9-B6DD-4339-8C4E-270102194A5A.jpeg?resize=874%2C1024&amp;ssl=1\" sizes=\"auto, (max-width: 874px) 100vw, 874px\" srcset=\"https:\/\/i2.wp.com\/www.radiopiu.net\/wordpress\/wp-content\/uploads\/2020\/03\/FE6E38E9-B6DD-4339-8C4E-270102194A5A.jpeg?resize=874%2C1024&amp;ssl=1 874w, https:\/\/i2.wp.com\/www.radiopiu.net\/wordpress\/wp-content\/uploads\/2020\/03\/FE6E38E9-B6DD-4339-8C4E-270102194A5A.jpeg?resize=256%2C300&amp;ssl=1 256w, https:\/\/i2.wp.com\/www.radiopiu.net\/wordpress\/wp-content\/uploads\/2020\/03\/FE6E38E9-B6DD-4339-8C4E-270102194A5A.jpeg?resize=768%2C900&amp;ssl=1 768w, https:\/\/i2.wp.com\/www.radiopiu.net\/wordpress\/wp-content\/uploads\/2020\/03\/FE6E38E9-B6DD-4339-8C4E-270102194A5A.jpeg?w=934&amp;ssl=1 934w\" alt=\"\" width=\"874\" height=\"1024\" data-recalc-dims=\"1\" data-lazy-loaded=\"1\" \/><\/a><\/p>\n<p>&nbsp;<\/p>\n<p><strong>LO SCHEMA PER I COMUNI AGORDINI<\/strong><\/p>\n<p>TIZIANO DE COL<\/p>\n<div class=\"su-document su-u-responsive-media-yes\"><iframe loading=\"lazy\" src=\"\/\/docs.google.com\/viewer?embedded=true&url=https:\/\/www.radiopiu.net\/wordpress\/wp-content\/uploads\/2020\/03\/Comuni-Agordini_contributo-spettante_Solidariet\u00e0-alimentare.pdf\" width=\"600\" height=\"800\" class=\"su-document\" title=\"Decreto 20.02.2020\"><\/iframe><\/div>\n<p>&nbsp;<\/p>\n<p>&nbsp;<\/p>\n<hr \/>\n<\/div>\n<p>&nbsp;<\/p>\n<div class=\"page-title-breadcrumbs\">\n<blockquote>\n<h3>DE CARLO CHIEDE AL GOVERNO DI POTER UTILIZZARE AL MEGLIO I FONDI PER IL SOSTEGNO ALLE FAMIGLIE BISOGNOSE<\/h3>\n<\/blockquote>\n<p><strong><a class=\"dt-pswp-item\" href=\"https:\/\/www.radiopiu.net\/wordpress\/wp-content\/uploads\/2019\/03\/DE-CARLO.jpg\" data-dt-img-description=\"\" data-large_image_width=\"471\" data-large_image_height=\"471\"><img loading=\"lazy\" decoding=\"async\" class=\"alignleft wp-image-78825 \" src=\"https:\/\/www.radiopiu.net\/wordpress\/wp-content\/uploads\/2019\/03\/DE-CARLO-300x300.jpg\" alt=\"\" width=\"202\" height=\"202\" srcset=\"https:\/\/www.radiopiu.net\/wordpress\/wp-content\/uploads\/2019\/03\/DE-CARLO-300x300.jpg 300w, https:\/\/www.radiopiu.net\/wordpress\/wp-content\/uploads\/2019\/03\/DE-CARLO-150x150.jpg 150w, https:\/\/www.radiopiu.net\/wordpress\/wp-content\/uploads\/2019\/03\/DE-CARLO.jpg 471w\" sizes=\"auto, (max-width: 202px) 100vw, 202px\" \/><\/a>CALALZO DI CADORE<\/strong> \u201cBasta bugie e proclami dal Governo! Il Presidente Conte ieri in conferenza stampa ha annunciato un sostegno ai Comuni italiani pari a 4,3 miliardi pi\u00f9 400 milioni di euro per far fronte alle necessit\u00e0 pi\u00f9 immediate delle famiglie in difficolt\u00e0, ma non \u00e8 propriamente cos\u00ec. Domani qualcuno busser\u00e0 alle porte dei comuni e si aspetter\u00e0 di ricevere un aiuto concreto e sostanzioso. &#8211; E\u2019 quanto dichiara l\u2019On. Luca De Carlo di Fratelli d\u2019Italia e continua, &#8211; ho studiato attentamente il decreto e il fondo di cui si parla di 4,3 miliardi di euro riguarda l\u2019anticipazione del Fondo di Solidariet\u00e0 Comunale (FSC) che ogni anno lo Stato eroga ai comuni, che poi non \u00e8 neanche una misura cos\u00ec straordinaria perch\u00e9 l\u2019anticipazione lo scorso anno ci fu trasferita il 20 di Marzo e non ad Aprile e fu anche pi\u00f9 sostanziosa, del 70% anzich\u00e9 del 66%. I 400 milioni di euro saranno invece ripartiti fra tutti gli 8.000 comuni italiani in proporzione al numero degli abitanti e saranno finalizzati unicamente per un aiuto alimentare alle famiglie bisognose. Mi appello al Governo e chiedo di lasciare ai sindaci la possibilit\u00e0 di interpretare al meglio le esigenze delle persone, non tutti hanno necessit\u00e0 di ricevere il pacco alimentare. Nei tre mandati da Sindaco di Calalzo di Cadore ho potuto riscontrare che sono molteplici le modalit\u00e0 con cui possiamo sostenere i nostri cittadini e in maniera pi\u00f9 proficua del pacco alimentare, per esempio pagando loro le bollette le utenze indispensabili per la sopravvivenza in casa. In molti territori le derrate alimentari non sono necessarie ma sono pressoch\u00e8 inutili, piuttosto propongo di lasciarci fare un \u201cPrestito d\u2019Onore\u201d a tutti quei piccoli imprenditori che con la chiusura temporanea dell\u2019attivit\u00e0 fanno difficolt\u00e0 ad onorare gli impegni presi prima dell\u2019emergenza e che siamo sicuri restituiranno quando dovuto ai comuni non appena sar\u00e0 possibile riaprire al pubblico; sono loro il nostro tessuto economico, sono la sopravvivenza sociale e commerciale dei nostri territori e anche a loro dobbiamo pensare in maniera particolare. Se \u00e8 vero che siamo le \u201csentinelle\u201d dei territori, come ci definisce il Presidente Conte, allora che lasci la libert\u00e0 ai Sindaci non solo di controllarli ma di prendersene cura nel modo pi\u00f9 adeguato possibile\u201d. E\u2019 quanto dichiara l\u2019On. Luca de Carlo, sindaco di Calalzo di Cadore.<\/p>\n<p>&nbsp;<\/p>\n<hr \/>\n<\/div>\n<p>&nbsp;<\/p>\n<div class=\"page-title-breadcrumbs\">\n<div class=\"page-title-head hgroup\">\n<blockquote>\n<h3 class=\"entry-title\">SABATO ALTRI DUE DECESSI IN CASA DI RIPOSO, UNO A PUOS D\u2019ALPAGO E UNO A FONZASO<\/h3>\n<\/blockquote>\n<\/div>\n<div class=\"page-title-breadcrumbs\">\n<p class=\"photoswipe-wrapper\"><a class=\"dt-pswp-item pspw-wrap-ready\" href=\"https:\/\/i0.wp.com\/www.radiopiu.net\/wordpress\/wp-content\/uploads\/2020\/03\/fp-cgil.png?ssl=1\" data-dt-img-description=\"\" data-large_image_width=\"175\" data-large_image_height=\"191\"><img loading=\"lazy\" decoding=\"async\" class=\"size-full wp-image-122552 alignleft jetpack-lazy-image jetpack-lazy-image--handled\" src=\"https:\/\/i0.wp.com\/www.radiopiu.net\/wordpress\/wp-content\/uploads\/2020\/03\/fp-cgil.png?resize=175%2C191&amp;ssl=1\" alt=\"\" width=\"175\" height=\"191\" data-lazy-loaded=\"1\" \/><\/a><strong>BELLUNO<\/strong>\u00a0La FP CGIL continua a monitorare la situazione delle case di riposo in provincia di Belluno. Sono stati segnalati altri due decessi, uno a Puos D\u2019Alpago e uno a Fonzaso. Non solo, il sindacato sta anche controllando che gli operatori lavorino in sicurezza<\/p>\n<p>&nbsp;<\/p>\n<p><strong>ANDREA FIOCCO, FP CGIL<\/strong><\/p>\n<\/div>\n<\/div>\n<audio class=\"wp-audio-shortcode\" id=\"audio-125799-2\" preload=\"none\" style=\"width: 100%;\" controls=\"controls\"><source type=\"audio\/mpeg\" src=\"https:\/\/www.radiopiu.net\/wordpress\/wp-content\/uploads\/2020\/03\/FIOCCO-CASE-RIPOSO-28-MARZO.mp3?_=2\" \/><a href=\"https:\/\/www.radiopiu.net\/wordpress\/wp-content\/uploads\/2020\/03\/FIOCCO-CASE-RIPOSO-28-MARZO.mp3\">https:\/\/www.radiopiu.net\/wordpress\/wp-content\/uploads\/2020\/03\/FIOCCO-CASE-RIPOSO-28-MARZO.mp3<\/a><\/audio>\n<p>&nbsp;<\/p>\n<blockquote class=\"wp-embedded-content\" data-secret=\"BXOhXvw14T\"><p><a href=\"https:\/\/www.radiopiu.net\/wordpress\/le-strutture-per-anziani-del-veneto-a-zaia-per-salvare-gli-anziani-fragili-serve-che-ognuno-faccia-la-sua-parte\/\">LE STRUTTURE PER ANZIANI DEL VENETO A ZAIA: PER SALVARE GLI ANZIANI FRAGILI  SERVE CHE OGNUNO FACCIA LA SUA PARTE<\/a><\/p><\/blockquote>\n<p><iframe loading=\"lazy\" title=\"&#8220;LE STRUTTURE PER ANZIANI DEL VENETO A ZAIA: PER SALVARE GLI ANZIANI FRAGILI  SERVE CHE OGNUNO FACCIA LA SUA PARTE&#8221; &#8212; Radio Pi\u00f9\" class=\"wp-embedded-content\" sandbox=\"allow-scripts\" security=\"restricted\" style=\"position: absolute; clip: rect(1px, 1px, 1px, 1px);\" src=\"https:\/\/www.radiopiu.net\/wordpress\/le-strutture-per-anziani-del-veneto-a-zaia-per-salvare-gli-anziani-fragili-serve-che-ognuno-faccia-la-sua-parte\/embed\/#?secret=BXOhXvw14T\" data-secret=\"BXOhXvw14T\" width=\"600\" height=\"338\" frameborder=\"0\" marginwidth=\"0\" marginheight=\"0\" scrolling=\"no\"><\/iframe><\/p>\n<hr \/>\n<h3><\/h3>\n<h3>ANCHE LE FORZE DI POLIZIA LOCALE POSSONO SVOLGERE L&#8217;ATTIVITA&#8217; DI PUBBLICA SICUREZZA<\/h3>\n<p>&nbsp;<\/p>\n<div class=\"su-document su-u-responsive-media-yes\"><iframe loading=\"lazy\" src=\"\/\/docs.google.com\/viewer?embedded=true&url=https:\/\/www.radiopiu.net\/wordpress\/wp-content\/uploads\/2020\/03\/Circ.-Ministero-dell\u2019Interno-Ruolo-delle-Polizie-Locali.pdf\" width=\"600\" height=\"800\" class=\"su-document\" title=\"Decreto 20.02.2020\"><\/iframe><\/div>\n<p>&nbsp;<\/p>\n<hr \/>\n<p>&nbsp;<\/p>\n<p>&nbsp;<\/p>\n<div class=\"page-title-breadcrumbs\">\n<blockquote>\n<h3>BANDIERE A MEZZ\u2019ASTA E MINUTO DI SILENZIO DOMANI<\/h3>\n<\/blockquote>\n<p><strong class=\"photoswipe-wrapper\"><a class=\"dt-pswp-item pspw-wrap-ready\" href=\"https:\/\/i2.wp.com\/www.radiopiu.net\/wordpress\/wp-content\/uploads\/2019\/02\/palazzo_piloni_belluno.jpg?ssl=1\" data-dt-img-description=\"\" data-large_image_width=\"1000\" data-large_image_height=\"667\"><img loading=\"lazy\" decoding=\"async\" class=\"size-medium wp-image-77618 alignleft\" src=\"https:\/\/i2.wp.com\/www.radiopiu.net\/wordpress\/wp-content\/uploads\/2019\/02\/palazzo_piloni_belluno.jpg?resize=300%2C200&amp;ssl=1\" sizes=\"auto, (max-width: 300px) 100vw, 300px\" srcset=\"https:\/\/i2.wp.com\/www.radiopiu.net\/wordpress\/wp-content\/uploads\/2019\/02\/palazzo_piloni_belluno.jpg?resize=300%2C200&amp;ssl=1 300w, https:\/\/i2.wp.com\/www.radiopiu.net\/wordpress\/wp-content\/uploads\/2019\/02\/palazzo_piloni_belluno.jpg?resize=768%2C512&amp;ssl=1 768w, https:\/\/i2.wp.com\/www.radiopiu.net\/wordpress\/wp-content\/uploads\/2019\/02\/palazzo_piloni_belluno.jpg?w=1000&amp;ssl=1 1000w\" alt=\"\" width=\"300\" height=\"200\" \/><\/a>BELLUNO<\/strong> La Provincia di Belluno raccoglie l\u2019invito dell\u2019Unione Province Italiane e della Provincia di Bergamo: domani anche a Palazzo Piloni le bandiere saranno a mezz\u2019asta, in segno di vicinanza al territorio bergamasco, colpito in maniera pesantissima dall\u2019epidemia di coronavirus. \u00ab<em>Abbiamo ricevuto la lettera dell\u2019Upi e del collega Gianfranco Gafforelli, presidente della Provincia di Bergamo, e non possiamo che esprimere tutta la nostra vicinanza a un territorio che sta soffrendo, molto pi\u00f9 di altre zone d\u2019Italia, per questa epidemia che ci sta colpendo tutti \u2013 afferma il presidente Roberto Padrin -. Abbiamo esteso l\u2019invito anche a tutti i sindaci di fare altrettanto: a esporre le bandiere a mezz\u2019asta e a osservare un minuto di silenzio davanti al municipio con la fascia tricolore, a mezzogiorno, a nome di tutta la cittadinanza. La risposta che ci sta arrivando in queste ore \u00e8 corale. Anche i cittadini bellunesi possono unirsi a questo momento di raccoglimento, per onorare i defunti e anche per rivolgere un pensiero a tutti coloro che hanno perso una persona cara, un familiare, e non hanno potuto essere vicini nel momento dell\u2019addio<\/em>\u00bb.\u00a0\u00ab<em>Ringrazio a nome di tutti i sindaci i medici e gli infermieri che si stanno impegnando per contenere l\u2019epidemia e curare i malati in queste giornate estremamente difficili per il nostro Paese, per il Veneto e anche per il Bellunese \u2013 conclude il presidente Padrin -. Ne usciremo, perch\u00e9 come abbiamo dimostrato con Vaia, \u00e8 nei momenti di prova e di difficolt\u00e0 che sappiamo essere forti, che sappiamo fare comunit\u00e0<\/em>\u00bb.<\/p>\n<p>&nbsp;<\/p>\n<hr \/>\n<p>&nbsp;<\/p>\n<\/div>\n<blockquote>\n<h3>UNA CINQUANTINA DI MEZZI MESSI A DISPOSIZIONE PER LA SANIFICAZIONE: LA PROVINCIA INCASSA LA COLLABORAZIONE DI TUTTE LE ASSOCIAZIONI AGRICOLE<\/h3>\n<\/blockquote>\n<p><strong><a class=\"dt-pswp-item\" href=\"https:\/\/www.radiopiu.net\/wordpress\/wp-content\/uploads\/2020\/03\/IMG_7303.jpg\" data-dt-img-description=\"\" data-large_image_width=\"1280\" data-large_image_height=\"960\"><img loading=\"lazy\" decoding=\"async\" class=\"size-medium wp-image-125344 alignleft\" src=\"https:\/\/www.radiopiu.net\/wordpress\/wp-content\/uploads\/2020\/03\/IMG_7303-300x225.jpg\" alt=\"\" width=\"300\" height=\"225\" srcset=\"https:\/\/www.radiopiu.net\/wordpress\/wp-content\/uploads\/2020\/03\/IMG_7303-300x225.jpg 300w, https:\/\/www.radiopiu.net\/wordpress\/wp-content\/uploads\/2020\/03\/IMG_7303-1024x768.jpg 1024w, https:\/\/www.radiopiu.net\/wordpress\/wp-content\/uploads\/2020\/03\/IMG_7303-768x576.jpg 768w, https:\/\/www.radiopiu.net\/wordpress\/wp-content\/uploads\/2020\/03\/IMG_7303.jpg 1280w\" sizes=\"auto, (max-width: 300px) 100vw, 300px\" \/><\/a>BELLUNO<\/strong> Adesione piena delle associazioni agricole. La sanificazione di strade e marciapiedi del territorio provinciale pu\u00f2 contare su una cinquantina di mezzi messi a disposizione da subito dal gioco di squadra di Confagricoltura, Coldiretti e Cia. Nel caso dovesse essere necessario, ci sono altre aziende agricole che hanno gi\u00e0 dato disponibilit\u00e0 per ulteriori mezzi. Si tratta di trattori, barre irroratici e atomizzatori; vale a dire tutti gli strumenti solitamente usati per irrorare i campi di mais e i vigneti, che in questo caso avranno il compito di distribuire in diverse zone di passaggio una combinazione di acqua e ipoclorito di sodio (la comune varechina), in forma nebulizzata; quindi, senza dilavamento e conseguenze per scarichi e falde acquifere. \u00abAbbiamo mandato alla Provincia un primo elenco, approssimativo, ancora nei giorni scorsi &#8211; fa sapere Michele Nenz (Coldiretti Belluno) -. Inizialmente \u00e8 stata considerata solo la Valbelluna, dove \u00e8 presente la maggior parte delle aziende agricole. L\u2019adesione \u00e8 stata pressoch\u00e9 corale e abbiamo gi\u00e0 consegnato una lista con oltre una trentina di mezzi. Ma basta chiamare e le aziende rispondono, per cui siamo pronti, nel caso dovesse servire, anche con altri mezzi. Al momento riusciamo a coprire in maniera capillare tutta la parte bassa della provincia. Per Cadore e Agordino, dove non sono presenti mezzi per le colture a seminativo come le barre irroratrici, siamo in grado di mandarle in tempi rapidi, quindi non ci saranno problemi in questo senso\u00bb. Anche da Cia e Confagricoltura l\u2019adesione \u00e8 stata massiccia. Gli agricoltori mettono a disposizione botti per il diserbo e trattori. Pi\u00f9 di una decina di mezzi. \u00abIn un momento difficile \u00e8 giusto che ognuno debba contribuire, come pu\u00f2 &#8211; commentano Luca Cosul Cuffaro (Cia Belluno) e Diego Donazzolo (Confagricoltura Belluno) -. La Provincia si \u00e8 rivolta a noi e ci ha dato fiducia e quindi abbiamo ritenuto di contribuire in maniera attiva con i nostri associati\u00bb. L\u2019operazione di sanificazione partir\u00e0 a tutti gli effetti nei prossimi giorni. La Provincia ha effettuato un primo esperimento venerd\u00ec scorso, a Limana. Per domani \u00e8 in programma una riunione operativa per mettere a punto il programma di interventi, concordati con le Unioni Montane e i Comuni. La sanificazione sar\u00e0 effettuata prediligendo le zone di maggior afflusso come piazze e marciapiedi di accesso a supermercati, negozi di generi alimentari, uffici postali e simili. Per l\u2019invio dei mezzi agricoli, sar\u00e0 predisposta una \u201cscorta\u201d con auto della Polizia Locale e con squadre della Protezione Civile. Per le aree pi\u00f9 piccole, in cui \u00e8 pi\u00f9 semplice l\u2019invio di personale a piedi con botte a tracolla (come ad esempio le piazzole ecologiche e i portici), i singoli Comuni potranno inviare personale proprio o in alternativa comunicare l\u2019intenzione di avvalersi delle squadre di antincendio boschivo, messe a disposizione dalla Protezione Civile provinciale. \u00abLe aziende si sono messe a disposizione gratuitamente, con grande senso civico in un momento difficilissimo per tutta l\u2019Italia &#8211; afferma il presidente della Provincia, Roberto Padrin -. Cercheremo in qualche modo di istituire un bando per progettualit\u00e0 in campo agricolo, consapevoli che la tutela del territorio montano e la cura del paesaggio dipendono in larghissima misura dagli agricoltori e dalle loro attivit\u00e0\u00bb. Tutela del territorio che non verr\u00e0 minimamente intaccata dalle operazioni di sanificazione. \u00abLa Provincia non ha lasciato nulla al caso &#8211; conclude Michele Nenz (Coldiretti Belluno) -. I primi che hanno a cuore l\u2019ambiente e la terra siamo noi agricoltori e proprio per questo dobbiamo ringraziare il presidente Padrin e il consigliere Massimo Bortoluzzi che stanno gestendo in maniera oculata questa operazione. Prima sono state eseguite delle prove tecniche, poi c\u2019\u00e8 stata una verifica di fattibilit\u00e0. Il tema ambientale \u00e8 stato rispettato e sono state fatte tutte le valutazioni del caso sull\u2019impatto ecosistemico\u00bb.<\/p>\n<p>&nbsp;<\/p>\n<hr \/>\n<p>&nbsp;<\/p>\n<blockquote>\n<h3>DALLA PAGINA FACEBOOK DELLA QUESTURA DI BELLUNO<\/h3>\n<\/blockquote>\n<p><a class=\"dt-pswp-item\" href=\"https:\/\/www.radiopiu.net\/wordpress\/wp-content\/uploads\/2020\/03\/8943e3c3-649c-464a-80f4-ad58f96265fb.jpg\" data-dt-img-description=\"\" data-large_image_width=\"960\" data-large_image_height=\"960\"><img loading=\"lazy\" decoding=\"async\" class=\"size-medium wp-image-125838 alignleft\" src=\"https:\/\/www.radiopiu.net\/wordpress\/wp-content\/uploads\/2020\/03\/8943e3c3-649c-464a-80f4-ad58f96265fb-300x300.jpg\" alt=\"\" width=\"300\" height=\"300\" srcset=\"https:\/\/www.radiopiu.net\/wordpress\/wp-content\/uploads\/2020\/03\/8943e3c3-649c-464a-80f4-ad58f96265fb-300x300.jpg 300w, https:\/\/www.radiopiu.net\/wordpress\/wp-content\/uploads\/2020\/03\/8943e3c3-649c-464a-80f4-ad58f96265fb-150x150.jpg 150w, https:\/\/www.radiopiu.net\/wordpress\/wp-content\/uploads\/2020\/03\/8943e3c3-649c-464a-80f4-ad58f96265fb-768x768.jpg 768w, https:\/\/www.radiopiu.net\/wordpress\/wp-content\/uploads\/2020\/03\/8943e3c3-649c-464a-80f4-ad58f96265fb.jpg 960w\" sizes=\"auto, (max-width: 300px) 100vw, 300px\" \/><\/a>In alcune province italiane sono stati sequestrati falsi volantini scritti su carta intestata Ministero dell&#8217;Interno-Dipartimento della Pubblica. Sicurezza, con logo della Repubblica Italiana. Contengono informazioni false e ingannevoli. Se li trovate, non tenete conto delle indicazioni contenute e segnalateli alle forze di polizia.<\/p>\n<p>&nbsp;<\/p>\n<p>&nbsp;<\/p>\n<p>&nbsp;<\/p>\n<p>&nbsp;<\/p>\n<p>&nbsp;<\/p>\n<hr \/>\n<p>&nbsp;<\/p>\n<blockquote>\n<h3>IL SINDACO DI FALCADE HA SPORTO DENUNCIA CONTRO GLI IMBRATTATORI DEI CARTELLI<\/h3>\n<\/blockquote>\n<div class=\"page-title-breadcrumbs\">\n<p class=\"photoswipe-wrapper\"><a class=\"dt-pswp-item pspw-wrap-ready\" href=\"https:\/\/i1.wp.com\/www.radiopiu.net\/wordpress\/wp-content\/uploads\/2020\/03\/90591948_2615058008818383_2536179330749300736_n.jpg?ssl=1\" data-dt-img-description=\"\" data-large_image_width=\"960\" data-large_image_height=\"720\"><img loading=\"lazy\" decoding=\"async\" class=\"size-medium wp-image-125266 alignleft\" src=\"https:\/\/i1.wp.com\/www.radiopiu.net\/wordpress\/wp-content\/uploads\/2020\/03\/90591948_2615058008818383_2536179330749300736_n.jpg?resize=300%2C225&amp;ssl=1\" sizes=\"auto, (max-width: 300px) 100vw, 300px\" srcset=\"https:\/\/i1.wp.com\/www.radiopiu.net\/wordpress\/wp-content\/uploads\/2020\/03\/90591948_2615058008818383_2536179330749300736_n.jpg?resize=300%2C225&amp;ssl=1 300w, https:\/\/i1.wp.com\/www.radiopiu.net\/wordpress\/wp-content\/uploads\/2020\/03\/90591948_2615058008818383_2536179330749300736_n.jpg?resize=768%2C576&amp;ssl=1 768w, https:\/\/i1.wp.com\/www.radiopiu.net\/wordpress\/wp-content\/uploads\/2020\/03\/90591948_2615058008818383_2536179330749300736_n.jpg?w=960&amp;ssl=1 960w\" alt=\"\" width=\"300\" height=\"225\" \/><\/a><strong>FALCADE<\/strong>\u00a0il sindaco di Falcade Michele Costa ha fatto visita (con tanto di mascherina e guanti) al locale comando dei Carabinieri per sporgere denuncia contro ignoti per le scritte di Sappade.<\/p>\n<p>&nbsp;<\/p>\n<p><strong>IL SINDACO DI FALCADE MICHELE COSTA<\/strong><\/p>\n<\/div>\n<audio class=\"wp-audio-shortcode\" id=\"audio-125799-3\" preload=\"none\" style=\"width: 100%;\" controls=\"controls\"><source type=\"audio\/mpeg\" src=\"https:\/\/www.radiopiu.net\/wordpress\/wp-content\/uploads\/2020\/03\/MICHELE-COSTA-DENUNCIA.mp3?_=3\" \/><a href=\"https:\/\/www.radiopiu.net\/wordpress\/wp-content\/uploads\/2020\/03\/MICHELE-COSTA-DENUNCIA.mp3\">https:\/\/www.radiopiu.net\/wordpress\/wp-content\/uploads\/2020\/03\/MICHELE-COSTA-DENUNCIA.mp3<\/a><\/audio>\n<p>&nbsp;<\/p>\n<p>&nbsp;<\/p>\n<hr \/>\n<p>&nbsp;<\/p>\n<blockquote>\n<p align=\"JUSTIFY\"><span style=\"font-size: large;\"><b>COMPLETATA LA DISTRIBUZIONE DI UNA MASCHERINA A TUTTE LE FAMIGLIE<\/b><\/span><\/p>\n<\/blockquote>\n<p align=\"JUSTIFY\"><strong><a class=\"dt-pswp-item\" href=\"https:\/\/www.radiopiu.net\/wordpress\/wp-content\/uploads\/2020\/03\/33676ca4-e66b-45cc-81ea-6962e475d031.jpg\" data-dt-img-description=\"\" data-large_image_width=\"1080\" data-large_image_height=\"753\"><img loading=\"lazy\" decoding=\"async\" class=\"size-medium wp-image-125877 alignleft\" src=\"https:\/\/www.radiopiu.net\/wordpress\/wp-content\/uploads\/2020\/03\/33676ca4-e66b-45cc-81ea-6962e475d031-300x209.jpg\" alt=\"\" width=\"300\" height=\"209\" srcset=\"https:\/\/www.radiopiu.net\/wordpress\/wp-content\/uploads\/2020\/03\/33676ca4-e66b-45cc-81ea-6962e475d031-300x209.jpg 300w, https:\/\/www.radiopiu.net\/wordpress\/wp-content\/uploads\/2020\/03\/33676ca4-e66b-45cc-81ea-6962e475d031-1024x714.jpg 1024w, https:\/\/www.radiopiu.net\/wordpress\/wp-content\/uploads\/2020\/03\/33676ca4-e66b-45cc-81ea-6962e475d031-768x535.jpg 768w, https:\/\/www.radiopiu.net\/wordpress\/wp-content\/uploads\/2020\/03\/33676ca4-e66b-45cc-81ea-6962e475d031.jpg 1080w\" sizes=\"auto, (max-width: 300px) 100vw, 300px\" \/><\/a>FELTRE<\/strong> <span style=\"font-size: large;\">E\u2019 stato completato ieri il primo \u201cgiro\u201d di distribuzione delle mascherine fatte pervenire in questi giorni, a scaglioni, dalla Regione Veneto. <\/span><span style=\"font-size: large;\">Come anticipato, tutti i nuclei familiari sono stati dotati, al momento, di UNA mascherina, in modo da accelerare al massimo i tempi di consegna; nei prossimi giorni, parrallelamente all\u2019arrivo delle altre tranches di mascherine, VERRA\u2019 EFFETTUATA da parte dei volontari UNA SECONDA DISTRIBUZIONE, nella quale alle famiglie sar\u00e0 consegnato un numero di pezzi congruo rispetto a quello dei componenti del nucleo. <\/span><span style=\"font-size: large;\">A oggi sono state confezionate, una ad una nei sacchetti compostabili, 10.700 mascherine, poi consegnate a domicilio dai volontari di Protezione Civile. Chi per <\/span><span style=\"font-size: large;\">qualche motivo non avesse ricevuto la mascherina, pu\u00f2 segnalarlo direttamente al C.O.C. ai numeri 0439-847309 o 0439-885385. <\/span>\u201c<span style=\"font-size: large;\">Voglio ringraziare singolarmente le decine di volontari che si sono resi disponibili in questi giorni sia per il confezionamento che per la distribuzione delle mascherine\u201d, commenta il sindaco di Feltre Paolo Perenzin. \u201cIl lavoro messo in campo e coordinato dal C.O.C. \u00e8 stato davvero massiccio: aver raggiunto quasi 10 mila nuclei familiari in pochissimi giorni \u00e8 \u2013 ancora una volta &#8211; segno di grande attaccamento e dedizione alla propria citt\u00e0, in un momento in cui non mancano certo gli impegni per le altre attivit\u00e0 di assistenza e di sostegno gi\u00e0 avviate (dalla consegna delle spese alimentari a quella dei farmaci). Ancora una volta Feltre ei suoi volontari hanno risposto alla grande e per questo non posso che essere fiero e dire \u201cgrazie\u201d a tutti coloro che si sono resi disponibili. <\/span><span style=\"font-size: large;\">Non \u00e8 tutto. Nei prossimi giorni metteremo in campo altri importanti strumenti a supporto dei nostri cittadini, soprattutto quelli pi\u00f9 deboli e in difficolt\u00e0\u201d, conclude il sindaco.<\/span><\/p>\n<hr \/>\n<h3><\/h3>\n<blockquote>\n<h3 class=\"p1\">METEO. STATO DI ATTENZIONE PER VENTO FORTE IN VENETO SU COSTE E PIANURA LIMITROFA<\/h3>\n<\/blockquote>\n<p><strong><a class=\"dt-pswp-item\" href=\"https:\/\/www.radiopiu.net\/wordpress\/wp-content\/uploads\/2018\/04\/previsioni-meteo.jpg\" data-dt-img-description=\"\" data-large_image_width=\"500\" data-large_image_height=\"392\"><img loading=\"lazy\" decoding=\"async\" class=\"wp-image-46370 alignleft\" src=\"https:\/\/www.radiopiu.net\/wordpress\/wp-content\/uploads\/2018\/04\/previsioni-meteo-300x235.jpg\" alt=\"\" width=\"119\" height=\"93\" srcset=\"https:\/\/www.radiopiu.net\/wordpress\/wp-content\/uploads\/2018\/04\/previsioni-meteo-300x235.jpg 300w, https:\/\/www.radiopiu.net\/wordpress\/wp-content\/uploads\/2018\/04\/previsioni-meteo.jpg 500w\" sizes=\"auto, (max-width: 119px) 100vw, 119px\" \/><\/a>VENEZIA<\/strong> L\u2019atteso peggioramento del tempo porter\u00e0 sul Veneto anche situazioni di vento forte, per le quali il Centro Funzionale Decentrato della Protezione Civile della Regione ha emesso lo Stato di Attenzione. La dichiarazione riguarda le zone costiere e la pianura limitrofa ed \u00e8 valida dalla mezzanotte di oggi alle ore 12.00 di marted\u00ec 31 marzo.<\/p>\n<p>&nbsp;<\/p>\n<p>&nbsp;<\/p>\n<hr \/>\n<p>&nbsp;<\/p>\n<blockquote>\n<h3>LA CROCE BIANCA VAL FIORENTINA CONSEGNA LA SPESA A DOMICILIO<\/h3>\n<\/blockquote>\n<p><strong>SELVA DI CADORE<\/strong>\u00a0I volontari della Croce Bianca Val Fiorentina vengono in aiuto agli anziani e alle persone bisognose che non possono muoversi di casa attivando un servizio di consegna a domicilio della spesa. Il servizio sar\u00e0 erogato il luned\u00ec, mercoled\u00ec e sabato. Per accedere al servizio basta contattare il negozio Conad di Selva di Cadore allo 0437 720613 o l\u2019alimentari di Pescul allo 0437 521071 entro le ore 10 poi i volontari della Croce Bianca Val Fiorentina consegneranno la spesa a casa.<\/p>\n<p>&nbsp;<\/p>\n<hr \/>\n<p>&nbsp;<\/p>\n<blockquote>\n<h3>A LA VALLE PARTE LA CONSEGNA A DOMICILIO DI FARMACI E SPESA<\/h3>\n<\/blockquote>\n<p><strong>LA VALLE AGORDINA<\/strong> Il Sindaco informa che sono stati attivati i servizi di consegna a domicilio per farmaci e per la spesa. Per la consegna dei farmaci i numeri da chiamare sono 0437 62298 oppure 0437 63896, servizio attivo dal luned\u00ec al venerd\u00ec dalle 9 alle 12:30 e dalle 15:30 alle 18:30. Per la consegna della spesa a domicilio basta telefonare al Panificio \u201cEl Forner\u201d 0437 63040, servizio garantito dal lunedi al sabato dalle 7 alle 12:30 e dalle 16:30 alle 19, anche la domenica dalle 7 alle 12:30<\/p>\n<p>&nbsp;<\/p>\n<hr \/>\n<p>&nbsp;<\/p>\n<blockquote>\n<h3>SERVIZIO A DOMICILIO ANCHE A CANALE D\u2019AGORDO<\/h3>\n<\/blockquote>\n<p><strong>CANALE D\u2019AGORDO<\/strong>\u00a0Il comune, in collaborazione con le associazioni di volontariato del territorio, ha attivato il servizio di consegna a domicilio di farmaci e beni di prima necessit\u00e0 alle persone che sono impossibiltate a muoversi (anziani, persone non autosufficienti, persone sole e\/o che non possono uscire dalla propria abitazione. Servizio attivo il luned\u00ec, mercoled\u00ec e venerd\u00ec. Per avvalersi del servizio il numero da chiamare \u00e8 320 3298245<\/p>\n<p>&nbsp;<\/p>\n<hr \/>\n<p>&nbsp;<\/p>\n<blockquote>\n<h3>SERVIZIO SPESA GRATIS PER FODOM<\/h3>\n<\/blockquote>\n<p class=\"photoswipe-wrapper\"><strong>LIVINALLONGO<\/strong>\u00a0Questo servizio \u00e8 rivolto a persone anziane e malate, ma anche alle famiglie e alle persone sole che non hanno la possibilit\u00e0 di fare acquisti. Il servizio pu\u00f2 essere richiesto ogni giorno ed \u00e8 gratuito.\u00a0Potr\u00e0 essere richiesto al 0471 444 444 dalle ore 8-18. La consegna avviene lo stesso giorno o al pi\u00f9 tardi il giorno successivo. Il servizio viene eseguito esclusivamente da volontari della Croce Bianca che possono identificarsi come collaboratori dell\u2019associazione e indossano la divisa e tesserino.<\/p>\n<p>&nbsp;<\/p>\n<hr \/>\n<p>&nbsp;<\/p>\n<p>&nbsp;<\/p>\n<blockquote>\n<h2>LA VOCE AMICA DEI NOSTRI SINDACI<\/h2>\n<\/blockquote>\n<p><strong>MICHELE COSTA, PRESIDENTE DELLA UNIONE MONTANA AGORDINA<\/strong><\/p>\n<audio class=\"wp-audio-shortcode\" id=\"audio-125799-4\" preload=\"none\" style=\"width: 100%;\" controls=\"controls\"><source type=\"audio\/mpeg\" src=\"https:\/\/www.radiopiu.net\/wordpress\/wp-content\/uploads\/2020\/03\/MICHELE-COSTA-COMUNITA-MONTANA.mp3?_=4\" \/><a href=\"https:\/\/www.radiopiu.net\/wordpress\/wp-content\/uploads\/2020\/03\/MICHELE-COSTA-COMUNITA-MONTANA.mp3\">https:\/\/www.radiopiu.net\/wordpress\/wp-content\/uploads\/2020\/03\/MICHELE-COSTA-COMUNITA-MONTANA.mp3<\/a><\/audio>\n<p>&nbsp;<\/p>\n<p><strong>DANILO DE TONI, SINDACO DI ALLEGHE<\/strong><\/p>\n<audio class=\"wp-audio-shortcode\" id=\"audio-125799-5\" preload=\"none\" style=\"width: 100%;\" controls=\"controls\"><source type=\"audio\/mpeg\" src=\"https:\/\/www.radiopiu.net\/wordpress\/wp-content\/uploads\/2020\/03\/danilo-sindaco.mp3?_=5\" \/><a href=\"https:\/\/www.radiopiu.net\/wordpress\/wp-content\/uploads\/2020\/03\/danilo-sindaco.mp3\">https:\/\/www.radiopiu.net\/wordpress\/wp-content\/uploads\/2020\/03\/danilo-sindaco.mp3<\/a><\/audio>\n<p>&nbsp;<\/p>\n<p><strong>PAOLO FRENA, SINDACO DI COLLE SANTA LUCIA<\/strong><\/p>\n<audio class=\"wp-audio-shortcode\" id=\"audio-125799-6\" preload=\"none\" style=\"width: 100%;\" controls=\"controls\"><source type=\"audio\/mpeg\" src=\"https:\/\/www.radiopiu.net\/wordpress\/wp-content\/uploads\/2020\/03\/PAOLO-FRENA-COLLE-SANTA-LUCIA.mp3?_=6\" \/><a href=\"https:\/\/www.radiopiu.net\/wordpress\/wp-content\/uploads\/2020\/03\/PAOLO-FRENA-COLLE-SANTA-LUCIA.mp3\">https:\/\/www.radiopiu.net\/wordpress\/wp-content\/uploads\/2020\/03\/PAOLO-FRENA-COLLE-SANTA-LUCIA.mp3<\/a><\/audio>\n<p>&nbsp;<\/p>\n<p><strong>ANDREA DE BERNARDIN, SINDACO DI ROCCA PIETORE<\/strong><\/p>\n<audio class=\"wp-audio-shortcode\" id=\"audio-125799-7\" preload=\"none\" style=\"width: 100%;\" controls=\"controls\"><source type=\"audio\/mpeg\" src=\"https:\/\/www.radiopiu.net\/wordpress\/wp-content\/uploads\/2020\/03\/ANDREA-DE-BERNARDIN-ROCCA-PIETORE.mp3?_=7\" \/><a href=\"https:\/\/www.radiopiu.net\/wordpress\/wp-content\/uploads\/2020\/03\/ANDREA-DE-BERNARDIN-ROCCA-PIETORE.mp3\">https:\/\/www.radiopiu.net\/wordpress\/wp-content\/uploads\/2020\/03\/ANDREA-DE-BERNARDIN-ROCCA-PIETORE.mp3<\/a><\/audio>\n<p>&nbsp;<\/p>\n<p><strong>LEANDRO GRONES, SINDACO DI LIVINALLONGO DEL COL DI LANA<\/strong><\/p>\n<audio class=\"wp-audio-shortcode\" id=\"audio-125799-8\" preload=\"none\" style=\"width: 100%;\" controls=\"controls\"><source type=\"audio\/mpeg\" src=\"https:\/\/www.radiopiu.net\/wordpress\/wp-content\/uploads\/2020\/03\/LEANDRO-GRONES-LIVINALLONGO.mp3?_=8\" \/><a href=\"https:\/\/www.radiopiu.net\/wordpress\/wp-content\/uploads\/2020\/03\/LEANDRO-GRONES-LIVINALLONGO.mp3\">https:\/\/www.radiopiu.net\/wordpress\/wp-content\/uploads\/2020\/03\/LEANDRO-GRONES-LIVINALLONGO.mp3<\/a><\/audio>\n<p>&nbsp;<\/p>\n<p><strong>SILVIA CESTARO, SINDACO DI SELVA DI CADORE<\/strong><\/p>\n<audio class=\"wp-audio-shortcode\" id=\"audio-125799-9\" preload=\"none\" style=\"width: 100%;\" controls=\"controls\"><source type=\"audio\/mpeg\" src=\"https:\/\/www.radiopiu.net\/wordpress\/wp-content\/uploads\/2020\/03\/SILVIA-CESTARO-SELVA.mp3?_=9\" \/><a href=\"https:\/\/www.radiopiu.net\/wordpress\/wp-content\/uploads\/2020\/03\/SILVIA-CESTARO-SELVA.mp3\">https:\/\/www.radiopiu.net\/wordpress\/wp-content\/uploads\/2020\/03\/SILVIA-CESTARO-SELVA.mp3<\/a><\/audio>\n<p>&nbsp;<\/p>\n<p><strong>SILVIA TORMEN, SINDACO DI TAIBON AGORDINO<\/strong><\/p>\n<audio class=\"wp-audio-shortcode\" id=\"audio-125799-10\" preload=\"none\" style=\"width: 100%;\" controls=\"controls\"><source type=\"audio\/mpeg\" src=\"https:\/\/www.radiopiu.net\/wordpress\/wp-content\/uploads\/2020\/03\/silvia-tormen-persone-sole.mp3?_=10\" \/><a href=\"https:\/\/www.radiopiu.net\/wordpress\/wp-content\/uploads\/2020\/03\/silvia-tormen-persone-sole.mp3\">https:\/\/www.radiopiu.net\/wordpress\/wp-content\/uploads\/2020\/03\/silvia-tormen-persone-sole.mp3<\/a><\/audio>\n<p>&nbsp;<\/p>\n<p><strong>MICHELE COSTA, SINDACO DI FALCADE<\/strong><\/p>\n<audio class=\"wp-audio-shortcode\" id=\"audio-125799-11\" preload=\"none\" style=\"width: 100%;\" controls=\"controls\"><source type=\"audio\/mpeg\" src=\"https:\/\/www.radiopiu.net\/wordpress\/wp-content\/uploads\/2020\/03\/MICHELE-COSTA-FALCADE.mp3?_=11\" \/><a href=\"https:\/\/www.radiopiu.net\/wordpress\/wp-content\/uploads\/2020\/03\/MICHELE-COSTA-FALCADE.mp3\">https:\/\/www.radiopiu.net\/wordpress\/wp-content\/uploads\/2020\/03\/MICHELE-COSTA-FALCADE.mp3<\/a><\/audio>\n<p>&nbsp;<\/p>\n<p><strong>ROBERTO CHISSALE&#8217; SINDACO DI AGORDO<\/strong><\/p>\n<audio class=\"wp-audio-shortcode\" id=\"audio-125799-12\" preload=\"none\" style=\"width: 100%;\" controls=\"controls\"><source type=\"audio\/mpeg\" src=\"https:\/\/www.radiopiu.net\/wordpress\/wp-content\/uploads\/2020\/03\/chissale-1.mp3?_=12\" \/><a href=\"https:\/\/www.radiopiu.net\/wordpress\/wp-content\/uploads\/2020\/03\/chissale-1.mp3\">https:\/\/www.radiopiu.net\/wordpress\/wp-content\/uploads\/2020\/03\/chissale-1.mp3<\/a><\/audio>\n<p>&nbsp;<\/p>\n<p><strong>MAURO SOPPELSA SINDACO DI CENCENIGHE<\/strong><\/p>\n<audio class=\"wp-audio-shortcode\" id=\"audio-125799-13\" preload=\"none\" style=\"width: 100%;\" controls=\"controls\"><source type=\"audio\/mpeg\" src=\"https:\/\/www.radiopiu.net\/wordpress\/wp-content\/uploads\/2020\/03\/mauro-soppelsa-1.mp3?_=13\" \/><a href=\"https:\/\/www.radiopiu.net\/wordpress\/wp-content\/uploads\/2020\/03\/mauro-soppelsa-1.mp3\">https:\/\/www.radiopiu.net\/wordpress\/wp-content\/uploads\/2020\/03\/mauro-soppelsa-1.mp3<\/a><\/audio>\n<p>&nbsp;<\/p>\n<p><strong>MORENO DE VAL SINDACO DI SAN TOMASO\u00a0<\/strong><\/p>\n<audio class=\"wp-audio-shortcode\" id=\"audio-125799-14\" preload=\"none\" style=\"width: 100%;\" controls=\"controls\"><source type=\"audio\/mpeg\" src=\"https:\/\/www.radiopiu.net\/wordpress\/wp-content\/uploads\/2020\/03\/moreno-1.mp3?_=14\" \/><a href=\"https:\/\/www.radiopiu.net\/wordpress\/wp-content\/uploads\/2020\/03\/moreno-1.mp3\">https:\/\/www.radiopiu.net\/wordpress\/wp-content\/uploads\/2020\/03\/moreno-1.mp3<\/a><\/audio>\n<p>&nbsp;<\/p>\n<p><strong>EZIO ZUANEL SINDACO DI LA VALLE AGORDINA<\/strong><\/p>\n<audio class=\"wp-audio-shortcode\" id=\"audio-125799-15\" preload=\"none\" style=\"width: 100%;\" controls=\"controls\"><source type=\"audio\/mpeg\" src=\"https:\/\/www.radiopiu.net\/wordpress\/wp-content\/uploads\/2020\/03\/ezio.mp3?_=15\" \/><a href=\"https:\/\/www.radiopiu.net\/wordpress\/wp-content\/uploads\/2020\/03\/ezio.mp3\">https:\/\/www.radiopiu.net\/wordpress\/wp-content\/uploads\/2020\/03\/ezio.mp3<\/a><\/audio>\n<p>&nbsp;<\/p>\n<p><strong>GIOVANNI SINDACO NINO DEON RIVAMONTE<\/strong><\/p>\n<audio class=\"wp-audio-shortcode\" id=\"audio-125799-16\" preload=\"none\" style=\"width: 100%;\" controls=\"controls\"><source type=\"audio\/mpeg\" src=\"https:\/\/www.radiopiu.net\/wordpress\/wp-content\/uploads\/2020\/03\/DEON.mp3?_=16\" \/><a href=\"https:\/\/www.radiopiu.net\/wordpress\/wp-content\/uploads\/2020\/03\/DEON.mp3\">https:\/\/www.radiopiu.net\/wordpress\/wp-content\/uploads\/2020\/03\/DEON.mp3<\/a><\/audio>\n<p>&nbsp;<\/p>\n<p><strong>IL SINDACO DI CANALE D&#8217;AGORDO FLAVIO COLCERGNAN<\/strong><\/p>\n<audio class=\"wp-audio-shortcode\" id=\"audio-125799-17\" preload=\"none\" style=\"width: 100%;\" controls=\"controls\"><source type=\"audio\/mpeg\" src=\"https:\/\/www.radiopiu.net\/wordpress\/wp-content\/uploads\/2020\/03\/FLAVIO.mp3?_=17\" \/><a href=\"https:\/\/www.radiopiu.net\/wordpress\/wp-content\/uploads\/2020\/03\/FLAVIO.mp3\">https:\/\/www.radiopiu.net\/wordpress\/wp-content\/uploads\/2020\/03\/FLAVIO.mp3<\/a><\/audio>\n<p>&nbsp;<\/p>\n<p>&nbsp;<\/p>\n<p>&nbsp;<\/p>\n<hr \/>\n<p>&nbsp;<\/p>\n<blockquote class=\"wp-embedded-content\" data-secret=\"Jn4vplwq4a\"><p><a href=\"https:\/\/www.radiopiu.net\/wordpress\/ritorna-giulio-coniglio-alla-scuola-dellinfanzia-di-taibon\/\">RITORNA GIULIO CONIGLIO ALLA SCUOLA DELL&#8217;INFANZIA DI TAIBON<\/a><\/p><\/blockquote>\n<p><iframe loading=\"lazy\" title=\"&#8220;RITORNA GIULIO CONIGLIO ALLA SCUOLA DELL&#8217;INFANZIA DI TAIBON&#8221; &#8212; Radio Pi\u00f9\" class=\"wp-embedded-content\" sandbox=\"allow-scripts\" security=\"restricted\" style=\"position: absolute; clip: rect(1px, 1px, 1px, 1px);\" src=\"https:\/\/www.radiopiu.net\/wordpress\/ritorna-giulio-coniglio-alla-scuola-dellinfanzia-di-taibon\/embed\/#?secret=Jn4vplwq4a\" data-secret=\"Jn4vplwq4a\" width=\"600\" height=\"338\" frameborder=\"0\" marginwidth=\"0\" marginheight=\"0\" scrolling=\"no\"><\/iframe><\/p>\n<p>&nbsp;<\/p>\n<blockquote class=\"wp-embedded-content\" data-secret=\"29ANmjhy0s\"><p><a href=\"https:\/\/www.radiopiu.net\/wordpress\/barozzi-presbitero-patriota-poeta-incarcerato-e-poi-sospeso-a-divinis-di-renato-bona\/\">BAROZZI: PRESBITERO, PATRIOTA, POETA INCARCERATO E POI SOSPESO \u201cA DIVINIS\u201d di Renato Bona<\/a><\/p><\/blockquote>\n<p><iframe loading=\"lazy\" title=\"&#8220;BAROZZI: PRESBITERO, PATRIOTA, POETA INCARCERATO E POI SOSPESO \u201cA DIVINIS\u201d di Renato Bona&#8221; &#8212; Radio Pi\u00f9\" class=\"wp-embedded-content\" sandbox=\"allow-scripts\" security=\"restricted\" style=\"position: absolute; clip: rect(1px, 1px, 1px, 1px);\" src=\"https:\/\/www.radiopiu.net\/wordpress\/barozzi-presbitero-patriota-poeta-incarcerato-e-poi-sospeso-a-divinis-di-renato-bona\/embed\/#?secret=29ANmjhy0s\" data-secret=\"29ANmjhy0s\" width=\"600\" height=\"338\" frameborder=\"0\" marginwidth=\"0\" marginheight=\"0\" scrolling=\"no\"><\/iframe><\/p>\n<p>&nbsp;<\/p>\n<blockquote class=\"wp-embedded-content\" data-secret=\"hvWWoLk751\"><p><a href=\"https:\/\/www.radiopiu.net\/wordpress\/agordinomeron-il-territorio-si-racconta-in-onda\/\">Agordinomeron, il territorio si racconta in onda<\/a><\/p><\/blockquote>\n<p><iframe loading=\"lazy\" title=\"&#8220;Agordinomeron, il territorio si racconta in onda&#8221; &#8212; Radio Pi\u00f9\" class=\"wp-embedded-content\" sandbox=\"allow-scripts\" security=\"restricted\" style=\"position: absolute; clip: rect(1px, 1px, 1px, 1px);\" src=\"https:\/\/www.radiopiu.net\/wordpress\/agordinomeron-il-territorio-si-racconta-in-onda\/embed\/#?secret=hvWWoLk751\" data-secret=\"hvWWoLk751\" width=\"600\" height=\"338\" frameborder=\"0\" marginwidth=\"0\" marginheight=\"0\" scrolling=\"no\"><\/iframe><\/p>\n<p>&nbsp;<\/p>\n<blockquote class=\"wp-embedded-content\" data-secret=\"oq2IwNhmZB\"><p><a href=\"https:\/\/www.radiopiu.net\/wordpress\/lappuntamento-della-domenica-con-don-fabiano\/\">L&#8217;APPUNTAMENTO DELLA DOMENICA CON DON FABIANO<\/a><\/p><\/blockquote>\n<p><iframe loading=\"lazy\" title=\"&#8220;L&#8217;APPUNTAMENTO DELLA DOMENICA CON DON FABIANO&#8221; &#8212; Radio Pi\u00f9\" class=\"wp-embedded-content\" sandbox=\"allow-scripts\" security=\"restricted\" style=\"position: absolute; clip: rect(1px, 1px, 1px, 1px);\" src=\"https:\/\/www.radiopiu.net\/wordpress\/lappuntamento-della-domenica-con-don-fabiano\/embed\/#?secret=oq2IwNhmZB\" data-secret=\"oq2IwNhmZB\" width=\"600\" height=\"338\" frameborder=\"0\" marginwidth=\"0\" marginheight=\"0\" scrolling=\"no\"><\/iframe><\/p>\n<hr \/>\n<p>&nbsp;<\/p>\n<h3><strong>STAI A CASA, A TAIBON E\u2019 LA FARMACIA CHE VIENE DA TE! AIUTACI AD AIUTARCI\u00a0 La distribuzione dei farmaci a domicilio, per gli abitanti di Taibon<\/strong><\/h3>\n<h3><strong>0437 640307 LA FRUTTA DIRETTAMENTE A CASA TUA CON MIRKO E L\u2019ORTOFRUTTA MARTINI DI AGORDO<\/strong><\/h3>\n<h3><strong>340 2986275 LA PIZZA DIRETTAMENTE A CASA TUA CON SILVIA E BOCCON DIVINO DI TAIBON<\/strong><\/h3>\n<h3><strong>DA SAPPADE DI FALCADE PICCOLA BAITA PORTA SULLE VOSTRE TAVOLE I SAPORI DEL TERRITORIO WWW.PICCOLABAITA.NET PER LE ORDINAZIONI ON LINE. 0437 590491<\/strong><\/h3>\n<h3><strong>ALIMENTARI DA SILVIA A TAIBON AGORDINO SI E\u2019 RESO DISPONIBILIE PER CONSEGNE A DOMICILIO ALL\u2019INTERNO DEL COMUNE DI TAIBON. PER INFORMAZIONI E ORDINI 0437 660847 DAL LUNEDI\u2019 AL VENERDI\u2019 DALLE 7 ALLE 12:30 E DALLE 16 ALLE 19. IL SABATO DALLE 7 ALLE 12:30<\/strong><\/h3>\n<h3><strong>L\u2019AZIENDA AGRICOLA MILCHHOF AGOSTINI DI SELVA DI CADORE. INFORMA CHE E\u2019 A DISPOSIZONE PER CONSEGNE GRATUITE A DOMICILIO IN TUTTA LA PROVICIA DI FORMAGGI, YOGURT, RICOTTE, MOZZARELLE DI PROPRIA PRODUZIONE, POTETE CONTATTARCI VIA TELEFONICA AL 380 39,57,409. PRENOTAZIONI ANCHE VIA WHATS UP ALLO STESSO NUMERO. \u00a0LA CONSEGNA AVVERRA\u2019 IN UNO O AL MASSIMO DUE GIORNI. AZIENDA AGRICLA MILCHOFF AGOSTINI. SELVA DI CADORE. 380 3957409<\/strong><\/h3>\n<h3><strong>Restiamo a casa, ma rafforziamoci per rimanere in salute!\u00a0Segui online le sessioni di allenamento della Palestra All Fit di Trichiana: ogni settimana avrai 2 sessioni di allenamento gratuite!\u00a0In pi\u00f9 ogni gioved\u00ec alle 18.30 ti aspetta la diretta Facebook durante la quale farai esercizio insieme allo staff All Fit e a centinaia di altre persone connesse anche loro da casa.\u00a0Per accedere al servizio gratuito, contatta All Fit tramite messaggio sulla pagina Facebook.\u00a0Non aspettare, prepariamoci per ripartire in salute pi\u00f9 forti di prima!<\/strong><\/h3>\n<h3><strong>DEVI SPOSTARTI? NON SAI COME FARE IN QUESTO DIFFICILE PERIODO?\u00a0 SENTI DOLOMITI VIAGGI DI FALCADE,\u00a0 COME UN TAXI:\u00a0 AUTOVETTURE E PULMINO NOLEGGIO CON CONDUCENTE. CHIAMA IL NUMERO 329 35,26,156.\u00a0 SAPRA\u2019 CONSIGLIARTI PER UN TRASPORTO IN SICUREZZA NEL RISPETTO DELLE MISURE ATTUALI DI CONTENIMENTO DEL CONTAGIO.\u00a0<\/strong><\/h3>\n<h3><strong>Taxi thomas disponibile x vari spostamenti servizio farmacie servizio spesa aereoporto \u00e8 molto altro con macchina sanificata e rispettando le nuove normative noi taxi &#x1f695; non ci fermiamo x info 342\/0311829<\/strong><\/h3>\n<h3><strong>E SEMPRE AD ALLEGHE TAXI ALLEGHE DI GIANLUCA GAIARDI garantisce il servizio senza limitazioni. Le VOSTRE ESIGENZE DI MOBILIT\u00c0 DOVRANNO ESSERE OVVIAMENTE INDEROGABILI E DIMOSTRABILI a richiesta delle Forze di Polizia . TELEFONO 340 679 6016<\/strong><\/h3>\n<h3><strong>ZUMBRILLENBER AGORDO CONSEGNA A DOMICILIO. PIATTI DI CARNE, PESCE, E PIZZE. A DOMICILIO, NEL RAGGIO DI 15 CHILOMETRI DA AGORDO, TUTTI I GIORNI. ANCHE WHATS UP ENTRO LE 20.30. TUTTI I GIORNI, PER PRANZO E CENA. 345 9135042<\/strong><\/h3>\n<p>&nbsp;<\/p>\n<h3><strong>I SERVIZI A DOMICILIO PER LE PERSONE ANZIANE DEL COMUNE DI ROCCA PIETORE. FARMACI: Farmacia dr. Fassa Caprile 0437 721112. RICETTE: Dott. Allegro 338 3312357, Dott. Mascanzoni 347 7145560. SPESA ALIMENTARE: Coop Rocca Pietore 0437 721304, Coop Alleghe 0437 523640, Coop Caprile 0437 721123, Alimentari Sottoguda 0437 722120, Alimentari Digonera 0437 529070, Macelleria Da Pian Caprile 0437 721151, Macelleria Ongaro Alleghe 0437 523317<\/strong><\/h3>\n<p>&nbsp;<\/p>\n<hr \/>\n<p>&nbsp;<\/p>\n<p><a class=\"dt-pswp-item\" href=\"https:\/\/www.radiopiu.net\/wordpress\/wp-content\/uploads\/2018\/09\/sport.jpg\" data-dt-img-description=\"\" data-large_image_width=\"800\" data-large_image_height=\"100\"><img loading=\"lazy\" decoding=\"async\" class=\"alignnone size-full wp-image-60761\" src=\"https:\/\/www.radiopiu.net\/wordpress\/wp-content\/uploads\/2018\/09\/sport.jpg\" alt=\"\" width=\"800\" height=\"100\" srcset=\"https:\/\/www.radiopiu.net\/wordpress\/wp-content\/uploads\/2018\/09\/sport.jpg 800w, https:\/\/www.radiopiu.net\/wordpress\/wp-content\/uploads\/2018\/09\/sport-300x38.jpg 300w, https:\/\/www.radiopiu.net\/wordpress\/wp-content\/uploads\/2018\/09\/sport-768x96.jpg 768w\" sizes=\"auto, (max-width: 800px) 100vw, 800px\" \/><\/a><\/p>\n<p>&nbsp;<\/p>\n<blockquote>\n<h3>I CONSIGLI DELLA ULSS 1 PER MANTENERSI IN FORMA A CASA<\/h3>\n<\/blockquote>\n<p><a class=\"dt-pswp-item\" href=\"https:\/\/www.radiopiu.net\/wordpress\/wp-content\/uploads\/2020\/03\/Resto_a_casa_in_movimento-2.png\" data-dt-img-description=\"\" data-large_image_width=\"1122\" data-large_image_height=\"1586\"><img loading=\"lazy\" decoding=\"async\" class=\"alignnone size-large wp-image-125915\" src=\"https:\/\/www.radiopiu.net\/wordpress\/wp-content\/uploads\/2020\/03\/Resto_a_casa_in_movimento-2-724x1024.png\" alt=\"\" width=\"724\" height=\"1024\" srcset=\"https:\/\/www.radiopiu.net\/wordpress\/wp-content\/uploads\/2020\/03\/Resto_a_casa_in_movimento-2-724x1024.png 724w, https:\/\/www.radiopiu.net\/wordpress\/wp-content\/uploads\/2020\/03\/Resto_a_casa_in_movimento-2-212x300.png 212w, https:\/\/www.radiopiu.net\/wordpress\/wp-content\/uploads\/2020\/03\/Resto_a_casa_in_movimento-2-768x1086.png 768w, https:\/\/www.radiopiu.net\/wordpress\/wp-content\/uploads\/2020\/03\/Resto_a_casa_in_movimento-2-1087x1536.png 1087w, https:\/\/www.radiopiu.net\/wordpress\/wp-content\/uploads\/2020\/03\/Resto_a_casa_in_movimento-2.png 1122w\" sizes=\"auto, (max-width: 724px) 100vw, 724px\" \/><\/a><\/p>\n<p>&nbsp;<\/p>\n<hr \/>\n<p><a class=\"dt-pswp-item\" href=\"https:\/\/www.radiopiu.net\/wordpress\/wp-content\/uploads\/2018\/09\/WhatsApp-Image-2018-09-20-at-16.04.06.jpeg\" data-dt-img-description=\"\" data-large_image_width=\"800\" data-large_image_height=\"100\"><br \/>\n<img loading=\"lazy\" decoding=\"async\" class=\"size-full wp-image-61378 aligncenter\" src=\"https:\/\/www.radiopiu.net\/wordpress\/wp-content\/uploads\/2018\/09\/WhatsApp-Image-2018-09-20-at-16.04.06.jpeg\" alt=\"\" width=\"800\" height=\"100\" srcset=\"https:\/\/www.radiopiu.net\/wordpress\/wp-content\/uploads\/2018\/09\/WhatsApp-Image-2018-09-20-at-16.04.06.jpeg 800w, https:\/\/www.radiopiu.net\/wordpress\/wp-content\/uploads\/2018\/09\/WhatsApp-Image-2018-09-20-at-16.04.06-300x38.jpeg 300w, https:\/\/www.radiopiu.net\/wordpress\/wp-content\/uploads\/2018\/09\/WhatsApp-Image-2018-09-20-at-16.04.06-768x96.jpeg 768w\" sizes=\"auto, (max-width: 800px) 100vw, 800px\" \/><\/a><\/p>\n<p>&nbsp;<\/p>\n<p><center><b>Lunedi 30<\/b><\/center><b>Tempo atteso:\u00a0<\/b>Cielo perlopi\u00f9 coperto tutto il giorno con tempo instabile\/perturbato e fenomeni piuttosto diffusi, specie al mattino, e al pomeriggio sui settori occidentali. Clima freddo di stampo invernale.<br \/>\n<b>Precipitazioni:\u00a0<\/b>Diffuse e spesso persistenti fino al mattino (80\/100%), deboli, a tratti moderate soprattutto in caso di rovesci, poi a carattere pi\u00f9 sparso al pomeriggio\/sera (60\/80%), soprattutto sui settori orientali. Il limite della neve scender\u00e0 dagli iniziali 1000\/1200 m a 600\/800 m al pomeriggio, anche 300\/500 m in caso di persistenza serale dei fenomeni, eventualmente senza accumuli apprezzabili. Da domenica sera saranno possibili mediamente 20\/40 mm, con punte di 50\/60 mm in caso di rovesci, con 20\/40 cm di neve fresca oltre i 1200\/1400 m.<br \/>\n<b>Temperature:\u00a0<\/b>In calo anche marcato, con minime alla sera. Su Prealpi a 1500 m min -4\u00b0C max -1\u00b0C, a 2000 m min -7\u00b0C max -3\u00b0C. Su Dolomiti a 2000 m min -8\u00b0C max -4\u00b0C, a 3000 m min -14\u00b0C max -10\u00b0C.<br \/>\n<b>Venti:\u00a0<\/b>Perlopi\u00f9 deboli di direzione variabile nelle valli; in quota deboli in rotazione da sud-est al mattino a nord al pomeriggio\/sera, con rinforzi da nord-est sulle Prealpi dal pomeriggio, a 5-25 km\/h a 2000 m, 10-25 km\/h a 3000 m.<\/p>\n<hr \/>\n<p><center><b>Martedi 31<\/b><\/center><b>Tempo atteso:\u00a0<\/b>Tempo in miglioramento, specie sulle Dolomiti, dove i fenomeni risulteranno perlopi\u00f9 assenti e dove la nuvolosit\u00e0 si esaurir\u00e0 gi\u00e0 nel corso della mattina; sulle Prealpi la nuvolosit\u00e0 rimarr\u00e0 pi\u00f9 compatta e fino al primo mattino saranno possibili residui fenomeni. Al pomeriggio ampie schiarite, anche se la convezione potr\u00e0 determinare qualche addensamento cumuliforme, che potr\u00e0 portare qualche isolato fenomeno. Clima freddo di stampo invernale.<br \/>\n<b>Precipitazioni:\u00a0<\/b>Nella notte possibili residui rovesci, specie sulle Prealpi (40\/50%), eventualmente nevosi a fondovalle, ma senza accumuli apprezzabili; in mattinata perlopi\u00f9 assenti (0\/20%); al pomeriggio non esclusi isolati rovesci sulle Prealpi (30\/40%), eventualmente nevosi a 500\/700 m, generalmente assenti sulle Dolomiti.<br \/>\n<b>Temperature:\u00a0<\/b>Minime in calo, raggiunte alla sera nelle valli in caso di copertura nella notte precedente; massime in ulteriore calo in quota, in lieve aumento nelle valli in funzione del soleggiamento diurno, con valori pi\u00f9 bassi sulle Prealpi che sulle Dolomiti a parit\u00e0 di quota. Su Prealpi a 1500 m min -6\u00b0C max -4\u00b0C, a 2000 m min -10\u00b0C max -8\u00b0C. Su Dolomiti a 2000 m min -10\u00b0C max -7\u00b0C, a 3000 m min -18\u00b0C max -16\u00b0C.<br \/>\n<b>Venti:\u00a0<\/b>Perlopi\u00f9 deboli di direzione variabile nelle valli; in quota deboli, al pi\u00f9 temporaneamente moderati soprattutto su Prealpi, da nord nord-est, a 5-15 km\/h a 2000 m, 15-25 km\/h a 3000 m.<\/p>\n<hr \/>\n<p><center><b>Mercoledi 1<\/b><\/center>Tempo perlopi\u00f9 soleggiato con cielo sereno, o poco nuvoloso sulle Prealpi per modesti addensamenti a ridosso dei rilievi, molto freddo al mattino con estese ed anche intense gelate, freddo anche di giorno per il periodo nonostante un moderato rialzo termico rispetto a marted\u00ec. Venti deboli a tutte le quote.<\/p>\n<hr \/>\n<p><center><b>Giovedi 2<\/b><\/center>Tempo soleggiato con cielo pressoch\u00e9 sereno. Clima sempre freddo con gelate diffuse al primo mattino, anche se con valori in rialzo rispetto ai giorni precedenti. Venti deboli a tutte le quote. Previsore: G.M.<\/p>\n","protected":false},"excerpt":{"rendered":"<p>PER RICEVERE QUESTO NOTIZIARIO DIRETTAMENTE SUL TUO CELLULARE ISCRIVITI AL CANALE\u00a0TELEGRAM\u00a0\u201cRADIO PIU\u00a0 INFORMAZIONE\u201d &nbsp; CAMBIA IL MODULO DI AUTOCERTIFICAZIONE PER GLI SPOSTAMENTI CLICCA\u00a0 PER SCARICARE IL MODULO AUTOCERTIFICAZIONE 26 MARZO DOCUMENTI, CIRCOLARE MINISTERIALE CLICCA E SCARICA LA CIRCOLARE DPCM circolare-d-p-c-m\u201322-marzo-2020-pdf-pd\u00a0 &nbsp; &nbsp; ULTIM&#8217;ORA 9.00 15 esimo decesso per covid19 in provincia BELLUNO Ieri un paziente&hellip;<\/p>\n","protected":false},"author":4,"featured_media":125838,"comment_status":"closed","ping_status":"closed","sticky":false,"template":"","format":"standard","meta":{"_monsterinsights_skip_tracking":false,"_monsterinsights_sitenote_active":false,"_monsterinsights_sitenote_note":"","_monsterinsights_sitenote_category":0,"footnotes":""},"categories":[1,51,86,49],"tags":[],"class_list":["post-125799","post","type-post","status-publish","format-standard","has-post-thumbnail","hentry","category-senza-categoria","category-evidenza-top","category-gr","category-news-18","category-1","category-51","category-86","category-49","description-off"],"img_url":"https:\/\/www.radiopiu.net\/wordpress\/wp-content\/uploads\/2020\/03\/8943e3c3-649c-464a-80f4-ad58f96265fb.jpg","_links":{"self":[{"href":"https:\/\/www.radiopiu.net\/wordpress\/wp-json\/wp\/v2\/posts\/125799","targetHints":{"allow":["GET"]}}],"collection":[{"href":"https:\/\/www.radiopiu.net\/wordpress\/wp-json\/wp\/v2\/posts"}],"about":[{"href":"https:\/\/www.radiopiu.net\/wordpress\/wp-json\/wp\/v2\/types\/post"}],"author":[{"embeddable":true,"href":"https:\/\/www.radiopiu.net\/wordpress\/wp-json\/wp\/v2\/users\/4"}],"replies":[{"embeddable":true,"href":"https:\/\/www.radiopiu.net\/wordpress\/wp-json\/wp\/v2\/comments?post=125799"}],"version-history":[{"count":0,"href":"https:\/\/www.radiopiu.net\/wordpress\/wp-json\/wp\/v2\/posts\/125799\/revisions"}],"wp:featuredmedia":[{"embeddable":true,"href":"https:\/\/www.radiopiu.net\/wordpress\/wp-json\/wp\/v2\/media\/125838"}],"wp:attachment":[{"href":"https:\/\/www.radiopiu.net\/wordpress\/wp-json\/wp\/v2\/media?parent=125799"}],"wp:term":[{"taxonomy":"category","embeddable":true,"href":"https:\/\/www.radiopiu.net\/wordpress\/wp-json\/wp\/v2\/categories?post=125799"},{"taxonomy":"post_tag","embeddable":true,"href":"https:\/\/www.radiopiu.net\/wordpress\/wp-json\/wp\/v2\/tags?post=125799"}],"curies":[{"name":"wp","href":"https:\/\/api.w.org\/{rel}","templated":true}]}}