{"id":125840,"date":"2020-03-29T15:02:50","date_gmt":"2020-03-29T13:02:50","guid":{"rendered":"https:\/\/www.radiopiu.net\/wordpress\/?p=125840"},"modified":"2020-03-29T17:39:29","modified_gmt":"2020-03-29T15:39:29","slug":"gli-interventi-significativi-di-zaia-in-conferenza-stampa-oggi","status":"publish","type":"post","link":"https:\/\/www.radiopiu.net\/wordpress\/gli-interventi-significativi-di-zaia-in-conferenza-stampa-oggi\/","title":{"rendered":"GLI INTERVENTI SIGNIFICATIVI DI ZAIA IN CONFERENZA STAMPA OGGI"},"content":{"rendered":"<p><strong>RESTRIZIONI<\/strong><\/p>\n<p>Mi sono arrivate tante segnalazione di gente che non ha capito di cosa stiamo parlando, Lo dicono con dispiacere, non rispettare le regole significa mettere a repentaglio la propria vita e quelle degli altri. Mi sono arrivate foto di persone che passeggiavano nei campi dove i Carabinieri non arrivano a la Polizia non li vede. Bravi furbi lo fate a spese vostre. Cercheremo di farvelo capire in altre maniere se ancora non basta.<\/p>\n<audio class=\"wp-audio-shortcode\" id=\"audio-125840-1\" preload=\"none\" style=\"width: 100%;\" controls=\"controls\"><source type=\"audio\/mpeg\" src=\"https:\/\/www.radiopiu.net\/wordpress\/wp-content\/uploads\/2020\/03\/ZAIA-RESTRIZIONI-OK.mp3?_=1\" \/><a href=\"https:\/\/www.radiopiu.net\/wordpress\/wp-content\/uploads\/2020\/03\/ZAIA-RESTRIZIONI-OK.mp3\">https:\/\/www.radiopiu.net\/wordpress\/wp-content\/uploads\/2020\/03\/ZAIA-RESTRIZIONI-OK.mp3<\/a><\/audio>\n<p>&nbsp;<\/p>\n<p><strong>CASE DI RIPOSO<\/strong><\/p>\n<p>Tamponi in case di riposo e continueremo perch\u00e9 sono i punti pi\u00f9 delicati. Dobbiamo evitare la strade. Li abbiamo forniti di dispositivi che mandiamo tutti i giorni non dal primo giorno perch\u00e9 non ne avevamo nemmeno per i nostri dipendenti. Le mascherine sono arrivate da questa settimana (13 milioni e mezzo) non c\u2019erano fonti di approvigionamento prima.<\/p>\n<audio class=\"wp-audio-shortcode\" id=\"audio-125840-2\" preload=\"none\" style=\"width: 100%;\" controls=\"controls\"><source type=\"audio\/mpeg\" src=\"https:\/\/www.radiopiu.net\/wordpress\/wp-content\/uploads\/2020\/03\/ZAIA-CASE-RIPOSO-OK-1.mp3?_=2\" \/><a href=\"https:\/\/www.radiopiu.net\/wordpress\/wp-content\/uploads\/2020\/03\/ZAIA-CASE-RIPOSO-OK-1.mp3\">https:\/\/www.radiopiu.net\/wordpress\/wp-content\/uploads\/2020\/03\/ZAIA-CASE-RIPOSO-OK-1.mp3<\/a><\/audio>\n<p>&nbsp;<\/p>\n<p><strong>BOCCIA: le Regioni sarebbero crollate da sole. Mascherine senza lo stato non ci sarebbe stato nulla<\/strong><\/p>\n<p>Penso ai familiari che hanno a casa malati e morti, sentire dire che se non c\u2019\u00e8 lo stato saremmo a cartoni\u2026 vi lascio uno schema di cosa abbiamo chiesto e avuto ma non voglio fare polemiche. Spero sia uno scivolone, un\u2019uscita infelice, il Veneto compera mascherine e fa quello che deve fare<\/p>\n<audio class=\"wp-audio-shortcode\" id=\"audio-125840-3\" preload=\"none\" style=\"width: 100%;\" controls=\"controls\"><source type=\"audio\/mpeg\" src=\"https:\/\/www.radiopiu.net\/wordpress\/wp-content\/uploads\/2020\/03\/ZAIA-BOCCIA.mp3?_=3\" \/><a href=\"https:\/\/www.radiopiu.net\/wordpress\/wp-content\/uploads\/2020\/03\/ZAIA-BOCCIA.mp3\">https:\/\/www.radiopiu.net\/wordpress\/wp-content\/uploads\/2020\/03\/ZAIA-BOCCIA.mp3<\/a><\/audio>\n<p>&nbsp;<\/p>\n<p><strong>Dichiarazioni ieri case di riposo non enti regionali. <\/strong><\/p>\n<p>Non \u00e8 cambiato nulla sono stati mal interpretato ho detto che le mascherine le porto ma non fate passare l\u2019idea che sia una competenza della Regione in emergenza siamo dappertutto ma non passi l\u2019idea che tutto quello che va in negativo \u00e8 colpa della Regione. Le case di riposo sono autonome ma non le abbandoniamo abbiamo tamponato Merlare e altre realt\u00e0. Non \u00e8 una retromarcia guardatevi il video di ieri<\/p>\n<audio class=\"wp-audio-shortcode\" id=\"audio-125840-4\" preload=\"none\" style=\"width: 100%;\" controls=\"controls\"><source type=\"audio\/mpeg\" src=\"https:\/\/www.radiopiu.net\/wordpress\/wp-content\/uploads\/2020\/03\/ZAIA-TELEFONATA-SU-CASE-RIPOSO.mp3?_=4\" \/><a href=\"https:\/\/www.radiopiu.net\/wordpress\/wp-content\/uploads\/2020\/03\/ZAIA-TELEFONATA-SU-CASE-RIPOSO.mp3\">https:\/\/www.radiopiu.net\/wordpress\/wp-content\/uploads\/2020\/03\/ZAIA-TELEFONATA-SU-CASE-RIPOSO.mp3<\/a><\/audio>\n","protected":false},"excerpt":{"rendered":"<p>RESTRIZIONI Mi sono arrivate tante segnalazione di gente che non ha capito di cosa stiamo parlando, Lo dicono con dispiacere, non rispettare le regole significa mettere a repentaglio la propria vita e quelle degli altri. Mi sono arrivate foto di persone che passeggiavano nei campi dove i Carabinieri non arrivano a la Polizia non li&hellip;<\/p>\n","protected":false},"author":4,"featured_media":124213,"comment_status":"closed","ping_status":"closed","sticky":false,"template":"","format":"standard","meta":{"_monsterinsights_skip_tracking":false,"_monsterinsights_sitenote_active":false,"_monsterinsights_sitenote_note":"","_monsterinsights_sitenote_category":0,"footnotes":""},"categories":[1,49],"tags":[],"class_list":["post-125840","post","type-post","status-publish","format-standard","has-post-thumbnail","hentry","category-senza-categoria","category-news-18","category-1","category-49","description-off"],"img_url":"https:\/\/www.radiopiu.net\/wordpress\/wp-content\/uploads\/2020\/03\/LUCA-ZAIA.jpg","_links":{"self":[{"href":"https:\/\/www.radiopiu.net\/wordpress\/wp-json\/wp\/v2\/posts\/125840","targetHints":{"allow":["GET"]}}],"collection":[{"href":"https:\/\/www.radiopiu.net\/wordpress\/wp-json\/wp\/v2\/posts"}],"about":[{"href":"https:\/\/www.radiopiu.net\/wordpress\/wp-json\/wp\/v2\/types\/post"}],"author":[{"embeddable":true,"href":"https:\/\/www.radiopiu.net\/wordpress\/wp-json\/wp\/v2\/users\/4"}],"replies":[{"embeddable":true,"href":"https:\/\/www.radiopiu.net\/wordpress\/wp-json\/wp\/v2\/comments?post=125840"}],"version-history":[{"count":0,"href":"https:\/\/www.radiopiu.net\/wordpress\/wp-json\/wp\/v2\/posts\/125840\/revisions"}],"wp:featuredmedia":[{"embeddable":true,"href":"https:\/\/www.radiopiu.net\/wordpress\/wp-json\/wp\/v2\/media\/124213"}],"wp:attachment":[{"href":"https:\/\/www.radiopiu.net\/wordpress\/wp-json\/wp\/v2\/media?parent=125840"}],"wp:term":[{"taxonomy":"category","embeddable":true,"href":"https:\/\/www.radiopiu.net\/wordpress\/wp-json\/wp\/v2\/categories?post=125840"},{"taxonomy":"post_tag","embeddable":true,"href":"https:\/\/www.radiopiu.net\/wordpress\/wp-json\/wp\/v2\/tags?post=125840"}],"curies":[{"name":"wp","href":"https:\/\/api.w.org\/{rel}","templated":true}]}}