{"id":125995,"date":"2020-03-30T06:02:48","date_gmt":"2020-03-30T04:02:48","guid":{"rendered":"https:\/\/www.radiopiu.net\/wordpress\/?p=125995"},"modified":"2020-03-30T06:05:54","modified_gmt":"2020-03-30T04:05:54","slug":"le-strutture-per-anziani-del-veneto-a-zaia-per-salvare-gli-anziani-fragili-serve-che-ognuno-faccia-la-sua-parte","status":"publish","type":"post","link":"https:\/\/www.radiopiu.net\/wordpress\/le-strutture-per-anziani-del-veneto-a-zaia-per-salvare-gli-anziani-fragili-serve-che-ognuno-faccia-la-sua-parte\/","title":{"rendered":"LE STRUTTURE PER ANZIANI DEL VENETO A ZAIA: PER SALVARE GLI ANZIANI FRAGILI  SERVE CHE OGNUNO FACCIA LA SUA PARTE"},"content":{"rendered":"<p>&nbsp;<\/p>\n<blockquote><p><strong>comunicato stampa congiunto di Uneba Veneto, Lega Coop, Confcooperative \/ Federsolidariet\u00e0, Uripa e Anffas Veneto, rappresentanze di categoria di centinaia di strutture in Veneto. E&#8217; un appello a Zaia alla collaborazione e alla coprogettazione, in risposta a quanto affermato da Zaia in conferenza stampa sabato e in vista dell&#8217;incontro in videoconferenza delle 5 associazioni con Zaia e Lanzarin che sara&#8217; probabilmente la prossima settimana.<\/strong><\/p><\/blockquote>\n<p align=\"JUSTIFY\">\n<p>\u201cNon molleremo mai\u201d e \u201cSiamo pronti a progettare insieme nuovi servizi per l&#8217;emergenza\u201d: il messaggio di Uneba Veneto, Uripa, Confcooperative Federsolidariet\u00e0, Lega Coop e Anffas. Il loro stupore per le parole da \u201cpasso indietro\u201d del governatore nella conferenza stampa di sabato 28. A breve il vertice con Zaia e Lanzarin in videoconferenza<\/p>\n<p>VENEZIA \u201cLe nostre case di riposo sono la casa di nonni e genitori di decine di migliaia di veneti. Donne e uomini che hanno costruito il Veneto di oggi. La difesa della loro vita e la protezione della loro fragilit\u00e0 sono un dovere morale di tutti. Alla Regione Veneto chiediamo di essere un alleato che condivide con noi l&#8217;impegno a favore dei pi\u00f9 fragili, non un regolatore che nel momento dell&#8217;emergenza fa un passo indietro\u201d. E&#8217; il messaggio forte ed unito rivolto alla Regione Veneto da Uneba Veneto, Uripa, Confcooperative Federsolidariet\u00e0, Lega Coop e Anffas, cio\u00e8 le associazioni di categoria degli enti pubblici, non profit e privato sociale che gestiscono la stragrande maggioranza delle strutture residenziali per anziani e persone con disabilit\u00e0 in Veneto: decine di migliaia di posti letto, cio\u00e8 accoglienza per donne e uomini e supporto fondamentale per le famiglie; occupano decine di migliaia di lavoratori, per tacere dei preziosi volontari. \u201cAlleiamoci- \u00e8 l&#8217;invito delle 5 realt\u00e0- perch\u00e9 i pi\u00f9 fragili del Veneto hanno bisogno di tutti noi. Lo ribadiremo nella videoconferenza con il presidente Luca Zaia e l&#8217;assessore alle politiche sociali Manuela Lanzarin dei prossimi giorni. Abbiamo fatto richiesta di incontro gi\u00e0 gioved\u00ec 26, ricevendone pronto riscontro\u201d. NON \u201cAUTONOMI DALLA REGIONE\u201d, MA \u201cALLEATI CON LA REGIONE\u201d A spingere le associazioni di categoria ad intervenire, le parole del presidente Zaia nella conferenza stampa di sabato 28 marzo. \u201cQuelle parole di Zaia ci hanno stupito- continuano Uneba, Uripa, Anffas, Lega Coop e Federsolidariet\u00e0-. E non ci hanno confortato &#8211; se non parzialmente &#8211; le sue precisazioni nella conferenza stampa di domenica 29. Perch\u00e9 affermare con tanta insistenza che le &#8216;case di riposo non sono di gestione regionale (&#8230;) e sono a gestione totalmente autonoma&#8217; quando \u00e8 la Regione a dare le norme per il funzionamento delle strutture e a fissarne, con il meccanismo delle autorizzazioni e degli accreditamenti e delle quote sanitarie, le condizioni di mercato?\u201d \u201cNoi non siamo qui per attribuire colpe alle istituzioni, ma per agire insieme, perch\u00e9 solo insieme possiamo proteggere gli anziani fragili\u201d. LE MASCHERINE DEVONO ESSERE PER TUTTI \u201cDire, come fa Zaia, che &#8216;nessuno vietava alle case di riposo di riempirsi i depositi di mascherine&#8217; \u00e8 quasi come rimproverare i cittadini per non essersi comprati dei respiratori a fine 2019. In condizioni standard, in una struttura residenziale per anziani \u2013 che \u00e8 sociosanitaria, non sanitaria- le mascherine non si usano quasi mai. Ora c&#8217;\u00e8 l&#8217;emergenza. Ed \u00e8 successo che le mascherine acquistate dalle strutture siano state requisite e dirottate sugli ospedali\u201d. GESTIONE DEI MALATI,TAMPONI, RECLUTAMENTO DI OSS E INFERMIERI: SERVE COLLABORAZIONE In ogni caso, l&#8217;emergenza ha molte altre dimensioni. 1-La gestione delle persone malate di Covid 19: mandarle nelle case di riposo, dove come Zaia ha sottolineato ci sono le persone pi\u00f9 vulnerabili al contagio, sarebbe mettere un cerino in un pagliaio. 2-I tamponi da fare a tutto il personale e gli ospiti delle nostre strutture, a tutela gli uni degli altri: la campagna \u00e8 solo all&#8217;inizio, come lo stesso Zaia ha detto. 3-Le carenze di personale: molti dei nostri enti hanno perso, proprio in questo periodo di emergenza, operatori sociosanitari e infermieri passati a lavorare negli ospedali. Per rinforzare un alleato nella lotta al Coronavirus se ne indebolisce un altro? Serve, invece, una strategia comune di sanit\u00e0 pubblica e settore sociosanitario, anche privato, per formare e trovare OSS e infermieri. PROGETTIAMO NUOVI SERVIZI PER L&#8217;EMERGENZA \u201cDurante la videoconferenza, noi di Uneba Veneto, Anffas, Confcooperative Federsolidariet\u00e0, Lega Coop e Uripa proporremo alla Regione di progettare assieme nuovi servizi anche temporanei, per supportare le famiglie, i territori \u2013 e di conseguenza il servizio sociosanitario regionale, attualmente in affanno \u2013 in questa fase di emergenza\u201d. \u201dPerch\u00e8 i nostri ospiti sono fragili ma le nostre strutture e i nostri valori sono per loro un baluardo su cui fare affidamento. Siamo pronti a fare la nostra parte, come molti dei nostri enti fanno da decenni se non secoli. Un solo, piccolo esempio: di fronte alla forzata chiusura alle visite dei famigliari, tantissime strutture hanno attivato servizi di videochiamata e videomessaggio, per tenere vivi gli affetti\u201d. \u201cCi teniamo a ribadire, infine, il nostro riconoscente GRAZIE a donne e uomini che lavorano nelle strutture residenziali per anziani\u201d. \u201cGovernatore Zaia, non scenda dalla nave dei pi\u00f9 fragili! E in ogni caso, noi non molleremo mai!\u201d<\/p>\n<p>&nbsp;<\/p>\n<h2>VERONA &#8211; Un minuto di protesta in difesa della vita.<\/h2>\n<p><a class=\"dt-pswp-item\" href=\"https:\/\/www.radiopiu.net\/wordpress\/wp-content\/uploads\/2020\/03\/logo-uneba-veneto-giallo-1.jpg\" data-dt-img-description=\"\" data-large_image_width=\"462\" data-large_image_height=\"224\"><img loading=\"lazy\" decoding=\"async\" class=\"alignnone size-full wp-image-125998\" src=\"https:\/\/www.radiopiu.net\/wordpress\/wp-content\/uploads\/2020\/03\/logo-uneba-veneto-giallo-1.jpg\" alt=\"\" width=\"462\" height=\"224\" srcset=\"https:\/\/www.radiopiu.net\/wordpress\/wp-content\/uploads\/2020\/03\/logo-uneba-veneto-giallo-1.jpg 462w, https:\/\/www.radiopiu.net\/wordpress\/wp-content\/uploads\/2020\/03\/logo-uneba-veneto-giallo-1-300x145.jpg 300w\" sizes=\"auto, (max-width: 462px) 100vw, 462px\" \/><\/a>Un minuto per la vita: il grido del non profit Uneba in difesa della dignit\u00e0 degli anziani pi\u00f9 fragili Da luned\u00ec 30, e ogni giorno finch\u00e8 dura l&#8217;emergenza Covid 19, le strutture residenziali per anziani aderenti a Uneba si fermano simbolicamente alle 10 Un minuto di sosta per gridare: \u201cVeneto, non lasciar morire i tuoi anziani\u201d! E&#8217; l&#8217;iniziativa lanciata da Uneba Verona e fatta propria da Uneba in tutto il Veneto. Uneba \u00e8 organizzazione di categoria del settore sociosanitario, assistenziale ed educativo, con circa 85 enti associati in Veneto,quasi tutti non profit di radici cristiane. \u201cProponiamo \u2013 spiegano Uneba Verona ed Uneba Veneto- a tutti gli enti che gestiscono strutture residenziali per anziani in Veneto di fermarsi per \u201cUn minuto per la vita\u201d ogni giorno alle 10 a partire da luned\u00ec 30 marzo alle 10. Un modo per lanciare un grido, simbolico ma reale: la vita va difesa fino alla fine. Tutelare la salute dei pi\u00f9 fragili, come gli anziani non autosufficienti accolti nelle strutture, \u00e8 un dovere di tutti. Ma non tutti ancora fanno la propria parte Le strutture per anziani sono di tutti i veneti, e oggi sono come polveriere in tempo di guerra. \u201cPer \u201cUn minuto per la vita\u201d ci fermiamo tutti: gli anziani e i lavoratori. Con noi si fermino anche i famigliari e i volontari, seppur dalle loro case visto che l&#8217;epidemia ha costretto le strutture a chiudersi al proprio interno, mettendo sulle spalle degli anziani anche il peso della distanza dai propri cari. Ci fermiamo per un minuto, ad ascoltare l&#8217;inno di Mameli, simbolo della nostra unit\u00e0 come comunit\u00e0. Della determinazione nostra a difendere i nonni di tutti, i medici di tutti, gli infermieri di tutti, gli operatori sociosanitari i tutti, i lavoratori di tutti: i veri eroi di questa triste emergenza\u201d. \u201cUn minuto per la vita&#8221; verr\u00e0 riproposto ogni giorno fino al termine dell&#8217;emergenza<\/p>\n<p>&nbsp;<\/p>\n","protected":false},"excerpt":{"rendered":"<p>&nbsp; comunicato stampa congiunto di Uneba Veneto, Lega Coop, Confcooperative \/ Federsolidariet\u00e0, Uripa e Anffas Veneto, rappresentanze di categoria di centinaia di strutture in Veneto. E&#8217; un appello a Zaia alla collaborazione e alla coprogettazione, in risposta a quanto affermato da Zaia in conferenza stampa sabato e in vista dell&#8217;incontro in videoconferenza delle 5 associazioni&hellip;<\/p>\n","protected":false},"author":1,"featured_media":120713,"comment_status":"closed","ping_status":"closed","sticky":false,"template":"","format":"standard","meta":{"_monsterinsights_skip_tracking":false,"_monsterinsights_sitenote_active":false,"_monsterinsights_sitenote_note":"","_monsterinsights_sitenote_category":0,"footnotes":""},"categories":[51,49],"tags":[],"class_list":["post-125995","post","type-post","status-publish","format-standard","has-post-thumbnail","hentry","category-evidenza-top","category-news-18","category-51","category-49","description-off"],"img_url":"https:\/\/www.radiopiu.net\/wordpress\/wp-content\/uploads\/2020\/03\/Sersa-tablet-anziani-scaled.jpg","_links":{"self":[{"href":"https:\/\/www.radiopiu.net\/wordpress\/wp-json\/wp\/v2\/posts\/125995","targetHints":{"allow":["GET"]}}],"collection":[{"href":"https:\/\/www.radiopiu.net\/wordpress\/wp-json\/wp\/v2\/posts"}],"about":[{"href":"https:\/\/www.radiopiu.net\/wordpress\/wp-json\/wp\/v2\/types\/post"}],"author":[{"embeddable":true,"href":"https:\/\/www.radiopiu.net\/wordpress\/wp-json\/wp\/v2\/users\/1"}],"replies":[{"embeddable":true,"href":"https:\/\/www.radiopiu.net\/wordpress\/wp-json\/wp\/v2\/comments?post=125995"}],"version-history":[{"count":0,"href":"https:\/\/www.radiopiu.net\/wordpress\/wp-json\/wp\/v2\/posts\/125995\/revisions"}],"wp:featuredmedia":[{"embeddable":true,"href":"https:\/\/www.radiopiu.net\/wordpress\/wp-json\/wp\/v2\/media\/120713"}],"wp:attachment":[{"href":"https:\/\/www.radiopiu.net\/wordpress\/wp-json\/wp\/v2\/media?parent=125995"}],"wp:term":[{"taxonomy":"category","embeddable":true,"href":"https:\/\/www.radiopiu.net\/wordpress\/wp-json\/wp\/v2\/categories?post=125995"},{"taxonomy":"post_tag","embeddable":true,"href":"https:\/\/www.radiopiu.net\/wordpress\/wp-json\/wp\/v2\/tags?post=125995"}],"curies":[{"name":"wp","href":"https:\/\/api.w.org\/{rel}","templated":true}]}}