{"id":126013,"date":"2020-03-30T10:00:47","date_gmt":"2020-03-30T08:00:47","guid":{"rendered":"https:\/\/www.radiopiu.net\/wordpress\/?p=126013"},"modified":"2020-03-30T08:34:37","modified_gmt":"2020-03-30T06:34:37","slug":"nel-veneto-lepidemia-rallenta-ma-anche-ieri-si-sono-contati-24-morti-in-provincia-piu-pazienti-dimessi","status":"publish","type":"post","link":"https:\/\/www.radiopiu.net\/wordpress\/nel-veneto-lepidemia-rallenta-ma-anche-ieri-si-sono-contati-24-morti-in-provincia-piu-pazienti-dimessi\/","title":{"rendered":"NEL VENETO L&#8217;EPIDEMIA RALLENTA, MA ANCHE IERI SI SONO CONTATI 24 MORTI. IN PROVINCIA PIU&#8217; PAZIENTI DIMESSI"},"content":{"rendered":"<blockquote>\n<h3><span style=\"color: #ff0000;\">NEL VENETO L&#8217;EPIDEMIA RALLENTA, MA ANCHE IERI SI SONO CONTATI 24 MORTI.<\/span> IN PROVINCIA PIU&#8217; PAZIENTI DIMESSI, <span style=\"color: #339966;\">IL NUMERO DEI POSITIVI SALE A 411, PRIMATI PER BELLUNO, ALPAGO E CORTINA.<\/span><\/h3>\n<h3><span style=\"color: #ff0000;\">di Mirko<\/span> Mezz<span style=\"color: #339966;\">acasa\u00a0<\/span><\/h3>\n<\/blockquote>\n<p>I risultati delle pesanti restrizioni sono evidenti, la diminuzione dei contagi e dei ricoveri soprattutto in terapia intensiva \u00e8 un fatto concreto, ma purtroppo concreto \u00e8 anche il numero dei decessi sempre alto, ieri hanno perso la vita per il virus 756 persone in Italia, altre 24 nel Veneto. Nelle ultime 12 ore due decessi a Treviso, Villafranca e Camposanpiero, uno a Vittorio Veneto, Mestre, Santorso e Schiavonia che portano il totale a oltre 400, sono 5 i pazienti in pi\u00f9 in terapia intensiva (360) e 31 in pi\u00f9 in\u00a0 area non critica. La conta dei contagi nella giornata di ieri 151 i contagi in pi\u00f9 nel Veneto. + 15 Belluno, + 25 a Padova, + 10 Treviso, +19 Venezia, +57 Verona, + 21 Vicenza e nessun contagio a Rovigo. 20.064 le persone in isolamento domiciliare fiduciario. Confermata la data del picco al 15 aprile anche per questo i divieti non saranno tolti, piuttosto Zaia ha anticipato l&#8217;intenzione di chiudere i mercati anche alla luce di quanto visto in settimana a Padova in piazza delle Erbe tra assembramenti e gente senza alcuna protezione. <em>\u00a0&#8220;Mi sono arrivate tante segnalazione di gente che non ha capito di cosa stiamo parlando &#8211; dice il Presidente Luca Zaia &#8211;\u00a0 lo affermo con dispiacere, non rispettare le regole significa mettere a repentaglio la propria vita e quelle degli altri. Cercheremo di farvelo capire in altre maniere se ancora non basta.\u00a0 Le restrizioni stanno aiutando. Sar\u00e0 una settimana cruciale, spero domenica prossima di dirvi che stiamo cambiando direzione, ma oggi con quasi 2000 persone in ospedale e 360 in terapia intensiva non c\u2019\u00e8 da sorridere. Ogni veneto ha un parente colpito dal virus o conosce qualcuno colpito. Con questi numeri c\u2019\u00e8 poco da fare festa&#8221;. <\/em>L&#8217;emergenza \u00e8 legata alle case di riposo e il governatore ha assicurato che nessuno sar\u00e0 abbandonato. Ieri \u00e8 stato il giorno delle rassicurazioni per coloro che si sono sentiti abbandonati e sono state consegnate mascherine e test. <em>&#8220;Dobbiamo evitare la strage.\u00a0 Stiamo redigendo un nuovo piano a doc non escludendo\u00a0 se necessario lo spostamento di alcuni pazienti. Se li portiamo in ospedale \u00e8 come portarli dalla griglia alla brace&#8221;.<\/em> I contagiati in provincia di Belluno ieri hanno superato i 400 cio\u00e8 risultano infetti due bellunesi su 1000 dopo che sono stati eseguiti 5746 tamponi (541 in pi\u00f9 rispetto a sabato). Guardando alla percentuale contagi-tamponi come stiamo ripetendo da giorni con le tabelle di Tiziano De Col la provincia risulta la terza pi\u00f9 colpita del Veneto. In provincia sta per arrivare un milione di euro, \u00e8 il fondo che servir\u00e0 per\u00a0 l&#8217;acquisto di generi alimentari per le persone in difficolt\u00e0, i buoni spesa saranno suddivisi tra i Comuni che elargiranno i contributi in base al minor reddito pro capite attraverso i servizi sociali. Per Belluno citt\u00e0 stanziati 190 mila euro, poco meno di 7000 ad Alleghe, 1600 per Ospitale, 21 mila per Agordo. Il Governo sta studiando la possibilit\u00e0 di posticipare le scadenze di aprile e di maggio, forse un rinvio di due mesi come gi\u00e0 era successo a marzo\u00a0 con i pagamenti slittati a maggio. E&#8217; scontro tra il Ministro Boccia e le Regioni, il Veneto ha presentato la lista degli aiuti chiesti e arrivati solo in minima parte mentre il Ministro ha affermato che le Regioni sono state salvate dallo Stato<em> &#8220;Penso ai familiari che hanno a casa malati e morti, sentire dire che se non c\u2019\u00e8 lo Stato saremmo a cartoni &#8211; ha detto Zaia &#8211;\u00a0 Spero sia uno scivolone, un\u2019uscita infelice, il Veneto compera mascherine e fa quello che deve fare. Se vuole la polemica la faremo ma dopo intanto rispondiamo a numeri e fatti e abbiamo 700 mila test rapidi in arrivo il Governo ci dica quanti ne ha. Conosco Boccia e spero sia uno scivolone&#8221;.<\/em> La situazione negli ospedali del bellunese: 82 i pazienti ricoverati,\u00a0 al San Martino 8 pazienti escono dall\u2019area critica (43) e uno dalla terapia intensiva (9), due pazienti in pi\u00f9 nell\u2019ospedale di Comunit\u00e0 (6) 12 a Feltre (+1) e sempre 12 ad Agordo. Persone residenti in Ulss Dolomiti in isolamento domiciliare fiduciario e sorveglianza attiva al 29 marzo 2020: 1.226 (+ 72 rispetto a sabato). Tra le sfide importanti c&#8217;\u00e8 quella dei tamponi<em>\u00a0 &#8220;Abbiamo capacit\u00e0 di 11 mila tamponi quotidiani &#8211; ha detto Zaia &#8211;\u00a0 ma la vera battaglia \u00e8 trovare i reagenti. Stiamo arrivando a 100 mila tamponi e abbiamo iniziato a scartamento ridotto. Il vero tema \u00e8 che il mondo intero si \u00e8 accorto che la politica del tampone funziona. A sistema da domani\u00a0 oltre 700 mila test istantanei che permetteranno di integrare i tamponi e di fare una sperimentazione. Pare che possiamo essere certi che al quarto-quinto giorno di sintomi il test di d\u00e0 la risposta positiva. Arriva quasi in contemporanea col tampone&#8221;.<\/em>\u00a0 Presto inizier\u00e0 anche la\u00a0 somministrazione dei farmaci a domicilio\u00a0 evitando il trasporto in ospedale, al via anche le prove seriologiche per la ricerca degli anticorpi con il prelievo del sangue.<\/p>\n<p>&nbsp;<\/p>\n<p>&nbsp;<\/p>\n<blockquote class=\"wp-embedded-content\" data-secret=\"ctGzOwVpTE\"><p><a href=\"https:\/\/www.radiopiu.net\/wordpress\/gli-interventi-significativi-di-zaia-in-conferenza-stampa-oggi\/\">GLI INTERVENTI SIGNIFICATIVI DI ZAIA IN CONFERENZA STAMPA OGGI<\/a><\/p><\/blockquote>\n<p><iframe loading=\"lazy\" title=\"&#8220;GLI INTERVENTI SIGNIFICATIVI DI ZAIA IN CONFERENZA STAMPA OGGI&#8221; &#8212; Radio Pi\u00f9\" class=\"wp-embedded-content\" sandbox=\"allow-scripts\" security=\"restricted\" style=\"position: absolute; clip: rect(1px, 1px, 1px, 1px);\" src=\"https:\/\/www.radiopiu.net\/wordpress\/gli-interventi-significativi-di-zaia-in-conferenza-stampa-oggi\/embed\/#?secret=ctGzOwVpTE\" data-secret=\"ctGzOwVpTE\" width=\"600\" height=\"338\" frameborder=\"0\" marginwidth=\"0\" marginheight=\"0\" scrolling=\"no\"><\/iframe><\/p>\n<p>&nbsp;<\/p>\n<hr \/>\n<blockquote class=\"wp-embedded-content\" data-secret=\"jpZ1Zxlz1I\"><p><a href=\"https:\/\/www.radiopiu.net\/wordpress\/meno-decessi-di-ieri-ma-10-sono-sempre-tanti-151-i-nuovi-casi-di-positivita\/\">MENO DECESSI DI IERI, MA 10 SONO SEMPRE TANTI, 151 I NUOVI CASI DI POSITIVITA&#8217;<\/a><\/p><\/blockquote>\n<p><iframe loading=\"lazy\" title=\"&#8220;MENO DECESSI DI IERI, MA 10 SONO SEMPRE TANTI, 151 I NUOVI CASI DI POSITIVITA&#8217;&#8221; &#8212; Radio Pi\u00f9\" class=\"wp-embedded-content\" sandbox=\"allow-scripts\" security=\"restricted\" style=\"position: absolute; clip: rect(1px, 1px, 1px, 1px);\" src=\"https:\/\/www.radiopiu.net\/wordpress\/meno-decessi-di-ieri-ma-10-sono-sempre-tanti-151-i-nuovi-casi-di-positivita\/embed\/#?secret=jpZ1Zxlz1I\" data-secret=\"jpZ1Zxlz1I\" width=\"600\" height=\"338\" frameborder=\"0\" marginwidth=\"0\" marginheight=\"0\" scrolling=\"no\"><\/iframe><\/p>\n","protected":false},"excerpt":{"rendered":"<p>NEL VENETO L&#8217;EPIDEMIA RALLENTA, MA ANCHE IERI SI SONO CONTATI 24 MORTI. IN PROVINCIA PIU&#8217; PAZIENTI DIMESSI, IL NUMERO DEI POSITIVI SALE A 411, PRIMATI PER BELLUNO, ALPAGO E CORTINA. di Mirko Mezzacasa\u00a0 I risultati delle pesanti restrizioni sono evidenti, la diminuzione dei contagi e dei ricoveri soprattutto in terapia intensiva \u00e8 un fatto concreto,&hellip;<\/p>\n","protected":false},"author":1,"featured_media":125631,"comment_status":"closed","ping_status":"closed","sticky":false,"template":"","format":"standard","meta":{"_monsterinsights_skip_tracking":false,"_monsterinsights_sitenote_active":false,"_monsterinsights_sitenote_note":"","_monsterinsights_sitenote_category":0,"footnotes":""},"categories":[51,49],"tags":[],"class_list":["post-126013","post","type-post","status-publish","format-standard","has-post-thumbnail","hentry","category-evidenza-top","category-news-18","category-51","category-49","description-off"],"img_url":"https:\/\/www.radiopiu.net\/wordpress\/wp-content\/uploads\/2020\/03\/r-B-2020.png","_links":{"self":[{"href":"https:\/\/www.radiopiu.net\/wordpress\/wp-json\/wp\/v2\/posts\/126013","targetHints":{"allow":["GET"]}}],"collection":[{"href":"https:\/\/www.radiopiu.net\/wordpress\/wp-json\/wp\/v2\/posts"}],"about":[{"href":"https:\/\/www.radiopiu.net\/wordpress\/wp-json\/wp\/v2\/types\/post"}],"author":[{"embeddable":true,"href":"https:\/\/www.radiopiu.net\/wordpress\/wp-json\/wp\/v2\/users\/1"}],"replies":[{"embeddable":true,"href":"https:\/\/www.radiopiu.net\/wordpress\/wp-json\/wp\/v2\/comments?post=126013"}],"version-history":[{"count":0,"href":"https:\/\/www.radiopiu.net\/wordpress\/wp-json\/wp\/v2\/posts\/126013\/revisions"}],"wp:featuredmedia":[{"embeddable":true,"href":"https:\/\/www.radiopiu.net\/wordpress\/wp-json\/wp\/v2\/media\/125631"}],"wp:attachment":[{"href":"https:\/\/www.radiopiu.net\/wordpress\/wp-json\/wp\/v2\/media?parent=126013"}],"wp:term":[{"taxonomy":"category","embeddable":true,"href":"https:\/\/www.radiopiu.net\/wordpress\/wp-json\/wp\/v2\/categories?post=126013"},{"taxonomy":"post_tag","embeddable":true,"href":"https:\/\/www.radiopiu.net\/wordpress\/wp-json\/wp\/v2\/tags?post=126013"}],"curies":[{"name":"wp","href":"https:\/\/api.w.org\/{rel}","templated":true}]}}