{"id":126072,"date":"2020-03-31T06:00:38","date_gmt":"2020-03-31T04:00:38","guid":{"rendered":"https:\/\/www.radiopiu.net\/wordpress\/?p=126072"},"modified":"2020-03-31T08:17:59","modified_gmt":"2020-03-31T06:17:59","slug":"giornale-radiopiu-31-marzo-2020-direttore-mirko-mezzacasa","status":"publish","type":"post","link":"https:\/\/www.radiopiu.net\/wordpress\/giornale-radiopiu-31-marzo-2020-direttore-mirko-mezzacasa\/","title":{"rendered":"GIORNALE RADIOPIU 31 MARZO 2020 DIRETTORE MIRKO MEZZACASA"},"content":{"rendered":"<h3><strong>PER RICEVERE QUESTO NOTIZIARIO DIRETTAMENTE SUL TUO CELLULARE ISCRIVITI AL CANALE\u00a0TELEGRAM\u00a0<\/strong><strong>\u201cRADIO PIU\u00a0 INFORMAZIONE\u201d<\/strong><\/h3>\n<p><iframe loading=\"lazy\" title=\"Coronavirus Mascherine - Il corretto uso delle protezioni facciali\" width=\"1200\" height=\"675\" src=\"https:\/\/www.youtube.com\/embed\/jfki5TM4wts?feature=oembed\" frameborder=\"0\" allow=\"accelerometer; autoplay; clipboard-write; encrypted-media; gyroscope; picture-in-picture\" allowfullscreen><\/iframe><\/p>\n<hr \/>\n<div class=\"page-title-head hgroup\">\n<h3 class=\"entry-title\">CAMBIA IL MODULO DI AUTOCERTIFICAZIONE PER GLI SPOSTAMENTI<\/h3>\n<\/div>\n<div class=\"page-title-breadcrumbs\">CLICCA\u00a0 PER SCARICARE IL MODULO<\/div>\n<p><a href=\"https:\/\/www.radiopiu.net\/wordpress\/wp-content\/uploads\/2020\/03\/AUTOCERTIFICAZIONE-26-MARZO.pdf\">AUTOCERTIFICAZIONE 26 MARZO<\/a><\/p>\n<h3>DOCUMENTI, CIRCOLARE MINISTERIALE<\/h3>\n<p>CLICCA E SCARICA LA CIRCOLARE DPCM<\/p>\n<p><a href=\"https:\/\/www.radiopiu.net\/wordpress\/wp-content\/uploads\/2020\/03\/circolare-d-p-c-m-22-marzo-2020-pdf-pdf.pdf\">circolare-d-p-c-m\u201322-marzo-2020-pdf-pd\u00a0<\/a><\/p>\n<p>&nbsp;<\/p>\n<hr \/>\n<p>&nbsp;<\/p>\n<div id=\"content\" class=\"content\" role=\"main\">\n<article id=\"post-125831\" class=\"post-125831 post type-post status-publish format-standard has-post-thumbnail category-evidenza-top category-news-18 category-51 category-49 description-off\">\n<div class=\"entry-content\">\n<p class=\"photoswipe-wrapper\"><a class=\"dt-pswp-item pspw-wrap-ready\" href=\"https:\/\/i1.wp.com\/www.radiopiu.net\/wordpress\/wp-content\/uploads\/2020\/03\/EFF67F40-C79A-4475-8B24-32A7FE7959EF.jpeg?ssl=1\" data-dt-img-description=\"\" data-large_image_width=\"1049\" data-large_image_height=\"968\"><img loading=\"lazy\" decoding=\"async\" class=\"wp-image-125873 alignleft jetpack-lazy-image jetpack-lazy-image--handled\" src=\"https:\/\/i1.wp.com\/www.radiopiu.net\/wordpress\/wp-content\/uploads\/2020\/03\/EFF67F40-C79A-4475-8B24-32A7FE7959EF.jpeg?resize=221%2C204&amp;ssl=1\" sizes=\"auto, (max-width: 221px) 100vw, 221px\" srcset=\"https:\/\/i1.wp.com\/www.radiopiu.net\/wordpress\/wp-content\/uploads\/2020\/03\/EFF67F40-C79A-4475-8B24-32A7FE7959EF.jpeg?resize=300%2C277&amp;ssl=1 300w, https:\/\/i1.wp.com\/www.radiopiu.net\/wordpress\/wp-content\/uploads\/2020\/03\/EFF67F40-C79A-4475-8B24-32A7FE7959EF.jpeg?resize=1024%2C945&amp;ssl=1 1024w, https:\/\/i1.wp.com\/www.radiopiu.net\/wordpress\/wp-content\/uploads\/2020\/03\/EFF67F40-C79A-4475-8B24-32A7FE7959EF.jpeg?resize=768%2C709&amp;ssl=1 768w, https:\/\/i1.wp.com\/www.radiopiu.net\/wordpress\/wp-content\/uploads\/2020\/03\/EFF67F40-C79A-4475-8B24-32A7FE7959EF.jpeg?w=1049&amp;ssl=1 1049w\" alt=\"\" width=\"221\" height=\"204\" data-recalc-dims=\"1\" data-lazy-loaded=\"1\" \/><\/a><strong>I CONTAGI COMUNE PER COMUNE IN PROVINCIA DI BELLUNO, CENCENIGHE PRIMI CASI, SELVA DI CADORE SCOMPARE DALLA MAPPA, 5 LIVINALLONGO\u00a0<\/strong><\/p>\n<p>Belluno 58, Alpago 46, Cortina 45, Feltre 26, Santa Giustina 19, Alano Di Piave 18, Borgo Valbelluna 14, Ponte Nelle Alpi 13, Pedavena 12, Agordo 11, Sedico 8, Chies D\u2019Alpago 7, Quero Vas 6, Calalzo Di Cadore, Cesiomaggiore, Fonzaso, Livinallongo Del Col Di Lana, San Vito di Cadore, Santo Stefano di Cadore, Seren Del Grappa, Tambre 5, Domegge di Cadore, Limana, Pieve di Cadore, Rocca Pietore, Voltago 4, Borca di Cadore, Gosaldo, Sospirolo, Taibon Agordino, Valle di Cadore 3, Cencenighe Cibiana di Cadore, Colle Santa Lucia, Lozzo Di Cadore, San Gregorio Nelle Alpi, Val Di Zoldo 2, Alleghe, Arsi\u00e8, Auronzo di Cadore, Canale D\u2019Agordo, Comelico Superiore, Danta di Cadore, Falcade, Longarone, Rivamonte, San Tomaso Agordino, Soverzene, Vallada Agordina, Zopp\u00e8 di Cadore 1<\/p>\n<div class=\"sharedaddy sd-sharing-enabled\">\n<div class=\"robots-nocontent sd-block sd-social sd-social-icon-text sd-sharing\"><\/div>\n<\/div>\n<\/div>\n<div class=\"single-related-posts\">\n<section class=\"items-grid\">\n<div class=\" related-item\">\n<article class=\"post-format-standard\">\n<div class=\"post-content\"><\/div>\n<\/article>\n<\/div>\n<div class=\" related-item\">\n<article class=\"post-format-standard\">\n<div class=\"mini-post-img\"><\/div>\n<\/article>\n<\/div>\n<div class=\" related-item\">\n<article class=\"post-format-standard\">\n<div class=\"post-content\">\n<hr \/>\n<\/div>\n<\/article>\n<\/div>\n<\/section>\n<\/div>\n<\/article>\n<\/div>\n<p>&nbsp;<\/p>\n<p>&nbsp;<\/p>\n<h2><strong>IL VIDEO DI ROSSELLA DAL BO&#8217;<\/strong><\/h2>\n<div style=\"width: 480px;\" class=\"wp-video\"><video class=\"wp-video-shortcode\" id=\"video-126072-1\" width=\"480\" height=\"640\" preload=\"metadata\" controls=\"controls\"><source type=\"video\/mp4\" src=\"https:\/\/www.radiopiu.net\/wordpress\/wp-content\/uploads\/2020\/03\/ROSSELLA-DAL-BO.mp4?_=1\" \/><a href=\"https:\/\/www.radiopiu.net\/wordpress\/wp-content\/uploads\/2020\/03\/ROSSELLA-DAL-BO.mp4\">https:\/\/www.radiopiu.net\/wordpress\/wp-content\/uploads\/2020\/03\/ROSSELLA-DAL-BO.mp4<\/a><\/video><\/div>\n<p>&nbsp;<\/p>\n<p>&nbsp;<\/p>\n<hr \/>\n<blockquote>\n<h3 class=\"entry-title\">E\u2019 DI LIVINALLONGO LA PRIMA VITTIMA AGORDINA DEL TERRIBILE COVID 19<\/h3>\n<\/blockquote>\n<p><b class=\"photoswipe-wrapper\"><img loading=\"lazy\" decoding=\"async\" class=\"wp-image-126256 alignleft jetpack-lazy-image jetpack-lazy-image--handled\" src=\"https:\/\/i2.wp.com\/www.radiopiu.net\/wordpress\/wp-content\/uploads\/2020\/03\/533622cd-114f-4752-8efc-f3e4ccea8c14.jpg?resize=125%2C250&amp;ssl=1\" sizes=\"auto, (max-width: 125px) 100vw, 125px\" srcset=\"https:\/\/i2.wp.com\/www.radiopiu.net\/wordpress\/wp-content\/uploads\/2020\/03\/533622cd-114f-4752-8efc-f3e4ccea8c14.jpg?resize=150%2C300&amp;ssl=1 150w, https:\/\/i2.wp.com\/www.radiopiu.net\/wordpress\/wp-content\/uploads\/2020\/03\/533622cd-114f-4752-8efc-f3e4ccea8c14.jpg?resize=512%2C1024&amp;ssl=1 512w, https:\/\/i2.wp.com\/www.radiopiu.net\/wordpress\/wp-content\/uploads\/2020\/03\/533622cd-114f-4752-8efc-f3e4ccea8c14.jpg?w=720&amp;ssl=1 720w\" alt=\"\" width=\"125\" height=\"250\" data-recalc-dims=\"1\" data-lazy-loaded=\"1\" \/>BELLUNO. <\/b>Nella serata di domenica la prima vittima dell\u2019Agordino, Carlo Grones \u201cCarlo Losc\u201d imprenditore con propria ditta edile prima della meritata pensione, aveva 76 anni, originario e residente a\u00a0 Livinallongo nato il 23 gennaio del 1944, lascia la moglie Christina,\u00a0 i figli Arthur, Simon e Manuela. Per Carlo una preghiera non potendo partecipare ai funerali su ordinanza della Regione Veneto, non ci saranno esequie in chiesa.<\/p>\n<p>&nbsp;<\/p>\n<p>&nbsp;<\/p>\n<p>&nbsp;<\/p>\n<p>&nbsp;<\/p>\n<p><strong>IL MESSAGGIO DEL SINDACO DI LIVINALLONGO LEANDRO GRONES<\/strong><\/p>\n<audio class=\"wp-audio-shortcode\" id=\"audio-126072-1\" preload=\"none\" style=\"width: 100%;\" controls=\"controls\"><source type=\"audio\/mpeg\" src=\"https:\/\/www.radiopiu.net\/wordpress\/wp-content\/uploads\/2020\/03\/LEANDRO-GRONES-MORTO.mp3?_=1\" \/><a href=\"https:\/\/www.radiopiu.net\/wordpress\/wp-content\/uploads\/2020\/03\/LEANDRO-GRONES-MORTO.mp3\">https:\/\/www.radiopiu.net\/wordpress\/wp-content\/uploads\/2020\/03\/LEANDRO-GRONES-MORTO.mp3<\/a><\/audio>\n<p>&nbsp;<\/p>\n<hr \/>\n<p>&nbsp;<\/p>\n<blockquote>\n<h3><img loading=\"lazy\" decoding=\"async\" class=\"alignleft\" src=\"https:\/\/www.radiopiu.net\/wordpress\/wp-content\/uploads\/2020\/03\/download-46.jpg\" width=\"117\" height=\"88\" \/>DRAMMA A CORTINA, MORTO IL CUSTODE DELL&#8217;HOTEL POCOL<\/h3>\n<\/blockquote>\n<p><strong>CORTINA<\/strong> E&#8217; stato rinvenuto senza vita il corpo <a class=\"dt-pswp-item\" href=\"https:\/\/www.radiopiu.net\/wordpress\/wp-content\/uploads\/2020\/03\/91196442_10207418186009138_2708486409278193664_o.jpg\" data-dt-img-description=\"\" data-large_image_width=\"206\" data-large_image_height=\"274\"><img loading=\"lazy\" decoding=\"async\" class=\"wp-image-126374 alignright\" src=\"https:\/\/www.radiopiu.net\/wordpress\/wp-content\/uploads\/2020\/03\/91196442_10207418186009138_2708486409278193664_o.jpg\" alt=\"\" width=\"150\" height=\"199\" \/><\/a>di Natale Mastrantonio, 64 anni di\u00a0 Roma , custode dell&#8217;Hotel Pocol. L&#8217;uomo era disteso sul proprio letto e il decesso \u00e9 riconducibile a cause naturali.\u00a0 Sono intervenuti i Carabinieri di Cortina allertati dalla moglie preoccupata poich\u00e9 il marito non rispondeva alle chiamate telefoniche. L&#8217;uomo pochi giorni fa aveva affidato a facebook un messaggio: <em>&#8220;cinque giorni di febbre e dolori, ma ora sembra passata&#8221;<\/em> un modo per raccontare rendendo pubblico uno strano malessere proponendosi con una foto in maniche corte e un altro messaggio <em>&#8220;Forse ho preso freddo, non si fanno queste bravate a sessant&#8217;anni, mi sono beccato una bella influenza&#8221;<\/em> I parenti attendono la restituzione della salma,\u00a0 la prima ipotesi \u00e8 che l&#8217;uomo sia morto colto da infarto.<\/p>\n<p>&nbsp;<\/p>\n<p>&nbsp;<\/p>\n<hr \/>\n<p>&nbsp;<\/p>\n<p><em>Sono 75.528 i malati di coronavirus in Italia, mentre il totale dei contagiati ha oltrepassato la soglia dei 100mila. <\/em><em>Aumenta il numero delle persone guarite, ad oggi 14.620: aumenta anche anche il numero dei morti, oggi 11.591; Guariti Zingaretti e il principe Carlo; \u00a0Ministro Speranza: \u201cLe misure saranno estese almeno fino a Pasqua\u201d; \u00a0Nel mondo si contano oltre 770mila contagi con 37mila morti: pi\u00f9 di 160.000 i guariti.<\/em><\/p>\n<p>&nbsp;<\/p>\n<blockquote>\n<h3><span style=\"color: #339966;\">SEGNALI INCORAGGIANTI: IL CONTAGIO FRENA,<\/span> LE TERAPIE INTENSIVE NON COLLASSANO MA SI CONTINUA A MORIRE. <span style=\"color: #ff0000;\">IERI 4 DECESSI IN PROVINCIA, 34 IN REGIONE. NELLA MAPPA DEI CONTAGI ANCHE IL COMUNE DI CENCENIGHE, 5 CONTAGI A LIVINALLONGO DEL COL DI LANA, NESSUNO A SELVA DI CADORE<\/span><\/h3>\n<\/blockquote>\n<p><span style=\"color: #339966;\">di Mirko<\/span> Mezz<span style=\"color: #ff0000;\">acasa\u00a0<\/span><\/p>\n<p>Venti decessi per ora, \u00e8 il caro prezzo pagato dalla nostra provincia per la pandemia Covid_19. Due decessi in 24 ore all&#8217;ospedale San Martino di Belluno, Carlo Grones 76 anni di Livinallongo \u00e8 la prima vittima del virus nell&#8217;Agordino, ieri \u00e8 spirata anche Serenella De Bortoli 72 anni di Pedavena, purtroppo altre due vittime in casa di riposo (ufficialmente in provincia sono 5 ma non c&#8217;\u00e8 un dato ufficiale), a Santa Croce sul lago in Comune di Alpago sono morti Irene Panciera 82 anni zoldana e Sergio Peterle 85 anni dell&#8217;Alpago. Nella casa di riposo in riva al lago sono 7 gli ospiti positivi, 10 gli operatori.\u00a0 Ormai tutti i Comuni agordini sono stati interessati dal contagio, si contano i primi casi anche a Cencenighe Agordino che fino a ieri era stato risparmiato, nella casella compare invece lo zero per il Comune di Selva di Cadore, tra l&#8217;altro l&#8217;unico contagiato che veniva segnalato nei giorni scorsi ora fuori dalla quarantena\u00a0 &#8211; come ricorda il sindaco Silvia Cestaro &#8211; era riferito a un cittadino non residente in paese ma che ha contratto il virus durante un periodo di soggiorno ai piedi del Pelmo. Il sindaco di Cortina Gianpiero Ghedina nel messaggio di domenica: <em>&#8220;In questi ultimi 3 giorni si sono aggiunti 13 nuovi casi portando a 53 il numero di positivi al Covid-19 nel territorio di Cortina d\u2019Ampezzo. Si registra una nota positiva per la giornata di domenica in cui non si sono verificati nuovi casi, mentre alcuni che erano in fase di accertamento sono stati confermati. Il Commissario Responsabile della Croce Bianca, Luca Gandini, con cui sono in stretto contatto, mi conferma che la serata di sabato e la giornata di domenica sono state pi\u00f9 tranquille. Ci\u00f2 non deve farci abbassare la guardia in alcun modo: sono giornate determinanti, la nostra sola arma \u00e8 la prevenzione, dobbiamo restare a casa&#8221;.\u00a0<\/em> Il bollettino di Azienda Zero\u00a0 ieri ha acceso qualche speranza con un incremento di soli 14 casi ma non \u00e8 certo un invito a mollare la presa e soprattutto cedere sulle restrizioni.\u00a0 A Cortina ieri sono stati registrati 53 contagi che sono ormai poche unit\u00e0 in meno di Belluno attorno ai 60. Sono 1238 i bellunesi in isolamento fiduciario &#8220;reclusi&#8221; in casa, 6057 i tamponi al 30 marzo, 78 i pazienti ricoverati negli ospedali, 8 in terapia intensiva. In Veneto la curva dei contagi ha preso la strada in discesa con casi meno gravi e terapie intensive con meno pazienti.\u00a0 Questa mattina si riuniranno i comitati di distretto per definire le linee e distribuire il contributo alimentare, vanno individuate in fretta le regole comuni per l&#8217;intera provincia le famiglie in difficolt\u00e0 hanno necessit\u00e0 di quel denaro, aspettare non si pu\u00f2, gli addetti ai lavori sono chiamati a definire regole chiare e criteri immediatamente condivisibili senza tanti giri di parole e burocrazia. Le previsioni sono state confermate, secondo gli esperti il picco della pandemia coronavirus \u00e8 in calendario per il 14 di aprile in Veneto, nel Nordest la diminuzione del contagio dovrebbe iniziare con il 6 di aprile, gradualmente e poi via via lungo il territorio italiano scendendo verso sud, il sereno si dovrebbe vedere nei primi 15 giorni di maggio. Queste previsioni comportano una proroga dei divieti almeno per due settimane.\u00a0 In Veneto ieri abbiamo assistito ad un calo dei ricoveri in terapia intensiva (sei casi in meno) in Italia \u00e8 stato segnato il record di guarigioni pari a 1590. Il problema casa di riposo \u00e8 uno dei pi\u00f9 evidenti anche nel Veneto dove gli anziani sono testati con i tamponi per cercare di capire la diffusione del virus. Non va messo in secondo piano\u00a0 il grande tema degli operatori che si sono infettati perch\u00e9 non avevano i dispositivi di protezione. Per tutti sono arrivate le mascherine<em> &#8220;Noi le diamo a tutti se le abbiamo &#8211; ha detto Zaia &#8211; anche alle case di riposo, ma non \u00e8 un obbligo di legge, andiamo verso una\u00a0 normalizzazione&#8221;.\u00a0<\/em>Ieri per la prima volta si \u00e8 parlato del nuovo piano di sanit\u00e0 pubblica, la Regione \u00e8 stata autorizzata a somministrare i farmaci a casa e stanno arrivando 752mila test rapidi che non sostituiscono il tampone ma al quinto giorno dall&#8217;infezione danno risposte. A Padova per gli esiti dei tamponi i ritardi si sommano, \u00a0attese anche di 5-6 giorni, almeno 6mila gli esami in attesa e chi aspetta la risposta rimane in isolamento fiduciario, il problema principale rimane la mancanza dei reagenti.\u00a0 Questa pandemia un insegnamento lo ha dato: la prima cosa da fare era isolare tutti gli over 70, ma inizialmente\u00a0 le indicazioni non\u00a0 erano queste.\u00a0 Tra decreti del Governo e quelli della Regione \u00e8 scoppiata la confusione, le Forze di Polizia avrebbero sanzionato cittadini sull&#8217;uscio di casa dimenticando la direttiva regionale dei 200 metri da casa per la quale esiste pure un&#8217;applicazione telefonica e che tanto ha fatto discutere.\u00a0<em><b> &#8220;<\/b>La polizia contesta l&#8217;uscita di casa per futili motivi nei 200 metri di casa, non \u00e8 una contestazione corretta e scriver\u00f2 ai Prefetti perch\u00e9 la sanzione \u00e8 impugnabile&#8221;<\/em> ha detto Zaia. Per coloro che invece usciranno dagli ospedali o comunque dalla quarantena perch\u00e9 positivi viene proposta la patente del contagio si teme infatti che l&#8217;infezione possa ripetersi nel tempo. <em>&#8220;Dovremo pensare a un&#8217;uscita\u00a0 graduale, per la ripresa delle normali condizioni di vita &#8211; \u00e8 stato detto ieri in conferenza stampa &#8211;\u00a0 una delle soluzioni il test sierologico.\u00a0 Stiamo ragionando sulla &#8220;patente&#8221; che attesti la risposta degli anticorpi,\u00a0 tenendo conto dei casi di re-infezione.\u00a0 Sentiremo i pareri degli \u00a0scienziati, che chi ha gi\u00e0 avuto una risposta anticorpale magari potr\u00e0 comunque essere esposto a un&#8217;ulteriore infezione&#8221;. <\/em>A proposito dei contributi Zaia ha detto: polemiche zero,\u00a0 ma ha anche aggiunto <em>&#8220;La Germania ha messo a disposizione 550 miliardi di euro, noi risolviamo il problema con 25 miliardi e\u00a0 400 milioni di euro per la spesa che serve&#8221;.<\/em> La partita del turismo prima industria in Veneto \u00e8 persa cos\u00ec per le partite iva in catena ci saranno tanti problemi. Necessario\u00a0 il piano Marshall e la messa in sicurezza del debito pubblico con grande iniezione di risorse.\u00a0 <em>&#8220;L&#8217;Europa \u00e8 scandalosa &#8211; ha continuato il presidente del Veneto &#8211;\u00a0 se c&#8217;\u00e8 batta un colpo: \u00e8 come la guardia costiera che guarda una nave affondare. Siamo in totale balia delle onde, Venezia \u00e8 stremata e anche il turismo, faremo di tutto perch\u00e9 tutti abbiano un ristoro perch\u00e9 siamo l&#8217;unica Regione che non applica tasse. Ci aspettiamo risorse da Roma. Non possiamo certo fare tasse adesso altrimenti Roma ci dir\u00e0 che non abbiamo bisogno&#8221;. <\/em><\/p>\n<blockquote><p><strong>Infine una notizia poco incoraggiante dall&#8217;Acc Wanbao di Mel, che non \u00e8 una notizia o meglio: mentre i sindacati suonano la carica il Ministro Bellunese del territorio Federico D&#8217;Inc\u00e0 tace, ieri \u00e8 intervenuto su altri temi molto meno cari e molto meno interessanti per i 290 operai che rischiano di perdere il lavoro. D&#8217;Inc\u00e0 dunque dice che preferisce non commentare le decisioni prese dal suo collega di partito 5 Stelle, il Ministro friulano Pattuanelli, preferisce tacere perch\u00e8 parler\u00e0 a tempo debito, eppure questi sono i tempi per parlare c&#8217;\u00e8 gente che non dorme la notte dopo il defenestramento di Maurizio Castro per dare il timone o la poltrona all&#8217;avvocato friulano, la sconosciuta Anna di Pasquale.<\/strong><\/p><\/blockquote>\n<p>&nbsp;<\/p>\n<p>&nbsp;<\/p>\n<hr \/>\n<p>&nbsp;<\/p>\n<blockquote class=\"wp-embedded-content\" data-secret=\"EFAzSeVeQ2\"><p><a href=\"https:\/\/www.radiopiu.net\/wordpress\/23-decessi-nelle-ultime-12-129-positivi-in-piu-due-pazienti-in-meno-in-terapia-intensiva\/\">23 DECESSI NELLE ULTIME 12 ORE, 129 POSITIVI IN PIU&#8217;, DUE PAZIENTI IN MENO IN TERAPIA INTENSIVA<\/a><\/p><\/blockquote>\n<p><iframe loading=\"lazy\" title=\"&#8220;23 DECESSI NELLE ULTIME 12 ORE, 129 POSITIVI IN PIU&#8217;, DUE PAZIENTI IN MENO IN TERAPIA INTENSIVA&#8221; &#8212; Radio Pi\u00f9\" class=\"wp-embedded-content\" sandbox=\"allow-scripts\" security=\"restricted\" style=\"position: absolute; clip: rect(1px, 1px, 1px, 1px);\" src=\"https:\/\/www.radiopiu.net\/wordpress\/23-decessi-nelle-ultime-12-129-positivi-in-piu-due-pazienti-in-meno-in-terapia-intensiva\/embed\/#?secret=EFAzSeVeQ2\" data-secret=\"EFAzSeVeQ2\" width=\"600\" height=\"338\" frameborder=\"0\" marginwidth=\"0\" marginheight=\"0\" scrolling=\"no\"><\/iframe><\/p>\n<p>&nbsp;<\/p>\n<hr \/>\n<p>&nbsp;<\/p>\n<blockquote>\n<h3>ULSS 1 DOLOMITI: SI AGGIUNGO ALTRE 5 PERSONE IN ISOLAMENTO DOMICILIARE. 311 TAMPONI IN 24 ORE<\/h3>\n<\/blockquote>\n<p><strong>BELLUNO<\/strong>\u00a0GLI AGGIORNAMENTI DALLA ULSS 1 DOLOMITI<\/p>\n<p><strong>SORVEGLIANZA SANITARIA COVID-19<\/strong> Numero totale tamponi effettuati per ricerca nCoV al 30 marzo 2020: <b>6.057 (+ 311). <\/b>Persone residenti in Ulss Dolomiti in isolamento domiciliare fiduciario e sorveglianza attiva al 30 marzo 2020: <b>1.231 (+ 5 rispetto ieri) <\/b>Alcuni tamponi sono stati effettuati pi\u00f9 volte sulle stesse persone<\/p>\n<p><strong>OSPEDALE DI BELLUNO<\/strong>\u00a0Installate altre 3 tende della Protezione Civile al Blocco F per il percorso dedicato ai sospetti COVID,\u00a0Attivato il Punto Medico Avanzato. Le degenze di MEDICINA E ONCOLOGIA sono state collocate al 2\u00b0piano del Blocco chirurgico,\u00a0le degenze della PNEUMOLOGIA e GERIATRIA sono state collocate al 3\u00b0 piano del Blocco Chirurgico (lato EST)<span class=\"Apple-converted-space\">\u00a0,\u00a0<\/span>le degenze di CHIRURGIA, NEFROLOGIA e UROLOGIA sono state compattate al 3\u00b0 piano del Blocco Chirurgico<span class=\"Apple-converted-space\">\u00a0,\u00a0<\/span>le degenze di NEUROLOGIA sono state spostate al 2\u00b0 piano del Blocco Medico. Le aree per sospetti COVID e pazienti COVID a bassa intensit\u00e0 sono collocate al 3\u00b0 e 4\u00b0piano del Blocco Medico,<span class=\"s2\">Sono stati attivati ulteriori 18 posti letto per pazienti COVID a bassa intensit\u00e0 al 3\u00b0 piano del blocco medico per un totale di 34 posti letto. I posti letto di media intensit\u00e0 sono 12 a Malattie infettive e 16 a Pneumologia COVID .\u00a0<\/span>il contenitore della Terapia Intensiva (9 posti letto) \u00e8 stato allargato anche al gruppo operatorio di Belluno dove al momento sono stati attivati ulteriori 4 posti letto di terapia intensiva dedicati a eventuali pazienti covid positivi. I pazienti in arrivo dal 118 che dovessero necessitare di ricoveri urgenti in terapia intensiva COVID negativi saranno centralizzati alla Rianimazione di Feltre.<\/p>\n<p><b>OSPEDALE DI AGORDO<\/b>\u00a0attivata attivit\u00e0 di ricovero per pazienti COVID positivi a bassa intensit\u00e0 di cura \u2013 modello ospedale di comunit\u00e0;<\/p>\n<p><b>OSPEDALE DI PIEVE DI CADORE\u00a0<\/b>\u00e8 attivo un filtro all\u2019ingresso per il controllo degli accessi grazie al personale della Protezione Civile, attivata un\u2019area per sospetti COVID al 2\u00b0 piano<\/p>\n<p><b>OSPEDALE DI FELTRE\u00a0<\/b><strong>Il reparto di PNEUMOLOGIA \u00e8 stato trasferito al 6\u00b0 piano del Padiglione Dalla Palma<\/strong>.\u00a0Il reparto di GERIATRIA \u00e8 rientrato al 5\u00b0 piano del Padiglione Dalla Palma,\u00a0l\u2019area di degenza dedicata ai casi positivi Covid-19 \u00e8 al 4\u00b0 Piano del Padiglione Dalla Palma.\u00a0<b><\/b>L\u2019ingresso in ospedale \u00e8 consentito solo con l\u2019utilizzo di mascherina portata da casa ed esclusivamente a: mariti\/compagni di partorienti, parenti stretti di pazienti in fin di vita o deceduti, una sola persona al giorno negli orari di visita per i degenti, pazienti per visite ambulatoriali, donatori di sangue. Situazioni specifiche saranno valutate dal personale sanitario preposto. \u00c8 vietato per gli accompagnatori o visitatori entrare nelle aree COVID.<\/p>\n<p><a class=\"dt-pswp-item\" href=\"https:\/\/www.radiopiu.net\/wordpress\/wp-content\/uploads\/2020\/03\/Schermata-2020-03-30-alle-18.45.35.png\" data-dt-img-description=\"\" data-large_image_width=\"1174\" data-large_image_height=\"1652\"><img loading=\"lazy\" decoding=\"async\" class=\"alignnone size-large wp-image-126290\" src=\"https:\/\/www.radiopiu.net\/wordpress\/wp-content\/uploads\/2020\/03\/Schermata-2020-03-30-alle-18.45.35-728x1024.png\" alt=\"\" width=\"728\" height=\"1024\" srcset=\"https:\/\/www.radiopiu.net\/wordpress\/wp-content\/uploads\/2020\/03\/Schermata-2020-03-30-alle-18.45.35-728x1024.png 728w, https:\/\/www.radiopiu.net\/wordpress\/wp-content\/uploads\/2020\/03\/Schermata-2020-03-30-alle-18.45.35-213x300.png 213w, https:\/\/www.radiopiu.net\/wordpress\/wp-content\/uploads\/2020\/03\/Schermata-2020-03-30-alle-18.45.35-768x1081.png 768w, https:\/\/www.radiopiu.net\/wordpress\/wp-content\/uploads\/2020\/03\/Schermata-2020-03-30-alle-18.45.35-1092x1536.png 1092w, https:\/\/www.radiopiu.net\/wordpress\/wp-content\/uploads\/2020\/03\/Schermata-2020-03-30-alle-18.45.35.png 1174w\" sizes=\"auto, (max-width: 728px) 100vw, 728px\" \/><\/a><\/p>\n<p>&nbsp;<\/p>\n<hr \/>\n<p>&nbsp;<\/p>\n<blockquote class=\"wp-embedded-content\" data-secret=\"UUPEC0Uiqa\"><p><a href=\"https:\/\/www.radiopiu.net\/wordpress\/aggiornamento-assessorato-protezione-civile-30-marzo-2020\/\">AGGIORNAMENTO ASSESSORATO PROTEZIONE CIVILE 30 MARZO 2020<\/a><\/p><\/blockquote>\n<p><iframe loading=\"lazy\" title=\"&#8220;AGGIORNAMENTO ASSESSORATO PROTEZIONE CIVILE 30 MARZO 2020&#8221; &#8212; Radio Pi\u00f9\" class=\"wp-embedded-content\" sandbox=\"allow-scripts\" security=\"restricted\" style=\"position: absolute; clip: rect(1px, 1px, 1px, 1px);\" src=\"https:\/\/www.radiopiu.net\/wordpress\/aggiornamento-assessorato-protezione-civile-30-marzo-2020\/embed\/#?secret=UUPEC0Uiqa\" data-secret=\"UUPEC0Uiqa\" width=\"600\" height=\"338\" frameborder=\"0\" marginwidth=\"0\" marginheight=\"0\" scrolling=\"no\"><\/iframe><\/p>\n<p><strong>DAL GR DELLE 14:30 DI IERI L&#8217;ASSESSORE DELLA REGIONE VENETO GIANPAOLO BOTTACIN<\/strong><\/p>\n<audio class=\"wp-audio-shortcode\" id=\"audio-126072-2\" preload=\"none\" style=\"width: 100%;\" controls=\"controls\"><source type=\"audio\/mpeg\" src=\"https:\/\/www.radiopiu.net\/wordpress\/wp-content\/uploads\/2020\/03\/BOTTTACIN-LUNEDI.mp3?_=2\" \/><a href=\"https:\/\/www.radiopiu.net\/wordpress\/wp-content\/uploads\/2020\/03\/BOTTTACIN-LUNEDI.mp3\">https:\/\/www.radiopiu.net\/wordpress\/wp-content\/uploads\/2020\/03\/BOTTTACIN-LUNEDI.mp3<\/a><\/audio>\n<p>&nbsp;<\/p>\n<p>&nbsp;<\/p>\n<p><strong>BOTTACIN :<\/strong> &#8220;<em>Sui 400.000.000 del governo ai comuni io mi sono espresso per un criterio di riparto che considerasse solo gli abitanti e non anche il reddito. Purtroppo la mia proposta non \u00e8 stata accolta e i nostri comuni hanno perso una marea di soldi. Se veniva fatto solo sugli abitanti sarebbero stati 6.7 euro a cittadino. Belluno avrebbe preso 240.000 euro anzich\u00e9 190.000&#8243;<\/em><\/p>\n<p>&nbsp;<\/p>\n<p>&nbsp;<\/p>\n<blockquote>\n<h3><img loading=\"lazy\" decoding=\"async\" class=\"alignleft\" src=\"https:\/\/www.radiopiu.net\/wordpress\/wp-content\/uploads\/2020\/03\/PHOTO-2020-03-27-11-28-57.jpg\" width=\"239\" height=\"179\" \/>SANIFICAZIONE DELLE STRADE, EVITIAMO LE POLEMICHE<\/h3>\n<\/blockquote>\n<p><strong>VENEZIA<\/strong> Riportiamo la dichiarazione dell&#8217;assessore regionale alla protezione civile Gianpaolo Bottacin a lato della nota regionale\u00a0 <em>&#8220;Per evitare polemiche, dopo che abbiamo fatto l&#8217;accordo con gli agricoltori, ho provveduto a riunire Arpav con Ispra e poi a chiedere parere all&#8217;Istituto Supriore di Sanit\u00e0. Non \u00e8 stato facile (7 videoconferenze) ma questo consente di evitare qualsiasi dubbio relativamente a inquinamento ambientale.\u00a0 Infatti nel veronese e padovano, dove stanno operando da pi\u00f9 di 10 giorni, non sono emerse criticit\u00e0. Ringrazio gli agricoltori perch\u00e9 non appena li abbiamo contattati hanno risposto subito con entusiasmo&#8221;<\/em><\/p>\n<p>&nbsp;<\/p>\n<p>&nbsp;<\/p>\n<p>&nbsp;<\/p>\n<div class=\"su-document su-u-responsive-media-yes\"><iframe loading=\"lazy\" src=\"\/\/docs.google.com\/viewer?embedded=true&url=https:\/\/www.radiopiu.net\/wordpress\/wp-content\/uploads\/2020\/03\/Nota-prot.-126916-del-19.03.2020-Circolare-lavaggio-strade-1.pdf\" width=\"600\" height=\"800\" class=\"su-document\" title=\"Decreto 20.02.2020\"><\/iframe><\/div>\n<p>&nbsp;<\/p>\n<p>&nbsp;<\/p>\n<hr \/>\n<p>&nbsp;<\/p>\n<p>&nbsp;<\/p>\n<p><strong>IERI SUL CORRIERE DELLA SERA<\/strong><\/p>\n<p><a class=\"dt-pswp-item\" href=\"https:\/\/www.radiopiu.net\/wordpress\/wp-content\/uploads\/2020\/03\/19b8776a-e38b-4ab7-9c19-7dcf5e90fced.jpg\" data-dt-img-description=\"\" data-large_image_width=\"1668\" data-large_image_height=\"836\"><img loading=\"lazy\" decoding=\"async\" class=\"alignnone wp-image-126274\" src=\"https:\/\/www.radiopiu.net\/wordpress\/wp-content\/uploads\/2020\/03\/19b8776a-e38b-4ab7-9c19-7dcf5e90fced-300x150.jpg\" alt=\"\" width=\"600\" height=\"300\" srcset=\"https:\/\/www.radiopiu.net\/wordpress\/wp-content\/uploads\/2020\/03\/19b8776a-e38b-4ab7-9c19-7dcf5e90fced-300x150.jpg 300w, https:\/\/www.radiopiu.net\/wordpress\/wp-content\/uploads\/2020\/03\/19b8776a-e38b-4ab7-9c19-7dcf5e90fced-1024x513.jpg 1024w, https:\/\/www.radiopiu.net\/wordpress\/wp-content\/uploads\/2020\/03\/19b8776a-e38b-4ab7-9c19-7dcf5e90fced-768x385.jpg 768w, https:\/\/www.radiopiu.net\/wordpress\/wp-content\/uploads\/2020\/03\/19b8776a-e38b-4ab7-9c19-7dcf5e90fced-1536x770.jpg 1536w, https:\/\/www.radiopiu.net\/wordpress\/wp-content\/uploads\/2020\/03\/19b8776a-e38b-4ab7-9c19-7dcf5e90fced.jpg 1668w\" sizes=\"auto, (max-width: 600px) 100vw, 600px\" \/><\/a><\/p>\n<p>&nbsp;<\/p>\n<hr \/>\n<p>&nbsp;<\/p>\n<p>&nbsp;<\/p>\n<p>&nbsp;<\/p>\n<blockquote>\n<h3>DATI E GRAFICI DEL GIORNO, PROVINCIA-REGIONE 30 MARZO 2020<\/h3>\n<\/blockquote>\n<p><strong>Con la collaborazione di Tiziano De Col<\/strong><\/p>\n<p>Oggi la Provincia di Belluno ha il pi\u00f9 alto incremento di contagi in rapporto al giorno precedente, rispetto alle altre Province Venete. Anche la percentuale di contagi rispetto alla popolazione residente vede la Provincia di Belluno tra le Province del Veneto con maggiore incidenza di contagi in rapporto alla popolazione, preceduta (di poco) da Padova e Verona<\/p>\n<p><a class=\"dt-pswp-item\" href=\"https:\/\/www.radiopiu.net\/wordpress\/wp-content\/uploads\/2020\/03\/Schermata-2020-03-30-alle-19.19.46.png\" data-dt-img-description=\"\" data-large_image_width=\"712\" data-large_image_height=\"450\"><img loading=\"lazy\" decoding=\"async\" class=\"alignnone wp-image-126294 size-full\" src=\"https:\/\/www.radiopiu.net\/wordpress\/wp-content\/uploads\/2020\/03\/Schermata-2020-03-30-alle-19.19.46.png\" alt=\"\" width=\"712\" height=\"450\" srcset=\"https:\/\/www.radiopiu.net\/wordpress\/wp-content\/uploads\/2020\/03\/Schermata-2020-03-30-alle-19.19.46.png 712w, https:\/\/www.radiopiu.net\/wordpress\/wp-content\/uploads\/2020\/03\/Schermata-2020-03-30-alle-19.19.46-300x190.png 300w\" sizes=\"auto, (max-width: 712px) 100vw, 712px\" \/><\/a><\/p>\n<p><a class=\"dt-pswp-item\" href=\"https:\/\/www.radiopiu.net\/wordpress\/wp-content\/uploads\/2020\/03\/2a5bb193-a790-4352-a1bf-8b752e02deb8.jpg\" data-dt-img-description=\"\" data-large_image_width=\"480\" data-large_image_height=\"289\"><img loading=\"lazy\" decoding=\"async\" class=\"alignnone size-full wp-image-126295\" src=\"https:\/\/www.radiopiu.net\/wordpress\/wp-content\/uploads\/2020\/03\/2a5bb193-a790-4352-a1bf-8b752e02deb8.jpg\" alt=\"\" width=\"480\" height=\"289\" srcset=\"https:\/\/www.radiopiu.net\/wordpress\/wp-content\/uploads\/2020\/03\/2a5bb193-a790-4352-a1bf-8b752e02deb8.jpg 480w, https:\/\/www.radiopiu.net\/wordpress\/wp-content\/uploads\/2020\/03\/2a5bb193-a790-4352-a1bf-8b752e02deb8-300x181.jpg 300w\" sizes=\"auto, (max-width: 480px) 100vw, 480px\" \/><\/a><\/p>\n<p>&nbsp;<\/p>\n<hr \/>\n<p>&nbsp;<\/p>\n<p><strong>SUPPORTO PSICOLOGICO<\/strong> <strong>1680 CHIAMATE 640 COLLOQUI<\/strong><\/p>\n<p><strong>E\u2019 OBBLIGO INDOSSARE LA MASCHERINA NEI NEGOZI DA PARTE DEGLI ESERCENTI<\/strong><\/p>\n<p><strong>CASSA INTEGRAZIONE AD ABANO E\u2019 EVITABILE VISTO IL MOMENTO DI EMERGENZA? Questo lo decide il datore di lavoro \u00e8 una scelta imprenditoriale.<\/strong><\/p>\n<p><strong>CASE DI RIPOSO<\/strong>\u00a0 <u>C<\/u>ontinuiamo a testare con tamponi gli ospiti per capire dare una misura alla diffusione del virus \u201cdelle case di riposo\u201d. . Nelle case di riposo abbiamo anche il grande tema degli operatori che si sono infettati perch\u00e9 non avevano i dispositivi di protezione.<\/p>\n<p><strong>MASCHERINE<\/strong> Le abbiamo comprate. Noi le diamo a tutti se le abbiamo, anche alle case di riposo, ma non \u00e8 un obbligo di legge, andiamo verso una normalizzazione.<\/p>\n<p><strong>NUOVO PIANO SANITA\u2019 PUBBLICA\u00a0<\/strong> Rimetter\u00f2 in asse tutte le modalit\u00e0 nuove in base alle normative. Esiste il caso di famiglie che vivono con un positivo in casa: norme igieniche estreme, bagni separati, tutto \u00e8 cambiato con questo virus.<\/p>\n<p><strong>VARIE\u00a0 <\/strong>\u00a0Entro il quinto giorno facciamo un test a tutti quelli che sono malati e\u00a0 siamo anche autorizzati a somministrare i farmaci a casa. Se tornassimo indietro la prima cosa sarebbe isolare tutti gli over 70, ma allora le indicazioni che avevamo non erano queste. Stanno arrivando 752mila test rapidi che non sostituisce il tampone ma al quinto giorno dall\u2019infezione da risposte.<\/p>\n<p><strong>TAMPONI <\/strong>Ritardi a Padova sugli esiti dei tamponi,\u00a0 attese anche di 5-6 giorni: Ne abbiamo almeno\u00a0 6mila in attesa e chi aspetta la risposta\u00a0 \u00e8 in isolamento fiduciario, mancano i reagenti.<\/p>\n<p><strong>SANZIONI<\/strong> La polizia contesta l\u2019uscita di casa per futili motivi nei 200 metri di casa, non \u00e8 una contestazione corretta e scriver\u00f2\u2019 ai Prefetti perch\u00e9 la sanzione \u00e8 impugnabile<\/p>\n<p><strong>LA PATENTE DEL CONTAGIO<\/strong> Dovremo pensare a un\u2019uscita\u00a0 graduale, per la ripresa delle normali condizioni di vita. Una delle soluzioni il test sierologico\u00a0 Stiamo ragionando sulla \u201cpatente\u201d che attesti la risposta degli anticorpi tenendo conto dei casi di re infezione.\u00a0 Sentiremo i pareri degli \u00a0scienziati, che chi ha gi\u00e0 avuto una risposta anticorpale magari potr\u00e0 comunque essere esposto a un\u2019ulteriore infezione.<\/p>\n<p><strong>CONTRIBUTI AI COMUNI ED ECONOMIA<\/strong> Polemiche zero, non voglio entrarci. La Germania 550 milardi di euro, noi risolviamo il problema con 25 miliardi e uno per la spesa di 400 milioni di euro per la spesa che serve. La partita del turismo prima industria in Veneto \u00e8 persa cos\u00ec per le partite iva in catena. Serve il piano Marshall e mettere in sicurezza il debito pubblico con grande iniezione di risorse. \u00a0L\u2019Europa \u00e8 scandalosa, se c\u2019\u00e8 batta un colpo: \u00e8 come la guardia costiera che guarda una nave affondare. Siamo in totale balia delle onde, Venezia \u00e8 stremata e anche il turismo, faremo di tutto perch\u00e9 tutti abbiano un ristoro, attendiamo il piano Marshall nazionale anche perch\u00e9 siamo l\u2019unica Regione che non applica tasse. Ci aspettiamo risorse da Roma. Non possiamo certo fare tasse adesso altrimenti Roma ci dir\u00e0 che non abbiamo bisogno.<\/p>\n<p><strong>MERCATI ALL\u2019APERTO<\/strong>\u00a0 Stiamo valutando soluzioni per regimentarli.<\/p>\n<p><strong>IL PICCO\u00a0<\/strong> Spero che il cambio di direzione ci possa essere la prossima settimana, possiamo considerare la prossima settimana come quella cruciale e i nostri modelli matematici ci dicono che il sacrificio fatto finora \u00e8 servito. Io spero per domenica prossima di poter dire che stiamo cambiando direzione. Il picco, se verranno rispettate le previsioni, \u00e8 atteso \u00abentro il 15 aprile con la speranza di tornare nella normalit\u00e0 tra fine maggio o inizio giugno.<\/p>\n<p><strong>MASCHERE E RESPIRATORI<\/strong> C\u2019\u00e8 una ditta che ha proposto di modificare le maschere in respiratori, stiamo valutando ma non abbiamo emergenza in questo fronte.<\/p>\n<p><strong>MEDICI DI BASE NON HANNO TAMPONI\u00a0<\/strong> E\u2019 la verit\u00e0 non sono sufficienti. I kit anticorpali ci aiuteranno<\/p>\n<p><strong>REPLICA A BOCCIA?<\/strong> Non voglio fare polemiche<\/p>\n<p><strong>TAMPONI CASE RIPOSO<\/strong> anche con Croce Rossa e staff universitario. Non siamo nelle condizioni di fare tamponi on the road cio\u00e8 quelli casuali.<\/p>\n<p>https:\/\/www.facebook.com\/172229066312350\/videos\/264264597921638<\/p>\n<p>&nbsp;<\/p>\n<p>&nbsp;<\/p>\n<p>&nbsp;<\/p>\n<hr \/>\n<p>&nbsp;<\/p>\n<blockquote>\n<h3>NECESSITA&#8217; DI MANTENERE LE MISURE DI CONTENIMENTO del Ministro Federico D&#8217;Inc\u00e0<\/h3>\n<\/blockquote>\n<p><strong><a class=\"dt-pswp-item\" href=\"https:\/\/www.radiopiu.net\/wordpress\/wp-content\/uploads\/2015\/09\/Federico_DInc\u00e0_daticamera.jpg\" data-dt-img-description=\"\" data-large_image_width=\"165\" data-large_image_height=\"228\"><img loading=\"lazy\" decoding=\"async\" class=\"size-full wp-image-10538 alignleft\" src=\"https:\/\/www.radiopiu.net\/wordpress\/wp-content\/uploads\/2015\/09\/Federico_DInc\u00e0_daticamera.jpg\" alt=\"\" width=\"165\" height=\"228\" \/><\/a>ROMA<\/strong> &#8220;Siamo riusciti con fatica e con enormi sacrifici, anche personali, a rallentare la diffusione del contagio. Il comitato scientifico che affianca il Governo in questa difficilissima battaglia contro il #coronavirus, ha espresso una moderata soddisfazione per i dati che mostrano la curva del numero dei contagi accennare ad una inversione di tendenza. Siamo in una fase delicatissima in cui cedere alla tentazione di affidarsi alla frenesia di emozioni istintive, o a calcoli di natura diversa da quella scientifica, e chiedere la riapertura delle aziende, delle scuole e degli uffici potrebbe rendere vano quello che finora \u00e8 stato fatto, gli sforzi fatti da medici, infermieri e da tutti i professionisti che lavorano in prima linea, i sacrifici affrontati con enormi difficolt\u00e0 dalle famiglie. Sarebbe un insulto a tutti i nostri concittadini che hanno lottato fino alla fine ma non ce l\u2019hanno fatta.\u00a0Il Governo sta facendo tutto il possibile per far ripartire quanto prima l\u2019economia del Paese ma bisogna essere responsabili e avere pazienza. I provvedimenti di contenimento adottati fino ad ora sono stati efficaci e proprio in questa fase cruciale, in cui dovremmo raccoglierne i frutti, non possiamo permetterci errori. Le decisioni dovranno essere prese in linea con l\u2019andamento dei contagi e ascoltando responsabilmente le indicazioni della scienza&#8221;.<\/p>\n<p>&nbsp;<\/p>\n<hr \/>\n<h3><\/h3>\n<h3>PROCLAMI FACILI MA SOLO A PAROLE NEI FATTI ECCO LE DIFFICOLTA&#8217;.<\/h3>\n<p><strong>di Andrea De Bernardin sindaco di Rocca Pietore<\/strong><\/p>\n<audio class=\"wp-audio-shortcode\" id=\"audio-126072-3\" preload=\"none\" style=\"width: 100%;\" controls=\"controls\"><source type=\"audio\/mpeg\" src=\"https:\/\/www.radiopiu.net\/wordpress\/wp-content\/uploads\/2020\/03\/andrea-marasma.mp3?_=3\" \/><a href=\"https:\/\/www.radiopiu.net\/wordpress\/wp-content\/uploads\/2020\/03\/andrea-marasma.mp3\">https:\/\/www.radiopiu.net\/wordpress\/wp-content\/uploads\/2020\/03\/andrea-marasma.mp3<\/a><\/audio>\n<p><a class=\"dt-pswp-item\" href=\"https:\/\/www.radiopiu.net\/wordpress\/wp-content\/uploads\/2020\/03\/c2513b38-a9f8-453e-a309-5d5fa7c211c9.jpg\" data-dt-img-description=\"\" data-large_image_width=\"960\" data-large_image_height=\"720\"><img loading=\"lazy\" decoding=\"async\" class=\"alignnone wp-image-126357\" src=\"https:\/\/www.radiopiu.net\/wordpress\/wp-content\/uploads\/2020\/03\/c2513b38-a9f8-453e-a309-5d5fa7c211c9.jpg\" alt=\"\" width=\"249\" height=\"187\" srcset=\"https:\/\/www.radiopiu.net\/wordpress\/wp-content\/uploads\/2020\/03\/c2513b38-a9f8-453e-a309-5d5fa7c211c9.jpg 960w, https:\/\/www.radiopiu.net\/wordpress\/wp-content\/uploads\/2020\/03\/c2513b38-a9f8-453e-a309-5d5fa7c211c9-300x225.jpg 300w, https:\/\/www.radiopiu.net\/wordpress\/wp-content\/uploads\/2020\/03\/c2513b38-a9f8-453e-a309-5d5fa7c211c9-768x576.jpg 768w\" sizes=\"auto, (max-width: 249px) 100vw, 249px\" \/><\/a><a class=\"dt-pswp-item\" href=\"https:\/\/www.radiopiu.net\/wordpress\/wp-content\/uploads\/2020\/03\/81c57150-687c-47d3-8394-84ea22d7b4e7.jpg\" data-dt-img-description=\"\" data-large_image_width=\"1080\" data-large_image_height=\"442\"><img loading=\"lazy\" decoding=\"async\" class=\"alignnone wp-image-126358\" src=\"https:\/\/www.radiopiu.net\/wordpress\/wp-content\/uploads\/2020\/03\/81c57150-687c-47d3-8394-84ea22d7b4e7-1024x419.jpg\" alt=\"\" width=\"467\" height=\"191\" srcset=\"https:\/\/www.radiopiu.net\/wordpress\/wp-content\/uploads\/2020\/03\/81c57150-687c-47d3-8394-84ea22d7b4e7-1024x419.jpg 1024w, https:\/\/www.radiopiu.net\/wordpress\/wp-content\/uploads\/2020\/03\/81c57150-687c-47d3-8394-84ea22d7b4e7-300x123.jpg 300w, https:\/\/www.radiopiu.net\/wordpress\/wp-content\/uploads\/2020\/03\/81c57150-687c-47d3-8394-84ea22d7b4e7-768x314.jpg 768w, https:\/\/www.radiopiu.net\/wordpress\/wp-content\/uploads\/2020\/03\/81c57150-687c-47d3-8394-84ea22d7b4e7.jpg 1080w\" sizes=\"auto, (max-width: 467px) 100vw, 467px\" \/><\/a><\/p>\n<p>&nbsp;<\/p>\n<p>&nbsp;<\/p>\n<p>&nbsp;<\/p>\n<hr \/>\n<p>&nbsp;<\/p>\n<blockquote>\n<h3>IL NUOVO PIANO DELLA SANITA&#8217; DEL VENETO<\/h3>\n<\/blockquote>\n<p><strong><a class=\"dt-pswp-item\" href=\"https:\/\/www.radiopiu.net\/wordpress\/wp-content\/uploads\/2018\/06\/sanita.jpg\" data-dt-img-description=\"\" data-large_image_width=\"1280\" data-large_image_height=\"803\"><img loading=\"lazy\" decoding=\"async\" class=\"size-medium wp-image-51292 alignleft\" src=\"https:\/\/www.radiopiu.net\/wordpress\/wp-content\/uploads\/2018\/06\/sanita-300x188.jpg\" alt=\"\" width=\"300\" height=\"188\" srcset=\"https:\/\/www.radiopiu.net\/wordpress\/wp-content\/uploads\/2018\/06\/sanita-300x188.jpg 300w, https:\/\/www.radiopiu.net\/wordpress\/wp-content\/uploads\/2018\/06\/sanita-768x482.jpg 768w, https:\/\/www.radiopiu.net\/wordpress\/wp-content\/uploads\/2018\/06\/sanita-1024x642.jpg 1024w, https:\/\/www.radiopiu.net\/wordpress\/wp-content\/uploads\/2018\/06\/sanita.jpg 1280w\" sizes=\"auto, (max-width: 300px) 100vw, 300px\" \/><\/a>VENEZIA<\/strong>\u00a0Proprio dall\u2019esperienza sul campo finora fatta, parte il nuovo Piano, che introduce due importanti nuovi aspetti: la presa in carico diretta del paziente sintomatico \u201csospetto Covid-19\u201d, che parte dalla valutazione e dai consigli del Medico di Medicina Generale e arriva all\u2019intervento diretto delle Unit\u00e0 Speciali di Continuit\u00e0 Assistenziale (USCA) le quali garantiscono l\u2019assistenza a domicilio di tutti quei pazienti, sintomatici, sospetti o positivi, che non necessitano di ricovero. Sono attivate preferibilmente presso sedi di Continuit\u00e0 Assistenziale gi\u00e0 esistenti, con un bacino di riferimento indicativamente di 50.000 abitanti, attive sette giorni su sette, dalle ore 8:00 alle ore 20:00. Nell\u2019ottica di favorire l\u2019integrazione e la funzionalit\u00e0 operativa con i Medici di Medicina Generale\/Pediatri di Libera Scelta ed assicurare un riferimento continuativo ai pazienti, si conviene di suddividere il bacino in sotto ambiti di circa 8.500 assistiti in modo che ad uno stesso gruppo di MMG\/PLS possa essere collegato sempre uno stesso medico dell\u2019U.S.C.A. L\u2019attivit\u00e0 domiciliare dei medici dell\u2019U.S.C.A. verr\u00e0 effettuata preferibilmente con accesso congiunto con un infermiere del Servizio di Assistenza Domiciliare del Distretto o della Medicina di Gruppo Integrata qualora insista nel bacino di riferimento.\u00a0Con il nuovo Piano, viene poi modificata l\u2019attuazione della sorveglianza attiva rivolta ai soggetti asintomatici e quella rivolta ai soggetti sintomatici: la Sorveglianza Attiva rivolta ai soggetti \u201casintomatici\u201d passer\u00e0 gradualmente ed in parte dall\u2019attivit\u00e0 dei Servizi Igiene e Sanit\u00e0 Pubblica (SISP) al Servizio di Telesoccorso che si occuper\u00e0 di chiamare giornalmente tutti i soggetti asintomatici, con l\u2019utilizzo di strumenti operativi forniti dal SISP (Servizio Igiene e Sanit\u00e0 Pubblica). Nel momento in cui viene rilevato che un soggetto presenta sintomi, questo deve essere segnalato al SISP di riferimento per l\u2019attivazione delle azioni conseguenti.<span class=\"Apple-converted-space\">\u00a0 <\/span>La sorveglianza potr\u00e0 essere condotta anche tramite \u201cAPP\u201d gi\u00e0 attiva con altre finalit\u00e0, di propriet\u00e0 intellettuale regionale e gi\u00e0 in uso ai nostri cittadini, che potrebbe essere facilmente integrata con le funzionalit\u00e0 per\u00a0\u201cl\u2019auto\u00a0monitoraggio\u201d dei pazienti in isolamento domiciliare fiduciario.<span class=\"Apple-converted-space\">\u00a0\u00a0<\/span>La Sorveglianza Attiva rivolta ai soggetti \u201csintomatici\u201d (segnalati per \u201cpositivit\u00e0 del saggio diagnostico\u201d su richiesta del Medico di Medicina Generale o altri medici, o soggetti sintomatici contatti di casi positivi)<span class=\"Apple-converted-space\">\u00a0 <\/span>comporter\u00e0 anche la valutazione a domicilio del paziente per effettuare il tampone e per la valutazione dell\u2019applicazione dei protocolli terapeutici sperimentali per evitare il peggioramento de4lle condizioni cliniche del paziente.\u00a0Il piano prevede anche la ricerca di soggetti \u201cpositivi\u201d nei lavoratori dei Servizi Essenziali per ridurre la circolazione del virus e aumentare la sicurezza degli operatori.\u00a0Particolare attenzione viene inoltre rivolta alle Strutture Residenziali per Anziani\u201d sia per quanto riguarda gli operatori che per gli ospiti.\u00a0Oltre alle azioni gi\u00e0 in atto, si aggiunge un\u2019azione di Valutazione del rischio mirata per struttura che deve essere effettuata da un \u201cteam\u201d costituito da personale del Servizio di Igiene e Sanit\u00e0 Pubblica, dell\u2019Unit\u00e0 Operativa di Cure Primarie e dei Servizi Sociali al fine di giungere alla definizione di un \u201cPiano di Sanit\u00e0 Pubblica\u201d specifico per queste strutture e che riguardi l\u2019isolamento dei pazienti, la gestione dei Dispositivi di Protezione Individuale e la gestione del personale, da attuare a cura del Direttore dei Servizi Socio-Sanitari.\u00a0Le azioni potrebbero anche prevedere l\u2019intervento delle USCA e\/o di Team di medici specialisti o altri interventi specifici. Indispensabile sar\u00e0 inoltre il controllo circa l\u2019adempimento delle indicazioni fornite ad ogni singola RSA.<\/p>\n<p><strong>IL DOCUMENTO<\/strong><\/p>\n<div class=\"su-document su-u-responsive-media-yes\"><iframe loading=\"lazy\" src=\"\/\/docs.google.com\/viewer?embedded=true&url=https:\/\/www.radiopiu.net\/wordpress\/wp-content\/uploads\/2020\/03\/PIANO-SANITA-PUBBLICA-30-MARZO.pdf\" width=\"600\" height=\"800\" class=\"su-document\" title=\"Decreto 20.02.2020\"><\/iframe><\/div>\n<p>&nbsp;<\/p>\n<hr \/>\n<p>&nbsp;<\/p>\n<blockquote>\n<h3>ULSS 1: TERAPIA DEL DOLORE<\/h3>\n<\/blockquote>\n<p><b><a class=\"dt-pswp-item\" href=\"https:\/\/www.radiopiu.net\/wordpress\/wp-content\/uploads\/2020\/03\/TERAPIA-DOLORE-BELLUNO.jpg\" data-dt-img-description=\"\" data-large_image_width=\"1240\" data-large_image_height=\"930\"><img loading=\"lazy\" decoding=\"async\" class=\"size-medium wp-image-126209 alignleft\" src=\"https:\/\/www.radiopiu.net\/wordpress\/wp-content\/uploads\/2020\/03\/TERAPIA-DOLORE-BELLUNO-300x225.jpg\" alt=\"\" width=\"300\" height=\"225\" srcset=\"https:\/\/www.radiopiu.net\/wordpress\/wp-content\/uploads\/2020\/03\/TERAPIA-DOLORE-BELLUNO-300x225.jpg 300w, https:\/\/www.radiopiu.net\/wordpress\/wp-content\/uploads\/2020\/03\/TERAPIA-DOLORE-BELLUNO-1024x768.jpg 1024w, https:\/\/www.radiopiu.net\/wordpress\/wp-content\/uploads\/2020\/03\/TERAPIA-DOLORE-BELLUNO-768x576.jpg 768w, https:\/\/www.radiopiu.net\/wordpress\/wp-content\/uploads\/2020\/03\/TERAPIA-DOLORE-BELLUNO.jpg 1240w\" sizes=\"auto, (max-width: 300px) 100vw, 300px\" \/><\/a>BELLUNO<\/b>. Consulenze algologiche in telemdicina.\u00a0La Federdolore-SICD,\u00a0 nella persona del suo presidente Prof. Giuliano De Carolis ,\u00a0ha chiesto alla UOSD di Terapia del Dolore di Belluno, diretta dalla dottoressa Teresa Battistini, l&#8217;adesione\u00a0a fornire una reperibilit\u00e0 telefonica sul territorio nazionale per fornire un servizio di consulenza algologica telefonica\u00a0a disposizione dei Medici di Medicina Generale con un numero verde gratuito attivo dal luned\u00ec\u00a0al venerdi\u00a0dalla h.15 alle h.18 a partire dal 1 aprile. Oltre a questa attivit\u00e0, La Terapia del Dolore sta continuando a lavorare nell&#8217;ambito del Dolore garantendo urgenze e visite in Priorit\u00e0 B., Garantendo l&#8217;impianto\u00a0di dispositivi per l&#8217;infusione dei farmaci chemioterapici ai pazienti oncologici, e eseguendo telefonicamente le\u00a0 visite di Controllo ( programmate) per la terapia del dolore . \u00ab<em>Con questa attivit\u00e0 riusciamo a garantire un servizio ai nostri pazienti affetti da dolore grave interagendo con loro e in caso di necessit\u00e0 con i medici di base aiutando cos\u00ec\u00a0 i nostri pazienti in questo\u00a0momento di emergenza nella gestione delle problematiche di nostra competenza<\/em>\u00bb, spiega la dottoressa Battistini.<\/p>\n<p>&nbsp;<\/p>\n<p>&nbsp;<\/p>\n<p>&nbsp;<\/p>\n<p>&nbsp;<\/p>\n<p>&nbsp;<\/p>\n<p>&nbsp;<\/p>\n<p>&nbsp;<\/p>\n<hr \/>\n<p>&nbsp;<\/p>\n<div class=\"page-title-head hgroup\">\n<blockquote>\n<h3 class=\"entry-title\">LA BATTAGLIA CONTRO IL VIRUS IN RIVA AL LAGO<\/h3>\n<\/blockquote>\n<\/div>\n<div class=\"page-title-breadcrumbs\">\n<p><strong>ALLEGHE<\/strong> Distribuzione delle mascherine in corso ad Alleghe, operazione coordinata dal Comune con la collaborazione della Protezione Civile, Soccorso Alpino, il meglio del nostro volontariato.<\/p>\n<p class=\"photoswipe-wrapper\"><a class=\"dt-pswp-item pspw-wrap-ready\" href=\"https:\/\/i0.wp.com\/www.radiopiu.net\/wordpress\/wp-content\/uploads\/2020\/03\/WhatsApp-Image-2020-03-30-at-10.18.10-1.jpeg?ssl=1\" data-dt-img-description=\"\" data-large_image_width=\"1488\" data-large_image_height=\"1984\"><img loading=\"lazy\" decoding=\"async\" class=\"alignnone wp-image-126141 jetpack-lazy-image jetpack-lazy-image--handled\" src=\"https:\/\/i0.wp.com\/www.radiopiu.net\/wordpress\/wp-content\/uploads\/2020\/03\/WhatsApp-Image-2020-03-30-at-10.18.10-1.jpeg?resize=227%2C303&amp;ssl=1\" sizes=\"auto, (max-width: 227px) 100vw, 227px\" srcset=\"https:\/\/i0.wp.com\/www.radiopiu.net\/wordpress\/wp-content\/uploads\/2020\/03\/WhatsApp-Image-2020-03-30-at-10.18.10-1.jpeg?resize=768%2C1024&amp;ssl=1 768w, https:\/\/i0.wp.com\/www.radiopiu.net\/wordpress\/wp-content\/uploads\/2020\/03\/WhatsApp-Image-2020-03-30-at-10.18.10-1.jpeg?resize=225%2C300&amp;ssl=1 225w, https:\/\/i0.wp.com\/www.radiopiu.net\/wordpress\/wp-content\/uploads\/2020\/03\/WhatsApp-Image-2020-03-30-at-10.18.10-1.jpeg?resize=1152%2C1536&amp;ssl=1 1152w, https:\/\/i0.wp.com\/www.radiopiu.net\/wordpress\/wp-content\/uploads\/2020\/03\/WhatsApp-Image-2020-03-30-at-10.18.10-1.jpeg?w=1488&amp;ssl=1 1488w\" alt=\"\" width=\"227\" height=\"303\" data-recalc-dims=\"1\" data-lazy-loaded=\"1\" \/><\/a><a class=\"dt-pswp-item pspw-wrap-ready\" href=\"https:\/\/i2.wp.com\/www.radiopiu.net\/wordpress\/wp-content\/uploads\/2020\/03\/WhatsApp-Image-2020-03-30-at-10.18.10-2.jpeg?ssl=1\" data-dt-img-description=\"\" data-large_image_width=\"1488\" data-large_image_height=\"1984\"><img loading=\"lazy\" decoding=\"async\" class=\"alignnone wp-image-126142 jetpack-lazy-image jetpack-lazy-image--handled\" src=\"https:\/\/i2.wp.com\/www.radiopiu.net\/wordpress\/wp-content\/uploads\/2020\/03\/WhatsApp-Image-2020-03-30-at-10.18.10-2.jpeg?resize=227%2C303&amp;ssl=1\" sizes=\"auto, (max-width: 227px) 100vw, 227px\" srcset=\"https:\/\/i2.wp.com\/www.radiopiu.net\/wordpress\/wp-content\/uploads\/2020\/03\/WhatsApp-Image-2020-03-30-at-10.18.10-2.jpeg?resize=768%2C1024&amp;ssl=1 768w, https:\/\/i2.wp.com\/www.radiopiu.net\/wordpress\/wp-content\/uploads\/2020\/03\/WhatsApp-Image-2020-03-30-at-10.18.10-2.jpeg?resize=225%2C300&amp;ssl=1 225w, https:\/\/i2.wp.com\/www.radiopiu.net\/wordpress\/wp-content\/uploads\/2020\/03\/WhatsApp-Image-2020-03-30-at-10.18.10-2.jpeg?resize=1152%2C1536&amp;ssl=1 1152w, https:\/\/i2.wp.com\/www.radiopiu.net\/wordpress\/wp-content\/uploads\/2020\/03\/WhatsApp-Image-2020-03-30-at-10.18.10-2.jpeg?w=1488&amp;ssl=1 1488w\" alt=\"\" width=\"227\" height=\"303\" data-recalc-dims=\"1\" data-lazy-loaded=\"1\" \/><\/a><\/p>\n<p>&nbsp;<\/p>\n<hr \/>\n<\/div>\n<p>&nbsp;<\/p>\n<p>&nbsp;<\/p>\n<div class=\"page-title-breadcrumbs\">\n<blockquote>\n<h3>SONO RIPRESI I LAVORI IN PIAZZA DELLA LIBERTA&#8217; AD AGORDO<\/h3>\n<\/blockquote>\n<p><strong>AGORDO<\/strong> Restyling della piazza seconda parte. Lavori ripresi alla grande come anticipato dall\u2019assessore Claudio Sito nel notiziario di ieri sera a RADIO PIU\u2019 che riproponiamo<\/p>\n<div id=\"mep_0\" class=\"mejs-container mejs-container-keyboard-inactive wp-audio-shortcode mejs-audio mejs-hide-cues\" tabindex=\"0\" role=\"application\" aria-label=\"Audio Player\">\n<div class=\"mejs-inner\">\n<p class=\"photoswipe-wrapper\"><a class=\"dt-pswp-item pspw-wrap-ready\" href=\"https:\/\/i1.wp.com\/www.radiopiu.net\/wordpress\/wp-content\/uploads\/2020\/03\/WhatsApp-Image-2020-03-30-at-13.10.06.jpeg?ssl=1\" data-dt-img-description=\"\" data-large_image_width=\"1200\" data-large_image_height=\"1600\"><img loading=\"lazy\" decoding=\"async\" class=\"alignnone wp-image-126147 jetpack-lazy-image jetpack-lazy-image--handled\" src=\"https:\/\/i1.wp.com\/www.radiopiu.net\/wordpress\/wp-content\/uploads\/2020\/03\/WhatsApp-Image-2020-03-30-at-13.10.06.jpeg?resize=136%2C182&amp;ssl=1\" sizes=\"auto, (max-width: 136px) 100vw, 136px\" srcset=\"https:\/\/i1.wp.com\/www.radiopiu.net\/wordpress\/wp-content\/uploads\/2020\/03\/WhatsApp-Image-2020-03-30-at-13.10.06.jpeg?resize=768%2C1024&amp;ssl=1 768w, https:\/\/i1.wp.com\/www.radiopiu.net\/wordpress\/wp-content\/uploads\/2020\/03\/WhatsApp-Image-2020-03-30-at-13.10.06.jpeg?resize=225%2C300&amp;ssl=1 225w, https:\/\/i1.wp.com\/www.radiopiu.net\/wordpress\/wp-content\/uploads\/2020\/03\/WhatsApp-Image-2020-03-30-at-13.10.06.jpeg?resize=1152%2C1536&amp;ssl=1 1152w, https:\/\/i1.wp.com\/www.radiopiu.net\/wordpress\/wp-content\/uploads\/2020\/03\/WhatsApp-Image-2020-03-30-at-13.10.06.jpeg?w=1200&amp;ssl=1 1200w\" alt=\"\" width=\"136\" height=\"182\" data-recalc-dims=\"1\" data-lazy-loaded=\"1\" \/><\/a><a class=\"dt-pswp-item pspw-wrap-ready\" href=\"https:\/\/i0.wp.com\/www.radiopiu.net\/wordpress\/wp-content\/uploads\/2020\/03\/WhatsApp-Image-2020-03-30-at-13.07.37.jpeg?ssl=1\" data-dt-img-description=\"\" data-large_image_width=\"1600\" data-large_image_height=\"1200\"><img loading=\"lazy\" decoding=\"async\" class=\"alignnone wp-image-126148 jetpack-lazy-image jetpack-lazy-image--handled\" src=\"https:\/\/i0.wp.com\/www.radiopiu.net\/wordpress\/wp-content\/uploads\/2020\/03\/WhatsApp-Image-2020-03-30-at-13.07.37.jpeg?resize=242%2C182&amp;ssl=1\" sizes=\"auto, (max-width: 242px) 100vw, 242px\" srcset=\"https:\/\/i0.wp.com\/www.radiopiu.net\/wordpress\/wp-content\/uploads\/2020\/03\/WhatsApp-Image-2020-03-30-at-13.07.37.jpeg?resize=1024%2C768&amp;ssl=1 1024w, https:\/\/i0.wp.com\/www.radiopiu.net\/wordpress\/wp-content\/uploads\/2020\/03\/WhatsApp-Image-2020-03-30-at-13.07.37.jpeg?resize=300%2C225&amp;ssl=1 300w, https:\/\/i0.wp.com\/www.radiopiu.net\/wordpress\/wp-content\/uploads\/2020\/03\/WhatsApp-Image-2020-03-30-at-13.07.37.jpeg?resize=768%2C576&amp;ssl=1 768w, https:\/\/i0.wp.com\/www.radiopiu.net\/wordpress\/wp-content\/uploads\/2020\/03\/WhatsApp-Image-2020-03-30-at-13.07.37.jpeg?resize=1536%2C1152&amp;ssl=1 1536w, https:\/\/i0.wp.com\/www.radiopiu.net\/wordpress\/wp-content\/uploads\/2020\/03\/WhatsApp-Image-2020-03-30-at-13.07.37.jpeg?w=1600&amp;ssl=1 1600w\" alt=\"\" width=\"242\" height=\"182\" data-recalc-dims=\"1\" data-lazy-loaded=\"1\" \/><\/a><a class=\"dt-pswp-item pspw-wrap-ready\" href=\"https:\/\/i2.wp.com\/www.radiopiu.net\/wordpress\/wp-content\/uploads\/2020\/03\/WhatsApp-Image-2020-03-30-at-13.06.55.jpeg?ssl=1\" data-dt-img-description=\"\" data-large_image_width=\"1600\" data-large_image_height=\"1200\"><img loading=\"lazy\" decoding=\"async\" class=\"alignnone wp-image-126149 jetpack-lazy-image jetpack-lazy-image--handled\" src=\"https:\/\/i2.wp.com\/www.radiopiu.net\/wordpress\/wp-content\/uploads\/2020\/03\/WhatsApp-Image-2020-03-30-at-13.06.55.jpeg?resize=240%2C180&amp;ssl=1\" sizes=\"auto, (max-width: 240px) 100vw, 240px\" srcset=\"https:\/\/i2.wp.com\/www.radiopiu.net\/wordpress\/wp-content\/uploads\/2020\/03\/WhatsApp-Image-2020-03-30-at-13.06.55.jpeg?resize=1024%2C768&amp;ssl=1 1024w, https:\/\/i2.wp.com\/www.radiopiu.net\/wordpress\/wp-content\/uploads\/2020\/03\/WhatsApp-Image-2020-03-30-at-13.06.55.jpeg?resize=300%2C225&amp;ssl=1 300w, https:\/\/i2.wp.com\/www.radiopiu.net\/wordpress\/wp-content\/uploads\/2020\/03\/WhatsApp-Image-2020-03-30-at-13.06.55.jpeg?resize=768%2C576&amp;ssl=1 768w, https:\/\/i2.wp.com\/www.radiopiu.net\/wordpress\/wp-content\/uploads\/2020\/03\/WhatsApp-Image-2020-03-30-at-13.06.55.jpeg?resize=1536%2C1152&amp;ssl=1 1536w, https:\/\/i2.wp.com\/www.radiopiu.net\/wordpress\/wp-content\/uploads\/2020\/03\/WhatsApp-Image-2020-03-30-at-13.06.55.jpeg?w=1600&amp;ssl=1 1600w\" alt=\"\" width=\"240\" height=\"180\" data-recalc-dims=\"1\" data-lazy-loaded=\"1\" \/><\/a><\/p>\n<\/div>\n<p>&nbsp;<\/p>\n<div class=\"mejs-inner\">\n<p>&nbsp;<\/p>\n<hr \/>\n<\/div>\n<\/div>\n<\/div>\n<div><\/div>\n<div><\/div>\n<div>\n<div class=\"page-title-head hgroup\">\n<blockquote>\n<h3 class=\"entry-title\">I VOLONTARI CONSEGNANO SPESA E MASCHERINE A ROCCA PIETORE<\/h3>\n<\/blockquote>\n<\/div>\n<div class=\"page-title-breadcrumbs\"><\/div>\n<\/div>\n<div><strong><a class=\"dt-pswp-item\" href=\"https:\/\/www.radiopiu.net\/wordpress\/wp-content\/uploads\/2020\/03\/7c2784fd-7321-41f8-a036-6f5fbb2e45e5.jpg\" data-dt-img-description=\"\" data-large_image_width=\"1200\" data-large_image_height=\"1600\"><img loading=\"lazy\" decoding=\"async\" class=\" wp-image-126222 alignleft\" src=\"https:\/\/www.radiopiu.net\/wordpress\/wp-content\/uploads\/2020\/03\/7c2784fd-7321-41f8-a036-6f5fbb2e45e5-225x300.jpg\" alt=\"\" width=\"111\" height=\"148\" srcset=\"https:\/\/www.radiopiu.net\/wordpress\/wp-content\/uploads\/2020\/03\/7c2784fd-7321-41f8-a036-6f5fbb2e45e5-225x300.jpg 225w, https:\/\/www.radiopiu.net\/wordpress\/wp-content\/uploads\/2020\/03\/7c2784fd-7321-41f8-a036-6f5fbb2e45e5-768x1024.jpg 768w, https:\/\/www.radiopiu.net\/wordpress\/wp-content\/uploads\/2020\/03\/7c2784fd-7321-41f8-a036-6f5fbb2e45e5-1152x1536.jpg 1152w, https:\/\/www.radiopiu.net\/wordpress\/wp-content\/uploads\/2020\/03\/7c2784fd-7321-41f8-a036-6f5fbb2e45e5.jpg 1200w\" sizes=\"auto, (max-width: 111px) 100vw, 111px\" \/><\/a>ROCCA PIETORE<\/strong> Anche a Rocca Pietore, in queste giornate nuovamente di emergenza, ci si \u00e8 attivati per aiutare le persone pi\u00f9 deboli e in difficolt\u00e0. Grazie all\u2019aiuto dei volontari delle associazioni Ambulanza, Vigili del Fuoco e Soccorso Alpino e con la collaborazione della farmacia di Caprile e dei negozi di alimentari del territorio (che in questa occasione stanno dimostrando tutta la loro importanza) l\u2019amministrazione ha organizzato le consegne a domicilio a chiamata per i generi di prima necessit\u00e0. \u201cRingrazio i colleghi consiglieri comunali e tutti i volontari invitando sempre la popolazione a rimanere il pi\u00f9 possibile a casa\u201d dice il sindaco Andrea De Bernardin<\/div>\n<div><\/div>\n<div><\/div>\n<div class=\"page-title-breadcrumbs\">\n<div id=\"mep_0\" class=\"mejs-container mejs-container-keyboard-inactive wp-audio-shortcode mejs-audio mejs-hide-cues\" tabindex=\"0\" role=\"application\" aria-label=\"Audio Player\">\n<div class=\"mejs-inner\">\n<div>\n<hr \/>\n<\/div>\n<\/div>\n<\/div>\n<blockquote>\n<h3><\/h3>\n<h3>SUPPORTO ALLE PERSONE DIMESSE DALL&#8217;OSPEDALE CHE NECESSITANO DI ISOLAMENTO FIDUCIARIO<\/h3>\n<\/blockquote>\n<p><strong><a class=\"dt-pswp-item\" href=\"https:\/\/www.radiopiu.net\/wordpress\/wp-content\/uploads\/2020\/03\/32705317-ac82-43e2-bddc-44f48b7f57da.jpg\" data-dt-img-description=\"\" data-large_image_width=\"1706\" data-large_image_height=\"890\"><img loading=\"lazy\" decoding=\"async\" class=\"size-medium wp-image-126191 alignleft\" src=\"https:\/\/www.radiopiu.net\/wordpress\/wp-content\/uploads\/2020\/03\/32705317-ac82-43e2-bddc-44f48b7f57da-300x157.jpg\" alt=\"\" width=\"300\" height=\"157\" srcset=\"https:\/\/www.radiopiu.net\/wordpress\/wp-content\/uploads\/2020\/03\/32705317-ac82-43e2-bddc-44f48b7f57da-300x157.jpg 300w, https:\/\/www.radiopiu.net\/wordpress\/wp-content\/uploads\/2020\/03\/32705317-ac82-43e2-bddc-44f48b7f57da-1024x534.jpg 1024w, https:\/\/www.radiopiu.net\/wordpress\/wp-content\/uploads\/2020\/03\/32705317-ac82-43e2-bddc-44f48b7f57da-768x401.jpg 768w, https:\/\/www.radiopiu.net\/wordpress\/wp-content\/uploads\/2020\/03\/32705317-ac82-43e2-bddc-44f48b7f57da-1536x801.jpg 1536w, https:\/\/www.radiopiu.net\/wordpress\/wp-content\/uploads\/2020\/03\/32705317-ac82-43e2-bddc-44f48b7f57da.jpg 1706w\" sizes=\"auto, (max-width: 300px) 100vw, 300px\" \/><\/a>FELTRE<\/strong>\u00a0Quattro unit\u00e0 abitative, due delle quali attrezzate anche per persone con disabilit\u00e0, sono da oggi a disposizione delle persone positive al Covid-19 dimesse dall&#8217;ospedale e che dovessero avere bisogno di alloggi adeguati dove soggiornare durante il periodo di quarantena.\u00a0Le ha messe a disposizione il Comune di Feltre d&#8217;intesa con l&#8217;Azienda Feltrina per i Servizi alla Persona, individuando i locali presso \u201cCasa Coletti\u201d, la struttura di accoglienza che fa parte del complesso dell&#8217;Istituto Carenzoni.\u00a0Sar\u00e0 l\u2019ULSS 1 \u201cDolomiti\u201d a segnalare all&#8217;Azienda Feltrina, al momento delle dimissioni, eventuali casi di necessit\u00e0 affinch\u00e9 possa essere attivato il supporto abitativo.<\/p>\n<p><strong>IL SINDACO DI FELTRE PAOLO PERENZIN<\/strong><\/p>\n<\/div>\n<audio class=\"wp-audio-shortcode\" id=\"audio-126072-4\" preload=\"none\" style=\"width: 100%;\" controls=\"controls\"><source type=\"audio\/mpeg\" src=\"https:\/\/www.radiopiu.net\/wordpress\/wp-content\/uploads\/2020\/03\/Perenzin-su-appti-Casa-Coletti.mp3?_=4\" \/><a href=\"https:\/\/www.radiopiu.net\/wordpress\/wp-content\/uploads\/2020\/03\/Perenzin-su-appti-Casa-Coletti.mp3\">https:\/\/www.radiopiu.net\/wordpress\/wp-content\/uploads\/2020\/03\/Perenzin-su-appti-Casa-Coletti.mp3<\/a><\/audio>\n<p>&nbsp;<\/p>\n<p>&nbsp;<\/p>\n<p>&nbsp;<\/p>\n<p>&nbsp;<\/p>\n<hr \/>\n<p>&nbsp;<\/p>\n<blockquote>\n<h3>CORONAVIRUS E MISURE URGENTI DI SOLIDARIETA\u2019 ALIMENTARE. I COMUNI INCARICATI DI APPROVVIGIONAMENTO E DISTRIBUZIONE<\/h3>\n<\/blockquote>\n<p><strong><a class=\"dt-pswp-item\" href=\"https:\/\/www.radiopiu.net\/wordpress\/wp-content\/uploads\/2020\/03\/SPESA-SUPERMERCATO.jpg\" data-dt-img-description=\"\" data-large_image_width=\"1920\" data-large_image_height=\"1280\"><img loading=\"lazy\" decoding=\"async\" class=\" wp-image-126202 alignleft\" src=\"https:\/\/www.radiopiu.net\/wordpress\/wp-content\/uploads\/2020\/03\/SPESA-SUPERMERCATO-300x200.jpg\" alt=\"\" width=\"200\" height=\"133\" srcset=\"https:\/\/www.radiopiu.net\/wordpress\/wp-content\/uploads\/2020\/03\/SPESA-SUPERMERCATO-300x200.jpg 300w, https:\/\/www.radiopiu.net\/wordpress\/wp-content\/uploads\/2020\/03\/SPESA-SUPERMERCATO-1024x683.jpg 1024w, https:\/\/www.radiopiu.net\/wordpress\/wp-content\/uploads\/2020\/03\/SPESA-SUPERMERCATO-768x512.jpg 768w, https:\/\/www.radiopiu.net\/wordpress\/wp-content\/uploads\/2020\/03\/SPESA-SUPERMERCATO-1536x1024.jpg 1536w, https:\/\/www.radiopiu.net\/wordpress\/wp-content\/uploads\/2020\/03\/SPESA-SUPERMERCATO.jpg 1920w\" sizes=\"auto, (max-width: 200px) 100vw, 200px\" \/><\/a>VENEZIA<\/strong>\u00a0\u201c\u00c8 attraverso i Comuni che passa la gestione e la distribuzione di beni, previste dall\u2019ordinanza del Capo della Protezione Civile, riguardante le misure urgenti di solidariet\u00e0 alimentare. Raccomandiamo ai cittadini interessati di rivolgersi, quindi, al Comune di appartenenza ed in particolare agli uffici dei servizi sociali. La Protezione civile, sia regionale che locale, non ha alcun coinvolgimento diretto e il susseguirsi di richieste ad essa indirizzate, anche solo per informazioni, rischiano di interferire e sovraccaricare il lavoro gi\u00e0 importante che sta conducendo nelle attivit\u00e0 legate all\u2019emergenza Coronavirus\u201d. Con queste parole il Vicepresidente della Giunta regionale del Veneto, Gianluca Forcolin, assessore agli Enti Locali, si rivolge agli interessati che, numerosi, da questa mattina si rivolgono alla Protezione civile per dettagli e informazioni sulle erogazioni conseguenti all\u2019ordinanza del 20 marzo scorso.\u00a0\u201cI Comuni \u2013 prosegue il Vicepresidente \u2013 provvederanno alla gestione dell\u2019approvvigionamento dei beni e alla loro distribuzione. Sono, quindi, il riferimento esatto per ogni informazione utile da parte dei cittadini. L\u2019ordinanza, infatti, nell\u2019attribuire le risorse da destinare a misure urgenti di solidariet\u00e0 alimentare, le ripartisce tra i Comuni di ogni Regione in base al criterio della popolazione residente e a quello del reddito pro capite di ciascun Comune\u201d.\u00a0Il documento stabilisce che i Comuni, sulla base della somma destinata e di eventuali donazioni ricevute, in deroga alle procedure previste dal Codice degli Appalti (D.lgs. 50\/2016), possono procedere a:\u00a0acquisire buoni spesa, utilizzabili per l\u2019acquisto di generi alimentari presso gli esercizi commerciali il cui elenco ogni Comune pubblicher\u00e0 nel proprio sito istituzionale;\u00a0acquistare direttamente generi alimentari o prodotti di prima necessit\u00e0.<\/p>\n<p>&nbsp;<\/p>\n<hr \/>\n<p>&nbsp;<\/p>\n<p>&nbsp;<\/p>\n<blockquote>\n<h3>AL VENETO 28 MILIONI DI EURO PER IL FABBISOGNO ALIMENTARE<\/h3>\n<\/blockquote>\n<p><strong>ROMA<\/strong> Sono passati 2 giorni da quando il governo ha stanziato ai comuni dei soldi per il fabbisogno alimentare, cio\u00e8 aiutare la gente che non riesce ad arrivare a fine mese. Alla provincia di Belluno arriver\u00e0 1 milione e 100 mila euro.<\/p>\n<p><strong>ROGER DE MENECH, PARTITO DEMOCRATICO<\/strong><\/p>\n<div style=\"width: 848px;\" class=\"wp-video\"><video class=\"wp-video-shortcode\" id=\"video-126072-2\" width=\"848\" height=\"480\" preload=\"metadata\" controls=\"controls\"><source type=\"video\/mp4\" src=\"https:\/\/www.radiopiu.net\/wordpress\/wp-content\/uploads\/2020\/03\/DE-MENECH-SOLDI-COMUNI.mp4?_=2\" \/><a href=\"https:\/\/www.radiopiu.net\/wordpress\/wp-content\/uploads\/2020\/03\/DE-MENECH-SOLDI-COMUNI.mp4\">https:\/\/www.radiopiu.net\/wordpress\/wp-content\/uploads\/2020\/03\/DE-MENECH-SOLDI-COMUNI.mp4<\/a><\/video><\/div>\n<p>&nbsp;<\/p>\n<p>&nbsp;<\/p>\n<hr \/>\n<p>&nbsp;<\/p>\n<blockquote>\n<h3>BUONI SPESA AI COMUNI, BUSSONE (UNCEM): ENTI PICCOLI POTRANNO LAVORARE INSIEME E CON IL CONSORZI SOCIO-ASSISTENZIALI PER GESTIRE DOMANDE E ASSEGNAZIONI<\/h3>\n<\/blockquote>\n<p><strong><a class=\"dt-pswp-item\" href=\"https:\/\/www.radiopiu.net\/wordpress\/wp-content\/uploads\/2018\/12\/argentera_ferrere-3.jpg\" data-dt-img-description=\"\" data-large_image_width=\"865\" data-large_image_height=\"330\"><img loading=\"lazy\" decoding=\"async\" class=\"alignleft wp-image-71005 size-medium\" src=\"https:\/\/www.radiopiu.net\/wordpress\/wp-content\/uploads\/2018\/12\/argentera_ferrere-3-300x114.jpg\" alt=\"\" width=\"300\" height=\"114\" srcset=\"https:\/\/www.radiopiu.net\/wordpress\/wp-content\/uploads\/2018\/12\/argentera_ferrere-3-300x114.jpg 300w, https:\/\/www.radiopiu.net\/wordpress\/wp-content\/uploads\/2018\/12\/argentera_ferrere-3-768x293.jpg 768w, https:\/\/www.radiopiu.net\/wordpress\/wp-content\/uploads\/2018\/12\/argentera_ferrere-3.jpg 865w\" sizes=\"auto, (max-width: 300px) 100vw, 300px\" \/><\/a>ROMA<\/strong> &#8220;<em>Ringrazio il Ministro Boccia e il Capo Dipartimento Borrelli per aver accolto la nostra segnalazione, nell&#8217;Ordinanza sui buoni spesa, e di aver lasciato\u00a0ai Comuni una buona autonomia nel gestire la &#8216;solidariet\u00e0 alimentare&#8217;, i buoni spesa previsti sabato sera dal Governo con\u00a0400 milioni di euro. Saranno i Sindaci a gestire gli aiuti e abbiamo fatto prevedere possano utilizzare, per supporto e operativit\u00e0, i Consorzi o gli altri Enti che si occupano di socio-assistenziale. Molti piccoli Comuni hanno la funzione sociale in forma associata, con l&#8217;Unione montana la Comunit\u00e0 montana<\/em>&#8220;.\u00a0Lo afferma Marco Bussone, Presidente nazionale Uncem.\u00a0L&#8217;80% del fondo, 320 milioni, \u00e8 diviso fra tutti i Comuni in proporzione alla popolazione. Gli altri 80 milioni seguono la geografia della povert\u00e0, e sono distribuiti in base a un parametro che misura la distanza fra il reddito medio pro capite di ogni Comune e il reddito medio pro capite nazionale. Nessun Comune, nemmeno il pi\u00f9 piccolo potr\u00e0 ricevere meno di 600 euro. I Comuni potranno usare questi soldi per l\u2019acquisto di buoni spesa o per raccogliere direttamente generi alimentari di prima necessit\u00e0 da distribuire ai cittadini. I Comuni possono aprire dei conti correnti dedicati per raccogliere le donazioni per la solidariet\u00e0 alimentare.\u00a0tutta la gestione \u00e8 affidata ai sindaci, a cui vengono lasciate le mani libere: anche per l\u2019acquisto dei buoni spesa, che potr\u00e0 essere effettuato rivolgendosi direttamente agli esercenti e alla grande distribuzione. &#8220;<em>\u00c8 importante permettere ai Sindaci, se lo vogliono &#8211; prosegue Bussone &#8211; di gestire in forma associata questa partita. I piccoli Comuni, in particolare con il personale in smart working, da soli non ce la fanno. I Sindaci possono usare il sistema del sociale, il terzo settore e anche le forme aggregative sovracomunali. Lo abbiamo chiesto e ottenuto per facilitare una missione complessa quanto urgente<\/em>&#8220;.<\/p>\n<p>&nbsp;<\/p>\n<h3>BUONI SPESA AI COMUNI, UNCEM: PROBLEMA NON E&#8217; CIFRA, MA MODALITA&#8217; DI SELEZIONE DEI BENEFICIARI, CRITERI E COORDINAMENTO TERRITORIALE. SIAMO AL LAVORO A FIANCO DEGLI ENTI<\/h3>\n<p><strong>ROMA<\/strong>. &#8220;Molti esponenti politici, nelle ultime ore, stanno stigmatizzando il provvedimento nazionale sulla solidariet\u00e0 alimentare, perch\u00e9 secondo loro dotato di risorse non sufficienti. Si tratta finora di 400 milioni di euro disponibili a livello nazionali, ripartiti agli Enti territoriali nell&#8217;Ordinanza oggi in Gazzetta Ufficiale, che i singoli Comuni possono implementare e per i quali \u00e8 prevista anche un&#8217;implementazione con donazioni di privati, imprese e cittadini, associazioni. Il punto per\u00f2 non sono le tante o poche risorse. Il vero nodo che i Comuni stanno cercando di sciogliere \u00e8 come gestire queste risorse. \u00c8 infatti noto che i piccoli Comuni hanno gli uffici chiusi, il personale in smart working fuori dai municipi. Prima criticit\u00e0, \u00e8 appunto dove i potenziali beneficiari andranno a presentare la domanda. Secondo punto, sono i criteri e le modalit\u00e0 di assegnazione. Su questo fronte abbiamo suggerito ai nostri Comuni di lavorare insieme, a livello sovracomunale con le Unioni montane o le Comunit\u00e0 montane. E di agire insieme agli enti gestori dei servizi sociali, a Caritas o altre associazioni che da sempre gestiscono per l&#8217;acquisto l&#8217;assegnazione di pacchi alimentari ai non abbienti, utilizzando i negozi dei paesi, di prossimit\u00e0. Ecco perch\u00e9 il punto non \u00e8 la quantit\u00e0 di soldi disponibile. Chi dice che il problema \u00e8 questo si informi meglio. L&#8217;operazione dei buoni spesa \u00e8 molto complessa e servono indicazioni e criteri che i Sindaci stanno costruendo anche con il supporto di Uncem&#8221;.\u00a0Lo afferma il Presidente Uncem, Marco Bussone.<\/p>\n<p>&nbsp;<\/p>\n<p>&nbsp;<\/p>\n<hr \/>\n<p>&nbsp;<\/p>\n<p><b>DONAZZAN: \u201cTROPPI LAVORATORI SENZA AMMORTIZZATORI SOCIALI, TRA QUESTI GLI EDUCATORI D\u2019INFANZIA DELLE IPAB<\/b><\/p>\n<p><strong><a class=\"dt-pswp-item\" href=\"https:\/\/www.radiopiu.net\/wordpress\/wp-content\/uploads\/2016\/02\/l43-donazzan-150526182134_medium.jpg\" data-dt-img-description=\"\" data-large_image_width=\"420\" data-large_image_height=\"315\"><img loading=\"lazy\" decoding=\"async\" class=\" wp-image-17008 alignleft\" src=\"https:\/\/www.radiopiu.net\/wordpress\/wp-content\/uploads\/2016\/02\/l43-donazzan-150526182134_medium-300x225.jpg\" alt=\"\" width=\"224\" height=\"168\" \/><\/a>VENEZIA<\/strong>\u00a0Un assegno straordinario ad hoc, attingendo ai fondi della programmazione regionale Fse, per garantire una forma di ammortizzatore sociale anche i dipendenti delle Ipab per l\u2019infanzia, a casa da fine febbraio a causa dell\u2019emergenza Coronavirus. E\u2019 l\u2019ipotesi allo studio dell\u2019assessore regionale al lavoro e alla scuola, Elena Donazzan. D\u2019intesa con la collega alla sanit\u00e0 e al sociale Manuela Lanzarin, la titolare delle politiche per il lavoro ha incaricato la Direzione dell\u2019Area Capitale Umano-Cultura della Regione Veneto di quantificare le risorse non ancora impegnate ed utilizzate del Fondo Sociale Europeo e di studiarne il reindirizzo a favore di educatori, educatrici e personale di servizio delle Ipab, che gestiscono servizi per l\u2019infanzia. Sono una cinquantina in Veneto le Istituzioni Pubbliche di Assistenza e di Beneficenza, che offrono asili nido, scuole d\u2019infanzia, servizi educativi per bambini e adolescenti.\u00a0\u201c<em>Gli ammortizzatori sociali in deroga introdotti dal governo non coprono molte categorie di lavoratori colpite dalle sospensioni, e tra questi i dipendenti delle scuole paritarie gestite da Ipab\u201d,<span class=\"Apple-converted-space\">\u00a0 <\/span>spiega<span class=\"Apple-converted-space\">\u00a0 <\/span>Donazzan. \u201cIl decreto-legge, che in queste ore \u00e8 in fase di conversione in legge in Parlamento e per il quale ho chiesto un aumento delle risorse assegnate al Veneto (anche alla luce dell\u2019introduzione anticipata di alcune limitazioni alle attivit\u00e0 economiche a causa dell\u2019emergenza COVID-19 avvenuta nella nostra regione), non contempla questa categoria di lavoratori<\/em>\u201d.<\/p>\n<p>&nbsp;<\/p>\n<p>&nbsp;<\/p>\n<p>&nbsp;<\/p>\n<hr \/>\n<h2><\/h2>\n<h2>Laurent Vacherot lascia, Paul du Saillant gli succede in EssilorLuxottica<\/h2>\n<p><strong><a class=\"dt-pswp-item\" href=\"https:\/\/www.radiopiu.net\/wordpress\/wp-content\/uploads\/2020\/03\/3034a198-1837-4182-af84-edf17603d66d.jpg\" data-dt-img-description=\"\" data-large_image_width=\"1440\" data-large_image_height=\"960\"><img loading=\"lazy\" decoding=\"async\" class=\"wp-image-126351 alignleft\" src=\"https:\/\/www.radiopiu.net\/wordpress\/wp-content\/uploads\/2020\/03\/3034a198-1837-4182-af84-edf17603d66d-1024x683.jpg\" alt=\"\" width=\"216\" height=\"144\" srcset=\"https:\/\/www.radiopiu.net\/wordpress\/wp-content\/uploads\/2020\/03\/3034a198-1837-4182-af84-edf17603d66d-1024x683.jpg 1024w, https:\/\/www.radiopiu.net\/wordpress\/wp-content\/uploads\/2020\/03\/3034a198-1837-4182-af84-edf17603d66d-300x200.jpg 300w, https:\/\/www.radiopiu.net\/wordpress\/wp-content\/uploads\/2020\/03\/3034a198-1837-4182-af84-edf17603d66d-768x512.jpg 768w, https:\/\/www.radiopiu.net\/wordpress\/wp-content\/uploads\/2020\/03\/3034a198-1837-4182-af84-edf17603d66d.jpg 1440w\" sizes=\"auto, (max-width: 216px) 100vw, 216px\" \/><\/a>FRANCIA<\/strong>\u00a0 Il Consiglio di Amministrazione di EssilorLuxottica, riunitosi oggi, ha cooptato Paul du Saillant come nuovo amministratore della Societ\u00e0 al posto di Laurent Vacherot, in precedenza CEO di Essilor International, che lascia l\u2019incarico. Con effetto immediato, du Saillant assumer\u00e0 le responsabilit\u00e0 di Vacherot, incluso il ruolo di CEO di Essilor<br \/>\nInternational e i poteri delegati a Vacherot il 13 maggio 2019 da Leonardo Del Vecchio, Presidente Esecutivo e Hubert Sagni\u00e8res, Vicepresidente Esecutivo. In questa veste, lavorer\u00e0 direttamente con Francesco Milleri, Vicepresidente e Amministratore Delegato di Luxottica, per implementare e attuare le strategie e il processo di integrazione di EssilorLuxottica. Alla luce dell&#8217;attuale epidemia di COVID-19, il Consiglio di Amministrazione ha anche deciso di rinviare l&#8217;Assemblea annuale degli azionisti prevista per il 15 maggio 2020 al 25 giugno 2020 e di tenerla a porte<br \/>\nchiuse. Inoltre, il Consiglio di Amministrazione ha deciso di sottoporre a nuova valutazione, da effettuarsi in una<br \/>\ndata successiva, la precedente decisione sulla distribuzione del dividendo annunciata il 6 marzo 2020.<br \/>\nIn tale data, il Consiglio di Amministrazione decider\u00e0 se confermare, ridurre o cancellare il dividendo in<br \/>\nbase all&#8217;evoluzione della situazione.<\/p>\n<p>&nbsp;<\/p>\n<hr \/>\n<p>&nbsp;<\/p>\n<blockquote>\n<h3>PROCAFF\u00c8 DONA QUATTRO MACCHINE DA CAFF\u00c8 ALLA PROVINCIA PER LA PROTEZIONE CIVILE<\/h3>\n<\/blockquote>\n<p><strong><a class=\"dt-pswp-item\" href=\"https:\/\/www.radiopiu.net\/wordpress\/wp-content\/uploads\/2020\/03\/IMG_0870.jpg\" data-dt-img-description=\"\" data-large_image_width=\"640\" data-large_image_height=\"480\"><img loading=\"lazy\" decoding=\"async\" class=\"size-medium wp-image-126132 alignleft\" src=\"https:\/\/www.radiopiu.net\/wordpress\/wp-content\/uploads\/2020\/03\/IMG_0870-300x225.jpg\" alt=\"\" width=\"300\" height=\"225\" srcset=\"https:\/\/www.radiopiu.net\/wordpress\/wp-content\/uploads\/2020\/03\/IMG_0870-300x225.jpg 300w, https:\/\/www.radiopiu.net\/wordpress\/wp-content\/uploads\/2020\/03\/IMG_0870.jpg 640w\" sizes=\"auto, (max-width: 300px) 100vw, 300px\" \/><\/a>BELLUNO<\/strong> La Provincia di Belluno ha ricevuto questa mattina un gradito dono, dall\u2019aroma intenso. La Procaff\u00e8 ha consegnato al presidente Padrin quattro macchine da caff\u00e8, in regalo alle squadre di Protezione Civile provinciali e alla colonna mobile, che in questo momento difficile stanno operando in supporto alla gestione dell\u2019emergenza coronavirus. \u00ab<i>Ringrazio di cuore la Procaff\u00e8, azienda storica bellunese che lo scorso anno ha celebrato il secolo di attivit\u00e0 &#8211; dice il\u00a0Presidente delle provincia Roberto Padrin &#8211; La proiezione internazionale di questa impresa non cancella il legame profondo con il territorio, anzi lo rafforza in un momento cos\u00ec difficile. Riceviamo con grande riconoscenza questo dono<\/i>\u00bb. Il pacco regalo consegnato stamattina contiene quattro macchine da caff\u00e8 semiprofessionali, con cialde, bicchierini, bustine di zucchero e tutto l\u2019occorrente per riempire migliaia di tazzine. \u00ab<em>Si tratta di macchine in grado di fare tutto quello che fanno le macchine del bar &#8211; spiega Claudio Casanova, area manager Belluno della Procaff\u00e8 -. L\u2019unica differenza \u00e8 che non sono collegate alla rete idrica, bens\u00ec a un piccolo serbatoio. Questo le rende mobili e quindi perfettamente adatte alle esigenze della Protezione Civile, sempre in prima linea. Vogliamo dimostrare vicinanza a chi si sta adoperando in queste giornate difficili: lo facciamo come possiamo, con una tazzina di buon caff\u00e8<\/em>\u00bb<\/p>\n<p>&nbsp;<\/p>\n<p>&nbsp;<\/p>\n<p>&nbsp;<\/p>\n<p>&nbsp;<\/p>\n<hr \/>\n<p>&nbsp;<\/p>\n<blockquote>\n<h3><\/h3>\n<h3>LE AZIENDE AGRICOLE POSSONO EFFETTUARE CONSEGNE A DOMICILIO<\/h3>\n<\/blockquote>\n<p><strong><a class=\"dt-pswp-item\" href=\"https:\/\/www.radiopiu.net\/wordpress\/wp-content\/uploads\/2018\/10\/formaggio.jpg\" data-dt-img-description=\"\" data-large_image_width=\"1280\" data-large_image_height=\"853\"><img loading=\"lazy\" decoding=\"async\" class=\" wp-image-65340 alignleft\" src=\"https:\/\/www.radiopiu.net\/wordpress\/wp-content\/uploads\/2018\/10\/formaggio-300x200.jpg\" alt=\"\" width=\"213\" height=\"142\" srcset=\"https:\/\/www.radiopiu.net\/wordpress\/wp-content\/uploads\/2018\/10\/formaggio-300x200.jpg 300w, https:\/\/www.radiopiu.net\/wordpress\/wp-content\/uploads\/2018\/10\/formaggio-768x512.jpg 768w, https:\/\/www.radiopiu.net\/wordpress\/wp-content\/uploads\/2018\/10\/formaggio-1024x682.jpg 1024w, https:\/\/www.radiopiu.net\/wordpress\/wp-content\/uploads\/2018\/10\/formaggio.jpg 1280w\" sizes=\"auto, (max-width: 213px) 100vw, 213px\" \/><\/a>VENEZIA<\/strong>\u00a0Le aziende agrituristiche e quelle autorizzate alla vendita diretta dei prodotti coltivati in proprio possono effettuare le consegne a domicilio delle spese e dei pasti preconfezionati.\u00a0Lo annuncia l\u2019assessore al turismo della Regione del Veneto, Federico Caner, dopo la comunicazione ufficiale alle organizzazioni delle categorie agricole che avevano manifestato la propria disponibilit\u00e0 a effettuare tale attivit\u00e0, che, in considerazione dell\u2019emergenza creata da Covid-19, le consegne sono ammesse.\u00a0\u201c<em>\u00c8 un servizio estremamente utile per i cittadini e un\u2019opportunit\u00e0 di lavoro preziosa per molti produttori veneti, nel pieno rispetto delle limitazioni imposte per il contenimento del contagio \u2013 precisa l\u2019assessore \u2013. Da una parte le famiglie avranno un\u2019opportunit\u00e0 ulteriore di approvvigionarsi di alimenti e pasti senza muoversi di casa, dall\u2019altra le nostre aziende agricole potranno distribuire i prodotti coltivati che altrimenti finirebbero al macero, evitando uno spreco inconcepibile, ancor pi\u00f9 di questi tempi di difficolt\u00e0 e ristrettezze economiche<\/em>\u201d.<\/p>\n<p>&nbsp;<\/p>\n<p>&nbsp;<\/p>\n<p>&nbsp;<\/p>\n<hr \/>\n<p>&nbsp;<\/p>\n<blockquote>\n<h3><\/h3>\n<h3>LUPI: NEL 2019 IN VENETO 198 ATTACCHI E 480 CAPI PREDATI<\/h3>\n<\/blockquote>\n<p><strong><a class=\"dt-pswp-item\" href=\"https:\/\/www.radiopiu.net\/wordpress\/wp-content\/uploads\/2019\/08\/1297-2019-foto-lupi-Grappa-da-fototrappola-1.jpg\" data-dt-img-description=\"\" data-large_image_width=\"1920\" data-large_image_height=\"1080\"><img loading=\"lazy\" decoding=\"async\" class=\"alignleft wp-image-94502 size-medium\" src=\"https:\/\/www.radiopiu.net\/wordpress\/wp-content\/uploads\/2019\/08\/1297-2019-foto-lupi-Grappa-da-fototrappola-1-300x169.jpg\" alt=\"\" width=\"300\" height=\"169\" srcset=\"https:\/\/www.radiopiu.net\/wordpress\/wp-content\/uploads\/2019\/08\/1297-2019-foto-lupi-Grappa-da-fototrappola-1-300x169.jpg 300w, https:\/\/www.radiopiu.net\/wordpress\/wp-content\/uploads\/2019\/08\/1297-2019-foto-lupi-Grappa-da-fototrappola-1-768x432.jpg 768w, https:\/\/www.radiopiu.net\/wordpress\/wp-content\/uploads\/2019\/08\/1297-2019-foto-lupi-Grappa-da-fototrappola-1-1024x576.jpg 1024w, https:\/\/www.radiopiu.net\/wordpress\/wp-content\/uploads\/2019\/08\/1297-2019-foto-lupi-Grappa-da-fototrappola-1.jpg 1920w\" sizes=\"auto, (max-width: 300px) 100vw, 300px\" \/><\/a>VENEZIA<\/strong>\u00a0La Giunta regionale del Veneto rifinanzia con 250 mila euro il fondo regionale per la prevenzione e l\u2019indennizzo di danni causati dagli attacchi dei grandi predatori, lupi e orsi, 50 mila euro in pi\u00f9 dello scorso anno. Su proposta dell\u2019assessore all\u2019agricoltura Giuseppe Pan, il fondo per il 2020 aumenta di 50 mila euro per integrare le risorse stanziate dal Programma di sviluppo rurale per gli interventi di prevenzione: recinti elettrificati, dissuasori acustici e dissuasori ottici. La delibera, approvata il 17 marzo scorso, verr\u00e0 pubblicata domani nel Bollettino ufficiale della Regione Veneto, con allegato il report sulla presenza dei grandi carnivori in Veneto e dell\u2019attivit\u00e0 di prevenzione e indennizzo condotta ne 2019.\u00a0Nel corso del 2019 le predazioni accertate da parte di lupi singoli o in branco sono state 198, due in pi\u00f9 rispetto all\u2019anno precedente. I lupi, presenti ormai in quattro province venete (Verona, Vicenza, Belluno e Treviso), hanno attaccato 159 aziende e causato la morte di 425 capi, il ferimento di 55 e la dispersione di 302 animali, tra bovini, ovini e caprini, asini e cavalli. I territori dove le predazioni sono state pi\u00f9 consistenti sono la Lessinia, dove tra maggio e met\u00e0 giugno si \u00e8 concentrato il numero pi\u00f9 consistente nel Veronese di capi uccisi o dispersi, e il Vicentino, con l\u2019Altopiano di Asiago: qui, in particolare, le statistiche dei capi uccisi registrano una impennata anomala (266 a fronte dei 173 del 2018), a causa di quanto avvenuto il 1\u00b0 agosto scorso a Malga Campocavallo, quando un unico attacco predatorio del branco ha causato la perdita di 75 pecore e capre, rimaste imprigionate tra i tronchi abbattuti da Vaia.<\/p>\n<p><a class=\"dt-pswp-item\" href=\"https:\/\/www.radiopiu.net\/wordpress\/wp-content\/uploads\/2020\/03\/Schermata-2020-03-30-alle-11.27.28.png\" data-dt-img-description=\"\" data-large_image_width=\"2480\" data-large_image_height=\"1102\"><img loading=\"lazy\" decoding=\"async\" class=\"alignnone wp-image-126118\" src=\"https:\/\/www.radiopiu.net\/wordpress\/wp-content\/uploads\/2020\/03\/Schermata-2020-03-30-alle-11.27.28-300x133.png\" alt=\"\" width=\"681\" height=\"302\" srcset=\"https:\/\/www.radiopiu.net\/wordpress\/wp-content\/uploads\/2020\/03\/Schermata-2020-03-30-alle-11.27.28-300x133.png 300w, https:\/\/www.radiopiu.net\/wordpress\/wp-content\/uploads\/2020\/03\/Schermata-2020-03-30-alle-11.27.28-1024x455.png 1024w, https:\/\/www.radiopiu.net\/wordpress\/wp-content\/uploads\/2020\/03\/Schermata-2020-03-30-alle-11.27.28-768x341.png 768w, https:\/\/www.radiopiu.net\/wordpress\/wp-content\/uploads\/2020\/03\/Schermata-2020-03-30-alle-11.27.28-1536x683.png 1536w, https:\/\/www.radiopiu.net\/wordpress\/wp-content\/uploads\/2020\/03\/Schermata-2020-03-30-alle-11.27.28-2048x910.png 2048w\" sizes=\"auto, (max-width: 681px) 100vw, 681px\" \/><\/a><\/p>\n<p>&nbsp;<\/p>\n<hr \/>\n<p>&nbsp;<\/p>\n<blockquote>\n<h3><span style=\"color: #339966;\">SCATTO D&#8217;AUTORE<\/span>, DI LUCA <span style=\"color: #ff0000;\">ZANFRON<\/span><\/h3>\n<\/blockquote>\n<p><a class=\"dt-pswp-item\" href=\"https:\/\/www.radiopiu.net\/wordpress\/wp-content\/uploads\/2020\/03\/3034a198-1837-4182-af84-edf17603d66d.jpg\" data-dt-img-description=\"\" data-large_image_width=\"1440\" data-large_image_height=\"960\"><img loading=\"lazy\" decoding=\"async\" class=\"alignnone wp-image-126351\" src=\"https:\/\/www.radiopiu.net\/wordpress\/wp-content\/uploads\/2020\/03\/3034a198-1837-4182-af84-edf17603d66d-1024x683.jpg\" alt=\"\" width=\"449\" height=\"299\" srcset=\"https:\/\/www.radiopiu.net\/wordpress\/wp-content\/uploads\/2020\/03\/3034a198-1837-4182-af84-edf17603d66d-1024x683.jpg 1024w, https:\/\/www.radiopiu.net\/wordpress\/wp-content\/uploads\/2020\/03\/3034a198-1837-4182-af84-edf17603d66d-300x200.jpg 300w, https:\/\/www.radiopiu.net\/wordpress\/wp-content\/uploads\/2020\/03\/3034a198-1837-4182-af84-edf17603d66d-768x512.jpg 768w, https:\/\/www.radiopiu.net\/wordpress\/wp-content\/uploads\/2020\/03\/3034a198-1837-4182-af84-edf17603d66d.jpg 1440w\" sizes=\"auto, (max-width: 449px) 100vw, 449px\" \/><\/a><a class=\"dt-pswp-item\" href=\"https:\/\/www.radiopiu.net\/wordpress\/wp-content\/uploads\/2020\/03\/94ca03ba-94a9-4d10-8f78-bfe2a4de7f05.jpg\" data-dt-img-description=\"\" data-large_image_width=\"1440\" data-large_image_height=\"501\"><img loading=\"lazy\" decoding=\"async\" class=\"alignnone wp-image-126350\" src=\"https:\/\/www.radiopiu.net\/wordpress\/wp-content\/uploads\/2020\/03\/94ca03ba-94a9-4d10-8f78-bfe2a4de7f05-1024x356.jpg\" alt=\"\" width=\"866\" height=\"301\" srcset=\"https:\/\/www.radiopiu.net\/wordpress\/wp-content\/uploads\/2020\/03\/94ca03ba-94a9-4d10-8f78-bfe2a4de7f05-1024x356.jpg 1024w, https:\/\/www.radiopiu.net\/wordpress\/wp-content\/uploads\/2020\/03\/94ca03ba-94a9-4d10-8f78-bfe2a4de7f05-300x104.jpg 300w, https:\/\/www.radiopiu.net\/wordpress\/wp-content\/uploads\/2020\/03\/94ca03ba-94a9-4d10-8f78-bfe2a4de7f05-768x267.jpg 768w, https:\/\/www.radiopiu.net\/wordpress\/wp-content\/uploads\/2020\/03\/94ca03ba-94a9-4d10-8f78-bfe2a4de7f05.jpg 1440w\" sizes=\"auto, (max-width: 866px) 100vw, 866px\" \/><\/a><a class=\"dt-pswp-item\" href=\"https:\/\/www.radiopiu.net\/wordpress\/wp-content\/uploads\/2020\/03\/f864e620-c664-4555-9001-0b94df51cc12.jpg\" data-dt-img-description=\"\" data-large_image_width=\"1440\" data-large_image_height=\"960\"><img loading=\"lazy\" decoding=\"async\" class=\"alignnone size-large wp-image-126349\" src=\"https:\/\/www.radiopiu.net\/wordpress\/wp-content\/uploads\/2020\/03\/f864e620-c664-4555-9001-0b94df51cc12-1024x683.jpg\" alt=\"\" width=\"1024\" height=\"683\" srcset=\"https:\/\/www.radiopiu.net\/wordpress\/wp-content\/uploads\/2020\/03\/f864e620-c664-4555-9001-0b94df51cc12-1024x683.jpg 1024w, https:\/\/www.radiopiu.net\/wordpress\/wp-content\/uploads\/2020\/03\/f864e620-c664-4555-9001-0b94df51cc12-300x200.jpg 300w, https:\/\/www.radiopiu.net\/wordpress\/wp-content\/uploads\/2020\/03\/f864e620-c664-4555-9001-0b94df51cc12-768x512.jpg 768w, https:\/\/www.radiopiu.net\/wordpress\/wp-content\/uploads\/2020\/03\/f864e620-c664-4555-9001-0b94df51cc12.jpg 1440w\" sizes=\"auto, (max-width: 1024px) 100vw, 1024px\" \/><\/a><\/p>\n<h3><\/h3>\n<hr \/>\n<h3><\/h3>\n<p>&nbsp;<\/p>\n<p>&nbsp;<\/p>\n<blockquote>\n<h3>LA CROCE BIANCA VAL FIORENTINA CONSEGNA LA SPESA A DOMICILIO<\/h3>\n<\/blockquote>\n<p><strong>SELVA DI CADORE<\/strong>\u00a0I volontari della Croce Bianca Val Fiorentina vengono in aiuto agli anziani e alle persone bisognose che non possono muoversi di casa attivando un servizio di consegna a domicilio della spesa. Il servizio sar\u00e0 erogato il luned\u00ec, mercoled\u00ec e sabato. Per accedere al servizio basta contattare il negozio Conad di Selva di Cadore allo 0437 720613 o l\u2019alimentari di Pescul allo 0437 521071 entro le ore 10 poi i volontari della Croce Bianca Val Fiorentina consegneranno la spesa a casa.<\/p>\n<p>&nbsp;<\/p>\n<hr \/>\n<p>&nbsp;<\/p>\n<blockquote>\n<h3>A LA VALLE PARTE LA CONSEGNA A DOMICILIO DI FARMACI E SPESA<\/h3>\n<\/blockquote>\n<p><strong>LA VALLE AGORDINA<\/strong> Il Sindaco informa che sono stati attivati i servizi di consegna a domicilio per farmaci e per la spesa. Per la consegna dei farmaci i numeri da chiamare sono 0437 62298 oppure 0437 63896, servizio attivo dal luned\u00ec al venerd\u00ec dalle 9 alle 12:30 e dalle 15:30 alle 18:30. Per la consegna della spesa a domicilio basta telefonare al Panificio \u201cEl Forner\u201d 0437 63040, servizio garantito dal lunedi al sabato dalle 7 alle 12:30 e dalle 16:30 alle 19, anche la domenica dalle 7 alle 12:30<\/p>\n<p>&nbsp;<\/p>\n<hr \/>\n<p>&nbsp;<\/p>\n<blockquote>\n<h3>SERVIZIO A DOMICILIO ANCHE A CANALE D\u2019AGORDO<\/h3>\n<\/blockquote>\n<p><strong>CANALE D\u2019AGORDO<\/strong>\u00a0Il comune, in collaborazione con le associazioni di volontariato del territorio, ha attivato il servizio di consegna a domicilio di farmaci e beni di prima necessit\u00e0 alle persone che sono impossibiltate a muoversi (anziani, persone non autosufficienti, persone sole e\/o che non possono uscire dalla propria abitazione. Servizio attivo il luned\u00ec, mercoled\u00ec e venerd\u00ec. Per avvalersi del servizio il numero da chiamare \u00e8 320 3298245<\/p>\n<p>&nbsp;<\/p>\n<hr \/>\n<p>&nbsp;<\/p>\n<blockquote>\n<h3>SERVIZIO SPESA GRATIS PER FODOM<\/h3>\n<\/blockquote>\n<p class=\"photoswipe-wrapper\"><strong>LIVINALLONGO<\/strong>\u00a0Questo servizio \u00e8 rivolto a persone anziane e malate, ma anche alle famiglie e alle persone sole che non hanno la possibilit\u00e0 di fare acquisti. Il servizio pu\u00f2 essere richiesto ogni giorno ed \u00e8 gratuito.\u00a0Potr\u00e0 essere richiesto al 0471 444 444 dalle ore 8-18. La consegna avviene lo stesso giorno o al pi\u00f9 tardi il giorno successivo. Il servizio viene eseguito esclusivamente da volontari della Croce Bianca che possono identificarsi come collaboratori dell\u2019associazione e indossano la divisa e tesserino.<\/p>\n<p>&nbsp;<\/p>\n<hr \/>\n<p>&nbsp;<\/p>\n<blockquote class=\"wp-embedded-content\" data-secret=\"aiEhS1YybU\"><p><a href=\"https:\/\/www.radiopiu.net\/wordpress\/oggi-tocca-alla-maestra-donatella-intrattenere-i-bambini-della-scuola-dellinfanzia-di-taibon\/\">OGGI TOCCA ALLA MAESTRA DONATELLA INTRATTENERE I BAMBINI DELLA SCUOLA DELL&#8217;INFANZIA DI TAIBON<\/a><\/p><\/blockquote>\n<p><iframe loading=\"lazy\" title=\"&#8220;OGGI TOCCA ALLA MAESTRA DONATELLA INTRATTENERE I BAMBINI DELLA SCUOLA DELL&#8217;INFANZIA DI TAIBON&#8221; &#8212; Radio Pi\u00f9\" class=\"wp-embedded-content\" sandbox=\"allow-scripts\" security=\"restricted\" style=\"position: absolute; clip: rect(1px, 1px, 1px, 1px);\" src=\"https:\/\/www.radiopiu.net\/wordpress\/oggi-tocca-alla-maestra-donatella-intrattenere-i-bambini-della-scuola-dellinfanzia-di-taibon\/embed\/#?secret=aiEhS1YybU\" data-secret=\"aiEhS1YybU\" width=\"600\" height=\"338\" frameborder=\"0\" marginwidth=\"0\" marginheight=\"0\" scrolling=\"no\"><\/iframe><\/p>\n<p>&nbsp;<\/p>\n<p>&nbsp;<\/p>\n<blockquote class=\"wp-embedded-content\" data-secret=\"pepsUYbqU6\"><p><a href=\"https:\/\/www.radiopiu.net\/wordpress\/a-belluno-una-via-ricorda-pertile-insigne-giurista-docente-agordino-di-renato-bona\/\">A BELLUNO UNA VIA RICORDA PERTILE INSIGNE GIURISTA-DOCENTE AGORDINO di Renato Bona<\/a><\/p><\/blockquote>\n<p><iframe loading=\"lazy\" title=\"&#8220;A BELLUNO UNA VIA RICORDA PERTILE INSIGNE GIURISTA-DOCENTE AGORDINO di Renato Bona&#8221; &#8212; Radio Pi\u00f9\" class=\"wp-embedded-content\" sandbox=\"allow-scripts\" security=\"restricted\" style=\"position: absolute; clip: rect(1px, 1px, 1px, 1px);\" src=\"https:\/\/www.radiopiu.net\/wordpress\/a-belluno-una-via-ricorda-pertile-insigne-giurista-docente-agordino-di-renato-bona\/embed\/#?secret=pepsUYbqU6\" data-secret=\"pepsUYbqU6\" width=\"600\" height=\"338\" frameborder=\"0\" marginwidth=\"0\" marginheight=\"0\" scrolling=\"no\"><\/iframe><\/p>\n<p>&nbsp;<\/p>\n<p>&nbsp;<\/p>\n<hr \/>\n<p>&nbsp;<\/p>\n<h1>IERI ALLA RADIO<\/h1>\n<p><a class=\"dt-pswp-item\" href=\"https:\/\/www.radiopiu.net\/wordpress\/wp-content\/uploads\/2020\/03\/OSCER-ANGELONI.png\" data-dt-img-description=\"\" data-large_image_width=\"1040\" data-large_image_height=\"1040\"><img loading=\"lazy\" decoding=\"async\" class=\" wp-image-126179 alignleft\" src=\"https:\/\/www.radiopiu.net\/wordpress\/wp-content\/uploads\/2020\/03\/OSCER-ANGELONI-300x300.png\" alt=\"\" width=\"175\" height=\"175\" srcset=\"https:\/\/www.radiopiu.net\/wordpress\/wp-content\/uploads\/2020\/03\/OSCER-ANGELONI-300x300.png 300w, https:\/\/www.radiopiu.net\/wordpress\/wp-content\/uploads\/2020\/03\/OSCER-ANGELONI-1024x1024.png 1024w, https:\/\/www.radiopiu.net\/wordpress\/wp-content\/uploads\/2020\/03\/OSCER-ANGELONI-150x150.png 150w, https:\/\/www.radiopiu.net\/wordpress\/wp-content\/uploads\/2020\/03\/OSCER-ANGELONI-768x768.png 768w, https:\/\/www.radiopiu.net\/wordpress\/wp-content\/uploads\/2020\/03\/OSCER-ANGELONI.png 1040w\" sizes=\"auto, (max-width: 175px) 100vw, 175px\" \/><\/a><strong>OSCAR ANGELONI, CT DELLA NAZIONALE SVIZZERA DI SCI ALPINISMO<\/strong><\/p>\n<p>Di Claudio Fontanive<\/p>\n<audio class=\"wp-audio-shortcode\" id=\"audio-126072-5\" preload=\"none\" style=\"width: 100%;\" controls=\"controls\"><source type=\"audio\/mpeg\" src=\"https:\/\/www.radiopiu.net\/wordpress\/wp-content\/uploads\/2020\/03\/oscar-angeloni.mp3?_=5\" \/><a href=\"https:\/\/www.radiopiu.net\/wordpress\/wp-content\/uploads\/2020\/03\/oscar-angeloni.mp3\">https:\/\/www.radiopiu.net\/wordpress\/wp-content\/uploads\/2020\/03\/oscar-angeloni.mp3<\/a><\/audio>\n<p>&nbsp;<\/p>\n<p>&nbsp;<\/p>\n<p>&nbsp;<\/p>\n<p>&nbsp;<\/p>\n<p>&nbsp;<\/p>\n<p><a class=\"dt-pswp-item\" href=\"https:\/\/www.radiopiu.net\/wordpress\/wp-content\/uploads\/2020\/03\/CINEMA-FALCADE.jpg\" data-dt-img-description=\"\" data-large_image_width=\"259\" data-large_image_height=\"194\"><img loading=\"lazy\" decoding=\"async\" class=\" wp-image-126182 alignleft\" src=\"https:\/\/www.radiopiu.net\/wordpress\/wp-content\/uploads\/2020\/03\/CINEMA-FALCADE.jpg\" alt=\"\" width=\"204\" height=\"153\" \/><\/a><strong>FRANCO GANZ, UNIVERSALMENTE CONOSCIUTO COME CINEMA<\/strong><\/p>\n<p>Di Claudio Fontanive<\/p>\n<audio class=\"wp-audio-shortcode\" id=\"audio-126072-6\" preload=\"none\" style=\"width: 100%;\" controls=\"controls\"><source type=\"audio\/mpeg\" src=\"https:\/\/www.radiopiu.net\/wordpress\/wp-content\/uploads\/2020\/03\/franco-cinema.mp3?_=6\" \/><a href=\"https:\/\/www.radiopiu.net\/wordpress\/wp-content\/uploads\/2020\/03\/franco-cinema.mp3\">https:\/\/www.radiopiu.net\/wordpress\/wp-content\/uploads\/2020\/03\/franco-cinema.mp3<\/a><\/audio>\n<p>&nbsp;<\/p>\n<p>&nbsp;<\/p>\n<p>&nbsp;<\/p>\n<p>&nbsp;<\/p>\n<p><span style=\"color: #3366ff;\"><strong>I RACCONTI DI PAOLO SOPPELSA<\/strong><\/span><\/p>\n<p>SEDICESIMA PUNTATA<\/p>\n<p><strong>LA CERTOSA DI VEDANA<\/strong><\/p>\n<p><strong>AUDIO\u00a0<\/strong><\/p>\n<div id=\"mep_0\" class=\"mejs-container mejs-container-keyboard-inactive wp-audio-shortcode mejs-audio mejs-hide-cues\" tabindex=\"0\" role=\"application\" aria-label=\"Audio Player\">\n<div class=\"mejs-inner\">\n<audio class=\"wp-audio-shortcode\" id=\"audio-126072-7\" preload=\"none\" style=\"width: 100%;\" controls=\"controls\"><source type=\"audio\/mpeg\" src=\"https:\/\/www.radiopiu.net\/wordpress\/wp-content\/uploads\/2020\/03\/PAOLO-SOPPELSA-CERTOSA.mp3?_=7\" \/><a href=\"https:\/\/www.radiopiu.net\/wordpress\/wp-content\/uploads\/2020\/03\/PAOLO-SOPPELSA-CERTOSA.mp3\">https:\/\/www.radiopiu.net\/wordpress\/wp-content\/uploads\/2020\/03\/PAOLO-SOPPELSA-CERTOSA.mp3<\/a><\/audio>\n<p class=\"photoswipe-wrapper\"><a class=\"dt-pswp-item pspw-wrap-ready\" href=\"https:\/\/i1.wp.com\/www.radiopiu.net\/wordpress\/wp-content\/uploads\/2020\/03\/WhatsApp-Image-2020-03-29-at-17.11.56.jpeg?ssl=1\" data-dt-img-description=\"\" data-large_image_width=\"1080\" data-large_image_height=\"810\"><img loading=\"lazy\" decoding=\"async\" class=\"wp-image-125883 alignleft jetpack-lazy-image jetpack-lazy-image--handled\" src=\"https:\/\/i1.wp.com\/www.radiopiu.net\/wordpress\/wp-content\/uploads\/2020\/03\/WhatsApp-Image-2020-03-29-at-17.11.56.jpeg?resize=255%2C191&amp;ssl=1\" sizes=\"auto, (max-width: 255px) 100vw, 255px\" srcset=\"https:\/\/i1.wp.com\/www.radiopiu.net\/wordpress\/wp-content\/uploads\/2020\/03\/WhatsApp-Image-2020-03-29-at-17.11.56.jpeg?resize=1024%2C768&amp;ssl=1 1024w, https:\/\/i1.wp.com\/www.radiopiu.net\/wordpress\/wp-content\/uploads\/2020\/03\/WhatsApp-Image-2020-03-29-at-17.11.56.jpeg?resize=300%2C225&amp;ssl=1 300w, https:\/\/i1.wp.com\/www.radiopiu.net\/wordpress\/wp-content\/uploads\/2020\/03\/WhatsApp-Image-2020-03-29-at-17.11.56.jpeg?resize=768%2C576&amp;ssl=1 768w, https:\/\/i1.wp.com\/www.radiopiu.net\/wordpress\/wp-content\/uploads\/2020\/03\/WhatsApp-Image-2020-03-29-at-17.11.56.jpeg?w=1080&amp;ssl=1 1080w\" alt=\"\" width=\"255\" height=\"191\" data-recalc-dims=\"1\" data-lazy-loaded=\"1\" \/><\/a><\/p>\n<\/div>\n<\/div>\n<p>Era dalla curva che porta fuori dall\u2019abitato del Peron che la si poteva ammirare per pochi secondi. Cos\u00ec, mentre pap\u00e0 iniziava ad accelerare deciso perch\u00e9 in quel punto terminavano i malefici 50 km\/h, io mi perdevo per qualche attimo a guardare l\u2019enorme complesso monastico giallo circondato da alte mura che sorgeva aldil\u00e0 del Cordevole. Era la Certosa di Vedana, il monastero che sorge alle pendici dello Spiz omonimo. Qualche volta chiedevo se all\u2019interno c\u2019era qualcuno che vi abitava: \u201c\u2026mah\u2026no se sa ben\u2026fin kalche an fa l\u2019era i Frati Certosini\u2026ades non savaria\u2026Sai che de chi ani el luni si vedea in pasegiata l\u00e0 d\u2019intorn\u2026i caminea da soi col capucio su la testa\u2026\u201d. Si spingevano verso Mas oppure verso Sospirolo. E poi facevano ritorno nel silenzio del monastero fino al luned\u00ec successivo. La Certosa nacque intorno al 1100 come ospizio per viandanti e pellegrini, e fu agli inizi del \u2018400 che venne acquistata dai Certosini che la elessero a loro silenziosa dimora. Continuando la meritoria opera di assistenza a chi stava per inoltrarsi lungo la Via degli Ospizi che conduceva in agordino. Il monastero visse diverse vicissitudini. Addirittura verso la fine del 1700 divenne una fattoria privata. Ed \u00e8 proprio in quel periodo che nella Certosa nacque Girolamo Segato. Quello studioso che divent\u00f2 egittologo ed invent\u00f2 il metodo di mineralizzazione dei cadaveri. Una sorta di imbalsamatore di inizio \u2018800. Si port\u00f2 il suo grande segreto nella tomba dove giace, ovvero a Firenze dove ebbe a trasferirsi. Sepolto nella prestigiosa Basilica di Santa Croce. Sulla sua lapide sta scritto \u201cQui giace disfatto Girolamo Segato, che vedrebbesi intero pietrificato, se l\u2019arte sua non periva con lui. Fu gloria insolita dell\u2019umana sapienza, esempio d\u2019infelicit\u00e0 non insolito\u201d. Poi il monastero ritorn\u00f2 di propriet\u00e0 dei Certosini che lo abitarono fino al 1977. Non conoscevo nulla, allora, della storia di quell\u2019edificio, ma intuivo che all\u2019interno di quelle mura vi fossero interessanti storie e misteri. Tante furono le persone che, durante le due Guerre Mondiali, ebbero modo di sfamarsi un po\u2019 in questo luogo di preghiera. Immagino che fosse un po\u2019 come nel romanzo \u201cIl nome della rosa\u201d di Umberto Eco. Lo stanco arrivare alla porta dell\u2019abbazia, il suonare la campana all\u2019ingresso. Poi un piatto di minestra servito da un frate incappucciato ed un \u201csempre sia lodato\u201d. Solo che non era nel Medioevo. Era nel secolo scorso. Poi diventai pi\u00f9 grande e le prime gite in bicicletta al lago del Mis fecero s\u00ec che finalmente la Certosa la potessi ammirare da vicino. Erano belle gite alla scoperta di posti che allora non conoscevo. E la salita di Volpez era un buon gran premio della montagna con la bicicletta di allora. Che la prima volta che arrivai in fondo al lago dovetti scavalcare un boa uscito dalla porta posteriore di una Ritmo blu!! Passare di fronte alla Certosa era un qualcosa di mistico. C\u2019era sempre un gran silenzio e la campana della chiesa che si trova all\u2019interno aveva un bellissimo suono argentino. Certamente era un luogo che trasmetteva pace e raccoglimento, come lo \u00e8 tutt\u2019ora. Una domenica di giugno di quindici anni fa sal\u00ec\u00ec sullo Spiz Vedana, il monte che sovrasta il complesso monastico. Nelle pause in cui mi toglievo di dosso le zecche ebbi modo di sbirciare al suo interno dall\u2019alto. Esprime una serena severit\u00e0 mista a pace e rispetto. Il monastero rimase disabitato per diversi anni finch\u00e8 nel 1998 arrivarono le Monache ad abitarlo fino al 2014. Oggi vi dimorano le Monache \u201cadoratrici perpetue del Santissimo Sacramento\u201d. Che sono in clausura come noi in questi giorni con la differenza che esse pregano il Santissimo 24 ore su 24. Ed in questi giorni abbiamo un gran bisogno delle loro preghiere. Ancora oggi i 50 km\/h terminano alla curva del Peron. Solamente che non si pu\u00f2 pi\u00f9 salire sparati lungo la 203 come quando ero bambino. E, come allora, quando arrivo alla fatidica curva, lancio sempre un\u2019 occhiata verso la Certosa colorata di giallo. Immobile ed apparentemente incurante del tempo che passa. Custode del gran silenzio che aleggia sulla zona delle Masiere. Un silenzio carico di storia.<\/p>\n<p><span style=\"color: #000000;\"><strong>COLLEZIONE COMPLETA <\/strong><\/span><\/p>\n<blockquote class=\"wp-embedded-content\" data-secret=\"XDmAxj761m\"><p><a href=\"https:\/\/www.radiopiu.net\/wordpress\/i-racconti-di-paolo-soppelsa\/\">I racconti di Paolo Soppelsa<\/a><\/p><\/blockquote>\n<p><iframe loading=\"lazy\" title=\"&#8220;I racconti di Paolo Soppelsa&#8221; &#8212; Radio Pi\u00f9\" class=\"wp-embedded-content\" sandbox=\"allow-scripts\" security=\"restricted\" style=\"position: absolute; clip: rect(1px, 1px, 1px, 1px);\" src=\"https:\/\/www.radiopiu.net\/wordpress\/i-racconti-di-paolo-soppelsa\/embed\/#?secret=XDmAxj761m\" data-secret=\"XDmAxj761m\" width=\"600\" height=\"338\" frameborder=\"0\" marginwidth=\"0\" marginheight=\"0\" scrolling=\"no\"><\/iframe><\/p>\n<p><strong><span style=\"color: #ff0000;\">IN VIVO VERSO<\/span><\/strong><\/p>\n<blockquote class=\"wp-embedded-content\" data-secret=\"RuDzp69BpE\"><p><a href=\"https:\/\/www.radiopiu.net\/wordpress\/mai-come-ora-di-carlo-molinari\/\">MAI COME ORA di CARLO MOLINARI<\/a><\/p><\/blockquote>\n<p><iframe loading=\"lazy\" title=\"&#8220;MAI COME ORA di CARLO MOLINARI&#8221; &#8212; Radio Pi\u00f9\" class=\"wp-embedded-content\" sandbox=\"allow-scripts\" security=\"restricted\" style=\"position: absolute; clip: rect(1px, 1px, 1px, 1px);\" src=\"https:\/\/www.radiopiu.net\/wordpress\/mai-come-ora-di-carlo-molinari\/embed\/#?secret=RuDzp69BpE\" data-secret=\"RuDzp69BpE\" width=\"600\" height=\"338\" frameborder=\"0\" marginwidth=\"0\" marginheight=\"0\" scrolling=\"no\"><\/iframe><\/p>\n<p><strong>COLLEZIONE COMPLETA<\/strong><\/p>\n<blockquote class=\"wp-embedded-content\" data-secret=\"C6BZ7UQzka\"><p><a href=\"https:\/\/www.radiopiu.net\/wordpress\/in-vivo-verso\/\">In Vivo Verso<\/a><\/p><\/blockquote>\n<p><iframe loading=\"lazy\" title=\"&#8220;In Vivo Verso&#8221; &#8212; Radio Pi\u00f9\" class=\"wp-embedded-content\" sandbox=\"allow-scripts\" security=\"restricted\" style=\"position: absolute; clip: rect(1px, 1px, 1px, 1px);\" src=\"https:\/\/www.radiopiu.net\/wordpress\/in-vivo-verso\/embed\/#?secret=C6BZ7UQzka\" data-secret=\"C6BZ7UQzka\" width=\"600\" height=\"338\" frameborder=\"0\" marginwidth=\"0\" marginheight=\"0\" scrolling=\"no\"><\/iframe><\/p>\n<p><span style=\"color: #993300;\"><strong>007 IN CONDOTTA<\/strong><\/span><\/p>\n<blockquote class=\"wp-embedded-content\" data-secret=\"DP4FmAokTR\"><p><a href=\"https:\/\/www.radiopiu.net\/wordpress\/lezioni-on-line-come-va\/\">Lezioni on line &#8211; come va<\/a><\/p><\/blockquote>\n<p><iframe loading=\"lazy\" title=\"&#8220;Lezioni on line &#8211; come va&#8221; &#8212; Radio Pi\u00f9\" class=\"wp-embedded-content\" sandbox=\"allow-scripts\" security=\"restricted\" style=\"position: absolute; clip: rect(1px, 1px, 1px, 1px);\" src=\"https:\/\/www.radiopiu.net\/wordpress\/lezioni-on-line-come-va\/embed\/#?secret=DP4FmAokTR\" data-secret=\"DP4FmAokTR\" width=\"600\" height=\"338\" frameborder=\"0\" marginwidth=\"0\" marginheight=\"0\" scrolling=\"no\"><\/iframe><\/p>\n<p><strong>LE ALTRE PUNTATE<\/strong><\/p>\n<blockquote class=\"wp-embedded-content\" data-secret=\"F9TJqtFNbT\"><p><a href=\"https:\/\/www.radiopiu.net\/wordpress\/007incondotta-2-2\/\">007 in condotta<\/a><\/p><\/blockquote>\n<p><iframe loading=\"lazy\" title=\"&#8220;007 in condotta&#8221; &#8212; Radio Pi\u00f9\" class=\"wp-embedded-content\" sandbox=\"allow-scripts\" security=\"restricted\" style=\"position: absolute; clip: rect(1px, 1px, 1px, 1px);\" src=\"https:\/\/www.radiopiu.net\/wordpress\/007incondotta-2-2\/embed\/#?secret=F9TJqtFNbT\" data-secret=\"F9TJqtFNbT\" width=\"600\" height=\"338\" frameborder=\"0\" marginwidth=\"0\" marginheight=\"0\" scrolling=\"no\"><\/iframe><\/p>\n<p>&nbsp;<\/p>\n<p>&nbsp;<\/p>\n<p><span style=\"color: #0000ff;\"><strong>DUE MINUTI UN LIBRO<\/strong><\/span><\/p>\n<blockquote class=\"wp-embedded-content\" data-secret=\"RXj8zUg8xt\"><p><a href=\"https:\/\/www.radiopiu.net\/wordpress\/la-fiamma-nel-buio\/\">LA FIAMMA NEL BUIO<\/a><\/p><\/blockquote>\n<p><iframe loading=\"lazy\" title=\"&#8220;LA FIAMMA NEL BUIO&#8221; &#8212; Radio Pi\u00f9\" class=\"wp-embedded-content\" sandbox=\"allow-scripts\" security=\"restricted\" style=\"position: absolute; clip: rect(1px, 1px, 1px, 1px);\" src=\"https:\/\/www.radiopiu.net\/wordpress\/la-fiamma-nel-buio\/embed\/#?secret=RXj8zUg8xt\" data-secret=\"RXj8zUg8xt\" width=\"600\" height=\"338\" frameborder=\"0\" marginwidth=\"0\" marginheight=\"0\" scrolling=\"no\"><\/iframe><\/p>\n<p><strong>COLLEZIONE COMPLETA<\/strong><\/p>\n<blockquote class=\"wp-embedded-content\" data-secret=\"j7BPAdVORQ\"><p><a href=\"https:\/\/www.radiopiu.net\/wordpress\/due-minuti-un-libro\/\">Due minuti un libro<\/a><\/p><\/blockquote>\n<p><iframe loading=\"lazy\" title=\"&#8220;Due minuti un libro&#8221; &#8212; Radio Pi\u00f9\" class=\"wp-embedded-content\" sandbox=\"allow-scripts\" security=\"restricted\" style=\"position: absolute; clip: rect(1px, 1px, 1px, 1px);\" src=\"https:\/\/www.radiopiu.net\/wordpress\/due-minuti-un-libro\/embed\/#?secret=j7BPAdVORQ\" data-secret=\"j7BPAdVORQ\" width=\"600\" height=\"338\" frameborder=\"0\" marginwidth=\"0\" marginheight=\"0\" scrolling=\"no\"><\/iframe><\/p>\n<p><span style=\"color: #808080;\"><strong>SALUTE E SOCIETA&#8217;<\/strong><\/span><\/p>\n<blockquote class=\"wp-embedded-content\" data-secret=\"Wiz6XjdcYT\"><p><a href=\"https:\/\/www.radiopiu.net\/wordpress\/farmaci-biotecnologici-spondiloartriti\/\">Farmaci biotecnologici &#8211; Spondiloartriti .<\/a><\/p><\/blockquote>\n<p><iframe loading=\"lazy\" title=\"&#8220;Farmaci biotecnologici &#8211; Spondiloartriti .&#8221; &#8212; Radio Pi\u00f9\" class=\"wp-embedded-content\" sandbox=\"allow-scripts\" security=\"restricted\" style=\"position: absolute; clip: rect(1px, 1px, 1px, 1px);\" src=\"https:\/\/www.radiopiu.net\/wordpress\/farmaci-biotecnologici-spondiloartriti\/embed\/#?secret=Wiz6XjdcYT\" data-secret=\"Wiz6XjdcYT\" width=\"600\" height=\"338\" frameborder=\"0\" marginwidth=\"0\" marginheight=\"0\" scrolling=\"no\"><\/iframe><\/p>\n<p><strong>LE ALTRE PUNTATE<\/strong><\/p>\n<blockquote class=\"wp-embedded-content\" data-secret=\"KkrARKzoF9\"><p><a href=\"https:\/\/www.radiopiu.net\/wordpress\/saluteesocieta\/\">Salute e Societ\u00e0<\/a><\/p><\/blockquote>\n<p><iframe loading=\"lazy\" title=\"&#8220;Salute e Societ\u00e0&#8221; &#8212; Radio Pi\u00f9\" class=\"wp-embedded-content\" sandbox=\"allow-scripts\" security=\"restricted\" style=\"position: absolute; clip: rect(1px, 1px, 1px, 1px);\" src=\"https:\/\/www.radiopiu.net\/wordpress\/saluteesocieta\/embed\/#?secret=KkrARKzoF9\" data-secret=\"KkrARKzoF9\" width=\"600\" height=\"338\" frameborder=\"0\" marginwidth=\"0\" marginheight=\"0\" scrolling=\"no\"><\/iframe><\/p>\n<p><span style=\"color: #339966;\"><strong>AGORDINOMERON<\/strong><\/span><\/p>\n<blockquote class=\"wp-embedded-content\" data-secret=\"95nJb5a0O1\"><p><a href=\"https:\/\/www.radiopiu.net\/wordpress\/agordinomeron-il-territorio-si-racconta-in-onda\/\">Agordinomeron, il territorio si racconta in onda<\/a><\/p><\/blockquote>\n<p><iframe loading=\"lazy\" title=\"&#8220;Agordinomeron, il territorio si racconta in onda&#8221; &#8212; Radio Pi\u00f9\" class=\"wp-embedded-content\" sandbox=\"allow-scripts\" security=\"restricted\" style=\"position: absolute; clip: rect(1px, 1px, 1px, 1px);\" src=\"https:\/\/www.radiopiu.net\/wordpress\/agordinomeron-il-territorio-si-racconta-in-onda\/embed\/#?secret=95nJb5a0O1\" data-secret=\"95nJb5a0O1\" width=\"600\" height=\"338\" frameborder=\"0\" marginwidth=\"0\" marginheight=\"0\" scrolling=\"no\"><\/iframe><\/p>\n<p><span style=\"color: #333399;\"><strong>IL MESSAGGIO DAI SACERDOTI A RADIO PIU&#8217;<\/strong><\/span><\/p>\n<blockquote class=\"wp-embedded-content\" data-secret=\"SbGMJTTCYb\"><p><a href=\"https:\/\/www.radiopiu.net\/wordpress\/il-messaggio-dai-sacerdoti-della-conca-su-radio-piu-alle-7-30-e-19-30\/\">IL MESSAGGIO DAI SACERDOTI SU RADIO PIU&#8217; ALLE 7.30 E 19.30<\/a><\/p><\/blockquote>\n<p><iframe loading=\"lazy\" title=\"&#8220;IL MESSAGGIO DAI SACERDOTI SU RADIO PIU&#8217; ALLE 7.30 E 19.30&#8221; &#8212; Radio Pi\u00f9\" class=\"wp-embedded-content\" sandbox=\"allow-scripts\" security=\"restricted\" style=\"position: absolute; clip: rect(1px, 1px, 1px, 1px);\" src=\"https:\/\/www.radiopiu.net\/wordpress\/il-messaggio-dai-sacerdoti-della-conca-su-radio-piu-alle-7-30-e-19-30\/embed\/#?secret=SbGMJTTCYb\" data-secret=\"SbGMJTTCYb\" width=\"600\" height=\"338\" frameborder=\"0\" marginwidth=\"0\" marginheight=\"0\" scrolling=\"no\"><\/iframe><\/p>\n<p>&nbsp;<\/p>\n<hr \/>\n<p>&nbsp;<\/p>\n<h3><strong>STAI A CASA, A TAIBON E\u2019 LA FARMACIA CHE VIENE DA TE! AIUTACI AD AIUTARCI\u00a0 La distribuzione dei farmaci a domicilio, per gli abitanti di Taibon<\/strong><\/h3>\n<h3><strong>0437 640307 LA FRUTTA DIRETTAMENTE A CASA TUA CON MIRKO E L\u2019ORTOFRUTTA MARTINI DI AGORDO<\/strong><\/h3>\n<h3><strong>340 2986275 LA PIZZA DIRETTAMENTE A CASA TUA CON SILVIA E BOCCON DIVINO DI TAIBON<\/strong><\/h3>\n<h3><strong>DA SAPPADE DI FALCADE PICCOLA BAITA PORTA SULLE VOSTRE TAVOLE I SAPORI DEL TERRITORIO WWW.PICCOLABAITA.NET PER LE ORDINAZIONI ON LINE. 0437 590491<\/strong><\/h3>\n<h3><strong>L\u2019AZIENDA AGRICOLA MILCHHOF AGOSTINI DI SELVA DI CADORE. INFORMA CHE E\u2019 A DISPOSIZONE PER CONSEGNE GRATUITE A DOMICILIO IN TUTTA LA PROVICIA DI FORMAGGI, YOGURT, RICOTTE, MOZZARELLE DI PROPRIA PRODUZIONE, POTETE CONTATTARCI VIA TELEFONICA AL 380 39,57,409. PRENOTAZIONI ANCHE VIA WHATS UP ALLO STESSO NUMERO. \u00a0LA CONSEGNA AVVERRA\u2019 IN UNO O AL MASSIMO DUE GIORNI. AZIENDA AGRICLA MILCHOFF AGOSTINI. SELVA DI CADORE. 380 3957409<\/strong><\/h3>\n<h3><strong>Restiamo a casa, ma rafforziamoci per rimanere in salute!\u00a0Segui online le sessioni di allenamento della Palestra All Fit di Trichiana: ogni settimana avrai 2 sessioni di allenamento gratuite!\u00a0In pi\u00f9 ogni gioved\u00ec alle 18.30 ti aspetta la diretta Facebook durante la quale farai esercizio insieme allo staff All Fit e a centinaia di altre persone connesse anche loro da casa.\u00a0Per accedere al servizio gratuito, contatta All Fit tramite messaggio sulla pagina Facebook.\u00a0Non aspettare, prepariamoci per ripartire in salute pi\u00f9 forti di prima!<\/strong><\/h3>\n<h3><strong>DEVI SPOSTARTI? NON SAI COME FARE IN QUESTO DIFFICILE PERIODO?\u00a0 SENTI DOLOMITI VIAGGI DI FALCADE,\u00a0 COME UN TAXI:\u00a0 AUTOVETTURE E PULMINO NOLEGGIO CON CONDUCENTE. CHIAMA IL NUMERO 329 35,26,156.\u00a0 SAPRA\u2019 CONSIGLIARTI PER UN TRASPORTO IN SICUREZZA NEL RISPETTO DELLE MISURE ATTUALI DI CONTENIMENTO DEL CONTAGIO.\u00a0<\/strong><\/h3>\n<h3><strong>Taxi thomas disponibile x vari spostamenti servizio farmacie servizio spesa aereoporto \u00e8 molto altro con macchina sanificata e rispettando le nuove normative noi taxi &#x1f695; non ci fermiamo x info 342\/0311829<\/strong><\/h3>\n<h3><strong>E SEMPRE AD ALLEGHE TAXI ALLEGHE DI GIANLUCA GAIARDI garantisce il servizio senza limitazioni. Le VOSTRE ESIGENZE DI MOBILIT\u00c0 DOVRANNO ESSERE OVVIAMENTE INDEROGABILI E DIMOSTRABILI a richiesta delle Forze di Polizia . TELEFONO 340 679 6016<\/strong><\/h3>\n<h3><strong>ZUMBRILLENBER AGORDO CONSEGNA A DOMICILIO. PIATTI DI CARNE, PESCE, E PIZZE. A DOMICILIO, NEL RAGGIO DI 15 CHILOMETRI DA AGORDO, TUTTI I GIORNI. ANCHE WHATS UP ENTRO LE 20.30. TUTTI I GIORNI, PER PRANZO E CENA. 345 9135042<\/strong><\/h3>\n<h3><strong>I SERVIZI A DOMICILIO PER LE PERSONE ANZIANE DEL COMUNE DI ROCCA PIETORE. FARMACI: Farmacia dr. Fassa Caprile 0437 721112. RICETTE: Dott. Allegro 338 3312357, Dott. Mascanzoni 347 7145560. SPESA ALIMENTARE: Coop Rocca Pietore 0437 721304, Coop Alleghe 0437 523640, Coop Caprile 0437 721123, Alimentari Sottoguda 0437 722120, Alimentari Digonera 0437 529070, Macelleria Da Pian Caprile 0437 721151, Macelleria Ongaro Alleghe 0437 523317<\/strong><\/h3>\n<h3><strong>Cooperativa di Alleghe, Caprile, Livinallongo, Rocca Pietore. Gi\u00e0 messi a dura prova nei giorni di vaia sono al lavoro dall\u2019inizio dell\u2019emergenza Covid_19 con l\u2019apertura dei locali tutti i giorni (escluso il mercoledi pomeriggio) dalle 8 alle 12.30 e dalle 15.30 alle 19. Ottima L\u2019organizzazione per i servizio a domicilio previa telefonata allo 0437 523640<\/strong><\/h3>\n<p>&nbsp;<\/p>\n<hr \/>\n<p>&nbsp;<\/p>\n<p><a class=\"dt-pswp-item\" href=\"https:\/\/www.radiopiu.net\/wordpress\/wp-content\/uploads\/2018\/09\/WhatsApp-Image-2018-09-20-at-16.04.06.jpeg\" data-dt-img-description=\"\" data-large_image_width=\"800\" data-large_image_height=\"100\"><img loading=\"lazy\" decoding=\"async\" class=\"size-full wp-image-61378 aligncenter\" src=\"https:\/\/www.radiopiu.net\/wordpress\/wp-content\/uploads\/2018\/09\/WhatsApp-Image-2018-09-20-at-16.04.06.jpeg\" alt=\"\" width=\"800\" height=\"100\" srcset=\"https:\/\/www.radiopiu.net\/wordpress\/wp-content\/uploads\/2018\/09\/WhatsApp-Image-2018-09-20-at-16.04.06.jpeg 800w, https:\/\/www.radiopiu.net\/wordpress\/wp-content\/uploads\/2018\/09\/WhatsApp-Image-2018-09-20-at-16.04.06-300x38.jpeg 300w, https:\/\/www.radiopiu.net\/wordpress\/wp-content\/uploads\/2018\/09\/WhatsApp-Image-2018-09-20-at-16.04.06-768x96.jpeg 768w\" sizes=\"auto, (max-width: 800px) 100vw, 800px\" \/><\/a><\/p>\n<p>&nbsp;<\/p>\n<p><center><b>Martedi 31<\/b><\/center><b>Tempo atteso:\u00a0<\/b>Netto miglioramento, specie sulle Dolomiti, dove il sole splender\u00e0 al mattino, mentre qualche modesto cumulo ridurr\u00e0 il soleggiamento al pomeriggio. Sulle Prealpi sole al mattino, salvo locali nubi basse mattutine; la nuvolosit\u00e0 cumuliforme sar\u00e0 moderata e potrebbe dar luogo a qualche sporadico fenomeno pomeridiano. Clima notturno freddo di stampo invernale a tutte e quote, in giornata freddo in quota e fresco nelle valli.<br \/>\n<b>Precipitazioni:\u00a0<\/b>Sulle Dolomiti residue nevicate fino a fondovalle nella notte, specie sui settori occidentali (30\/40%); in giornata assenti (0%). Sulle Prealpi qualche residuo rovescio notturno (20\/30%), nevoso oltre i 500\/600 m. Al mattino fenomeni assenti, mentre ci sar\u00e0 di nuovo l&#8217;insidia di qualche piovasco al pomeriggio (20\/30%), nevoso oltre gli 800\/900 m.<br \/>\n<b>Temperature:\u00a0<\/b>Minime in netto calo, con diffuse gelate notturne, anche nei fondovalle prealpini; massime in calo in quota, mentre saranno in lieve aumento nelle valli, specie quelle pi\u00f9 assolate, con valori pi\u00f9 bassi sulle Prealpi rispetto alle Dolomiti a parit\u00e0 di quota. Su Prealpi a 1500 m min -6\u00b0C max -3\u00b0C, a 2000 m min -9\u00b0C max -6\u00b0C. Su Dolomiti a 2000 m min -10\u00b0C max -7\u00b0C, a 3000 m min -18\u00b0C max -15\u00b0C.<br \/>\n<b>Venti:\u00a0<\/b>Perlopi\u00f9 deboli di direzione variabile nelle valli; in quota moderati da nord, al pomeriggio a tratti tesi da nord sulle vette dolomitiche pi\u00f9 alte e tesi da nord-est sulle dorsali prealpine, a 5-15 km\/h a 2000 m, 20-35 km\/h a 3000 m.<\/p>\n<hr \/>\n<p><center><b>Mercoledi 1<\/b><\/center><b>Tempo atteso:\u00a0<\/b>Tempo ben soleggiato con cielo sereno, aria tersa ed ottima visibilit\u00e0 ovunque. Nelle ore pi\u00f9 calde qualche modesto cumulo sulle vette prealpine. Clima notturno freddo con diffuse gelate, anche intense nei settori innevati. In giornata freddo in quota e fresco nelle valli, con forte escursione termica diurna.<br \/>\n<b>Precipitazioni:\u00a0<\/b>Assenti (0%).<br \/>\n<b>Temperature:\u00a0<\/b>Minime in ulteriore lieve calo, eccetto leggero aumento sulle vette dolomitiche pi\u00f9 alte; massime pressoch\u00e9 stazionarie nelle valli e in contenuta ripresa in alta quota. Su Prealpi a 1500 m min -7\u00b0C max 0\u00b0C, a 2000 m min -10\u00b0C max -3\u00b0C. Su Dolomiti a 2000 m min -11\u00b0C max -4\u00b0C, a 3000 m min -17\u00b0C max -8\u00b0C.<br \/>\n<b>Venti:\u00a0<\/b>Deboli di direzione variabile per brezze nelle valli, non escluso i consueti rinforzi notturni su alcuni settori prealpini; in quota deboli da nord-est, a 5-10 km\/h sia a 2000 m che a 3000 m.<\/p>\n<hr \/>\n<p><center><b>Giovedi 2<\/b><\/center>Tempo ben soleggiato con cielo pressoch\u00e9 sereno. Clima notturno sempre freddo con diffuse gelate al primo mattino, anche se i valori saranno in rialzo rispetto ai giorni precedenti. In giornata si riaffaccia una certa mitezza nelle valli. Venti deboli da nord-ovest in quota, deboli\/moderati per brezze nelle valli.<\/p>\n<hr \/>\n<p><center><b>Venerdi 3<\/b><\/center>Tempo stabile e ben soleggiato con cielo generalmente sereno. Clima decisamente pi\u00f9 mite a tutte le quote per avvezione d&#8217;aria assai meno fredda, probabile lieve inversione termica notturna nelle valli. Venti deboli a tutte le quote. Previsore: R.L.Th<\/p>\n<p>&nbsp;<\/p>\n<hr \/>\n<p>&nbsp;<\/p>\n<h3 class=\"entry-title\">LA VOCE AMICA DEI NOSTRI SINDACI, A RADIO PIU\u2019 DI MIRKO MEZZACASA_MARCO GAZ<\/h3>\n<p><img loading=\"lazy\" decoding=\"async\" class=\"wp-image-56200 alignleft jetpack-lazy-image jetpack-lazy-image--handled\" src=\"https:\/\/i2.wp.com\/www.radiopiu.net\/wordpress\/wp-content\/uploads\/2018\/08\/SindacoMicheleCosta.jpg?resize=102%2C120&amp;ssl=1\" alt=\"\" width=\"102\" height=\"120\" data-recalc-dims=\"1\" data-lazy-loaded=\"1\" \/><\/p>\n<p>&nbsp;<\/p>\n<p><strong>0 MICHELE COSTA, PRESIDENTE DELLA UNIONE MONTANA AGORDINA<\/strong><\/p>\n<audio class=\"wp-audio-shortcode\" id=\"audio-126072-8\" preload=\"none\" style=\"width: 100%;\" controls=\"controls\"><source type=\"audio\/mpeg\" src=\"https:\/\/www.radiopiu.net\/wordpress\/wp-content\/uploads\/2020\/03\/MICHELE-COSTA-COMUNITA-MONTANA.mp3?_=8\" \/><a href=\"https:\/\/www.radiopiu.net\/wordpress\/wp-content\/uploads\/2020\/03\/MICHELE-COSTA-COMUNITA-MONTANA.mp3\">https:\/\/www.radiopiu.net\/wordpress\/wp-content\/uploads\/2020\/03\/MICHELE-COSTA-COMUNITA-MONTANA.mp3<\/a><\/audio>\n<p>&nbsp;<\/p>\n<p><img loading=\"lazy\" decoding=\"async\" class=\"wp-image-86463 alignleft jetpack-lazy-image jetpack-lazy-image--handled\" src=\"https:\/\/i1.wp.com\/www.radiopiu.net\/wordpress\/wp-content\/uploads\/2019\/05\/ALLEGHE-DANILO-DE-TONI.jpeg?resize=100%2C116&amp;ssl=1\" sizes=\"auto, (max-width: 100px) 100vw, 100px\" srcset=\"https:\/\/i1.wp.com\/www.radiopiu.net\/wordpress\/wp-content\/uploads\/2019\/05\/ALLEGHE-DANILO-DE-TONI.jpeg?resize=879%2C1024&amp;ssl=1 879w, https:\/\/i1.wp.com\/www.radiopiu.net\/wordpress\/wp-content\/uploads\/2019\/05\/ALLEGHE-DANILO-DE-TONI.jpeg?resize=257%2C300&amp;ssl=1 257w, https:\/\/i1.wp.com\/www.radiopiu.net\/wordpress\/wp-content\/uploads\/2019\/05\/ALLEGHE-DANILO-DE-TONI.jpeg?resize=768%2C895&amp;ssl=1 768w, https:\/\/i1.wp.com\/www.radiopiu.net\/wordpress\/wp-content\/uploads\/2019\/05\/ALLEGHE-DANILO-DE-TONI.jpeg?w=1373&amp;ssl=1 1373w\" alt=\"\" width=\"100\" height=\"116\" data-recalc-dims=\"1\" data-lazy-loaded=\"1\" \/><\/p>\n<p>&nbsp;<\/p>\n<p>&nbsp;<\/p>\n<p><strong>1 DANILO DE TONI, SINDACO DI ALLEGHE<\/strong><\/p>\n<audio class=\"wp-audio-shortcode\" id=\"audio-126072-9\" preload=\"none\" style=\"width: 100%;\" controls=\"controls\"><source type=\"audio\/mpeg\" src=\"https:\/\/www.radiopiu.net\/wordpress\/wp-content\/uploads\/2020\/03\/danilo-sindaco.mp3?_=9\" \/><a href=\"https:\/\/www.radiopiu.net\/wordpress\/wp-content\/uploads\/2020\/03\/danilo-sindaco.mp3\">https:\/\/www.radiopiu.net\/wordpress\/wp-content\/uploads\/2020\/03\/danilo-sindaco.mp3<\/a><\/audio>\n<p>&nbsp;<\/p>\n<p><img loading=\"lazy\" decoding=\"async\" class=\"wp-image-45409 alignleft jetpack-lazy-image jetpack-lazy-image--handled\" src=\"https:\/\/i2.wp.com\/www.radiopiu.net\/wordpress\/wp-content\/uploads\/2018\/03\/paolo_frena.jpg?resize=100%2C114&amp;ssl=1\" sizes=\"auto, (max-width: 100px) 100vw, 100px\" srcset=\"https:\/\/i2.wp.com\/www.radiopiu.net\/wordpress\/wp-content\/uploads\/2018\/03\/paolo_frena.jpg?w=774&amp;ssl=1 774w, https:\/\/i2.wp.com\/www.radiopiu.net\/wordpress\/wp-content\/uploads\/2018\/03\/paolo_frena.jpg?resize=263%2C300&amp;ssl=1 263w, https:\/\/i2.wp.com\/www.radiopiu.net\/wordpress\/wp-content\/uploads\/2018\/03\/paolo_frena.jpg?resize=768%2C877&amp;ssl=1 768w\" alt=\"\" width=\"100\" height=\"114\" data-recalc-dims=\"1\" data-lazy-loaded=\"1\" \/><\/p>\n<p>&nbsp;<\/p>\n<p>&nbsp;<\/p>\n<p><strong>2 PAOLO FRENA, SINDACO DI COLLE SANTA LUCIA<\/strong><\/p>\n<audio class=\"wp-audio-shortcode\" id=\"audio-126072-10\" preload=\"none\" style=\"width: 100%;\" controls=\"controls\"><source type=\"audio\/mpeg\" src=\"https:\/\/www.radiopiu.net\/wordpress\/wp-content\/uploads\/2020\/03\/PAOLO-FRENA-COLLE-SANTA-LUCIA.mp3?_=10\" \/><a href=\"https:\/\/www.radiopiu.net\/wordpress\/wp-content\/uploads\/2020\/03\/PAOLO-FRENA-COLLE-SANTA-LUCIA.mp3\">https:\/\/www.radiopiu.net\/wordpress\/wp-content\/uploads\/2020\/03\/PAOLO-FRENA-COLLE-SANTA-LUCIA.mp3<\/a><\/audio>\n<p>&nbsp;<\/p>\n<p><img loading=\"lazy\" decoding=\"async\" class=\"wp-image-12402 alignleft jetpack-lazy-image jetpack-lazy-image--handled\" src=\"https:\/\/i2.wp.com\/www.radiopiu.net\/wordpress\/wp-content\/uploads\/2015\/10\/andrea-de-bernardin-tuttacronaca.jpg?resize=161%2C95&amp;ssl=1\" sizes=\"auto, (max-width: 161px) 100vw, 161px\" srcset=\"https:\/\/i2.wp.com\/www.radiopiu.net\/wordpress\/wp-content\/uploads\/2015\/10\/andrea-de-bernardin-tuttacronaca.jpg?w=600&amp;ssl=1 600w, https:\/\/i2.wp.com\/www.radiopiu.net\/wordpress\/wp-content\/uploads\/2015\/10\/andrea-de-bernardin-tuttacronaca.jpg?resize=300%2C177&amp;ssl=1 300w\" alt=\"\" width=\"161\" height=\"95\" data-recalc-dims=\"1\" data-lazy-loaded=\"1\" \/><\/p>\n<p>&nbsp;<\/p>\n<p>&nbsp;<\/p>\n<p><strong>3 ANDREA DE BERNARDIN, SINDACO DI ROCCA PIETORE<\/strong><\/p>\n<audio class=\"wp-audio-shortcode\" id=\"audio-126072-11\" preload=\"none\" style=\"width: 100%;\" controls=\"controls\"><source type=\"audio\/mpeg\" src=\"https:\/\/www.radiopiu.net\/wordpress\/wp-content\/uploads\/2020\/03\/ANDREA-DE-BERNARDIN-ROCCA-PIETORE.mp3?_=11\" \/><a href=\"https:\/\/www.radiopiu.net\/wordpress\/wp-content\/uploads\/2020\/03\/ANDREA-DE-BERNARDIN-ROCCA-PIETORE.mp3\">https:\/\/www.radiopiu.net\/wordpress\/wp-content\/uploads\/2020\/03\/ANDREA-DE-BERNARDIN-ROCCA-PIETORE.mp3<\/a><\/audio>\n<p>&nbsp;<\/p>\n<p><img loading=\"lazy\" decoding=\"async\" class=\"wp-image-86470 alignleft jetpack-lazy-image jetpack-lazy-image--handled\" src=\"https:\/\/i0.wp.com\/www.radiopiu.net\/wordpress\/wp-content\/uploads\/2019\/05\/LIVINALLONGO-LEANDRO-GRONES.jpg?resize=116%2C162&amp;ssl=1\" sizes=\"auto, (max-width: 116px) 100vw, 116px\" srcset=\"https:\/\/i0.wp.com\/www.radiopiu.net\/wordpress\/wp-content\/uploads\/2019\/05\/LIVINALLONGO-LEANDRO-GRONES.jpg?w=548&amp;ssl=1 548w, https:\/\/i0.wp.com\/www.radiopiu.net\/wordpress\/wp-content\/uploads\/2019\/05\/LIVINALLONGO-LEANDRO-GRONES.jpg?resize=214%2C300&amp;ssl=1 214w\" alt=\"\" width=\"116\" height=\"162\" data-recalc-dims=\"1\" data-lazy-loaded=\"1\" \/><\/p>\n<p>&nbsp;<\/p>\n<p>&nbsp;<\/p>\n<p><strong>4 LEANDRO GRONES, SINDACO DI LIVINALLONGO DEL COL DI LANA<\/strong><\/p>\n<audio class=\"wp-audio-shortcode\" id=\"audio-126072-12\" preload=\"none\" style=\"width: 100%;\" controls=\"controls\"><source type=\"audio\/mpeg\" src=\"https:\/\/www.radiopiu.net\/wordpress\/wp-content\/uploads\/2020\/03\/LEANDRO-GRONES-LIVINALLONGO.mp3?_=12\" \/><a href=\"https:\/\/www.radiopiu.net\/wordpress\/wp-content\/uploads\/2020\/03\/LEANDRO-GRONES-LIVINALLONGO.mp3\">https:\/\/www.radiopiu.net\/wordpress\/wp-content\/uploads\/2020\/03\/LEANDRO-GRONES-LIVINALLONGO.mp3<\/a><\/audio>\n<p>&nbsp;<\/p>\n<p><img loading=\"lazy\" decoding=\"async\" class=\"wp-image-37384 alignleft jetpack-lazy-image jetpack-lazy-image--handled\" src=\"https:\/\/i0.wp.com\/www.radiopiu.net\/wordpress\/wp-content\/uploads\/2017\/10\/silvia-cestaro.jpg?resize=148%2C111&amp;ssl=1\" sizes=\"auto, (max-width: 148px) 100vw, 148px\" srcset=\"https:\/\/i0.wp.com\/www.radiopiu.net\/wordpress\/wp-content\/uploads\/2017\/10\/silvia-cestaro.jpg?w=558&amp;ssl=1 558w, https:\/\/i0.wp.com\/www.radiopiu.net\/wordpress\/wp-content\/uploads\/2017\/10\/silvia-cestaro.jpg?resize=300%2C224&amp;ssl=1 300w\" alt=\"\" width=\"148\" height=\"111\" data-recalc-dims=\"1\" data-lazy-loaded=\"1\" \/><\/p>\n<p>&nbsp;<\/p>\n<p><strong>5 SILVIA CESTARO, SINDACO DI SELVA DI CADORE<\/strong><\/p>\n<audio class=\"wp-audio-shortcode\" id=\"audio-126072-13\" preload=\"none\" style=\"width: 100%;\" controls=\"controls\"><source type=\"audio\/mpeg\" src=\"https:\/\/www.radiopiu.net\/wordpress\/wp-content\/uploads\/2020\/03\/SILVIA-CESTARO-SELVA.mp3?_=13\" \/><a href=\"https:\/\/www.radiopiu.net\/wordpress\/wp-content\/uploads\/2020\/03\/SILVIA-CESTARO-SELVA.mp3\">https:\/\/www.radiopiu.net\/wordpress\/wp-content\/uploads\/2020\/03\/SILVIA-CESTARO-SELVA.mp3<\/a><\/audio>\n<p>&nbsp;<\/p>\n<p><img loading=\"lazy\" decoding=\"async\" class=\"wp-image-86482 alignleft jetpack-lazy-image jetpack-lazy-image--handled\" src=\"https:\/\/i0.wp.com\/www.radiopiu.net\/wordpress\/wp-content\/uploads\/2019\/05\/TAIBON-SILVIA-TORMEN.jpeg?resize=120%2C181&amp;ssl=1\" sizes=\"auto, (max-width: 120px) 100vw, 120px\" srcset=\"https:\/\/i0.wp.com\/www.radiopiu.net\/wordpress\/wp-content\/uploads\/2019\/05\/TAIBON-SILVIA-TORMEN.jpeg?resize=680%2C1024&amp;ssl=1 680w, https:\/\/i0.wp.com\/www.radiopiu.net\/wordpress\/wp-content\/uploads\/2019\/05\/TAIBON-SILVIA-TORMEN.jpeg?resize=199%2C300&amp;ssl=1 199w, https:\/\/i0.wp.com\/www.radiopiu.net\/wordpress\/wp-content\/uploads\/2019\/05\/TAIBON-SILVIA-TORMEN.jpeg?resize=768%2C1157&amp;ssl=1 768w, https:\/\/i0.wp.com\/www.radiopiu.net\/wordpress\/wp-content\/uploads\/2019\/05\/TAIBON-SILVIA-TORMEN.jpeg?w=1062&amp;ssl=1 1062w\" alt=\"\" width=\"120\" height=\"181\" data-recalc-dims=\"1\" data-lazy-loaded=\"1\" \/><\/p>\n<p>&nbsp;<\/p>\n<p>&nbsp;<\/p>\n<p><strong>6 SILVIA TORMEN, SINDACO DI TAIBON AGORDINO<\/strong><\/p>\n<audio class=\"wp-audio-shortcode\" id=\"audio-126072-14\" preload=\"none\" style=\"width: 100%;\" controls=\"controls\"><source type=\"audio\/mpeg\" src=\"https:\/\/www.radiopiu.net\/wordpress\/wp-content\/uploads\/2020\/03\/SILVIA-TORMEN.mp3?_=14\" \/><a href=\"https:\/\/www.radiopiu.net\/wordpress\/wp-content\/uploads\/2020\/03\/SILVIA-TORMEN.mp3\">https:\/\/www.radiopiu.net\/wordpress\/wp-content\/uploads\/2020\/03\/SILVIA-TORMEN.mp3<\/a><\/audio>\n<p>&nbsp;<\/p>\n<p><img loading=\"lazy\" decoding=\"async\" class=\"wp-image-126220 alignleft jetpack-lazy-image jetpack-lazy-image--handled\" src=\"https:\/\/i1.wp.com\/www.radiopiu.net\/wordpress\/wp-content\/uploads\/2020\/03\/f0f2968d-5771-491d-8972-99ce8630eabb.jpg?resize=200%2C100&amp;ssl=1\" sizes=\"auto, (max-width: 200px) 100vw, 200px\" srcset=\"https:\/\/i1.wp.com\/www.radiopiu.net\/wordpress\/wp-content\/uploads\/2020\/03\/f0f2968d-5771-491d-8972-99ce8630eabb.jpg?resize=1024%2C512&amp;ssl=1 1024w, https:\/\/i1.wp.com\/www.radiopiu.net\/wordpress\/wp-content\/uploads\/2020\/03\/f0f2968d-5771-491d-8972-99ce8630eabb.jpg?resize=300%2C150&amp;ssl=1 300w, https:\/\/i1.wp.com\/www.radiopiu.net\/wordpress\/wp-content\/uploads\/2020\/03\/f0f2968d-5771-491d-8972-99ce8630eabb.jpg?resize=768%2C384&amp;ssl=1 768w, https:\/\/i1.wp.com\/www.radiopiu.net\/wordpress\/wp-content\/uploads\/2020\/03\/f0f2968d-5771-491d-8972-99ce8630eabb.jpg?w=1440&amp;ssl=1 1440w\" alt=\"\" width=\"200\" height=\"100\" data-recalc-dims=\"1\" data-lazy-loaded=\"1\" \/><\/p>\n<p>&nbsp;<\/p>\n<p><strong>7 MICHELE COSTA, SINDACO DI FALCADE<\/strong><\/p>\n<audio class=\"wp-audio-shortcode\" id=\"audio-126072-15\" preload=\"none\" style=\"width: 100%;\" controls=\"controls\"><source type=\"audio\/mpeg\" src=\"https:\/\/www.radiopiu.net\/wordpress\/wp-content\/uploads\/2020\/03\/MICHELE-COSTA-FALCADE.mp3?_=15\" \/><a href=\"https:\/\/www.radiopiu.net\/wordpress\/wp-content\/uploads\/2020\/03\/MICHELE-COSTA-FALCADE.mp3\">https:\/\/www.radiopiu.net\/wordpress\/wp-content\/uploads\/2020\/03\/MICHELE-COSTA-FALCADE.mp3<\/a><\/audio>\n<p>&nbsp;<\/p>\n<p><img loading=\"lazy\" decoding=\"async\" class=\"wp-image-93612 alignleft jetpack-lazy-image jetpack-lazy-image--handled\" src=\"https:\/\/i0.wp.com\/www.radiopiu.net\/wordpress\/wp-content\/uploads\/2019\/07\/AGORDO-ROBERTO-CHISSALE.jpg?resize=122%2C122&amp;ssl=1\" sizes=\"auto, (max-width: 122px) 100vw, 122px\" srcset=\"https:\/\/i0.wp.com\/www.radiopiu.net\/wordpress\/wp-content\/uploads\/2019\/07\/AGORDO-ROBERTO-CHISSALE.jpg?resize=1024%2C1024&amp;ssl=1 1024w, https:\/\/i0.wp.com\/www.radiopiu.net\/wordpress\/wp-content\/uploads\/2019\/07\/AGORDO-ROBERTO-CHISSALE.jpg?resize=150%2C150&amp;ssl=1 150w, https:\/\/i0.wp.com\/www.radiopiu.net\/wordpress\/wp-content\/uploads\/2019\/07\/AGORDO-ROBERTO-CHISSALE.jpg?resize=300%2C300&amp;ssl=1 300w, https:\/\/i0.wp.com\/www.radiopiu.net\/wordpress\/wp-content\/uploads\/2019\/07\/AGORDO-ROBERTO-CHISSALE.jpg?resize=768%2C768&amp;ssl=1 768w, https:\/\/i0.wp.com\/www.radiopiu.net\/wordpress\/wp-content\/uploads\/2019\/07\/AGORDO-ROBERTO-CHISSALE.jpg?w=1600&amp;ssl=1 1600w\" alt=\"\" width=\"122\" height=\"122\" data-recalc-dims=\"1\" data-lazy-loaded=\"1\" \/><\/p>\n<p>&nbsp;<\/p>\n<p>&nbsp;<\/p>\n<p><strong>8 ROBERTO CHISSALE\u2019 SINDACO DI AGORDO<\/strong><\/p>\n<audio class=\"wp-audio-shortcode\" id=\"audio-126072-16\" preload=\"none\" style=\"width: 100%;\" controls=\"controls\"><source type=\"audio\/mpeg\" src=\"https:\/\/www.radiopiu.net\/wordpress\/wp-content\/uploads\/2020\/03\/chissale-1.mp3?_=16\" \/><a href=\"https:\/\/www.radiopiu.net\/wordpress\/wp-content\/uploads\/2020\/03\/chissale-1.mp3\">https:\/\/www.radiopiu.net\/wordpress\/wp-content\/uploads\/2020\/03\/chissale-1.mp3<\/a><\/audio>\n<p>&nbsp;<\/p>\n<p><img loading=\"lazy\" decoding=\"async\" class=\"wp-image-48070 alignleft jetpack-lazy-image jetpack-lazy-image--handled\" src=\"https:\/\/i0.wp.com\/www.radiopiu.net\/wordpress\/wp-content\/uploads\/2018\/05\/Mauro-Soppelsa-libero-professionista-perito-edile-56-anni.jpg?resize=116%2C139&amp;ssl=1\" sizes=\"auto, (max-width: 116px) 100vw, 116px\" srcset=\"https:\/\/i0.wp.com\/www.radiopiu.net\/wordpress\/wp-content\/uploads\/2018\/05\/Mauro-Soppelsa-libero-professionista-perito-edile-56-anni.jpg?resize=855%2C1024&amp;ssl=1 855w, https:\/\/i0.wp.com\/www.radiopiu.net\/wordpress\/wp-content\/uploads\/2018\/05\/Mauro-Soppelsa-libero-professionista-perito-edile-56-anni.jpg?resize=250%2C300&amp;ssl=1 250w, https:\/\/i0.wp.com\/www.radiopiu.net\/wordpress\/wp-content\/uploads\/2018\/05\/Mauro-Soppelsa-libero-professionista-perito-edile-56-anni.jpg?resize=768%2C920&amp;ssl=1 768w, https:\/\/i0.wp.com\/www.radiopiu.net\/wordpress\/wp-content\/uploads\/2018\/05\/Mauro-Soppelsa-libero-professionista-perito-edile-56-anni.jpg?w=1852&amp;ssl=1 1852w\" alt=\"\" width=\"116\" height=\"139\" data-recalc-dims=\"1\" data-lazy-loaded=\"1\" \/><\/p>\n<p>&nbsp;<\/p>\n<p>&nbsp;<\/p>\n<p><strong>9 MAURO SOPPELSA SINDACO DI CENCENIGHE<\/strong><\/p>\n<audio class=\"wp-audio-shortcode\" id=\"audio-126072-17\" preload=\"none\" style=\"width: 100%;\" controls=\"controls\"><source type=\"audio\/mpeg\" src=\"https:\/\/www.radiopiu.net\/wordpress\/wp-content\/uploads\/2020\/03\/mauro-soppelsa-1.mp3?_=17\" \/><a href=\"https:\/\/www.radiopiu.net\/wordpress\/wp-content\/uploads\/2020\/03\/mauro-soppelsa-1.mp3\">https:\/\/www.radiopiu.net\/wordpress\/wp-content\/uploads\/2020\/03\/mauro-soppelsa-1.mp3<\/a><\/audio>\n<p>&nbsp;<\/p>\n<p><img loading=\"lazy\" decoding=\"async\" class=\"wp-image-83894 alignleft jetpack-lazy-image jetpack-lazy-image--handled\" src=\"https:\/\/i2.wp.com\/www.radiopiu.net\/wordpress\/wp-content\/uploads\/2019\/04\/San-Tomaso_Moreno-De-Val.jpg?resize=114%2C114&amp;ssl=1\" sizes=\"auto, (max-width: 114px) 100vw, 114px\" srcset=\"https:\/\/i2.wp.com\/www.radiopiu.net\/wordpress\/wp-content\/uploads\/2019\/04\/San-Tomaso_Moreno-De-Val.jpg?w=320&amp;ssl=1 320w, https:\/\/i2.wp.com\/www.radiopiu.net\/wordpress\/wp-content\/uploads\/2019\/04\/San-Tomaso_Moreno-De-Val.jpg?resize=150%2C150&amp;ssl=1 150w, https:\/\/i2.wp.com\/www.radiopiu.net\/wordpress\/wp-content\/uploads\/2019\/04\/San-Tomaso_Moreno-De-Val.jpg?resize=300%2C300&amp;ssl=1 300w\" alt=\"\" width=\"114\" height=\"114\" data-recalc-dims=\"1\" data-lazy-loaded=\"1\" \/><\/p>\n<p>&nbsp;<\/p>\n<p><strong>10 MORENO DE VAL SINDACO DI SAN TOMASO<\/strong><\/p>\n<audio class=\"wp-audio-shortcode\" id=\"audio-126072-18\" preload=\"none\" style=\"width: 100%;\" controls=\"controls\"><source type=\"audio\/mpeg\" src=\"https:\/\/www.radiopiu.net\/wordpress\/wp-content\/uploads\/2020\/03\/moreno-1.mp3?_=18\" \/><a href=\"https:\/\/www.radiopiu.net\/wordpress\/wp-content\/uploads\/2020\/03\/moreno-1.mp3\">https:\/\/www.radiopiu.net\/wordpress\/wp-content\/uploads\/2020\/03\/moreno-1.mp3<\/a><\/audio>\n<p>&nbsp;<\/p>\n<p><img loading=\"lazy\" decoding=\"async\" class=\"wp-image-86466 alignleft jetpack-lazy-image jetpack-lazy-image--handled\" src=\"https:\/\/i0.wp.com\/www.radiopiu.net\/wordpress\/wp-content\/uploads\/2019\/05\/LA-VALLE-EZIO-ZUANEL.jpeg?resize=186%2C105&amp;ssl=1\" sizes=\"auto, (max-width: 186px) 100vw, 186px\" srcset=\"https:\/\/i0.wp.com\/www.radiopiu.net\/wordpress\/wp-content\/uploads\/2019\/05\/LA-VALLE-EZIO-ZUANEL.jpeg?resize=1024%2C577&amp;ssl=1 1024w, https:\/\/i0.wp.com\/www.radiopiu.net\/wordpress\/wp-content\/uploads\/2019\/05\/LA-VALLE-EZIO-ZUANEL.jpeg?resize=300%2C169&amp;ssl=1 300w, https:\/\/i0.wp.com\/www.radiopiu.net\/wordpress\/wp-content\/uploads\/2019\/05\/LA-VALLE-EZIO-ZUANEL.jpeg?resize=768%2C432&amp;ssl=1 768w, https:\/\/i0.wp.com\/www.radiopiu.net\/wordpress\/wp-content\/uploads\/2019\/05\/LA-VALLE-EZIO-ZUANEL.jpeg?w=1600&amp;ssl=1 1600w\" alt=\"\" width=\"186\" height=\"105\" data-recalc-dims=\"1\" data-lazy-loaded=\"1\" \/><\/p>\n<p>&nbsp;<\/p>\n<p><strong>11 EZIO ZUANEL SINDACO DI LA VALLE AGORDINA<\/strong><\/p>\n<audio class=\"wp-audio-shortcode\" id=\"audio-126072-19\" preload=\"none\" style=\"width: 100%;\" controls=\"controls\"><source type=\"audio\/mpeg\" src=\"https:\/\/www.radiopiu.net\/wordpress\/wp-content\/uploads\/2020\/03\/ezio.mp3?_=19\" \/><a href=\"https:\/\/www.radiopiu.net\/wordpress\/wp-content\/uploads\/2020\/03\/ezio.mp3\">https:\/\/www.radiopiu.net\/wordpress\/wp-content\/uploads\/2020\/03\/ezio.mp3<\/a><\/audio>\n<p>&nbsp;<\/p>\n<p><img loading=\"lazy\" decoding=\"async\" class=\"wp-image-32109 alignleft jetpack-lazy-image jetpack-lazy-image--handled\" src=\"https:\/\/i0.wp.com\/www.radiopiu.net\/wordpress\/wp-content\/uploads\/2017\/05\/GIOVANNI-NINO-DEON.jpg?resize=158%2C153&amp;ssl=1\" sizes=\"auto, (max-width: 158px) 100vw, 158px\" srcset=\"https:\/\/i0.wp.com\/www.radiopiu.net\/wordpress\/wp-content\/uploads\/2017\/05\/GIOVANNI-NINO-DEON.jpg?w=745&amp;ssl=1 745w, https:\/\/i0.wp.com\/www.radiopiu.net\/wordpress\/wp-content\/uploads\/2017\/05\/GIOVANNI-NINO-DEON.jpg?resize=300%2C290&amp;ssl=1 300w\" alt=\"\" width=\"158\" height=\"153\" data-recalc-dims=\"1\" data-lazy-loaded=\"1\" \/><\/p>\n<p>&nbsp;<\/p>\n<p>&nbsp;<\/p>\n<p><strong>12 GIOVANNI NINO DEON RIVAMONTE<\/strong><\/p>\n<audio class=\"wp-audio-shortcode\" id=\"audio-126072-20\" preload=\"none\" style=\"width: 100%;\" controls=\"controls\"><source type=\"audio\/mpeg\" src=\"https:\/\/www.radiopiu.net\/wordpress\/wp-content\/uploads\/2020\/03\/DEON.mp3?_=20\" \/><a href=\"https:\/\/www.radiopiu.net\/wordpress\/wp-content\/uploads\/2020\/03\/DEON.mp3\">https:\/\/www.radiopiu.net\/wordpress\/wp-content\/uploads\/2020\/03\/DEON.mp3<\/a><\/audio>\n<p>&nbsp;<\/p>\n<p><img loading=\"lazy\" decoding=\"async\" class=\"wp-image-56267 alignleft jetpack-lazy-image jetpack-lazy-image--handled\" src=\"https:\/\/i2.wp.com\/www.radiopiu.net\/wordpress\/wp-content\/uploads\/2018\/08\/FLAVIO-COLCE.jpg?resize=110%2C196&amp;ssl=1\" sizes=\"auto, (max-width: 110px) 100vw, 110px\" srcset=\"https:\/\/i2.wp.com\/www.radiopiu.net\/wordpress\/wp-content\/uploads\/2018\/08\/FLAVIO-COLCE.jpg?w=575&amp;ssl=1 575w, https:\/\/i2.wp.com\/www.radiopiu.net\/wordpress\/wp-content\/uploads\/2018\/08\/FLAVIO-COLCE.jpg?resize=168%2C300&amp;ssl=1 168w\" alt=\"\" width=\"110\" height=\"196\" data-recalc-dims=\"1\" data-lazy-loaded=\"1\" \/><\/p>\n<p>&nbsp;<\/p>\n<p>&nbsp;<\/p>\n<p><strong>13\u00a0 FLAVIO COLCERGNAN<\/strong> <strong>\u00a0SINDACO DI CANALE D\u2019AGORDO<\/strong><\/p>\n<audio class=\"wp-audio-shortcode\" id=\"audio-126072-21\" preload=\"none\" style=\"width: 100%;\" controls=\"controls\"><source type=\"audio\/mpeg\" src=\"https:\/\/www.radiopiu.net\/wordpress\/wp-content\/uploads\/2020\/03\/FLAVIO.mp3?_=21\" \/><a href=\"https:\/\/www.radiopiu.net\/wordpress\/wp-content\/uploads\/2020\/03\/FLAVIO.mp3\">https:\/\/www.radiopiu.net\/wordpress\/wp-content\/uploads\/2020\/03\/FLAVIO.mp3<\/a><\/audio>\n<p>&nbsp;<\/p>\n<p><img loading=\"lazy\" decoding=\"async\" class=\"wp-image-86485 alignleft jetpack-lazy-image jetpack-lazy-image--handled\" src=\"https:\/\/i1.wp.com\/www.radiopiu.net\/wordpress\/wp-content\/uploads\/2019\/05\/VALLADA-FABIO-LUCCHETTA.jpeg?resize=104%2C119&amp;ssl=1\" sizes=\"auto, (max-width: 104px) 100vw, 104px\" srcset=\"https:\/\/i1.wp.com\/www.radiopiu.net\/wordpress\/wp-content\/uploads\/2019\/05\/VALLADA-FABIO-LUCCHETTA.jpeg?resize=893%2C1024&amp;ssl=1 893w, https:\/\/i1.wp.com\/www.radiopiu.net\/wordpress\/wp-content\/uploads\/2019\/05\/VALLADA-FABIO-LUCCHETTA.jpeg?resize=262%2C300&amp;ssl=1 262w, https:\/\/i1.wp.com\/www.radiopiu.net\/wordpress\/wp-content\/uploads\/2019\/05\/VALLADA-FABIO-LUCCHETTA.jpeg?resize=768%2C880&amp;ssl=1 768w, https:\/\/i1.wp.com\/www.radiopiu.net\/wordpress\/wp-content\/uploads\/2019\/05\/VALLADA-FABIO-LUCCHETTA.jpeg?w=1396&amp;ssl=1 1396w\" alt=\"\" width=\"104\" height=\"119\" data-recalc-dims=\"1\" data-lazy-loaded=\"1\" \/><\/p>\n<p>&nbsp;<\/p>\n<p><strong>14\u00a0 FABIO LUCHETTA SINDACO DI VALLADA\u00a0<\/strong><\/p>\n<audio class=\"wp-audio-shortcode\" id=\"audio-126072-22\" preload=\"none\" style=\"width: 100%;\" controls=\"controls\"><source type=\"audio\/mpeg\" src=\"https:\/\/www.radiopiu.net\/wordpress\/wp-content\/uploads\/2020\/03\/FABIO-LUCGHETTA.mp3?_=22\" \/><a href=\"https:\/\/www.radiopiu.net\/wordpress\/wp-content\/uploads\/2020\/03\/FABIO-LUCGHETTA.mp3\">https:\/\/www.radiopiu.net\/wordpress\/wp-content\/uploads\/2020\/03\/FABIO-LUCGHETTA.mp3<\/a><\/audio>\n<p>&nbsp;<\/p>\n<p><img loading=\"lazy\" decoding=\"async\" class=\"wp-image-34620 alignleft jetpack-lazy-image jetpack-lazy-image--handled\" src=\"https:\/\/i1.wp.com\/www.radiopiu.net\/wordpress\/wp-content\/uploads\/2017\/07\/Giocondo-OK-.jpg?resize=111%2C126&amp;ssl=1\" alt=\"\" width=\"111\" height=\"126\" data-recalc-dims=\"1\" data-lazy-loaded=\"1\" \/><\/p>\n<p>&nbsp;<\/p>\n<p>&nbsp;<\/p>\n<p><strong>15 GIOCONDO DALLA FESTA SINDACO DI GOSALDO\u00a0<\/strong><\/p>\n<audio class=\"wp-audio-shortcode\" id=\"audio-126072-23\" preload=\"none\" style=\"width: 100%;\" controls=\"controls\"><source type=\"audio\/mpeg\" src=\"https:\/\/www.radiopiu.net\/wordpress\/wp-content\/uploads\/2020\/03\/GIOCONDO.mp3?_=23\" \/><a href=\"https:\/\/www.radiopiu.net\/wordpress\/wp-content\/uploads\/2020\/03\/GIOCONDO.mp3\">https:\/\/www.radiopiu.net\/wordpress\/wp-content\/uploads\/2020\/03\/GIOCONDO.mp3<\/a><\/audio>\n","protected":false},"excerpt":{"rendered":"<p>PER RICEVERE QUESTO NOTIZIARIO DIRETTAMENTE SUL TUO CELLULARE ISCRIVITI AL CANALE\u00a0TELEGRAM\u00a0\u201cRADIO PIU\u00a0 INFORMAZIONE\u201d CAMBIA IL MODULO DI AUTOCERTIFICAZIONE PER GLI SPOSTAMENTI CLICCA\u00a0 PER SCARICARE IL MODULO AUTOCERTIFICAZIONE 26 MARZO DOCUMENTI, CIRCOLARE MINISTERIALE CLICCA E SCARICA LA CIRCOLARE DPCM circolare-d-p-c-m\u201322-marzo-2020-pdf-pd\u00a0 &nbsp; &nbsp; I CONTAGI COMUNE PER COMUNE IN PROVINCIA DI BELLUNO, CENCENIGHE PRIMI CASI, SELVA DI&hellip;<\/p>\n","protected":false},"author":4,"featured_media":126224,"comment_status":"closed","ping_status":"closed","sticky":false,"template":"","format":"standard","meta":{"_monsterinsights_skip_tracking":false,"_monsterinsights_sitenote_active":false,"_monsterinsights_sitenote_note":"","_monsterinsights_sitenote_category":0,"footnotes":""},"categories":[1,51,86,49],"tags":[],"class_list":["post-126072","post","type-post","status-publish","format-standard","has-post-thumbnail","hentry","category-senza-categoria","category-evidenza-top","category-gr","category-news-18","category-1","category-51","category-86","category-49","description-off"],"img_url":"https:\/\/www.radiopiu.net\/wordpress\/wp-content\/uploads\/2020\/03\/506818d8-e99c-4fb0-b71c-5ad90a5fb1b0.jpg","_links":{"self":[{"href":"https:\/\/www.radiopiu.net\/wordpress\/wp-json\/wp\/v2\/posts\/126072","targetHints":{"allow":["GET"]}}],"collection":[{"href":"https:\/\/www.radiopiu.net\/wordpress\/wp-json\/wp\/v2\/posts"}],"about":[{"href":"https:\/\/www.radiopiu.net\/wordpress\/wp-json\/wp\/v2\/types\/post"}],"author":[{"embeddable":true,"href":"https:\/\/www.radiopiu.net\/wordpress\/wp-json\/wp\/v2\/users\/4"}],"replies":[{"embeddable":true,"href":"https:\/\/www.radiopiu.net\/wordpress\/wp-json\/wp\/v2\/comments?post=126072"}],"version-history":[{"count":0,"href":"https:\/\/www.radiopiu.net\/wordpress\/wp-json\/wp\/v2\/posts\/126072\/revisions"}],"wp:featuredmedia":[{"embeddable":true,"href":"https:\/\/www.radiopiu.net\/wordpress\/wp-json\/wp\/v2\/media\/126224"}],"wp:attachment":[{"href":"https:\/\/www.radiopiu.net\/wordpress\/wp-json\/wp\/v2\/media?parent=126072"}],"wp:term":[{"taxonomy":"category","embeddable":true,"href":"https:\/\/www.radiopiu.net\/wordpress\/wp-json\/wp\/v2\/categories?post=126072"},{"taxonomy":"post_tag","embeddable":true,"href":"https:\/\/www.radiopiu.net\/wordpress\/wp-json\/wp\/v2\/tags?post=126072"}],"curies":[{"name":"wp","href":"https:\/\/api.w.org\/{rel}","templated":true}]}}