{"id":126110,"date":"2020-03-30T12:30:37","date_gmt":"2020-03-30T10:30:37","guid":{"rendered":"https:\/\/www.radiopiu.net\/wordpress\/?p=126110"},"modified":"2020-03-30T13:18:12","modified_gmt":"2020-03-30T11:18:12","slug":"la-conferenza-stampa-del-presidente-del-veneto-luca-zaia-30-marzo-2020","status":"publish","type":"post","link":"https:\/\/www.radiopiu.net\/wordpress\/la-conferenza-stampa-del-presidente-del-veneto-luca-zaia-30-marzo-2020\/","title":{"rendered":"LA CONFERENZA STAMPA DEL PRESIDENTE DEL VENETO LUCA ZAIA 30 MARZO 2020"},"content":{"rendered":"<p><strong>VENEZIA<\/strong> Appuntamento giornaliero con la conferenza stampa di Luca Zaia, Presidente del Veneto<\/p>\n<p><strong>SUPPORTO PSICOLOGICO<\/strong> <strong>1680 CHIAMATE 640 COLLOQUI<\/strong><\/p>\n<p><strong>E&#8217; OBBLIGO INDOSSARE LA MASCHERINA NEI NEGOZI DA PARTE DEGLI ESERCENTI<\/strong><\/p>\n<p><strong>CASSA INTEGRAZIONE AD ABANO E&#8217; EVITABILE VISTO IL MOMENTO DI EMERGENZA? Questo lo decide il datore di lavoro \u00e8 una scelta imprenditoriale.<\/strong><\/p>\n<p><strong>CASE DI RIPOSO<\/strong>\u00a0 <u>C<\/u>ontinuiamo a testare con tamponi gli ospiti per capire dare una misura alla diffusione del virus &#8220;delle case di riposo&#8221;. . Nelle case di riposo abbiamo anche il grande tema degli operatori che si sono infettati perch\u00e9 non avevano i dispositivi di protezione.<\/p>\n<p><strong>MASCHERINE<\/strong> Le abbiamo comprate. Noi le diamo a tutti se le abbiamo, anche alle case di riposo, ma non \u00e8 un obbligo di legge, andiamo verso una normalizzazione.<\/p>\n<p><strong>NUOVO PIANO SANITA&#8217; PUBBLICA\u00a0<\/strong> Rimetter\u00f2 in asse tutte le modalit\u00e0 nuove in base alle normative. Esiste il caso di famiglie che vivono con un positivo in casa: norme igieniche estreme, bagni separati, tutto \u00e8 cambiato con questo virus.<\/p>\n<p><strong>VARIE\u00a0 <\/strong>\u00a0Entro il quinto giorno facciamo un test a tutti quelli che sono malati e\u00a0 siamo anche autorizzati a somministrare i farmaci a casa. Se tornassimo indietro la prima cosa sarebbe isolare tutti gli over 70, ma allora le indicazioni che avevamo non erano queste. Stanno arrivando 752mila test rapidi che non sostituisce il tampone ma al quinto giorno dall&#8217;infezione da risposte.<\/p>\n<p><strong>TAMPONI <\/strong>Ritardi a Padova sugli esiti dei tamponi,\u00a0 attese anche di 5-6 giorni: Ne abbiamo almeno\u00a0 6mila in attesa e chi aspetta la risposta\u00a0 \u00e8 in isolamento fiduciario, mancano i reagenti.<\/p>\n<p><strong>SANZIONI<\/strong> La polizia contesta l&#8217;uscita di casa per futili motivi nei 200 metri di casa, non \u00e8 una contestazione corretta e scriver\u00f2&#8217; ai Prefetti perch\u00e9 la sanzione \u00e8 impugnabile<\/p>\n<p><strong>LA PATENTE DEL CONTAGIO<\/strong> Dovremo pensare a un&#8217;uscita\u00a0 graduale, per la ripresa delle normali condizioni di vita. Una delle soluzioni il test sierologico\u00a0 Stiamo ragionando sulla &#8220;patente&#8221; che attesti la risposta degli anticorpi tenendo conto dei casi di re infezione.\u00a0 Sentiremo i pareri degli \u00a0scienziati, che chi ha gi\u00e0 avuto una risposta anticorpale magari potr\u00e0 comunque essere esposto a un&#8217;ulteriore infezione.<\/p>\n<p><strong>CONTRIBUTI AI COMUNI ED ECONOMIA<\/strong> Polemiche zero, non voglio entrarci. La Germania 550 milardi di euro, noi risolviamo il problema con 25 miliardi e uno per la spesa di 400 milioni di euro per la spesa che serve. La partita del turismo prima industria in Veneto \u00e8 persa cos\u00ec per le partite iva in catena. Serve il piano Marshall e mettere in sicurezza il debito pubblico con grande iniezione di risorse. \u00a0L&#8217;Europa \u00e8 scandalosa, se c&#8217;\u00e8 batta un colpo: \u00e8 come la guardia costiera che guarda una nave affondare. Siamo in totale balia delle onde, Venezia \u00e8 stremata e anche il turismo, faremo di tutto perch\u00e9 tutti abbiano un ristoro, attendiamo il piano Marshall nazionale anche perch\u00e9 siamo l&#8217;unica Regione che non applica tasse. Ci aspettiamo risorse da Roma. Non possiamo certo fare tasse adesso altrimenti Roma ci dir\u00e0 che non abbiamo bisogno.<\/p>\n<p><strong>MERCATI ALL&#8217;APERTO<\/strong>\u00a0 Stiamo valutando soluzioni per regimentarli.<\/p>\n<p><strong>IL PICCO\u00a0<\/strong> Spero che il cambio di direzione ci possa essere la prossima settimana, possiamo considerare la prossima settimana come quella cruciale e i nostri modelli matematici ci dicono che il sacrificio fatto finora \u00e8 servito. Io spero per domenica prossima di poter dire che stiamo cambiando direzione. Il picco, se verranno rispettate le previsioni, \u00e8 atteso \u00abentro il 15 aprile con la speranza di tornare nella normalit\u00e0 tra fine maggio o inizio giugno.<\/p>\n<p><strong>MASCHERE E RESPIRATORI<\/strong> C&#8217;\u00e8 una ditta che ha proposto di modificare le maschere in respiratori, stiamo valutando ma non abbiamo emergenza in questo fronte.<\/p>\n<p><strong>MEDICI DI BASE NON HANNO TAMPONI\u00a0<\/strong> E&#8217; la verit\u00e0 non sono sufficienti. I kit anticorpali ci aiuteranno<\/p>\n<p><strong>REPLICA A BOCCIA?<\/strong> Non voglio fare polemiche<\/p>\n<p><strong>TAMPONI CASE RIPOSO<\/strong> anche con Croce Rossa e staff universitario. Non siamo nelle condizioni di fare tamponi on the road cio\u00e8 quelli casuali.<\/p>\n<p>&nbsp;<\/p>\n<p>&nbsp;<\/p>\n<p>https:\/\/www.facebook.com\/172229066312350\/videos\/264264597921638<\/p>\n","protected":false},"excerpt":{"rendered":"<p>VENEZIA Appuntamento giornaliero con la conferenza stampa di Luca Zaia, Presidente del Veneto SUPPORTO PSICOLOGICO 1680 CHIAMATE 640 COLLOQUI E&#8217; OBBLIGO INDOSSARE LA MASCHERINA NEI NEGOZI DA PARTE DEGLI ESERCENTI CASSA INTEGRAZIONE AD ABANO E&#8217; EVITABILE VISTO IL MOMENTO DI EMERGENZA? Questo lo decide il datore di lavoro \u00e8 una scelta imprenditoriale. CASE DI RIPOSO\u00a0&hellip;<\/p>\n","protected":false},"author":4,"featured_media":121391,"comment_status":"closed","ping_status":"closed","sticky":false,"template":"","format":"standard","meta":{"_monsterinsights_skip_tracking":false,"_monsterinsights_sitenote_active":false,"_monsterinsights_sitenote_note":"","_monsterinsights_sitenote_category":0,"footnotes":""},"categories":[49],"tags":[],"class_list":["post-126110","post","type-post","status-publish","format-standard","has-post-thumbnail","hentry","category-news-18","category-49","description-off"],"img_url":"https:\/\/www.radiopiu.net\/wordpress\/wp-content\/uploads\/2020\/03\/covid-zaia.jpg","_links":{"self":[{"href":"https:\/\/www.radiopiu.net\/wordpress\/wp-json\/wp\/v2\/posts\/126110","targetHints":{"allow":["GET"]}}],"collection":[{"href":"https:\/\/www.radiopiu.net\/wordpress\/wp-json\/wp\/v2\/posts"}],"about":[{"href":"https:\/\/www.radiopiu.net\/wordpress\/wp-json\/wp\/v2\/types\/post"}],"author":[{"embeddable":true,"href":"https:\/\/www.radiopiu.net\/wordpress\/wp-json\/wp\/v2\/users\/4"}],"replies":[{"embeddable":true,"href":"https:\/\/www.radiopiu.net\/wordpress\/wp-json\/wp\/v2\/comments?post=126110"}],"version-history":[{"count":0,"href":"https:\/\/www.radiopiu.net\/wordpress\/wp-json\/wp\/v2\/posts\/126110\/revisions"}],"wp:featuredmedia":[{"embeddable":true,"href":"https:\/\/www.radiopiu.net\/wordpress\/wp-json\/wp\/v2\/media\/121391"}],"wp:attachment":[{"href":"https:\/\/www.radiopiu.net\/wordpress\/wp-json\/wp\/v2\/media?parent=126110"}],"wp:term":[{"taxonomy":"category","embeddable":true,"href":"https:\/\/www.radiopiu.net\/wordpress\/wp-json\/wp\/v2\/categories?post=126110"},{"taxonomy":"post_tag","embeddable":true,"href":"https:\/\/www.radiopiu.net\/wordpress\/wp-json\/wp\/v2\/tags?post=126110"}],"curies":[{"name":"wp","href":"https:\/\/api.w.org\/{rel}","templated":true}]}}