{"id":126379,"date":"2020-03-31T08:40:48","date_gmt":"2020-03-31T06:40:48","guid":{"rendered":"https:\/\/www.radiopiu.net\/wordpress\/?p=126379"},"modified":"2020-03-31T08:40:48","modified_gmt":"2020-03-31T06:40:48","slug":"nella-mappa-dei-contagi-anche-il-comune-di-cencenighe-5-contagi-a-livinallongo-del-col-di-lana-nessuno-a-selva-di-cadore","status":"publish","type":"post","link":"https:\/\/www.radiopiu.net\/wordpress\/nella-mappa-dei-contagi-anche-il-comune-di-cencenighe-5-contagi-a-livinallongo-del-col-di-lana-nessuno-a-selva-di-cadore\/","title":{"rendered":"NELLA MAPPA DEI CONTAGI ANCHE IL COMUNE DI CENCENIGHE, 5 CONTAGI A LIVINALLONGO DEL COL DI LANA, NESSUNO A SELVA DI CADORE"},"content":{"rendered":"<blockquote>\n<h3><span style=\"color: #339966;\">SEGNALI INCORAGGIANTI: IL CONTAGIO FRENA,<\/span> LE TERAPIE INTENSIVE NON COLLASSANO MA SI CONTINUA A MORIRE. <span style=\"color: #ff0000;\">IERI 4 DECESSI IN PROVINCIA, 34 IN REGIONE.\u00a0<\/span><\/h3>\n<\/blockquote>\n<p><span style=\"color: #339966;\">di Mirko<\/span> Mezz<span style=\"color: #ff0000;\">acasa\u00a0<\/span><\/p>\n<p>Venti decessi per ora, \u00e8 il caro prezzo pagato dalla nostra provincia per la pandemia Covid_19. Due decessi in 24 ore all&#8217;ospedale San Martino di Belluno, Carlo Grones 76 anni di Livinallongo \u00e8 la prima vittima del virus nell&#8217;Agordino, ieri \u00e8 spirata anche Serenella De Bortoli 72 anni di Pedavena, purtroppo altre due vittime in casa di riposo (ufficialmente in provincia sono 5 ma non c&#8217;\u00e8 un dato ufficiale), a Santa Croce sul lago in Comune di Alpago sono morti Irene Panciera 82 anni zoldana e Sergio Peterle 85 anni dell&#8217;Alpago. Nella casa di riposo in riva al lago sono 7 gli ospiti positivi, 10 gli operatori.\u00a0 Ormai tutti i Comuni agordini sono stati interessati dal contagio, si contano i primi casi anche a Cencenighe Agordino che fino a ieri era stato risparmiato, nella casella compare invece lo zero per il Comune di Selva di Cadore, tra l&#8217;altro l&#8217;unico contagiato che veniva segnalato nei giorni scorsi ora fuori dalla quarantena\u00a0 &#8211; come ricorda il sindaco Silvia Cestaro &#8211; era riferito a un cittadino non residente in paese ma che ha contratto il virus durante un periodo di soggiorno ai piedi del Pelmo. Il sindaco di Cortina Gianpiero Ghedina nel messaggio di domenica: <em>&#8220;In questi ultimi 3 giorni si sono aggiunti 13 nuovi casi portando a 53 il numero di positivi al Covid-19 nel territorio di Cortina d\u2019Ampezzo. Si registra una nota positiva per la giornata di domenica in cui non si sono verificati nuovi casi, mentre alcuni che erano in fase di accertamento sono stati confermati. Il Commissario Responsabile della Croce Bianca, Luca Gandini, con cui sono in stretto contatto, mi conferma che la serata di sabato e la giornata di domenica sono state pi\u00f9 tranquille. Ci\u00f2 non deve farci abbassare la guardia in alcun modo: sono giornate determinanti, la nostra sola arma \u00e8 la prevenzione, dobbiamo restare a casa&#8221;.\u00a0<\/em> Il bollettino di Azienda Zero\u00a0 ieri ha acceso qualche speranza con un incremento di soli 14 casi ma non \u00e8 certo un invito a mollare la presa e soprattutto cedere sulle restrizioni.\u00a0 A Cortina ieri sono stati registrati 53 contagi che sono ormai poche unit\u00e0 in meno di Belluno attorno ai 60. Sono 1238 i bellunesi in isolamento fiduciario &#8220;reclusi&#8221; in casa, 6057 i tamponi al 30 marzo, 78 i pazienti ricoverati negli ospedali, 8 in terapia intensiva. In Veneto la curva dei contagi ha preso la strada in discesa con casi meno gravi e terapie intensive con meno pazienti.\u00a0 Questa mattina si riuniranno i comitati di distretto per definire le linee e distribuire il contributo alimentare, vanno individuate in fretta le regole comuni per l&#8217;intera provincia le famiglie in difficolt\u00e0 hanno necessit\u00e0 di quel denaro, aspettare non si pu\u00f2, gli addetti ai lavori sono chiamati a definire regole chiare e criteri immediatamente condivisibili senza tanti giri di parole e burocrazia. Le previsioni sono state confermate, secondo gli esperti il picco della pandemia coronavirus \u00e8 in calendario per il 14 di aprile in Veneto, nel Nordest la diminuzione del contagio dovrebbe iniziare con il 6 di aprile, gradualmente e poi via via lungo il territorio italiano scendendo verso sud, il sereno si dovrebbe vedere nei primi 15 giorni di maggio. Queste previsioni comportano una proroga dei divieti almeno per due settimane.\u00a0 In Veneto ieri abbiamo assistito ad un calo dei ricoveri in terapia intensiva (sei casi in meno) in Italia \u00e8 stato segnato il record di guarigioni pari a 1590. Il problema casa di riposo \u00e8 uno dei pi\u00f9 evidenti anche nel Veneto dove gli anziani sono testati con i tamponi per cercare di capire la diffusione del virus. Non va messo in secondo piano\u00a0 il grande tema degli operatori che si sono infettati perch\u00e9 non avevano i dispositivi di protezione. Per tutti sono arrivate le mascherine<em> &#8220;Noi le diamo a tutti se le abbiamo &#8211; ha detto Zaia &#8211; anche alle case di riposo, ma non \u00e8 un obbligo di legge, andiamo verso una\u00a0 normalizzazione&#8221;.\u00a0<\/em>Ieri per la prima volta si \u00e8 parlato del nuovo piano di sanit\u00e0 pubblica, la Regione \u00e8 stata autorizzata a somministrare i farmaci a casa e stanno arrivando 752mila test rapidi che non sostituiscono il tampone ma al quinto giorno dall&#8217;infezione danno risposte. A Padova per gli esiti dei tamponi i ritardi si sommano, \u00a0attese anche di 5-6 giorni, almeno 6mila gli esami in attesa e chi aspetta la risposta rimane in isolamento fiduciario, il problema principale rimane la mancanza dei reagenti.\u00a0 Questa pandemia un insegnamento lo ha dato: la prima cosa da fare era isolare tutti gli over 70, ma inizialmente\u00a0 le indicazioni non\u00a0 erano queste.\u00a0 Tra decreti del Governo e quelli della Regione \u00e8 scoppiata la confusione, le Forze di Polizia avrebbero sanzionato cittadini sull&#8217;uscio di casa dimenticando la direttiva regionale dei 200 metri da casa per la quale esiste pure un&#8217;applicazione telefonica e che tanto ha fatto discutere.\u00a0<em><b> &#8220;<\/b>La polizia contesta l&#8217;uscita di casa per futili motivi nei 200 metri di casa, non \u00e8 una contestazione corretta e scriver\u00f2 ai Prefetti perch\u00e9 la sanzione \u00e8 impugnabile&#8221;<\/em> ha detto Zaia. Per coloro che invece usciranno dagli ospedali o comunque dalla quarantena perch\u00e9 positivi viene proposta la patente del contagio si teme infatti che l&#8217;infezione possa ripetersi nel tempo. <em>&#8220;Dovremo pensare a un&#8217;uscita\u00a0 graduale, per la ripresa delle normali condizioni di vita &#8211; \u00e8 stato detto ieri in conferenza stampa &#8211;\u00a0 una delle soluzioni il test sierologico.\u00a0 Stiamo ragionando sulla &#8220;patente&#8221; che attesti la risposta degli anticorpi,\u00a0 tenendo conto dei casi di re-infezione.\u00a0 Sentiremo i pareri degli \u00a0scienziati, che chi ha gi\u00e0 avuto una risposta anticorpale magari potr\u00e0 comunque essere esposto a un&#8217;ulteriore infezione&#8221;. <\/em>A proposito dei contributi Zaia ha detto: polemiche zero,\u00a0 ma ha anche aggiunto <em>&#8220;La Germania ha messo a disposizione 550 miliardi di euro, noi risolviamo il problema con 25 miliardi e\u00a0 400 milioni di euro per la spesa che serve&#8221;.<\/em> La partita del turismo prima industria in Veneto \u00e8 persa cos\u00ec per le partite iva in catena ci saranno tanti problemi. Necessario\u00a0 il piano Marshall e la messa in sicurezza del debito pubblico con grande iniezione di risorse.\u00a0 <em>&#8220;L&#8217;Europa \u00e8 scandalosa &#8211; ha continuato il presidente del Veneto &#8211;\u00a0 se c&#8217;\u00e8 batta un colpo: \u00e8 come la guardia costiera che guarda una nave affondare. Siamo in totale balia delle onde, Venezia \u00e8 stremata e anche il turismo, faremo di tutto perch\u00e9 tutti abbiano un ristoro perch\u00e9 siamo l&#8217;unica Regione che non applica tasse. Ci aspettiamo risorse da Roma. Non possiamo certo fare tasse adesso altrimenti Roma ci dir\u00e0 che non abbiamo bisogno&#8221;.&gt;<\/em><\/p>\n<p><strong>FOTO COPERTINA AGGIORNATA A DUE GIORNI FA.<\/strong><\/p>\n","protected":false},"excerpt":{"rendered":"<p>SEGNALI INCORAGGIANTI: IL CONTAGIO FRENA, LE TERAPIE INTENSIVE NON COLLASSANO MA SI CONTINUA A MORIRE. IERI 4 DECESSI IN PROVINCIA, 34 IN REGIONE.\u00a0 di Mirko Mezzacasa\u00a0 Venti decessi per ora, \u00e8 il caro prezzo pagato dalla nostra provincia per la pandemia Covid_19. Due decessi in 24 ore all&#8217;ospedale San Martino di Belluno, Carlo Grones 76&hellip;<\/p>\n","protected":false},"author":1,"featured_media":125873,"comment_status":"closed","ping_status":"closed","sticky":false,"template":"","format":"standard","meta":{"_monsterinsights_skip_tracking":false,"_monsterinsights_sitenote_active":false,"_monsterinsights_sitenote_note":"","_monsterinsights_sitenote_category":0,"footnotes":""},"categories":[51,49],"tags":[],"class_list":["post-126379","post","type-post","status-publish","format-standard","has-post-thumbnail","hentry","category-evidenza-top","category-news-18","category-51","category-49","description-off"],"img_url":"https:\/\/www.radiopiu.net\/wordpress\/wp-content\/uploads\/2020\/03\/EFF67F40-C79A-4475-8B24-32A7FE7959EF.jpeg","_links":{"self":[{"href":"https:\/\/www.radiopiu.net\/wordpress\/wp-json\/wp\/v2\/posts\/126379","targetHints":{"allow":["GET"]}}],"collection":[{"href":"https:\/\/www.radiopiu.net\/wordpress\/wp-json\/wp\/v2\/posts"}],"about":[{"href":"https:\/\/www.radiopiu.net\/wordpress\/wp-json\/wp\/v2\/types\/post"}],"author":[{"embeddable":true,"href":"https:\/\/www.radiopiu.net\/wordpress\/wp-json\/wp\/v2\/users\/1"}],"replies":[{"embeddable":true,"href":"https:\/\/www.radiopiu.net\/wordpress\/wp-json\/wp\/v2\/comments?post=126379"}],"version-history":[{"count":0,"href":"https:\/\/www.radiopiu.net\/wordpress\/wp-json\/wp\/v2\/posts\/126379\/revisions"}],"wp:featuredmedia":[{"embeddable":true,"href":"https:\/\/www.radiopiu.net\/wordpress\/wp-json\/wp\/v2\/media\/125873"}],"wp:attachment":[{"href":"https:\/\/www.radiopiu.net\/wordpress\/wp-json\/wp\/v2\/media?parent=126379"}],"wp:term":[{"taxonomy":"category","embeddable":true,"href":"https:\/\/www.radiopiu.net\/wordpress\/wp-json\/wp\/v2\/categories?post=126379"},{"taxonomy":"post_tag","embeddable":true,"href":"https:\/\/www.radiopiu.net\/wordpress\/wp-json\/wp\/v2\/tags?post=126379"}],"curies":[{"name":"wp","href":"https:\/\/api.w.org\/{rel}","templated":true}]}}