{"id":126394,"date":"2020-04-01T06:01:04","date_gmt":"2020-04-01T04:01:04","guid":{"rendered":"https:\/\/www.radiopiu.net\/wordpress\/?p=126394"},"modified":"2020-04-01T13:59:36","modified_gmt":"2020-04-01T11:59:36","slug":"giornale-radiopiu-01-aprile-2020-direttore-mirko-mezzacasa","status":"publish","type":"post","link":"https:\/\/www.radiopiu.net\/wordpress\/giornale-radiopiu-01-aprile-2020-direttore-mirko-mezzacasa\/","title":{"rendered":"GIORNALE RADIOPIU 01 APRILE 2020 DIRETTORE MIRKO MEZZACASA"},"content":{"rendered":"<div class=\"page-title-head hgroup\">\n<h3><span style=\"color: #ff0000;\"><strong>PER RICEVERE QUESTO NOTIZIARIO DIRETTAMENTE SUL TUO CELLULARE ISCRIVITI AL CANALE\u00a0TELEGRAM\u00a0<\/strong><strong>\u201cRADIO PIU\u00a0 INFORMAZIONE\u201d<\/strong><\/span><\/h3>\n<h3><span style=\"color: #0000ff;\">ULTIM&#8217;ORA 9.15<\/span><\/h3>\n<blockquote class=\"wp-embedded-content\" data-secret=\"tmxRpP2MPh\"><p><a href=\"https:\/\/www.radiopiu.net\/wordpress\/buone-notizie-meno-ricoveri-e-meno-decessi-nella-notte\/\">BUONE NOTIZIE, MENO RICOVERI E MENO DECESSI NELLA NOTTE<\/a><\/p><\/blockquote>\n<p><iframe loading=\"lazy\" title=\"&#8220;BUONE NOTIZIE, MENO RICOVERI E MENO DECESSI NELLA NOTTE&#8221; &#8212; Radio Pi\u00f9\" class=\"wp-embedded-content\" sandbox=\"allow-scripts\" security=\"restricted\" style=\"position: absolute; clip: rect(1px, 1px, 1px, 1px);\" src=\"https:\/\/www.radiopiu.net\/wordpress\/buone-notizie-meno-ricoveri-e-meno-decessi-nella-notte\/embed\/#?secret=tmxRpP2MPh\" data-secret=\"tmxRpP2MPh\" width=\"600\" height=\"338\" frameborder=\"0\" marginwidth=\"0\" marginheight=\"0\" scrolling=\"no\"><\/iframe><\/p>\n<h3><span style=\"color: #0000ff;\">ULTIM&#8217;ORA 9.30\u00a0<\/span><\/h3>\n<blockquote class=\"wp-embedded-content\" data-secret=\"WkR6Rmtsmz\"><p><a href=\"https:\/\/www.radiopiu.net\/wordpress\/ultima-circolare-ministeriale-precisazioni-sugli-spostamenti\/\">ULTIMA CIRCOLARE MINISTERIALE, PRECISAZIONI SUGLI SPOSTAMENTI<\/a><\/p><\/blockquote>\n<p><iframe loading=\"lazy\" title=\"&#8220;ULTIMA CIRCOLARE MINISTERIALE, PRECISAZIONI SUGLI SPOSTAMENTI&#8221; &#8212; Radio Pi\u00f9\" class=\"wp-embedded-content\" sandbox=\"allow-scripts\" security=\"restricted\" style=\"position: absolute; clip: rect(1px, 1px, 1px, 1px);\" src=\"https:\/\/www.radiopiu.net\/wordpress\/ultima-circolare-ministeriale-precisazioni-sugli-spostamenti\/embed\/#?secret=WkR6Rmtsmz\" data-secret=\"WkR6Rmtsmz\" width=\"600\" height=\"338\" frameborder=\"0\" marginwidth=\"0\" marginheight=\"0\" scrolling=\"no\"><\/iframe><\/p>\n<\/div>\n<p>&nbsp;<\/p>\n<p><span style=\"color: #0000ff;\">MESSAGGIO DALLE ASSOCIAZIONI DI TAIBON:<\/span> \u00a0si avvisano i nostri gentili sostenitori e tutti coloro che hanno gi\u00e0 acquistato biglietti, che la LOTTERIA DE PASCA NON SAR\u00c0 ANNULLATA. Per i noti motivi, che purtroppo affliggono il nostro paese, siamo costretti a posticipare l\u2019estrazione dei biglietti vincenti, che sar\u00e0 effettuata a DATA DA DESTINARSI. Sicuri che a breve, Tutto Andr\u00e0 \u2019 Meglio, approfittiamo di fare a tutti, gli auguri di una serena Pasqua.<\/p>\n<p><span style=\"color: #0000ff;\">MESSAGGIO DALL\u2019UNIONE SPORTIVA LE VILLE BAR CARLIN<\/span>, seppur a malincuore, vista l\u2019emergenza in corso, comunica l\u2019inevitabile ANNULLAMENTO DELLA SAGRA DI SAN VINCENZO 2020, che era in programma per luned\u00ec 13 aprile.\u00a0 Per quanto riguarda il progetto \u201cAgordo Paese del graffito\u201d, come gi\u00e0 anticipato dalla pagina F<span class=\"text_exposed_show\">acebook, le due opere in programma saranno eseguite ed inaugurate appena possibile. E\u2019 NOSTRA INTENZIONE INVECE PORTARE A TERMINE LA RICCA LOTTERIA 2020, ci siamo attivati per POSTICIPARE LA DATA DELL\u2019ESTRAZIONE, che non sar\u00e0 pi\u00f9 la serata del 13 aprile, ma una data successiva fiduciosi che \u201cANDRA\u2019 TUTTO BENE\u201d<\/span><\/p>\n<p>DAL CORRIERE DELLA SERA OGGI IN EDICOLA<\/p>\n<p><a class=\"dt-pswp-item\" href=\"https:\/\/www.radiopiu.net\/wordpress\/wp-content\/uploads\/2020\/04\/6a776f35-b271-4511-874a-5659fe6e439c-e1585720514955.jpg\" data-dt-img-description=\"\" data-large_image_width=\"2048\" data-large_image_height=\"1024\"><img loading=\"lazy\" decoding=\"async\" class=\"alignnone size-large wp-image-126656\" src=\"https:\/\/www.radiopiu.net\/wordpress\/wp-content\/uploads\/2020\/04\/6a776f35-b271-4511-874a-5659fe6e439c-e1585720514955-1024x512.jpg\" alt=\"\" width=\"1024\" height=\"512\" srcset=\"https:\/\/www.radiopiu.net\/wordpress\/wp-content\/uploads\/2020\/04\/6a776f35-b271-4511-874a-5659fe6e439c-e1585720514955-1024x512.jpg 1024w, https:\/\/www.radiopiu.net\/wordpress\/wp-content\/uploads\/2020\/04\/6a776f35-b271-4511-874a-5659fe6e439c-e1585720514955-300x150.jpg 300w, https:\/\/www.radiopiu.net\/wordpress\/wp-content\/uploads\/2020\/04\/6a776f35-b271-4511-874a-5659fe6e439c-e1585720514955-768x384.jpg 768w, https:\/\/www.radiopiu.net\/wordpress\/wp-content\/uploads\/2020\/04\/6a776f35-b271-4511-874a-5659fe6e439c-e1585720514955-1536x768.jpg 1536w, https:\/\/www.radiopiu.net\/wordpress\/wp-content\/uploads\/2020\/04\/6a776f35-b271-4511-874a-5659fe6e439c-e1585720514955.jpg 2048w\" sizes=\"auto, (max-width: 1024px) 100vw, 1024px\" \/><\/a><\/p>\n<hr \/>\n<p>&nbsp;<\/p>\n<p>SELVA DI CADORE&#8230;Grazie al sindaco <strong>Silvia Cestaro<\/strong><\/p>\n<p><a class=\"dt-pswp-item\" href=\"https:\/\/www.radiopiu.net\/wordpress\/wp-content\/uploads\/2020\/03\/aac1c690-2a87-4773-a804-e6b4b07c8c2f.jpg\" data-dt-img-description=\"\" data-large_image_width=\"1600\" data-large_image_height=\"800\"><img loading=\"lazy\" decoding=\"async\" class=\"alignnone size-large wp-image-126409\" src=\"https:\/\/www.radiopiu.net\/wordpress\/wp-content\/uploads\/2020\/03\/aac1c690-2a87-4773-a804-e6b4b07c8c2f-1024x512.jpg\" alt=\"\" width=\"1024\" height=\"512\" srcset=\"https:\/\/www.radiopiu.net\/wordpress\/wp-content\/uploads\/2020\/03\/aac1c690-2a87-4773-a804-e6b4b07c8c2f-1024x512.jpg 1024w, https:\/\/www.radiopiu.net\/wordpress\/wp-content\/uploads\/2020\/03\/aac1c690-2a87-4773-a804-e6b4b07c8c2f-300x150.jpg 300w, https:\/\/www.radiopiu.net\/wordpress\/wp-content\/uploads\/2020\/03\/aac1c690-2a87-4773-a804-e6b4b07c8c2f-768x384.jpg 768w, https:\/\/www.radiopiu.net\/wordpress\/wp-content\/uploads\/2020\/03\/aac1c690-2a87-4773-a804-e6b4b07c8c2f-1536x768.jpg 1536w, https:\/\/www.radiopiu.net\/wordpress\/wp-content\/uploads\/2020\/03\/aac1c690-2a87-4773-a804-e6b4b07c8c2f.jpg 1600w\" sizes=\"auto, (max-width: 1024px) 100vw, 1024px\" \/><\/a><\/p>\n<p>&nbsp;<\/p>\n<hr \/>\n<p>&nbsp;<\/p>\n<h3>FEDAIA Da cent&#8217;anni non si vede pi\u00f9 una Marmolada primaverile cosi vergine. Neanche una traccia di sci fuori pista grazie al sindaco Andrea De Bernardin<\/h3>\n<p><a class=\"dt-pswp-item\" href=\"https:\/\/www.radiopiu.net\/wordpress\/wp-content\/uploads\/2020\/03\/332cc47f-f256-457b-8f31-8757c9c16ac7.jpg\" data-dt-img-description=\"\" data-large_image_width=\"1599\" data-large_image_height=\"1200\"><img loading=\"lazy\" decoding=\"async\" class=\"alignnone wp-image-126479\" src=\"https:\/\/www.radiopiu.net\/wordpress\/wp-content\/uploads\/2020\/03\/332cc47f-f256-457b-8f31-8757c9c16ac7-300x225.jpg\" alt=\"\" width=\"433\" height=\"325\" srcset=\"https:\/\/www.radiopiu.net\/wordpress\/wp-content\/uploads\/2020\/03\/332cc47f-f256-457b-8f31-8757c9c16ac7-300x225.jpg 300w, https:\/\/www.radiopiu.net\/wordpress\/wp-content\/uploads\/2020\/03\/332cc47f-f256-457b-8f31-8757c9c16ac7-1024x768.jpg 1024w, https:\/\/www.radiopiu.net\/wordpress\/wp-content\/uploads\/2020\/03\/332cc47f-f256-457b-8f31-8757c9c16ac7-768x576.jpg 768w, https:\/\/www.radiopiu.net\/wordpress\/wp-content\/uploads\/2020\/03\/332cc47f-f256-457b-8f31-8757c9c16ac7-1536x1153.jpg 1536w, https:\/\/www.radiopiu.net\/wordpress\/wp-content\/uploads\/2020\/03\/332cc47f-f256-457b-8f31-8757c9c16ac7.jpg 1599w\" sizes=\"auto, (max-width: 433px) 100vw, 433px\" \/><\/a><a class=\"dt-pswp-item\" href=\"https:\/\/www.radiopiu.net\/wordpress\/wp-content\/uploads\/2020\/03\/212aab2a-4144-4451-b149-2ab04f6d57ee.jpg\" data-dt-img-description=\"\" data-large_image_width=\"1599\" data-large_image_height=\"1200\"><img loading=\"lazy\" decoding=\"async\" class=\"alignnone wp-image-126480\" src=\"https:\/\/www.radiopiu.net\/wordpress\/wp-content\/uploads\/2020\/03\/212aab2a-4144-4451-b149-2ab04f6d57ee-300x225.jpg\" alt=\"\" width=\"435\" height=\"326\" srcset=\"https:\/\/www.radiopiu.net\/wordpress\/wp-content\/uploads\/2020\/03\/212aab2a-4144-4451-b149-2ab04f6d57ee-300x225.jpg 300w, https:\/\/www.radiopiu.net\/wordpress\/wp-content\/uploads\/2020\/03\/212aab2a-4144-4451-b149-2ab04f6d57ee-1024x768.jpg 1024w, https:\/\/www.radiopiu.net\/wordpress\/wp-content\/uploads\/2020\/03\/212aab2a-4144-4451-b149-2ab04f6d57ee-768x576.jpg 768w, https:\/\/www.radiopiu.net\/wordpress\/wp-content\/uploads\/2020\/03\/212aab2a-4144-4451-b149-2ab04f6d57ee-1536x1153.jpg 1536w, https:\/\/www.radiopiu.net\/wordpress\/wp-content\/uploads\/2020\/03\/212aab2a-4144-4451-b149-2ab04f6d57ee.jpg 1599w\" sizes=\"auto, (max-width: 435px) 100vw, 435px\" \/><\/a><\/p>\n<p>&nbsp;<\/p>\n<p>&nbsp;<\/p>\n<p>&nbsp;<\/p>\n<hr \/>\n<p><strong>IN ITALIA:<\/strong> 77.635 attualmente infetti, 12.428 deceduti e 15.729 guariti. Quasi 9.000 gli operatori sanitari contagiati;<br \/>\nI morti negli Usa hanno superato quelli per l&#8217;11 settembre e al Central Park di New York \u00e8 stato allestito un ospedale da campo; \u2022 Viminale: consentite le passeggiate genitore-figlio vicino casa . \u201c\u00c8 da intendersi consentito, ad un solo genitore, camminare con i propri figli minori, [&#8230;] purch\u00e9 in prossimit\u00e0 della propria abitazione\u201d.\u00a0E \u201cl&#8217;attivit\u00e0 motoria generalmente consentita\u201d, precisa il testo, \u201cnon va intesa come equivalente all&#8217;attivit\u00e0 sportiva (jogging)\u201d. Possibile invece camminare \u201cin prossimit\u00e0 della propria abitazione\u201d. \u2022 Oltre 850.000 casi registrati in tutto il mondo, i deceduti hanno superato i 40.000.<\/p>\n<p>&nbsp;<\/p>\n<blockquote>\n<h2><span style=\"color: #339966;\">DUE UNIVERSITA&#8217; AL LAVORO PER L&#8217;ULTIMA FRONTIERA: I TEST SIEROLOGICI.<\/span> A BELLUNO LA 16ESIMA VITTIMA UN&#8217;ANZIANA GIA&#8217; OSPITE DELLA CASA DI RIPOSO DI PUOS. COMMOVENTE <span style=\"color: #ff0000;\">IL MINUTO DI SILENZIO DEI SINDACI DAVANTI ALLA BANDIERA LISTATA A LUTTO.<\/span><\/h2>\n<\/blockquote>\n<p><span style=\"color: #339966;\">di MIRKO<\/span> MEZZ<span style=\"color: #ff0000;\">ACASA\u00a0<\/span><\/p>\n<p><a class=\"dt-pswp-item\" href=\"https:\/\/www.radiopiu.net\/wordpress\/wp-content\/uploads\/2020\/03\/download-47.jpg\" data-dt-img-description=\"\" data-large_image_width=\"260\" data-large_image_height=\"194\"><img loading=\"lazy\" decoding=\"async\" class=\"size-full wp-image-126634 alignleft\" src=\"https:\/\/www.radiopiu.net\/wordpress\/wp-content\/uploads\/2020\/03\/download-47.jpg\" alt=\"\" width=\"260\" height=\"194\" \/><\/a>Le misure restrittive funzionano ma \u00e8 presto per cantare vittoria, per gli esperti che si confrontano giornalmente con i vertici regionali questa \u00e8 la settimana cruciale dove ci si gioca il futuro della comunit\u00e0 <em>&#8220;O si esce &#8211; ha detto Zaia &#8211; o ci si schianta contro il muro&#8221;.\u00a0<\/em>Rispetto ai modelli ci sono 5 giorni di ritardo sulla tabella di marcia e non \u00e8 una brutta notizia, le misure restrittive danno anche questo effetto perch\u00e9 praticate in maniera seria anche con il 55 per cento di transiti interregionali in meno confermati dai tracciati telefonici. L&#8217;incremento di ricoveri \u00e8 calato notevolmente rispetto a\u00a0 10 giorni fa, anche i trasferimenti in terapia intensiva. Ma anche ieri \u00e8 stata un\u2019altra giornata drammatica per la nostra Regione, altre 29 vittime in 24 ore nei giorni in cui si assiste ad un assestamento dei contagi e ad una diminuzione dei ricoveri in terapia intensiva (-4).\u00a0 In Regione: 8359 gli attualmente positivi (9374 dall\u2019inizio dell\u2019epidemia), 492 i decessi in ospedale ed extra ospedale, 523 i negativizzati. Verona vanta il triste primato dei casi attualmente positivi (2037) superando Padova (2026). A Belluno 83 le persone ospedalizzate, 73 in area non critica,\u00a0 gli attualmente positivi sono 409 (12 decessi, 20 negativizzate quindi non pi\u00f9 positive). Non si aggiungono pazienti in terapia intensiva (10)\u00a0 ma si aggiungono 5 persone in area non critica. A Feltre 2 persone in meno ricoverate in area non critica non varia il conteggio dei malati ad Agordo (12). Sono 16 i decessi in provincia,\u00a0 12\u00a0 persone residenti nel territorio dell\u2019Ulss Dolomiti, e gli altri 4 , non risiedevano in provincia,\u00a0 12 i decessi\u00a0 nell\u2019ospedale di Belluno e 4 in quello di Feltre. Tra le novit\u00e0 nella Regione del Veneto l&#8217;istituzione della patente per chi \u00e8 guarito e il via ai test sierologici per definire la guarigione o meno dei pazienti, stabiliranno se la persona \u00e8 immune al coronavirus, saranno ammessi all&#8217;esame per primi i 54 mila dipendenti della sanit\u00e0. Dopo i tamponi \u00e8 dunque la volta dei test che permetteranno di attestare l&#8217;immunit\u00e0 con una sorta di &#8220;patente di immunit\u00e0&#8221;. Per i test sierologici \u00e8 gi\u00e0 attiva l&#8217;unit\u00e0 di crisi con i professori Lippi e Plebani dell&#8217;Universit\u00e0 di Verona e Padova, analizzeranno\u00a0 le immunoglobuline. <em>&#8220;Come nei promessi sposi &#8211; ha detto Zaia dove c&#8217;era chi portava gli appestati nei lazzaretti ed erano gli unici che non si ammalavano. Negli ospedali andiamo avanti con test rapidi e tamponi. Con i dipendenti della sanit\u00e0 subito la sperimentazione cos\u00ec in casa di riposo, validata l&#8217;operazione la mettiamo a disposizione per tutti e chi avr\u00e0 la certificazione potr\u00e0 andare via con tranquillit\u00e0&#8221;. <\/em>Sedicesima vittima a Belluno, al San Martino ha perso la vita Ida Triches 86enne di Belluno gi\u00e0 ospite della casa di riposo di Puos d&#8217;Alpago \u00e8 la terza vittima della struttura per anziani dall&#8217;inizio dell&#8217;emergenza. Nelle ultime 24 ore aumentati i contagi (+16 ovvero il 3% in pi\u00f9), il numero di tamponi positivi: 441. Il sindacato di Polizia Siulp ha lanciato l&#8217;allarme, in Questura il contagio ha interessato il 10% degli agenti, nessuno \u00e8 stato ricoverato. Purtroppo il grido di allarme del sindacato non ha avuto seguito, aveva chiesto l&#8217;assegnazione di un medico dalla Polizia di Stato che manca da anni. Nel messaggio di ieri sera il direttore generale della Ulss1\u00a0 Adriano Rasi Caldogno ha anticipato che anche che la Ulss1 con l&#8217;ospedale di Belluno tester\u00e0 i medicinali anti virus grazie al via libera ottenuto dall&#8217;Agenzia Italiana del Farmaco (Aifa). La Regione ha deciso per la proroga del bollo auto, il pagamento slitta a giugno. Nella conferenza Stampa il Governatore Zaia si \u00e8 rivolto ai giovani <em>&#8220;Si sacrificano per loro, per i loro nonni, per la comunit\u00e0. Per i giovani non \u00e8 facile avere una vita regimentata come per gli adulti, fino a 2 mesi fa avevano libert\u00e0, porte aperte, spritz in piazza e noi vogliamo tornare a quello. Ci arriveremo gradualmente anche se in un mondo diverso da prima. Ragazzi stringiamo i denti siete il motore di questa partita, scriveremo I NIPOTI HANNO SALVATO I NONNI grazie di cuore a tutti&#8221;<\/em>. Saranno rinnovati alcuni provvedimenti e i Prefetti sono di nuovo stati invitati ad eliminare i verbali che le Forze di Polizia hanno contestato a chi fuori dalla porta di casa\u00a0 nel raggio di 200 metri fumava la sigaretta o prendeva una boccata d&#8217;aria <em>&#8220;Ci vuole elasticit\u00e0&#8221;<\/em> ha detto Zaia, concetto ben ribadito ieri sera anche dal Viminale. Negli ultimi giorni si \u00e8 diffusa l&#8217;idea che con Pasqua il problema sar\u00e0 superato.<em> &#8220;Non mi fa paura la speranza &#8211; ha detto Zaia &#8211;\u00a0 sono i pessimisti che non fanno fortuna. Sappiamo che ci sar\u00e0 un domani e dopo la pioggia arriver\u00e0 il sereno. Non dobbiamo farci male. Pasqua apre una nuova stagione psicologica ma non vuole dire che finir\u00f2\u00e0 tutto,\u00a0 per ora \u00e8 il limite dell&#8217;ordinanza&#8221;. <\/em>Fino ad oggi il Veneto ha speso 92 milioni di euro nella sanit\u00e0, tutto viene riversato in questo capitolo anche i 900 mila euro che erano destinati alle associazioni di pesca sportive, ma i pescatori hanno deciso di rinunciare al denaro lasciandolo nelle casse della sanit\u00e0. Porte aperte a tutti i veneti che vorranno rientrare nel loro paese dall&#8217;estero per curarsi. CAPITOLO &#8220;DE COCCIO&#8221;: Lunedi 431 controlli, 17 denunce nell&#8217;ambito dei controlli delle forze dell&#8217;ordine. (foto assecarenews.it)<\/p>\n<p>&nbsp;<\/p>\n<blockquote>\n<h2>CEROTTI SUL NASO, OCCHI CERCHIATI DI NERO E LO SGUARDO NEL VUOTO ALLA RICERCA DI UNA RISPOSTA: QUANDO FINIRA&#8217;?<\/h2>\n<\/blockquote>\n<p><a class=\"dt-pswp-item\" href=\"https:\/\/www.radiopiu.net\/wordpress\/wp-content\/uploads\/2020\/03\/90743366_2326547747643905_2834430415358394368_n.jpg\" data-dt-img-description=\"\" data-large_image_width=\"720\" data-large_image_height=\"540\"><img loading=\"lazy\" decoding=\"async\" class=\"wp-image-123730 alignleft\" src=\"https:\/\/www.radiopiu.net\/wordpress\/wp-content\/uploads\/2020\/03\/90743366_2326547747643905_2834430415358394368_n.jpg\" alt=\"\" width=\"241\" height=\"181\" srcset=\"https:\/\/www.radiopiu.net\/wordpress\/wp-content\/uploads\/2020\/03\/90743366_2326547747643905_2834430415358394368_n.jpg 720w, https:\/\/www.radiopiu.net\/wordpress\/wp-content\/uploads\/2020\/03\/90743366_2326547747643905_2834430415358394368_n-300x225.jpg 300w\" sizes=\"auto, (max-width: 241px) 100vw, 241px\" \/><\/a><\/p>\n<p>&nbsp;<\/p>\n<p>&nbsp;<\/p>\n<h2>di Andrea Fiocco, FP CGIL<\/h2>\n<audio class=\"wp-audio-shortcode\" id=\"audio-126394-1\" preload=\"none\" style=\"width: 100%;\" controls=\"controls\"><source type=\"audio\/mpeg\" src=\"https:\/\/www.radiopiu.net\/wordpress\/wp-content\/uploads\/2020\/03\/fiocco-1.mp3?_=1\" \/><a href=\"https:\/\/www.radiopiu.net\/wordpress\/wp-content\/uploads\/2020\/03\/fiocco-1.mp3\">https:\/\/www.radiopiu.net\/wordpress\/wp-content\/uploads\/2020\/03\/fiocco-1.mp3<\/a><\/audio>\n<p>&nbsp;<\/p>\n<div class=\"su-document su-u-responsive-media-yes\"><iframe loading=\"lazy\" src=\"\/\/docs.google.com\/viewer?embedded=true&url=https:\/\/www.radiopiu.net\/wordpress\/wp-content\/uploads\/2020\/03\/2020-03-31-Fp-CGIL-di-BL-comunicato-su-dipendenti-in-area-covid-per-radio.pdf\" width=\"600\" height=\"800\" class=\"su-document\" title=\"Decreto 20.02.2020\"><\/iframe><\/div>\n<p>&nbsp;<\/p>\n<p>&nbsp;<\/p>\n<div class=\"page_wrap\">\n<div class=\"im_page_wrap clearfix\">\n<div class=\"im_page_split clearfix\">\n<div class=\"im_history_col_wrap noselect im_history_loaded\">\n<div class=\"im_history_selected_wrap\">\n<div class=\"im_history_col\">\n<div class=\"im_history_wrap nano has-scrollbar active-scrollbar\">\n<div class=\"im_history_scrollable_wrap nano-content\" tabindex=\"-1\">\n<div class=\"im_history_scrollable\">\n<div class=\"im_history im_history_selectable\">\n<div class=\"im_history_messages im_history_messages_group\">\n<div class=\"im_history_messages_peer\">\n<div class=\"im_history_message_wrap\">\n<div class=\"im_message_outer_wrap hasselect\" data-msg-id=\"259\">\n<div class=\"im_message_wrap clearfix\">\n<div class=\"im_content_message_wrap im_message_in\">\n<div class=\"im_message_body\">\n<div class=\"im_message_text\" dir=\"auto\">\n<div class=\"page_wrap\">\n<div class=\"im_page_wrap clearfix\">\n<div class=\"im_page_split clearfix\">\n<div class=\"im_history_col_wrap noselect im_history_loaded\">\n<div class=\"im_history_selected_wrap\">\n<div class=\"im_history_col\">\n<div class=\"im_history_wrap nano has-scrollbar active-scrollbar\">\n<div class=\"im_history_scrollable_wrap nano-content\" tabindex=\"-1\">\n<div class=\"im_history_scrollable\">\n<div class=\"im_history_typing_wrap\"><\/div>\n<\/div>\n<\/div>\n<\/div>\n<\/div>\n<\/div>\n<\/div>\n<\/div>\n<\/div>\n<\/div>\n<\/div>\n<\/div>\n<\/div>\n<\/div>\n<\/div>\n<\/div>\n<\/div>\n<\/div>\n<\/div>\n<\/div>\n<\/div>\n<\/div>\n<\/div>\n<\/div>\n<\/div>\n<\/div>\n<\/div>\n<\/div>\n<hr \/>\n<p>&nbsp;<\/p>\n<blockquote class=\"wp-embedded-content\" data-secret=\"cL9tCr3OzL\"><p><a href=\"https:\/\/www.radiopiu.net\/wordpress\/29-vittime-in-24-ore-467-contagiati-ok\/\">29 VITTIME IN 24 ORE 467 CONTAGIATI<\/a><\/p><\/blockquote>\n<p><iframe loading=\"lazy\" title=\"&#8220;29 VITTIME IN 24 ORE 467 CONTAGIATI&#8221; &#8212; Radio Pi\u00f9\" class=\"wp-embedded-content\" sandbox=\"allow-scripts\" security=\"restricted\" style=\"position: absolute; clip: rect(1px, 1px, 1px, 1px);\" src=\"https:\/\/www.radiopiu.net\/wordpress\/29-vittime-in-24-ore-467-contagiati-ok\/embed\/#?secret=cL9tCr3OzL\" data-secret=\"cL9tCr3OzL\" width=\"600\" height=\"338\" frameborder=\"0\" marginwidth=\"0\" marginheight=\"0\" scrolling=\"no\"><\/iframe><\/p>\n<p>&nbsp;<\/p>\n<hr \/>\n<p>&nbsp;<\/p>\n<div class=\"page-title-head hgroup\">\n<blockquote>\n<h3 class=\"entry-title\">AGGIORNAMENTO ULSS 1: 572 I TAMPONI DI OGGI, 20 PERSONE IN PIU\u2019 IN ISOLAMENTO FIDUCIARIO<\/h3>\n<\/blockquote>\n<\/div>\n<div class=\"page-title-breadcrumbs\">\n<p><strong>BELLUNO<\/strong>\u00a0GLI AGGIORNAMENTI DALLA ULSS 1 DOLOMITI<\/p>\n<p><strong>SORVEGLIANZA SANITARIA COVID-19<\/strong> Numero totale tamponi effettuati per ricerca nCoV al 31 marzo 2020: <b>6.057 (+ 311). <\/b>Persone residenti in Ulss Dolomiti in isolamento domiciliare fiduciario e sorveglianza attiva al 31 marzo 2020: <b>1.251 (+ 20 rispetto ieri) <\/b>Alcuni tamponi sono stati effettuati pi\u00f9 volte sulle stesse persone<\/p>\n<p><strong>RICOVERI COVID<\/strong> <span class=\"s1\">Dal 31 marzo 2020 il dato sui positivi indicato da Azienda Zero si riferisce <b>ai casi attualmente positivi<\/b> e non pi\u00f9 al totale positivi: <\/span><strong><span class=\"s1\">attualmente positivi: 399, <\/span><span class=\"s1\">negativizzati 20<\/span><\/strong><\/p>\n<p><strong>OSPEDALE DI BELLUNO<\/strong>\u00a0Installate altre 3 tende della Protezione Civile al Blocco F per il percorso dedicato ai sospetti COVID,\u00a0Attivato il Punto Medico Avanzato. Le degenze di MEDICINA E ONCOLOGIA sono state collocate al 2\u00b0piano del Blocco chirurgico,\u00a0le degenze della PNEUMOLOGIA e GERIATRIA sono state collocate al 3\u00b0 piano del Blocco Chirurgico (lato EST)<span class=\"Apple-converted-space\">\u00a0,\u00a0<\/span>le degenze di CHIRURGIA, NEFROLOGIA e UROLOGIA sono state compattate al 3\u00b0 piano del Blocco Chirurgico<span class=\"Apple-converted-space\">\u00a0,\u00a0<\/span>le degenze di NEUROLOGIA sono state spostate al 2\u00b0 piano del Blocco Medico. Le aree per sospetti COVID e pazienti COVID a bassa intensit\u00e0 sono collocate al 3\u00b0 e 4\u00b0piano del Blocco Medico,<span class=\"s2\">Sono stati attivati ulteriori 18 posti letto per pazienti COVID a bassa intensit\u00e0 al 3\u00b0 piano del blocco medico per un totale di 34 posti letto. I posti letto di media intensit\u00e0 sono 12 a Malattie infettive e 16 a Pneumologia COVID .\u00a0<\/span>il contenitore della Terapia Intensiva (9 posti letto) \u00e8 stato allargato anche al gruppo operatorio di Belluno dove al momento sono stati attivati ulteriori 4 posti letto di terapia intensiva dedicati a eventuali pazienti covid positivi. I pazienti in arrivo dal 118 che dovessero necessitare di ricoveri urgenti in terapia intensiva COVID negativi saranno centralizzati alla Rianimazione di Feltre.<\/p>\n<p><b>OSPEDALE DI AGORDO<\/b>\u00a0attivata attivit\u00e0 di ricovero per pazienti COVID positivi a bassa intensit\u00e0 di cura \u2013 modello ospedale di comunit\u00e0;<\/p>\n<p><b>OSPEDALE DI PIEVE DI CADORE\u00a0<\/b>\u00e8 attivo un filtro all\u2019ingresso per il controllo degli accessi grazie al personale della Protezione Civile, attivata un\u2019area per sospetti COVID al 2\u00b0 piano<\/p>\n<p><b>OSPEDALE DI FELTRE\u00a0<\/b>Il reparto di PNEUMOLOGIA \u00e8 stato trasferito al 6\u00b0 piano del Padiglione Dalla Palma.\u00a0Il reparto di GERIATRIA \u00e8 rientrato al 5\u00b0 piano del Padiglione Dalla Palma,\u00a0l\u2019area di degenza dedicata ai casi positivi Covid-19 \u00e8 al 4\u00b0 Piano del Padiglione Dalla Palma.\u00a0<b><\/b>L\u2019ingresso in ospedale \u00e8 consentito solo con l\u2019utilizzo di mascherina portata da casa ed esclusivamente a: mariti\/compagni di partorienti, parenti stretti di pazienti in fin di vita o deceduti, una sola persona al giorno negli orari di visita per i degenti, pazienti per visite ambulatoriali, donatori di sangue. Situazioni specifiche saranno valutate dal personale sanitario preposto. \u00c8 vietato per gli accompagnatori o visitatori entrare nelle aree COVID.<\/p>\n<p class=\"photoswipe-wrapper\"><a class=\"dt-pswp-item pspw-wrap-ready\" href=\"https:\/\/i0.wp.com\/www.radiopiu.net\/wordpress\/wp-content\/uploads\/2020\/03\/Schermata-2020-03-31-alle-19.15.18.jpg?ssl=1\" data-dt-img-description=\"\" data-large_image_width=\"1182\" data-large_image_height=\"1614\"><img loading=\"lazy\" decoding=\"async\" class=\"alignnone wp-image-126588 jetpack-lazy-image jetpack-lazy-image--handled\" src=\"https:\/\/i0.wp.com\/www.radiopiu.net\/wordpress\/wp-content\/uploads\/2020\/03\/Schermata-2020-03-31-alle-19.15.18.jpg?resize=750%2C1024&amp;ssl=1\" sizes=\"auto, (max-width: 750px) 100vw, 750px\" srcset=\"https:\/\/i0.wp.com\/www.radiopiu.net\/wordpress\/wp-content\/uploads\/2020\/03\/Schermata-2020-03-31-alle-19.15.18.jpg?resize=750%2C1024&amp;ssl=1 750w, https:\/\/i0.wp.com\/www.radiopiu.net\/wordpress\/wp-content\/uploads\/2020\/03\/Schermata-2020-03-31-alle-19.15.18.jpg?resize=220%2C300&amp;ssl=1 220w, https:\/\/i0.wp.com\/www.radiopiu.net\/wordpress\/wp-content\/uploads\/2020\/03\/Schermata-2020-03-31-alle-19.15.18.jpg?resize=768%2C1049&amp;ssl=1 768w, https:\/\/i0.wp.com\/www.radiopiu.net\/wordpress\/wp-content\/uploads\/2020\/03\/Schermata-2020-03-31-alle-19.15.18.jpg?resize=1125%2C1536&amp;ssl=1 1125w, https:\/\/i0.wp.com\/www.radiopiu.net\/wordpress\/wp-content\/uploads\/2020\/03\/Schermata-2020-03-31-alle-19.15.18.jpg?w=1182&amp;ssl=1 1182w\" alt=\"\" width=\"416\" height=\"568\" data-recalc-dims=\"1\" data-lazy-loaded=\"1\" \/><\/a><\/p>\n<p>&nbsp;<\/p>\n<hr \/>\n<p>&nbsp;<\/p>\n<blockquote class=\"wp-embedded-content\" data-secret=\"imFpugUkzB\"><p><a href=\"https:\/\/www.radiopiu.net\/wordpress\/aggiornamento-assessorato-protezione-civile-31-marzo-2020\/\">AGGIORNAMENTO ASSESSORATO PROTEZIONE CIVILE 31 MARZO 2020<\/a><\/p><\/blockquote>\n<p><iframe loading=\"lazy\" title=\"&#8220;AGGIORNAMENTO ASSESSORATO PROTEZIONE CIVILE 31 MARZO 2020&#8221; &#8212; Radio Pi\u00f9\" class=\"wp-embedded-content\" sandbox=\"allow-scripts\" security=\"restricted\" style=\"position: absolute; clip: rect(1px, 1px, 1px, 1px);\" src=\"https:\/\/www.radiopiu.net\/wordpress\/aggiornamento-assessorato-protezione-civile-31-marzo-2020\/embed\/#?secret=imFpugUkzB\" data-secret=\"imFpugUkzB\" width=\"600\" height=\"338\" frameborder=\"0\" marginwidth=\"0\" marginheight=\"0\" scrolling=\"no\"><\/iframe><\/p>\n<p>&nbsp;<\/p>\n<hr \/>\n<p>&nbsp;<\/p>\n<\/div>\n<h3>LEGGI LA CONFERENZA STAMPA DI LUCA ZAIA LA PROSSIMA SETTIMANA O SARA\u2019 LA SVOLTA O LO SCHIANTO SUL MURO, VIA AI TEST SIEROLOGICI. Bollo auto slitta il pagamento a giugno. Sono arrivati i primi 10 mila test rapidi<\/h3>\n<p><strong>DATI<\/strong>\u00a0 105.785 tamponi 19 445 persone\u00a0 in isolamento abbiamo puntato molto sui tamponi 9155 positivi una crescita da valutare non come dato di trend ma perch\u00e9 abbiamo 6-7 mila tamponi fermi quindi c\u2019\u00e8 stata una frenata in laboratorio. Sono 2036 i ricoverati, 356 in terapia intensiva, 828 i dimessi, 448 deceduti, 85 i bambini nati<\/p>\n<p><strong>Grazie veneti<\/strong> ci state dando una grande mano, con le misure restrittive in maniera seria, 55 per cento di transiti in meno interregionali. Questo ha significato 5 giorni di ritardo sulla tabella di marcia, incremento di ricoverati meno di 10 giorni fa e alcune persone in pi\u00f9 in terapia intensiva. Questa settimana e la prossima ci giochiamo il futuro di questa comunit\u00e0 tutto dipende da noi la prossima settimana o si esce o ci si schianta contro il muro. Mi scrivono in tani, so che \u00e8 un sacrificio per la ragazza che non vede il suo cavallo a chi non vede pi\u00f9 i fidanzatini fino agli sportivi. Ringrazio tutti i giovani che stanno subendo la situazione. C\u2019\u00e8 gente che si sacrifica per loro, per i loro nonni, per la comunit\u00e0. Per i giovani non \u00e8 facile avere una vita regimentata che fino a 2 mesi fa avevano libert\u00e0, porte aperte, spritz in piazza e noi vogliamo tornare a quello. Ci arriveremo graduatamente anche se in un mondo diverso da prima. Ragazzi stringiamo i denti siete il motore di questa partita, scriveremo I NIPOTI HANNO SALVATO I NONNI grazie di cuore a tutti i ragazzi. Rinnovero\u2019 alcuni provvedimenti, ho scritto ai Prefetti perch\u00e9 chi \u00e8 fuori di casa a prendere una boccata d\u2019aria non deve\u00a0 essere multato. Sar\u00e0 un futile motivo respirare l\u2019aria fuori ma ci vuole un po\u2019 di elasticit\u00e0. Oltre i 200 metri se ci sono assembramenti si va gi\u00f9 pesante ma non fuori dalla porta di casa. E\u2019 la settimana cruciale. Stiamo facendo un buon lavoro, abbiamo affrontato questa partita con seriet\u00e0, il virus \u00e8 terribile non bisogna cantar vittoria a abbassare la guardia e usate la mascherina, copritevi bocca e naso il virus viene portato dall\u2019aria \u00e8 stato dimostrato dai giapponese che con una telecamera a infrarossi hanno filmato il virus che fluttua nell\u2019aria. Anche questa mattina ho chiesto che si liberalizzi l\u2019importazione di mascherine. Le chirurgiche si trovano \u00e8 giusto che i nostri operatori\u00a0 in supermercato e farmacia possano venderle. Spero che il Governo dia il via libera che le mascherine chirurgiche possano essere acquistare nei supermercati.<\/p>\n<p><strong>TEST SIEROLOGICI<\/strong> Abbiamo approvato in unit\u00e0 di crisi una relazione professor Lippi e Plebani dell\u2019Universit\u00e0 di Verona e Padova per partire con i test sierologici, facciamo i preliEvi e analizziamo Egm ed Egg ( le immunoglobuline)\u00a0 le quali ci dicono per ogni individuo se ha anticorpi e immunizzazione. Nei promessi sposi c\u2019era chi portava gli appestati nei lazzaretti ed erano gli unici che non si ammalavano. Negli ospedali andiamo avanti con test rapidi e tamponi. Con i dipendenti della sanit\u00e0 subito la sperimentazione cos\u00ec in casa di riposo, validata l\u2019operazione la mettiamo a disposizione per tutti e chi avr la certificazione potr\u00e0 andare via con tranquillit\u00e0. Abbiamo approvato il progetto scientifico ed \u00e8 un passo in avanti. La ricerca molecolare con la prova sierologica. Due Univerist\u00e0 si sono messe assieme per farci il piano d\u2019attacco \u00e8 l\u2019ennesimo e nuovo fronte.<\/p>\n<h2>DOMANDE<\/h2>\n<p><strong>TABELLE Abbiamo notato una diversa impostazione del report sui dati dove si introducono delle voti che non si capiscono, attualmente positivi, deceduti, negativizzati.<\/strong> Cosa vuol dire? Semplicemente mettere in rete extraospedalieri che non sono tutti validati come Covid. Dobbitamo rielaborare i dati che sono sporchi. Non \u00e8 indicazione protezione civile.<\/p>\n<p><strong>LA TELEFONATA DI MATTARELLA<\/strong> Mi ha chiamato il Presidente Sergio Mattarella per sapere come andava \u00e8 sul pezzo. Aveva letto i nostri dati, aveva avuto notizie del Veneto e ha voluto ulteriori informazioni<\/p>\n<p><strong>Segnalazioni di persone soprattutto veneziano e trevigiano<\/strong> che escono Vorr\u00e0 dire che si ammalano. Ho un video che vorrei proiettare un giorno vi faro\u2019 vedere come respira un malato in terapia intensiva di un giovane di 35 anni. Se non si capisce che si deve stare a casa porto il video.<\/p>\n<p><strong>Si sta diffondendo l\u2019idea che dopo Pasqua di apra<\/strong>. Non mi fa paura la speranza, sono i pessimisti che non fanno fortuna. Sappiamo che ci sar\u00e0 un domani e dopo la pioggia arriver\u00e0 il sereno. Il tempo. Non dobbiamo farci male. Pasqua apre una nuova stagione psicologica ma non vuole dire che finire tutto per ora \u00e8 il limite dell\u2019ordinanza.<\/p>\n<p><strong>Quando apriranno i blocchi di partenza in Germania<\/strong> non ci saranno le macerie, avr\u00e0 competitivit\u00e0 su tutti gli altri, per questo \u00e8 scandaloso che l\u2019Europa non intervenga. Il giorno che si ripate le imprese dovranno essere torniche. Per essere come prima ci vorranno i soldi, deve essere chiaro l\u2019Europa non puo\u2019 accettare che la Germania stanzi 500 miliari e l\u2019Italia 25 \u00e8 una sperequazione<\/p>\n<p><strong>Quanti soldi dal Governo?<\/strong> 135 respiratori, e noi abbiamo speso 92 milioni di euro. Stiamo riversando tutto sulla sanit\u00e0 900 mila euro all\u2019anno sono arrivati dai pescatori che hanno rinunciato al contributo annuale, accumuliamo tutto per la sanit\u00e0.<\/p>\n<p><strong>Terapia intensiva<\/strong> ci sono le nuove postazioni ma non ci bastano per mettere in sicurezza i veneti.<\/p>\n<p><strong>Rischi a uscire di casa<\/strong> Abbiamo immagini che vorrei non diffondere, sono immagini dure soprattutto per chi ha perso un familiare.<\/p>\n<p><strong>Contagio di ritorno<\/strong> Mi preoccupa ma i clinici con test sierologico togliamo ogni dubbio<\/p>\n<p><strong>Tra i 6 e gli 11 milioni i contagiati restrizioni fino al vaccino?<\/strong> CI sono notizie incoraggianti sul vaccino, prima facciamo i test sierologici poi parleremo di immunit\u00e0 di gregge.<\/p>\n<p><strong>I nuovi farmaci<\/strong> tipo quello per l\u2019atrite reumatoide da buoni risultati, nel piano sanitario varato ieri e che presto sar\u00e0 operativo va nelle direzione che vogliamo le risposte dei test in 5 giorni e avviare i servizi a domicilio<\/p>\n<p><strong>porte aperte ai giovani,<\/strong> non chiudiamo le porte a nessun cittadino, ma io dico che anche chi \u00e8 all\u2019estero pu\u00f2 tornare, parlo dei ragazzi che studiano in altri paesi e casi di questo genere.<\/p>\n<p>https:\/\/www.facebook.com\/zaiaufficiale\/videos\/161643831675476<\/p>\n<p>&nbsp;<\/p>\n<hr \/>\n<p>&nbsp;<\/p>\n<blockquote>\n<h3>LE MASCHERINE DELLA REGIONE DISTRIBUITE COMUNE PER COMUNE<\/h3>\n<\/blockquote>\n<p><strong>VENEZIA<\/strong> La Protezione Civile del Veneto continua a distribuire le mascherine prodotte da Grafica Veneta e ogni giorno partono spedizioni dirette ad ogni comune. Nella tabella che pubblichiamo la situazione comune per comune.<\/p>\n<p><a class=\"dt-pswp-item\" href=\"https:\/\/www.radiopiu.net\/wordpress\/wp-content\/uploads\/2020\/03\/DISTRIBUZIONE-MASCHERINE-AL-31-MARZO-2020.png\" data-dt-img-description=\"\" data-large_image_width=\"2414\" data-large_image_height=\"1790\"><img loading=\"lazy\" decoding=\"async\" class=\"alignnone size-large wp-image-126423\" src=\"https:\/\/www.radiopiu.net\/wordpress\/wp-content\/uploads\/2020\/03\/DISTRIBUZIONE-MASCHERINE-AL-31-MARZO-2020-1024x759.png\" alt=\"\" width=\"1024\" height=\"759\" srcset=\"https:\/\/www.radiopiu.net\/wordpress\/wp-content\/uploads\/2020\/03\/DISTRIBUZIONE-MASCHERINE-AL-31-MARZO-2020-1024x759.png 1024w, https:\/\/www.radiopiu.net\/wordpress\/wp-content\/uploads\/2020\/03\/DISTRIBUZIONE-MASCHERINE-AL-31-MARZO-2020-300x222.png 300w, https:\/\/www.radiopiu.net\/wordpress\/wp-content\/uploads\/2020\/03\/DISTRIBUZIONE-MASCHERINE-AL-31-MARZO-2020-768x569.png 768w, https:\/\/www.radiopiu.net\/wordpress\/wp-content\/uploads\/2020\/03\/DISTRIBUZIONE-MASCHERINE-AL-31-MARZO-2020-1536x1139.png 1536w, https:\/\/www.radiopiu.net\/wordpress\/wp-content\/uploads\/2020\/03\/DISTRIBUZIONE-MASCHERINE-AL-31-MARZO-2020-2048x1519.png 2048w\" sizes=\"auto, (max-width: 1024px) 100vw, 1024px\" \/><\/a><\/p>\n<p>&nbsp;<\/p>\n<hr \/>\n<p>&nbsp;<\/p>\n<blockquote>\n<h3>CORONAVIRUS. PARTE IN VENETO LA SPERIMENTAZIONE CON I FARMACI A DOMICILIO DEI PAZIENTI<\/h3>\n<\/blockquote>\n<p><strong><a class=\"dt-pswp-item\" href=\"https:\/\/www.radiopiu.net\/wordpress\/wp-content\/uploads\/2020\/03\/FARMACI.jpg\" data-dt-img-description=\"\" data-large_image_width=\"1920\" data-large_image_height=\"1279\"><img loading=\"lazy\" decoding=\"async\" class=\"size-medium wp-image-126398 alignleft\" src=\"https:\/\/www.radiopiu.net\/wordpress\/wp-content\/uploads\/2020\/03\/FARMACI-300x200.jpg\" alt=\"\" width=\"300\" height=\"200\" srcset=\"https:\/\/www.radiopiu.net\/wordpress\/wp-content\/uploads\/2020\/03\/FARMACI-300x200.jpg 300w, https:\/\/www.radiopiu.net\/wordpress\/wp-content\/uploads\/2020\/03\/FARMACI-1024x682.jpg 1024w, https:\/\/www.radiopiu.net\/wordpress\/wp-content\/uploads\/2020\/03\/FARMACI-768x512.jpg 768w, https:\/\/www.radiopiu.net\/wordpress\/wp-content\/uploads\/2020\/03\/FARMACI-1536x1023.jpg 1536w, https:\/\/www.radiopiu.net\/wordpress\/wp-content\/uploads\/2020\/03\/FARMACI.jpg 1920w\" sizes=\"auto, (max-width: 300px) 100vw, 300px\" \/><\/a>VENEZIA\u00a0<\/strong>Il Direttore Generale della Sanit\u00e0 della Regione, Domenico Mantoan, in un panorama che non vede tralasciare nessuna opportunit\u00e0 per rafforzare la lotta al coronavirus, ha trasmesso alle Ullss del Veneto il protocollo per avviare la sperimentazione di alcuni farmaci direttamente a domicilio, utilizzando una procedura messa a punto dal Comitato Scientifico specifico attivato dalla Regione.\u00a0Tra questi, i gi\u00e0 noti Tocilizumab e il giapponese Avigan, ma anche Clorochina\/Idrossiclorochina, Lopinavir\/Ritonavir, Duranavir\/Ritronavir, Remdesivir.\u00a0Il Documento \u00e8 stato redatto alla luce delle attuali conoscenze scientifiche degli studi clinici, sulla base della pratica clinica e dello scenario epidemiologico ed organizzativo attuale della Regione Veneto. Il documento sar\u00e0 soggetto ad aggiornamento periodico in rapporto alle nuove evidenze scientifiche e all\u2019evoluzione del quadro epidemiologico, e si basa sulla revisione delle limitate evidenze scientifiche disponibili al momento e su documenti di indicazione terapeutica sviluppati da enti di riferimento nazionali ed internazionali<\/p>\n<p>&nbsp;<\/p>\n<p>&nbsp;<\/p>\n<p>&nbsp;<\/p>\n<hr \/>\n<p>&nbsp;<\/p>\n<p>&nbsp;<\/p>\n<blockquote>\n<h3>CORONAVIRUS: FRACASSO (PD) &#8220;LA REGIONE SIA COERENTE NELLA COMUNICAZIONE<\/h3>\n<\/blockquote>\n<p><strong><a class=\"dt-pswp-item\" href=\"https:\/\/www.radiopiu.net\/wordpress\/wp-content\/uploads\/2018\/11\/PD.png\" data-dt-img-description=\"\" data-large_image_width=\"226\" data-large_image_height=\"182\"><img loading=\"lazy\" decoding=\"async\" class=\" wp-image-67744 alignleft\" src=\"https:\/\/www.radiopiu.net\/wordpress\/wp-content\/uploads\/2018\/11\/PD.png\" alt=\"\" width=\"165\" height=\"133\" \/><\/a>VENEZIA<\/strong>\u00a0\u201c<em>Chiediamo alla Giunta maggiore coerenza nella comunicazione, pur consapevoli della situazione di emergenza. Annunciare misure importanti, non accompagnate dai tempi necessari a metterle in pratica, crea aspettative che a loro volta generano confusione, con richieste di chiarimenti indirizzate un po\u2019 ovunque<\/em>\u201d. A dirlo il capogruppo del Partito Democratico Stefano Fracasso al termine dell\u2019informativa sull\u2019emergenza Covid 19 degli assessori Manuela Lanzarin e Gianpaolo Bottacin con cui si \u00e8 aperto il Consiglio regionale. \u201c<em>Pensiamo per esempio alla questione dei tamponi fatti a tappeto: adesso sappiamo che il potenziamento \u00e8 frenato dalla disponibilit\u00e0 limitata dei reagenti: sarebbe stato opportuno annunciarlo una volta sicuri di poter partire<\/em>\u201d.\u00a0Nel corso del suo intervento il capogruppo dem \u00e8 tornato su altre due richieste gi\u00e0 avanzate nei giorni scorsi: \u201c<em>Vogliamo una fotografia certa della situazione nelle case di riposo, sul numero dei positivi e sul destino degli ospiti che devono ricorrere alle cure ospedaliere: saranno trasferiti negli ospedali Covid 19 oppure verranno spostati gli ospiti non sintomatici? Devono assolutamente essere evitati ulteriori focolai! In queste strutture c\u2019\u00e8 poi la necessit\u00e0 urgente di reperire personale, magari recuperandolo da alcuni dei servizi diurni oggi chiusi. Crediamo si debba intervenire con un supporto non solo di tipo medico, ma anche psicologico perch\u00e9 l\u2019intensit\u00e0 dei livelli di assistenza sta diventando un problema nel problema. Infine chiediamo un report sulle attivit\u00e0 di verifica degli Spisal nei luoghi di lavoro rimasti aperti. Ci vengono infatti segnalati casi con condizioni non del tutto tutelanti per i lavoratori che, a maggior ragione in una situazione del genere, devono essere assolutamente protetti<\/em>\u201d.<\/p>\n<p>&nbsp;<\/p>\n<p>&nbsp;<\/p>\n<hr \/>\n<p>&nbsp;<\/p>\n<p>&nbsp;<\/p>\n<blockquote>\n<h3>REGIONE: 74 MLN PER DOTAZIONI SANITARIE E SOSTEGNI A LAVORATORI E IMPRESE<\/h3>\n<\/blockquote>\n<p><strong><a class=\"dt-pswp-item\" href=\"https:\/\/www.radiopiu.net\/wordpress\/wp-content\/uploads\/2020\/03\/LUCA-ZAIA.jpg\" data-dt-img-description=\"\" data-large_image_width=\"900\" data-large_image_height=\"900\"><img loading=\"lazy\" decoding=\"async\" class=\" wp-image-124213 alignleft\" src=\"https:\/\/www.radiopiu.net\/wordpress\/wp-content\/uploads\/2020\/03\/LUCA-ZAIA-300x300.jpg\" alt=\"\" width=\"155\" height=\"155\" srcset=\"https:\/\/www.radiopiu.net\/wordpress\/wp-content\/uploads\/2020\/03\/LUCA-ZAIA-300x300.jpg 300w, https:\/\/www.radiopiu.net\/wordpress\/wp-content\/uploads\/2020\/03\/LUCA-ZAIA-150x150.jpg 150w, https:\/\/www.radiopiu.net\/wordpress\/wp-content\/uploads\/2020\/03\/LUCA-ZAIA-768x768.jpg 768w, https:\/\/www.radiopiu.net\/wordpress\/wp-content\/uploads\/2020\/03\/LUCA-ZAIA.jpg 900w\" sizes=\"auto, (max-width: 155px) 100vw, 155px\" \/><\/a>VENEZIA<\/strong> \u201c<em>La Regione Veneto guarda al dopo-crisi e si prepara a<span class=\"Apple-converted-space\">\u00a0 <\/span>riprogrammare i fondi comunitari disponibili. Oggi la Giunta ha approvato il primo provvedimento di indirizzo che consente di recuperare 74 milioni di euro nell\u2019ambito dei programmi di spesa dei fondi Fesr e Fse e di orientarli al potenziamento della sanit\u00e0 veneta e a garantire ossigeno a lavoratori e imprese<\/em>\u201d. Ne d\u00e0 notizia il presidente della Regione Luca Zaia, che ha riunito la Giunta per far approvare d\u2019urgenza il provvedimento che autorizza la Regione (e l\u2018autorit\u00e0 di gestione dei fondi Fesr e Fse) e modificare le priorit\u00e0 di alcuni bandi e ad individuare le risorse per interventi di contrasto alla situazione emergenziale.<span class=\"Apple-converted-space\">\u00a0<\/span>Nei giorni scorsi Zaia aveva incaricato assessori e strutture regionali di effettuare un\u2019attenta ricognizione delle linee di spesa attivate e dei fondi ancora disponibili, cogliendo l\u2019opportunit\u00e0 offerta da Parlamento e Commissione europea di concedere pi\u00f9 flessibilit\u00e0 in materia di regolamenti comunitari dei fondi e di \u2018aiuti di stato\u2019.<span class=\"Apple-converted-space\">\u00a0<\/span>\u201c<em>Le nostre priorit\u00e0, in questo momento, sono la sanit\u00e0 e il lavoro \u2013 premette Zaia \u2013 Abbiamo quindi pensato ad una manovra di riprogrammazione in tre mosse, che ci consente di investire 12 milioni di euro nell\u2019acquisto di strumenti e apparecchiature sanitarie per i nostri ospedali, di recuperare 32,5 milioni da destinare a strumenti di garanzia alle imprese, per garantire loro liquidit\u00e0 e aumentare il capitale circolante nel nostro sistema economico, e infine di dedicare circa 30 milioni del Fondo sociale europeo, che sono risorse riservate all\u2019occupazione e all\u2019inclusione sociale, a misure di sostegno al reddito per quei lavoratori esclusi dagli ammortizzatori sociali, in particolare quelli delle micro-imprese<\/em>\u201d.<span class=\"Apple-converted-space\">\u00a0 \u00a0<\/span><\/p>\n<p>&nbsp;<\/p>\n<p>&nbsp;<\/p>\n<hr \/>\n<p>&nbsp;<\/p>\n<p>&nbsp;<\/p>\n<blockquote>\n<h3>SIULP: MANCA UN MEDICO PER LA POLIZIA DI STATO IN PROVINCIA<\/h3>\n<\/blockquote>\n<p><strong><a class=\"dt-pswp-item\" href=\"https:\/\/www.radiopiu.net\/wordpress\/wp-content\/uploads\/2018\/07\/stradale.jpg\" data-dt-img-description=\"\" data-large_image_width=\"593\" data-large_image_height=\"443\"><img loading=\"lazy\" decoding=\"async\" class=\"alignleft wp-image-55042 size-medium\" src=\"https:\/\/www.radiopiu.net\/wordpress\/wp-content\/uploads\/2018\/07\/stradale-300x224.jpg\" alt=\"\" width=\"300\" height=\"224\" srcset=\"https:\/\/www.radiopiu.net\/wordpress\/wp-content\/uploads\/2018\/07\/stradale-300x224.jpg 300w, https:\/\/www.radiopiu.net\/wordpress\/wp-content\/uploads\/2018\/07\/stradale.jpg 593w\" sizes=\"auto, (max-width: 300px) 100vw, 300px\" \/><\/a>BELLUNO<\/strong>\u00a0Il SIULP Bellunese, all\u2019interno dei tavoli di confronto con l\u2019amministrazione e ancora con specifiche note concernenti gli organici, ha invocato l\u2019assegnazione di un medico della Polizia di Stato a questo territorio, da dove manca da diversi anni. Un grido d\u2019allarme ignorato dal dipartimento, impegnato nello specchiarsi della propria elefantiaca burocrazia.<span class=\"Apple-converted-space\">\u00a0 O<\/span>ra la situazione impone determinazioni certe e strutturate. non vogliamo fare inutili allarmismi ma riteniamo che oggi, nella piena crisi pandemica da Covid-19, con un picco che, secondo modelli e algoritmi a disposizione della regione veneto, sar\u00e0 imminente, non si possa pi\u00f9 prescindere dalla presenza del medico del corpo e in tal senso questa segreteria provinciale ieri ha nuovamente scritto al ministero nonch\u00e9 alle autorit\u00e0 provinciali di pubblica sicurezza. Una presenza qualificata che sostenga, monitori e coordini il personale in divisa, asintomatico e non, proprio a fronte delle diverse positivit\u00e0 che hanno interessato non uno, ma diversi poliziotti in servizio in questa provincia. operatori che non si sono risparmiati nel loro silenzioso e quotidiano servizio e che con pari dignit\u00e0 affrontano il decorso sanitario. Le donne e gli uomini in uniforme, cos\u00ec come i medici e i sanitari e quelli del soccorso pubblico, sono impegnati con altissimo senso di responsabilit\u00e0 nella delicatissima missione loro assegnata e che, in questo frangente, risulta oltremodo aggravata dal concreto e attuale rischio di essere esposti al contagio per la carenza dei dispositivi di protezione, il cui approvvigionamento \u00e8 ostaggio di un mercato impazzito con prezzi da sciacallaggio.<span class=\"Apple-converted-space\">\u00a0L<\/span>\u2019auspicio \u00e8 che all\u2019assegnazione invocata si sovrapponga un altro provvedimento chiesto da questa sigla: il monitoraggio di tutto il personale dell\u2019helping profession attraverso i tamponi. Un accertamento sanitario che la regione veneto, con delibera della giunta regionale n. 344 del 17 marzo u.s., ha previsto, ma del quale non si \u00e8 avuto ancora alcun riscontro.<\/p>\n<p>&nbsp;<\/p>\n<p>&nbsp;<\/p>\n<hr \/>\n<p>&nbsp;<\/p>\n<p>&nbsp;<\/p>\n<p><a class=\"dt-pswp-item\" href=\"https:\/\/www.radiopiu.net\/wordpress\/wp-content\/uploads\/2020\/03\/sindaci.jpg\" data-dt-img-description=\"\" data-large_image_width=\"2400\" data-large_image_height=\"2400\"><img loading=\"lazy\" decoding=\"async\" class=\"alignnone size-large wp-image-126609\" src=\"https:\/\/www.radiopiu.net\/wordpress\/wp-content\/uploads\/2020\/03\/sindaci-1024x1024.jpg\" alt=\"\" width=\"1024\" height=\"1024\" srcset=\"https:\/\/www.radiopiu.net\/wordpress\/wp-content\/uploads\/2020\/03\/sindaci-1024x1024.jpg 1024w, https:\/\/www.radiopiu.net\/wordpress\/wp-content\/uploads\/2020\/03\/sindaci-300x300.jpg 300w, https:\/\/www.radiopiu.net\/wordpress\/wp-content\/uploads\/2020\/03\/sindaci-150x150.jpg 150w, https:\/\/www.radiopiu.net\/wordpress\/wp-content\/uploads\/2020\/03\/sindaci-768x768.jpg 768w, https:\/\/www.radiopiu.net\/wordpress\/wp-content\/uploads\/2020\/03\/sindaci-1536x1536.jpg 1536w, https:\/\/www.radiopiu.net\/wordpress\/wp-content\/uploads\/2020\/03\/sindaci-2048x2048.jpg 2048w\" sizes=\"auto, (max-width: 1024px) 100vw, 1024px\" \/><\/a><\/p>\n<p>&nbsp;<\/p>\n<blockquote class=\"wp-embedded-content\" data-secret=\"Lf6llLqU1E\"><p><a href=\"https:\/\/www.radiopiu.net\/wordpress\/il-minuto-di-silenzo-a-belluno-feltre-e-in-tutto-lagordino\/\">IL MINUTO DI SILENZO A BELLUNO, FELTRE E IN TUTTO L&#8217;AGORDINO<\/a><\/p><\/blockquote>\n<p><iframe loading=\"lazy\" title=\"&#8220;IL MINUTO DI SILENZO A BELLUNO, FELTRE E IN TUTTO L&#8217;AGORDINO&#8221; &#8212; Radio Pi\u00f9\" class=\"wp-embedded-content\" sandbox=\"allow-scripts\" security=\"restricted\" style=\"position: absolute; clip: rect(1px, 1px, 1px, 1px);\" src=\"https:\/\/www.radiopiu.net\/wordpress\/il-minuto-di-silenzo-a-belluno-feltre-e-in-tutto-lagordino\/embed\/#?secret=Lf6llLqU1E\" data-secret=\"Lf6llLqU1E\" width=\"600\" height=\"338\" frameborder=\"0\" marginwidth=\"0\" marginheight=\"0\" scrolling=\"no\"><\/iframe><\/p>\n<p>&nbsp;<\/p>\n<p>&nbsp;<\/p>\n<hr \/>\n<p>&nbsp;<\/p>\n<blockquote>\n<h3>MINUTO DI SILENZIO PER LE VITTIME DEL CORONAVIRUS: ANCHE LA PROVINCIA PRESENTE<\/h3>\n<\/blockquote>\n<p><strong><a class=\"dt-pswp-item\" href=\"https:\/\/www.radiopiu.net\/wordpress\/wp-content\/uploads\/2020\/03\/IMG_0877.jpg\" data-dt-img-description=\"\" data-large_image_width=\"1240\" data-large_image_height=\"930\"><img loading=\"lazy\" decoding=\"async\" class=\"size-medium wp-image-126475 alignleft\" src=\"https:\/\/www.radiopiu.net\/wordpress\/wp-content\/uploads\/2020\/03\/IMG_0877-300x225.jpg\" alt=\"\" width=\"300\" height=\"225\" srcset=\"https:\/\/www.radiopiu.net\/wordpress\/wp-content\/uploads\/2020\/03\/IMG_0877-300x225.jpg 300w, https:\/\/www.radiopiu.net\/wordpress\/wp-content\/uploads\/2020\/03\/IMG_0877-1024x768.jpg 1024w, https:\/\/www.radiopiu.net\/wordpress\/wp-content\/uploads\/2020\/03\/IMG_0877-768x576.jpg 768w, https:\/\/www.radiopiu.net\/wordpress\/wp-content\/uploads\/2020\/03\/IMG_0877.jpg 1240w\" sizes=\"auto, (max-width: 300px) 100vw, 300px\" \/><\/a>BELLUNO<\/strong>\u00a0Anche la Provincia di Belluno ha partecipato alla brevissima cerimonia indetta in tutta Italia in memoria delle vittime del coronavirus, come indicato dall\u2019Upi e dal presidente della Provincia di Bergamo. Allo scoccare del mezzogiorno, davanti a Palazzo Piloni con le bandiere a mezz\u2019asta, si sono trovati i tre consiglieri provinciali Massimo Bortoluzzi, Walter Cibien e Simone Deola per osservare un gesto simbolico di vicinanza al resto del Paese e in particolare alle zone pi\u00f9 colpite dal contagio. \u00abRingrazio i consiglieri, che hanno accolto con grande disponibilit\u00e0 il mio invito a rappresentare la Provincia in questo piccolo gesto simbolico: Massimo Bortoluzzi consigliere anziano, Walter Cibien e Simone Deola &#8211; afferma il presidente, Roberto Padrin -. Ritengo che la Provincia dovesse essere la prima a partecipare a questo momento di vicinanza ai territori pi\u00f9 in sofferenza. Oggi abbiamo ricordato le vittime del coronavirus, con un pensiero in particolare a quelle della provincia di Belluno, alle persone che in questo momento stanno soffrendo e ai loro cari. Ma non dimentichiamoci neanche dei medici e degli operatori sanitari che si stanno adoperando per il bene di tutti\u00bb. Il presidente Padrin ha coinvolto anche i colleghi sindaci nel minuto di silenzio. Una vicinanza che si \u00e8 trasformata in risposta corale: sono stati pi\u00f9 di una cinquantina i primi cittadini che a mezzogiorno si sono messi davanti al municipio, in fascia tricolore; rappresentate tutte le zone del Cadore, dell\u2019Agordino, del Feltrino e della Valbelluna<\/p>\n<p>&nbsp;<\/p>\n<p>&nbsp;<\/p>\n<p>&nbsp;<\/p>\n<hr \/>\n<p>&nbsp;<\/p>\n<blockquote>\n<h3><\/h3>\n<h3>CORONAVIRUS: D&#8217;INCA&#8217;: AL VENETO OLTRE 5 MILIONI DI PRODOTTI PER IL CONTRASTO AL COVID-19&#8243;<\/h3>\n<\/blockquote>\n<p><strong><a class=\"dt-pswp-item\" href=\"https:\/\/www.radiopiu.net\/wordpress\/wp-content\/uploads\/2018\/07\/DInc\u00e0-festa-vitalizi.jpg\" data-dt-img-description=\"\" data-large_image_width=\"1264\" data-large_image_height=\"1280\"><img loading=\"lazy\" decoding=\"async\" class=\" wp-image-53845 alignleft\" src=\"https:\/\/www.radiopiu.net\/wordpress\/wp-content\/uploads\/2018\/07\/DInc\u00e0-festa-vitalizi-296x300.jpg\" alt=\"\" width=\"186\" height=\"189\" srcset=\"https:\/\/www.radiopiu.net\/wordpress\/wp-content\/uploads\/2018\/07\/DInc\u00e0-festa-vitalizi-296x300.jpg 296w, https:\/\/www.radiopiu.net\/wordpress\/wp-content\/uploads\/2018\/07\/DInc\u00e0-festa-vitalizi-768x778.jpg 768w, https:\/\/www.radiopiu.net\/wordpress\/wp-content\/uploads\/2018\/07\/DInc\u00e0-festa-vitalizi-1011x1024.jpg 1011w, https:\/\/www.radiopiu.net\/wordpress\/wp-content\/uploads\/2018\/07\/DInc\u00e0-festa-vitalizi.jpg 1264w\" sizes=\"auto, (max-width: 186px) 100vw, 186px\" \/><\/a>ROMA<\/strong> &#8220;<em>Finora al Veneto sono stati consegnati oltre 5 milioni di prodotti tra dispositivi e apparecchiature, per il contrasto al Coronavirus. Tra i prodotti &#8216;consumabili&#8217; ci sono 4 milioni 925 mila mascherine, 317 mila guanti, 11 mila 680 tute, 6 mila 867 visiere e 1300 tamponi, mentre tra i 1.682 &#8216;non consumabili&#8217; 529 pompe, 550 occhiali, 347 laringoscopi, 115 monitor e 141 ventilatori polmonari<\/em>&#8220;.\u00a0Lo dichiara Federico D&#8217;Inc\u00e0, Ministro per i Rapporti con il Parlamento, in base ai dati forniti dalla Protezione Civile Nazionale relativi ai prodotti distribuiti nelle regioni italiane. I dati sono consultabili sul sito della Protezione Civile attraverso il sistema Analisi distribuzione aiuti (ADA): &#8220;<em>In questo modo &#8211; prosegue D&#8217;Inc\u00e0 &#8211; ogni cittadino ha la possibilit\u00e0 di monitorare la distribuzione del materiale: si tratta di un&#8217;ulteriore strumento di trasparenza, con numeri aggiornati ogni giorno. La situazione si \u00e8 normalizzata e, oggi, siamo a pieno regime: stiamo rispondendo alle richieste pervenute anche attraverso le risorse economiche inserite all&#8217;interno del decreto &#8216;Cura Italia&#8217; per la produzione italiana di dispositivi di protezione individuale e, in particolare, di ventilatori polmonari, come sta avvenendo grazie all&#8217;azienda Siare nel bolognese<\/em>&#8220;.\u00a0&#8220;<em>Fin dall&#8217;inizio dell&#8217;emergenza &#8211; prosegue D&#8217;Inc\u00e0 &#8211; il Governo si \u00e8 impegnato con determinazione per combattere il coronavirus, sia sotto il profilo sanitario sia sotto quello economico: oltre al decreto &#8216;Cura Italia&#8217; da 25 miliardi di euro, in queste settimane ce ne sar\u00e0 un secondo che dar\u00e0 un ulteriore sostegno a famiglie, lavoratori e imprese<\/em>&#8220;.\u00a0&#8220;Ringrazio l&#8217;instancabile Angelo Borrelli, capo Dipartimento della Protezione Civile, il commissario Arcuri e tutti coloro che si stanno impegnando in prima linea, giorno e notte, nel contrasto a questa difficile situazione. Un ringraziamento va anche all&#8217;Esercito e all&#8217;Aeronautica Militare che stanno lavorando per la distribuzione delle mascherine. Siamo in una fase cruciale e i provvedimenti che finora sono stati adottati si sono rivelati efficaci: ecco perch\u00e8 bisogna insistere su questa linea. Continueremo ad ascoltare le preziose indicazioni scientifiche e seguiremo l&#8217;andamento dei contagi per valutare nuove misure &#8211; conclude il Ministro per i Rapporti con i Parlamento&#8221;.<\/p>\n<p>&nbsp;<\/p>\n<p>&nbsp;<\/p>\n<hr \/>\n<p>&nbsp;<\/p>\n<p>&nbsp;<\/p>\n<blockquote>\n<h3>NUOVA TRUFFA VIA WHATSAPP SEGNALATA DALLA POLIZIA POSTALE<\/h3>\n<\/blockquote>\n<p><a class=\"dt-pswp-item\" href=\"https:\/\/www.radiopiu.net\/wordpress\/wp-content\/uploads\/2020\/03\/f736ac43-6d47-4829-9ba9-76b198b3357d.jpg\" data-dt-img-description=\"\" data-large_image_width=\"550\" data-large_image_height=\"245\"><img loading=\"lazy\" decoding=\"async\" class=\"alignleft wp-image-126412 size-medium\" src=\"https:\/\/www.radiopiu.net\/wordpress\/wp-content\/uploads\/2020\/03\/f736ac43-6d47-4829-9ba9-76b198b3357d-300x134.jpg\" alt=\"\" width=\"300\" height=\"134\" srcset=\"https:\/\/www.radiopiu.net\/wordpress\/wp-content\/uploads\/2020\/03\/f736ac43-6d47-4829-9ba9-76b198b3357d-300x134.jpg 300w, https:\/\/www.radiopiu.net\/wordpress\/wp-content\/uploads\/2020\/03\/f736ac43-6d47-4829-9ba9-76b198b3357d.jpg 550w\" sizes=\"auto, (max-width: 300px) 100vw, 300px\" \/><\/a>La Polizia postale segnala una nuova truffa che in questi giorni di emergenza per covid19 sta circolando su WhatsApp.\u00a0Nel messaggio viene detto che, per far fronte alla crisi, i supermercati stanno offrendo buoni del valore di 200 euro.\u00a0La truffa si attiva attraverso il link contenuto nel messaggio, i malintenzionati possono appropriarsi dei vostri dati sensibili e usarli per scopi illeciti.\u00a0Quindi, vi invitiamo a fare sempre attenzione, non cliccare nel link e di non fare circolare il messaggio.<\/p>\n<p>&nbsp;<\/p>\n<hr \/>\n<p>&nbsp;<\/p>\n<p>&nbsp;<\/p>\n<p>&nbsp;<\/p>\n<blockquote>\n<h3>LA DISTRIBUZIONE DELLE MASCHERINE A FALCADE E CAVIOLA<\/h3>\n<\/blockquote>\n<p><strong>FALCADE<\/strong> Anche a Falcade si distribuiscono le mascherine della Regione. Anche in questo caso sono i volontari della Protezione Civile a fare il lavoro.<\/p>\n<h3><a class=\"dt-pswp-item\" href=\"https:\/\/www.radiopiu.net\/wordpress\/wp-content\/uploads\/2020\/03\/c221fc38-eee8-4f54-aea0-fc284ffe45e5.jpg\" data-dt-img-description=\"\" data-large_image_width=\"720\" data-large_image_height=\"540\"><img loading=\"lazy\" decoding=\"async\" class=\"alignnone wp-image-126406\" src=\"https:\/\/www.radiopiu.net\/wordpress\/wp-content\/uploads\/2020\/03\/c221fc38-eee8-4f54-aea0-fc284ffe45e5-300x225.jpg\" alt=\"\" width=\"402\" height=\"301\" srcset=\"https:\/\/www.radiopiu.net\/wordpress\/wp-content\/uploads\/2020\/03\/c221fc38-eee8-4f54-aea0-fc284ffe45e5-300x225.jpg 300w, https:\/\/www.radiopiu.net\/wordpress\/wp-content\/uploads\/2020\/03\/c221fc38-eee8-4f54-aea0-fc284ffe45e5.jpg 720w\" sizes=\"auto, (max-width: 402px) 100vw, 402px\" \/><\/a><a class=\"dt-pswp-item\" href=\"https:\/\/www.radiopiu.net\/wordpress\/wp-content\/uploads\/2020\/03\/cb52c40f-2fc2-4f8d-afc9-bd69da6462f7.jpg\" data-dt-img-description=\"\" data-large_image_width=\"720\" data-large_image_height=\"960\"><img loading=\"lazy\" decoding=\"async\" class=\"alignnone wp-image-126407\" src=\"https:\/\/www.radiopiu.net\/wordpress\/wp-content\/uploads\/2020\/03\/cb52c40f-2fc2-4f8d-afc9-bd69da6462f7-225x300.jpg\" alt=\"\" width=\"226\" height=\"301\" srcset=\"https:\/\/www.radiopiu.net\/wordpress\/wp-content\/uploads\/2020\/03\/cb52c40f-2fc2-4f8d-afc9-bd69da6462f7-225x300.jpg 225w, https:\/\/www.radiopiu.net\/wordpress\/wp-content\/uploads\/2020\/03\/cb52c40f-2fc2-4f8d-afc9-bd69da6462f7.jpg 720w\" sizes=\"auto, (max-width: 226px) 100vw, 226px\" \/><\/a><\/h3>\n<p>&nbsp;<\/p>\n<hr \/>\n<h3><\/h3>\n<blockquote>\n<h3>CORONAVIRUS. IN VENETO LE SCADENZE DELLA TASSA AUTOMOBILISTICA SLITTANO AL 30 GIUGNO<\/h3>\n<\/blockquote>\n<p><strong><a class=\"dt-pswp-item\" href=\"https:\/\/www.radiopiu.net\/wordpress\/wp-content\/uploads\/2016\/05\/bollo-auto-2.jpg\" data-dt-img-description=\"\" data-large_image_width=\"505\" data-large_image_height=\"285\"><img loading=\"lazy\" decoding=\"async\" class=\" wp-image-19478 alignleft\" src=\"https:\/\/www.radiopiu.net\/wordpress\/wp-content\/uploads\/2016\/05\/bollo-auto-2-300x169.jpg\" alt=\"\" width=\"178\" height=\"100\" \/><\/a>VENEZIA<\/strong>\u00a0I pagamenti della tassa automobilistica gi\u00e0 previsti con scadenza nel periodo tra l\u20198 marzo e il 31 maggio, in Veneto potranno essere effettuati entro il 30 giugno, senza alcuna sanzione o interessi di mora. Lo prevede lo specifico disegno di legge approvato, oggi, dalla Giunta regionale, presentato dal vicepresidente Gianluca Forcolin, assessore al Patrimonio.<\/p>\n<p>&nbsp;<\/p>\n<p>&nbsp;<\/p>\n<p>&nbsp;<\/p>\n<hr \/>\n<p>&nbsp;<\/p>\n<blockquote>\n<h3>CORONAVIRUS. PER LE AZIENDE DALLA REGIONE VENETO IL VADEMECUM PER LA PRODUZIONE IN DEROGA DI MASCHERINE E DISPOSITIVI DI PROTEZIONE INDIVIDUALE<\/h3>\n<\/blockquote>\n<p><strong><a class=\"dt-pswp-item\" href=\"https:\/\/www.radiopiu.net\/wordpress\/wp-content\/uploads\/2020\/03\/MASCHERINA-CHIRURGICA.png\" data-dt-img-description=\"\" data-large_image_width=\"1280\" data-large_image_height=\"1021\"><img loading=\"lazy\" decoding=\"async\" class=\" wp-image-126460 alignleft\" src=\"https:\/\/www.radiopiu.net\/wordpress\/wp-content\/uploads\/2020\/03\/MASCHERINA-CHIRURGICA-300x239.png\" alt=\"\" width=\"181\" height=\"144\" srcset=\"https:\/\/www.radiopiu.net\/wordpress\/wp-content\/uploads\/2020\/03\/MASCHERINA-CHIRURGICA-300x239.png 300w, https:\/\/www.radiopiu.net\/wordpress\/wp-content\/uploads\/2020\/03\/MASCHERINA-CHIRURGICA-1024x817.png 1024w, https:\/\/www.radiopiu.net\/wordpress\/wp-content\/uploads\/2020\/03\/MASCHERINA-CHIRURGICA-768x613.png 768w, https:\/\/www.radiopiu.net\/wordpress\/wp-content\/uploads\/2020\/03\/MASCHERINA-CHIRURGICA.png 1280w\" sizes=\"auto, (max-width: 181px) 100vw, 181px\" \/><\/a>VENEZIA<\/strong> La Regione del Veneto ha redatto uno specifico vademecum che viene messo a disposizione delle aziende del suo territorio che intendono produrre, importare o mettere in commercio mascherine e dispositivi di protezione individuale (DPI) ad uso medico, in deroga alle disposizioni vigenti come previsto dai decreti legge del 9 e del 18 marzo scorsi. Il documento \u00e8 reperibile sui siti web della Regione, dell\u2019Arpav e dell\u2019Universit\u00e0 di Padova. L\u2019Ateneo, infatti, infatti, tramite Unismart \u00e8 il riferimento al fine che i prodotti risultino adeguati nel garantire la tutela della salute dei cittadini e dei lavoratori.<\/p>\n<p><strong>IL VADEMECUM<\/strong><\/p>\n<div class=\"su-document su-u-responsive-media-yes\"><iframe loading=\"lazy\" src=\"\/\/docs.google.com\/viewer?embedded=true&url=https:\/\/www.radiopiu.net\/wordpress\/wp-content\/uploads\/2020\/03\/485-2020-Vademecum-autocertificazione-imprese-COVID_19.pdf\" width=\"600\" height=\"800\" class=\"su-document\" title=\"Decreto 20.02.2020\"><\/iframe><\/div>\n<p>&nbsp;<\/p>\n<p>&nbsp;<\/p>\n<hr \/>\n<p>&nbsp;<\/p>\n<blockquote>\n<h3>CORONAVIRUS: REGIONE VENETO STANZIA 1,2 MLN PER SOSTENERE L\u2019E-LEARNING NELLE SCUOLE PROFESSIONALI<\/h3>\n<\/blockquote>\n<p><strong><a class=\"dt-pswp-item\" href=\"https:\/\/www.radiopiu.net\/wordpress\/wp-content\/uploads\/2016\/05\/Filastrocche-sulla-scuola.jpg\" data-dt-img-description=\"\" data-large_image_width=\"628\" data-large_image_height=\"420\"><img loading=\"lazy\" decoding=\"async\" class=\"alignleft wp-image-19194 \" src=\"https:\/\/www.radiopiu.net\/wordpress\/wp-content\/uploads\/2016\/05\/Filastrocche-sulla-scuola-300x201.jpg\" alt=\"\" width=\"171\" height=\"115\" \/><\/a>VENEZIA<\/strong> La Regione Veneto vara un piano di finanziamenti per sostenere da subito la riconversione dell\u2019attivit\u00e0 didattica a distanza nei centri di formazione professionale, scuole frequentate in Veneto da quasi 20 mila allievi. Su proposta dell\u2019assessore alla scuola Elena Donazzan, la giunta ha approvato un bando straordinario per promuovere progetti degli enti e dei centri di formazione professionale che favoriscano l\u2019adozione di metodologie di teledidattica, la formazione di competenze negli insegnanti, l\u2019adozione di piattaforme online, la forniture di strumenti agli allievi.<\/p>\n<p>&nbsp;<\/p>\n<hr \/>\n<p>&nbsp;<\/p>\n<p>&nbsp;<\/p>\n<blockquote>\n<h3>DE CARLO: PERMETTERE LA COLTIVAZIONE DELL&#8217;ORTO E IL MANTENIMENTO DEL TERRITORIO<\/h3>\n<\/blockquote>\n<p><strong><a class=\"dt-pswp-item\" href=\"https:\/\/www.radiopiu.net\/wordpress\/wp-content\/uploads\/2019\/03\/DE-CARLO.jpg\" data-dt-img-description=\"\" data-large_image_width=\"471\" data-large_image_height=\"471\"><img loading=\"lazy\" decoding=\"async\" class=\" wp-image-78825 alignleft\" src=\"https:\/\/www.radiopiu.net\/wordpress\/wp-content\/uploads\/2019\/03\/DE-CARLO.jpg\" alt=\"\" width=\"227\" height=\"227\" srcset=\"https:\/\/www.radiopiu.net\/wordpress\/wp-content\/uploads\/2019\/03\/DE-CARLO.jpg 471w, https:\/\/www.radiopiu.net\/wordpress\/wp-content\/uploads\/2019\/03\/DE-CARLO-150x150.jpg 150w, https:\/\/www.radiopiu.net\/wordpress\/wp-content\/uploads\/2019\/03\/DE-CARLO-300x300.jpg 300w\" sizes=\"auto, (max-width: 227px) 100vw, 227px\" \/><\/a>ROMA<\/strong> \u201cHo presentato un\u2019interrogazione al presidente del Consiglio Conte e al ministro dell\u2019Interno Lamorgese, per chiedere una modifica alle limitazioni previste dal DPCM del 8 marzo 2020, in particolare sul divieto di esercizio nelle aree rurali non professionali\u201d cos\u00ec in una nota il deputato di Fratelli d\u2019Italia Luca De Carlo. \u201cIn Italia sono molteplici le famiglie che possiedono terreni da semina nei quali, in condizioni ordinarie, coltivano i loro orti producendo parte del sostentamento familiare, seppur in maniera non professionale e quindi non generando reddito. Le disposizioni del DPCM del 8 marzo 2020 non consentono la prosecuzione di queste attivit\u00e0, provocando una serie di disagi. Innanzitutto, lo spreco dei prodotti delle coltivazioni, particolarmente contraddittorio in un momento in cui i Comuni, per far fronte all\u2019emergenza sanitaria, intervengono proprio con pacchi alimentari alle famiglie. Inoltre, l&#8217;utilizzo di quei prodotti permetterebbe, in molte zone, di decongestionare le file che ogni giorno si realizzano fuori dai negozi. E infine c\u2019\u00e8 il tema, non secondario, della mancanza di manutenzione dei terreni che comporter\u00e0 in molti casi l\u2019abbandono forzato di tradizioni secolari e pi\u00f9 generalmente il rischio incendi e altre gravi emergenze ambientali. Alla luce di quanto esposto dunque, auspico che il presidente Conte e il ministro Lamorgese valutino la possibilit\u00e0 di consentire, nei limiti del contenimento del diffondersi del virus COVID-19, l\u2019esercizio di queste attivit\u00e0 escludendole da quelle vietate\u201d conclude De Carlo.<\/p>\n<p>&nbsp;<\/p>\n<p>&nbsp;<\/p>\n<p>&nbsp;<\/p>\n<hr \/>\n<p>&nbsp;<\/p>\n<p>&nbsp;<\/p>\n<blockquote>\n<h3>WANBAO ACC: ASSESSORE DONAZZAN A MINISTRO PATUANELLI, \u201dSCONCERTATI PER SCELTA COMMISSARIALE CHE DISATTENDE 6 MESI DI GESTIONE COLLABORATIVA E LE SPERANZE DI 300 FAMIGLIE\u201d<\/h3>\n<\/blockquote>\n<p><strong><a class=\"dt-pswp-item\" href=\"https:\/\/www.radiopiu.net\/wordpress\/wp-content\/uploads\/2016\/02\/l43-donazzan-150526182134_medium.jpg\" data-dt-img-description=\"\" data-large_image_width=\"420\" data-large_image_height=\"315\"><img loading=\"lazy\" decoding=\"async\" class=\" wp-image-17008 alignleft\" src=\"https:\/\/www.radiopiu.net\/wordpress\/wp-content\/uploads\/2016\/02\/l43-donazzan-150526182134_medium-300x225.jpg\" alt=\"\" width=\"203\" height=\"152\" \/><\/a>VENEZIA<\/strong>\u00a0L\u2019assessore al lavoro della Regione Veneto, Elena Donazzan, chiede un incontro con il ministro dello sviluppo economico Stefano Patuanelli in merito alla vicenda Wanbao. \u201cSi rende urgente un confronto diretto su come il ministro intenda gestire la crisi<span class=\"Apple-converted-space\">\u00a0 <\/span>Wanbao \u2013 afferma la rappresentante della Regione Veneto &#8211;<span class=\"Apple-converted-space\">\u00a0 <\/span>Non \u00e8 possibile che un percorso di gestione concertata tra le parti sociali, le istituzioni locali, la Regione e il Ministero venga stravolto dalle indicazioni dirette del ministro, che non tengono conto in alcun modo di quanto lo stesso ministero aveva affermato. Ora si \u00e8 creata una situazione disorientante, per il futuro dell\u2019azienda, i suoi 290 dipendenti e tutto l\u2019indotto,<span class=\"Apple-converted-space\">\u00a0 <\/span>in particolare nel mercato di riferimento dello stabilimento bellunese\u201d.\u00a0Se da un lato l\u2019assessore regionale al Lavoro ringrazia \u201cil Tribunale di Venezia per aver considerato indifferibile l\u2019appuntamento di avvio della gestione commissariale e della nomina del commissario giudiziale, nonostante la sospensione dell\u2019attivit\u00e0 dettata dall\u2019attuale situazione di emergenza sanitaria\u201d ed esprime \u201cpubblico apprezzamento\u201d ai giudici \u201cper aver condiviso con noi l\u2019urgenza prioritaria di garantire la continuit\u00e0 produttiva del sito di Mel, che conta 300 posti di lavoro\u201d, dall\u2019altro Donazzan non<span class=\"Apple-converted-space\">\u00a0 <\/span>esita<span class=\"Apple-converted-space\">\u00a0 <\/span>a manifestare<span class=\"Apple-converted-space\">\u00a0 <\/span>\u201cstupore\u201d, \u201crammarico\u201d e<span class=\"Apple-converted-space\">\u00a0 <\/span>insoddisfazione\u201d per l\u2019indicazione del commissario giudiziale formulata direttamente dal Ministro per lo Sviluppo economico.<span class=\"Apple-converted-space\">\u00a0<\/span><\/p>\n<p>&nbsp;<\/p>\n<p>&nbsp;<\/p>\n<hr \/>\n<p>&nbsp;<\/p>\n<p>&nbsp;<\/p>\n<blockquote>\n<h3>FERMO IL PRELIEVO DEL CINGHIALE: NESSUNA DEROGA AL MOMENTO PER IL MONDO VENATORIO<\/h3>\n<\/blockquote>\n<p><strong><a class=\"dt-pswp-item\" href=\"https:\/\/www.radiopiu.net\/wordpress\/wp-content\/uploads\/2020\/03\/CINGHIALI.jpg\" data-dt-img-description=\"\" data-large_image_width=\"1920\" data-large_image_height=\"1244\"><img loading=\"lazy\" decoding=\"async\" class=\" wp-image-126515 alignleft\" src=\"https:\/\/www.radiopiu.net\/wordpress\/wp-content\/uploads\/2020\/03\/CINGHIALI-300x194.jpg\" alt=\"\" width=\"181\" height=\"117\" srcset=\"https:\/\/www.radiopiu.net\/wordpress\/wp-content\/uploads\/2020\/03\/CINGHIALI-300x194.jpg 300w, https:\/\/www.radiopiu.net\/wordpress\/wp-content\/uploads\/2020\/03\/CINGHIALI-1024x663.jpg 1024w, https:\/\/www.radiopiu.net\/wordpress\/wp-content\/uploads\/2020\/03\/CINGHIALI-768x498.jpg 768w, https:\/\/www.radiopiu.net\/wordpress\/wp-content\/uploads\/2020\/03\/CINGHIALI-1536x995.jpg 1536w, https:\/\/www.radiopiu.net\/wordpress\/wp-content\/uploads\/2020\/03\/CINGHIALI.jpg 1920w\" sizes=\"auto, (max-width: 181px) 100vw, 181px\" \/><\/a>BELLUNO<\/strong> Il prelievo del cinghiale rimane fermo durante l\u2019emergenza sanitaria. Nonostante le numerose richieste giunte agli uffici di Palazzo Piloni da parte del mondo agricolo, la Provincia ha deciso di non agire in deroga. Pertanto, il piano di eradicazione dell\u2019ungulato \u00e8 sospeso. Almeno fino al 3 aprile.<\/p>\n<p><strong>FRANCO DE BON, CONSIGLIERE PROVINCIALE<\/strong><\/p>\n<audio class=\"wp-audio-shortcode\" id=\"audio-126394-2\" preload=\"none\" style=\"width: 100%;\" controls=\"controls\"><source type=\"audio\/mpeg\" src=\"https:\/\/www.radiopiu.net\/wordpress\/wp-content\/uploads\/2020\/03\/franco-de-bon-cinghiale.mp3?_=2\" \/><a href=\"https:\/\/www.radiopiu.net\/wordpress\/wp-content\/uploads\/2020\/03\/franco-de-bon-cinghiale.mp3\">https:\/\/www.radiopiu.net\/wordpress\/wp-content\/uploads\/2020\/03\/franco-de-bon-cinghiale.mp3<\/a><\/audio>\n<p>&nbsp;<\/p>\n<p>&nbsp;<\/p>\n<hr \/>\n<p>&nbsp;<\/p>\n<blockquote>\n<h3><a class=\"dt-pswp-item\" href=\"https:\/\/www.radiopiu.net\/wordpress\/wp-content\/uploads\/2018\/03\/CICLABILE.jpg\" data-dt-img-description=\"\" data-large_image_width=\"300\" data-large_image_height=\"168\"><img loading=\"lazy\" decoding=\"async\" class=\" wp-image-44721 alignleft\" src=\"https:\/\/www.radiopiu.net\/wordpress\/wp-content\/uploads\/2018\/03\/CICLABILE.jpg\" alt=\"\" width=\"173\" height=\"97\" \/><\/a>LA PISTA CICLABILE LE CAMPE LISTOLADE, LA CRISI CORONAVIRUS FERMA LA VERTENZA LEGALE. L&#8217;UNIONE MONTANA PROCEDE E GUARDA AL PONTE SUL CORDEVOLE DI VIA FOCH E AI TRATTI MANCANTI<\/h3>\n<\/blockquote>\n<p><strong>DI GIANNI SANTOMASO<\/strong><\/p>\n<audio class=\"wp-audio-shortcode\" id=\"audio-126394-3\" preload=\"none\" style=\"width: 100%;\" controls=\"controls\"><source type=\"audio\/mpeg\" src=\"https:\/\/www.radiopiu.net\/wordpress\/wp-content\/uploads\/2020\/03\/ciclabile.mp3?_=3\" \/><a href=\"https:\/\/www.radiopiu.net\/wordpress\/wp-content\/uploads\/2020\/03\/ciclabile.mp3\">https:\/\/www.radiopiu.net\/wordpress\/wp-content\/uploads\/2020\/03\/ciclabile.mp3<\/a><\/audio>\n<p>&nbsp;<\/p>\n<p>&nbsp;<\/p>\n<hr \/>\n<h3><\/h3>\n<h2>SITO RADIO PIU: DICEMBRE 2017 &#8211; MARZO 2020 superati i 10 milioni di visualizzazioni.<\/h2>\n<div class=\"_1mf _1mj\" data-offset-key=\"4o03l-0-0\"><strong>RADIOPIU\u00a0<\/strong> Quando a fine mese ti ritrovi a valutare il lavoro della RADIO PIU&#8217; e della squadra che mi onoro di guidare \u00e8 sempre una grande soddisfazione. Ci abbiamo dato dentro in questo mese, siamo stati ripagati dalla vostra stima, attenzione, fiducia. Ci avete cercato, ci avete trovato e ogni giorno pur con i nostri limiti e con i nostri errori cerchiamo sempre di non deludervi. Grazie&#8230; comunit\u00e0 di RADIO PIU. <strong>VISUALIZZAZIONE SITO MARZO 2020: 2.220.000<\/strong> FEBBRAIO 2020: 964.000 APRILE 2019: 303.079 APRILE 2018: 44.131 e grazie a coloro che con le loro inserzioni e donazioni sostengono il nostro impegno quotidiano.<\/div>\n<div class=\"_1mf _1mj\" data-offset-key=\"4o03l-0-0\">mirko<\/div>\n<div data-offset-key=\"4o03l-0-0\"><\/div>\n<div data-offset-key=\"4o03l-0-0\"><a class=\"dt-pswp-item\" href=\"https:\/\/www.radiopiu.net\/wordpress\/wp-content\/uploads\/2020\/03\/40b4394e-4a2d-43a8-af61-1c0ba69836f0.jpg\" data-dt-img-description=\"\" data-large_image_width=\"2048\" data-large_image_height=\"1024\"><img loading=\"lazy\" decoding=\"async\" class=\"alignnone size-large wp-image-126519\" src=\"https:\/\/www.radiopiu.net\/wordpress\/wp-content\/uploads\/2020\/03\/40b4394e-4a2d-43a8-af61-1c0ba69836f0-1024x512.jpg\" alt=\"\" width=\"1024\" height=\"512\" srcset=\"https:\/\/www.radiopiu.net\/wordpress\/wp-content\/uploads\/2020\/03\/40b4394e-4a2d-43a8-af61-1c0ba69836f0-1024x512.jpg 1024w, https:\/\/www.radiopiu.net\/wordpress\/wp-content\/uploads\/2020\/03\/40b4394e-4a2d-43a8-af61-1c0ba69836f0-300x150.jpg 300w, https:\/\/www.radiopiu.net\/wordpress\/wp-content\/uploads\/2020\/03\/40b4394e-4a2d-43a8-af61-1c0ba69836f0-768x384.jpg 768w, https:\/\/www.radiopiu.net\/wordpress\/wp-content\/uploads\/2020\/03\/40b4394e-4a2d-43a8-af61-1c0ba69836f0-1536x768.jpg 1536w, https:\/\/www.radiopiu.net\/wordpress\/wp-content\/uploads\/2020\/03\/40b4394e-4a2d-43a8-af61-1c0ba69836f0.jpg 2048w\" sizes=\"auto, (max-width: 1024px) 100vw, 1024px\" \/><\/a><\/div>\n<p>&nbsp;<\/p>\n<p>&nbsp;<\/p>\n<hr \/>\n<p>&nbsp;<\/p>\n<p>&nbsp;<\/p>\n<blockquote>\n<h3>LA CROCE BIANCA VAL FIORENTINA CONSEGNA LA SPESA A DOMICILIO<\/h3>\n<\/blockquote>\n<p><strong>SELVA DI CADORE<\/strong>\u00a0I volontari della Croce Bianca Val Fiorentina vengono in aiuto agli anziani e alle persone bisognose che non possono muoversi di casa attivando un servizio di consegna a domicilio della spesa. Il servizio sar\u00e0 erogato il luned\u00ec, mercoled\u00ec e sabato. Per accedere al servizio basta contattare il negozio Conad di Selva di Cadore allo 0437 720613 o l\u2019alimentari di Pescul allo 0437 521071 entro le ore 10 poi i volontari della Croce Bianca Val Fiorentina consegneranno la spesa a casa.<\/p>\n<p>&nbsp;<\/p>\n<hr \/>\n<p>&nbsp;<\/p>\n<blockquote>\n<h3>A LA VALLE PARTE LA CONSEGNA A DOMICILIO DI FARMACI E SPESA<\/h3>\n<\/blockquote>\n<p><strong>LA VALLE AGORDINA<\/strong> Il Sindaco informa che sono stati attivati i servizi di consegna a domicilio per farmaci e per la spesa. Per la consegna dei farmaci i numeri da chiamare sono 0437 62298 oppure 0437 63896, servizio attivo dal luned\u00ec al venerd\u00ec dalle 9 alle 12:30 e dalle 15:30 alle 18:30. Per la consegna della spesa a domicilio basta telefonare al Panificio \u201cEl Forner\u201d 0437 63040, servizio garantito dal lunedi al sabato dalle 7 alle 12:30 e dalle 16:30 alle 19, anche la domenica dalle 7 alle 12:30<\/p>\n<p>&nbsp;<\/p>\n<hr \/>\n<p>&nbsp;<\/p>\n<blockquote>\n<h3>SERVIZIO A DOMICILIO ANCHE A CANALE D\u2019AGORDO<\/h3>\n<\/blockquote>\n<p><strong>CANALE D\u2019AGORDO<\/strong>\u00a0Il comune, in collaborazione con le associazioni di volontariato del territorio, ha attivato il servizio di consegna a domicilio di farmaci e beni di prima necessit\u00e0 alle persone che sono impossibiltate a muoversi (anziani, persone non autosufficienti, persone sole e\/o che non possono uscire dalla propria abitazione. Servizio attivo il luned\u00ec, mercoled\u00ec e venerd\u00ec. Per avvalersi del servizio il numero da chiamare \u00e8 320 3298245<\/p>\n<p>&nbsp;<\/p>\n<hr \/>\n<p>&nbsp;<\/p>\n<blockquote>\n<h3>SERVIZIO SPESA GRATIS PER FODOM<\/h3>\n<\/blockquote>\n<p class=\"photoswipe-wrapper\"><strong>LIVINALLONGO<\/strong>\u00a0Questo servizio \u00e8 rivolto a persone anziane e malate, ma anche alle famiglie e alle persone sole che non hanno la possibilit\u00e0 di fare acquisti. Il servizio pu\u00f2 essere richiesto ogni giorno ed \u00e8 gratuito.\u00a0Potr\u00e0 essere richiesto al 0471 444 444 dalle ore 8-18. La consegna avviene lo stesso giorno o al pi\u00f9 tardi il giorno successivo. Il servizio viene eseguito esclusivamente da volontari della Croce Bianca che possono identificarsi come collaboratori dell\u2019associazione e indossano la divisa e tesserino.<\/p>\n<p>&nbsp;<\/p>\n<hr \/>\n<p>&nbsp;<\/p>\n<blockquote class=\"wp-embedded-content\" data-secret=\"Y6sAj6kUxj\"><p><a href=\"https:\/\/www.radiopiu.net\/wordpress\/scuola-dellinfanzia-di-taibon-oggi-a-teatro\/\">SCUOLA DELL&#8217;INFANZIA DI TAIBON&#8230;OGGI A TEATRO<\/a><\/p><\/blockquote>\n<p><iframe loading=\"lazy\" title=\"&#8220;SCUOLA DELL&#8217;INFANZIA DI TAIBON&#8230;OGGI A TEATRO&#8221; &#8212; Radio Pi\u00f9\" class=\"wp-embedded-content\" sandbox=\"allow-scripts\" security=\"restricted\" style=\"position: absolute; clip: rect(1px, 1px, 1px, 1px);\" src=\"https:\/\/www.radiopiu.net\/wordpress\/scuola-dellinfanzia-di-taibon-oggi-a-teatro\/embed\/#?secret=Y6sAj6kUxj\" data-secret=\"Y6sAj6kUxj\" width=\"600\" height=\"338\" frameborder=\"0\" marginwidth=\"0\" marginheight=\"0\" scrolling=\"no\"><\/iframe><\/p>\n<p>&nbsp;<\/p>\n<blockquote class=\"wp-embedded-content\" data-secret=\"1n3HB95ssx\"><p><a href=\"https:\/\/www.radiopiu.net\/wordpress\/giulio-berlendis-40-anni-alla-guida-non-facile-della-diocesi-di-belluno-di-renato-bona\/\">GIULIO BERLENDIS: 40 ANNI ALLA GUIDA (NON FACILE!) DELLA DIOCESI DI BELLUNO di Renato Bona<\/a><\/p><\/blockquote>\n<p><iframe loading=\"lazy\" title=\"&#8220;GIULIO BERLENDIS: 40 ANNI ALLA GUIDA (NON FACILE!) DELLA DIOCESI DI BELLUNO di Renato Bona&#8221; &#8212; Radio Pi\u00f9\" class=\"wp-embedded-content\" sandbox=\"allow-scripts\" security=\"restricted\" style=\"position: absolute; clip: rect(1px, 1px, 1px, 1px);\" src=\"https:\/\/www.radiopiu.net\/wordpress\/giulio-berlendis-40-anni-alla-guida-non-facile-della-diocesi-di-belluno-di-renato-bona\/embed\/#?secret=1n3HB95ssx\" data-secret=\"1n3HB95ssx\" width=\"600\" height=\"338\" frameborder=\"0\" marginwidth=\"0\" marginheight=\"0\" scrolling=\"no\"><\/iframe><\/p>\n<p>&nbsp;<\/p>\n<hr \/>\n<p>&nbsp;<\/p>\n<h1>IERI ALLA RADIO<\/h1>\n<p><strong><a class=\"dt-pswp-item\" href=\"https:\/\/www.radiopiu.net\/wordpress\/wp-content\/uploads\/2020\/03\/GIULIANO-VANTAGGI.jpg\" data-dt-img-description=\"\" data-large_image_width=\"194\" data-large_image_height=\"259\"><img loading=\"lazy\" decoding=\"async\" class=\" wp-image-126484 alignleft\" src=\"https:\/\/www.radiopiu.net\/wordpress\/wp-content\/uploads\/2020\/03\/GIULIANO-VANTAGGI.jpg\" alt=\"\" width=\"146\" height=\"195\" \/><\/a>GIULIANO VANTAGGI DIRETTORE DMO<\/strong><\/p>\n<p><strong>Di Claudio Fontanive<\/strong><\/p>\n<audio class=\"wp-audio-shortcode\" id=\"audio-126394-4\" preload=\"none\" style=\"width: 100%;\" controls=\"controls\"><source type=\"audio\/mpeg\" src=\"https:\/\/www.radiopiu.net\/wordpress\/wp-content\/uploads\/2020\/03\/giuliano-vantaggi-30-marzo.mp3?_=4\" \/><a href=\"https:\/\/www.radiopiu.net\/wordpress\/wp-content\/uploads\/2020\/03\/giuliano-vantaggi-30-marzo.mp3\">https:\/\/www.radiopiu.net\/wordpress\/wp-content\/uploads\/2020\/03\/giuliano-vantaggi-30-marzo.mp3<\/a><\/audio>\n<div style=\"width: 640px;\" class=\"wp-video\"><video class=\"wp-video-shortcode\" id=\"video-126394-1\" width=\"640\" height=\"352\" preload=\"metadata\" controls=\"controls\"><source type=\"video\/mp4\" src=\"https:\/\/www.radiopiu.net\/wordpress\/wp-content\/uploads\/2020\/03\/WhatsApp-Video-2020-03-31-at-13.45.29.mp4?_=1\" \/><a href=\"https:\/\/www.radiopiu.net\/wordpress\/wp-content\/uploads\/2020\/03\/WhatsApp-Video-2020-03-31-at-13.45.29.mp4\">https:\/\/www.radiopiu.net\/wordpress\/wp-content\/uploads\/2020\/03\/WhatsApp-Video-2020-03-31-at-13.45.29.mp4<\/a><\/video><\/div>\n<p>&nbsp;<\/p>\n<p>&nbsp;<\/p>\n<blockquote class=\"wp-embedded-content\" data-secret=\"lasCmOVcAi\"><p><a href=\"https:\/\/www.radiopiu.net\/wordpress\/burattini-il-grande-agordino-che-opero-in-egitto-e-in-polonia-di-renato-bona\/\">BURATTINI: IL GRANDE AGORDINO CHE OPERO\u2019 IN EGITTO E IN POLONIA  di RENATO BONA\u00a0<\/a><\/p><\/blockquote>\n<p><iframe loading=\"lazy\" title=\"&#8220;BURATTINI: IL GRANDE AGORDINO CHE OPERO\u2019 IN EGITTO E IN POLONIA  di RENATO BONA\u00a0&#8221; &#8212; Radio Pi\u00f9\" class=\"wp-embedded-content\" sandbox=\"allow-scripts\" security=\"restricted\" style=\"position: absolute; clip: rect(1px, 1px, 1px, 1px);\" src=\"https:\/\/www.radiopiu.net\/wordpress\/burattini-il-grande-agordino-che-opero-in-egitto-e-in-polonia-di-renato-bona\/embed\/#?secret=lasCmOVcAi\" data-secret=\"lasCmOVcAi\" width=\"600\" height=\"338\" frameborder=\"0\" marginwidth=\"0\" marginheight=\"0\" scrolling=\"no\"><\/iframe><\/p>\n<p>&nbsp;<\/p>\n<hr \/>\n<p>&nbsp;<\/p>\n<p>&nbsp;<\/p>\n<p><a class=\"dt-pswp-item\" href=\"https:\/\/www.radiopiu.net\/wordpress\/wp-content\/uploads\/2020\/03\/AGNELLO.jpg\" data-dt-img-description=\"\" data-large_image_width=\"1920\" data-large_image_height=\"1280\"><img loading=\"lazy\" decoding=\"async\" class=\"size-medium wp-image-126509 alignleft\" src=\"https:\/\/www.radiopiu.net\/wordpress\/wp-content\/uploads\/2020\/03\/AGNELLO-300x200.jpg\" alt=\"\" width=\"300\" height=\"200\" srcset=\"https:\/\/www.radiopiu.net\/wordpress\/wp-content\/uploads\/2020\/03\/AGNELLO-300x200.jpg 300w, https:\/\/www.radiopiu.net\/wordpress\/wp-content\/uploads\/2020\/03\/AGNELLO-1024x683.jpg 1024w, https:\/\/www.radiopiu.net\/wordpress\/wp-content\/uploads\/2020\/03\/AGNELLO-768x512.jpg 768w, https:\/\/www.radiopiu.net\/wordpress\/wp-content\/uploads\/2020\/03\/AGNELLO-1536x1024.jpg 1536w, https:\/\/www.radiopiu.net\/wordpress\/wp-content\/uploads\/2020\/03\/AGNELLO.jpg 1920w\" sizes=\"auto, (max-width: 300px) 100vw, 300px\" \/><\/a><strong>L&#8217;ALLEVATORE DI PECORE DALL&#8217;ALPAGO ALESSANDRO FULLIN<\/strong><\/p>\n<p>Dall&#8217;Alpago l&#8217;allevatore Alessandro Fullin alle prese con il lupo e i problemi economici causati dal coronavirus<\/p>\n<p>di Claudio Fontanive<\/p>\n<audio class=\"wp-audio-shortcode\" id=\"audio-126394-5\" preload=\"none\" style=\"width: 100%;\" controls=\"controls\"><source type=\"audio\/mpeg\" src=\"https:\/\/www.radiopiu.net\/wordpress\/wp-content\/uploads\/2020\/03\/alessandro-fullin.mp3?_=5\" \/><a href=\"https:\/\/www.radiopiu.net\/wordpress\/wp-content\/uploads\/2020\/03\/alessandro-fullin.mp3\">https:\/\/www.radiopiu.net\/wordpress\/wp-content\/uploads\/2020\/03\/alessandro-fullin.mp3<\/a><\/audio>\n<p>&nbsp;<\/p>\n<p>&nbsp;<\/p>\n<hr \/>\n<blockquote class=\"wp-embedded-content\" data-secret=\"Y8PiiGDkZr\"><p><a href=\"https:\/\/www.radiopiu.net\/wordpress\/il-pesce-piu\/\">Il pesce Pi\u00f9&#8230;<\/a><\/p><\/blockquote>\n<p><iframe loading=\"lazy\" title=\"&#8220;Il pesce Pi\u00f9&#8230;&#8221; &#8212; Radio Pi\u00f9\" class=\"wp-embedded-content\" sandbox=\"allow-scripts\" security=\"restricted\" style=\"position: absolute; clip: rect(1px, 1px, 1px, 1px);\" src=\"https:\/\/www.radiopiu.net\/wordpress\/il-pesce-piu\/embed\/#?secret=Y8PiiGDkZr\" data-secret=\"Y8PiiGDkZr\" width=\"600\" height=\"338\" frameborder=\"0\" marginwidth=\"0\" marginheight=\"0\" scrolling=\"no\"><\/iframe><\/p>\n<hr \/>\n<p>&nbsp;<\/p>\n<p>&nbsp;<\/p>\n<h3><span style=\"color: #ff00ff;\">IN VIVO VERSO<\/span><\/h3>\n<blockquote class=\"wp-embedded-content\" data-secret=\"9zofamq2uo\"><p><a href=\"https:\/\/www.radiopiu.net\/wordpress\/a-volte-di-deborah-zerovnik\/\">A VOLTE di DEBORAH ZEROVNIK<\/a><\/p><\/blockquote>\n<p><iframe loading=\"lazy\" title=\"&#8220;A VOLTE di DEBORAH ZEROVNIK&#8221; &#8212; Radio Pi\u00f9\" class=\"wp-embedded-content\" sandbox=\"allow-scripts\" security=\"restricted\" style=\"position: absolute; clip: rect(1px, 1px, 1px, 1px);\" src=\"https:\/\/www.radiopiu.net\/wordpress\/a-volte-di-deborah-zerovnik\/embed\/#?secret=9zofamq2uo\" data-secret=\"9zofamq2uo\" width=\"600\" height=\"338\" frameborder=\"0\" marginwidth=\"0\" marginheight=\"0\" scrolling=\"no\"><\/iframe><\/p>\n<p>COLLEZIONE COMPLETA<\/p>\n<blockquote class=\"wp-embedded-content\" data-secret=\"NaF4sdAhPS\"><p><a href=\"https:\/\/www.radiopiu.net\/wordpress\/in-vivo-verso\/\">In Vivo Verso<\/a><\/p><\/blockquote>\n<p><iframe loading=\"lazy\" title=\"&#8220;In Vivo Verso&#8221; &#8212; Radio Pi\u00f9\" class=\"wp-embedded-content\" sandbox=\"allow-scripts\" security=\"restricted\" style=\"position: absolute; clip: rect(1px, 1px, 1px, 1px);\" src=\"https:\/\/www.radiopiu.net\/wordpress\/in-vivo-verso\/embed\/#?secret=NaF4sdAhPS\" data-secret=\"NaF4sdAhPS\" width=\"600\" height=\"338\" frameborder=\"0\" marginwidth=\"0\" marginheight=\"0\" scrolling=\"no\"><\/iframe><\/p>\n<h3><span style=\"color: #3366ff;\">DUE MINUTI UN LIBRO<\/span><\/h3>\n<blockquote class=\"wp-embedded-content\" data-secret=\"XQHukubDZN\"><p><a href=\"https:\/\/www.radiopiu.net\/wordpress\/possiamo-salvare-il-mondo-prima-di-cena\/\">POSSIAMO SALVARE IL MONDO, PRIMA DI CENA<\/a><\/p><\/blockquote>\n<p><iframe loading=\"lazy\" title=\"&#8220;POSSIAMO SALVARE IL MONDO, PRIMA DI CENA&#8221; &#8212; Radio Pi\u00f9\" class=\"wp-embedded-content\" sandbox=\"allow-scripts\" security=\"restricted\" style=\"position: absolute; clip: rect(1px, 1px, 1px, 1px);\" src=\"https:\/\/www.radiopiu.net\/wordpress\/possiamo-salvare-il-mondo-prima-di-cena\/embed\/#?secret=XQHukubDZN\" data-secret=\"XQHukubDZN\" width=\"600\" height=\"338\" frameborder=\"0\" marginwidth=\"0\" marginheight=\"0\" scrolling=\"no\"><\/iframe><\/p>\n<p>LE ALTRE PUNTATE<\/p>\n<blockquote class=\"wp-embedded-content\" data-secret=\"HZQp6sP6GS\"><p><a href=\"https:\/\/www.radiopiu.net\/wordpress\/due-minuti-un-libro\/\">Due minuti un libro<\/a><\/p><\/blockquote>\n<p><iframe loading=\"lazy\" title=\"&#8220;Due minuti un libro&#8221; &#8212; Radio Pi\u00f9\" class=\"wp-embedded-content\" sandbox=\"allow-scripts\" security=\"restricted\" style=\"position: absolute; clip: rect(1px, 1px, 1px, 1px);\" src=\"https:\/\/www.radiopiu.net\/wordpress\/due-minuti-un-libro\/embed\/#?secret=HZQp6sP6GS\" data-secret=\"HZQp6sP6GS\" width=\"600\" height=\"338\" frameborder=\"0\" marginwidth=\"0\" marginheight=\"0\" scrolling=\"no\"><\/iframe><\/p>\n<p><span style=\"color: #99cc00;\"><strong>LEGGERMENTE BELLUNESI<\/strong><\/span><\/p>\n<blockquote class=\"wp-embedded-content\" data-secret=\"WGaBFLeq81\"><p><a href=\"https:\/\/www.radiopiu.net\/wordpress\/leggermente-20\/\">LEGGERmente&#8230;Bellunesi<\/a><\/p><\/blockquote>\n<p><iframe loading=\"lazy\" title=\"&#8220;LEGGERmente&#8230;Bellunesi&#8221; &#8212; Radio Pi\u00f9\" class=\"wp-embedded-content\" sandbox=\"allow-scripts\" security=\"restricted\" style=\"position: absolute; clip: rect(1px, 1px, 1px, 1px);\" src=\"https:\/\/www.radiopiu.net\/wordpress\/leggermente-20\/embed\/#?secret=WGaBFLeq81\" data-secret=\"WGaBFLeq81\" width=\"600\" height=\"338\" frameborder=\"0\" marginwidth=\"0\" marginheight=\"0\" scrolling=\"no\"><\/iframe><\/p>\n<p>&nbsp;<\/p>\n<h3><span style=\"color: #339966;\">AGORDINOMERON<\/span><\/h3>\n<blockquote class=\"wp-embedded-content\" data-secret=\"Kqe1jxAXy5\"><p><a href=\"https:\/\/www.radiopiu.net\/wordpress\/agordinomeron-il-territorio-si-racconta-in-onda\/\">Agordinomeron, il territorio si racconta in onda<\/a><\/p><\/blockquote>\n<p><iframe loading=\"lazy\" title=\"&#8220;Agordinomeron, il territorio si racconta in onda&#8221; &#8212; Radio Pi\u00f9\" class=\"wp-embedded-content\" sandbox=\"allow-scripts\" security=\"restricted\" style=\"position: absolute; clip: rect(1px, 1px, 1px, 1px);\" src=\"https:\/\/www.radiopiu.net\/wordpress\/agordinomeron-il-territorio-si-racconta-in-onda\/embed\/#?secret=Kqe1jxAXy5\" data-secret=\"Kqe1jxAXy5\" width=\"600\" height=\"338\" frameborder=\"0\" marginwidth=\"0\" marginheight=\"0\" scrolling=\"no\"><\/iframe><\/p>\n<p><span style=\"color: #808080;\"><strong>IL MESSAGGIO DEI SACERDOTI SU RADIO PIU&#8217;<\/strong><\/span><\/p>\n<blockquote class=\"wp-embedded-content\" data-secret=\"GCz27lyCw3\"><p><a href=\"https:\/\/www.radiopiu.net\/wordpress\/il-messaggio-dai-sacerdoti-della-conca-su-radio-piu-alle-7-30-e-19-30\/\">IL MESSAGGIO DAI SACERDOTI SU RADIO PIU&#8217; ALLE 7.30 E 19.30<\/a><\/p><\/blockquote>\n<p><iframe loading=\"lazy\" title=\"&#8220;IL MESSAGGIO DAI SACERDOTI SU RADIO PIU&#8217; ALLE 7.30 E 19.30&#8221; &#8212; Radio Pi\u00f9\" class=\"wp-embedded-content\" sandbox=\"allow-scripts\" security=\"restricted\" style=\"position: absolute; clip: rect(1px, 1px, 1px, 1px);\" src=\"https:\/\/www.radiopiu.net\/wordpress\/il-messaggio-dai-sacerdoti-della-conca-su-radio-piu-alle-7-30-e-19-30\/embed\/#?secret=GCz27lyCw3\" data-secret=\"GCz27lyCw3\" width=\"600\" height=\"338\" frameborder=\"0\" marginwidth=\"0\" marginheight=\"0\" scrolling=\"no\"><\/iframe><\/p>\n<p>&nbsp;<\/p>\n<hr \/>\n<p>&nbsp;<\/p>\n<p>&nbsp;<\/p>\n<p>STAI A CASA, A TAIBON E\u2019 LA FARMACIA CHE VIENE DA TE! AIUTACI AD AIUTARCI\u00a0 La distribuzione dei farmaci a domicilio, per gli abitanti di Taibon<\/p>\n<p>0437 640307 LA FRUTTA DIRETTAMENTE A CASA TUA CON MIRKO E L\u2019ORTOFRUTTA MARTINI DI AGORDO<\/p>\n<p>340 2986275 LA PIZZA DIRETTAMENTE A CASA TUA CON SILVIA E BOCCON DIVINO DI TAIBON<\/p>\n<p>DA SAPPADE DI FALCADE PICCOLA BAITA PORTA SULLE VOSTRE TAVOLE I SAPORI DEL TERRITORIO WWW.PICCOLABAITA.NET PER LE ORDINAZIONI ON LINE. 0437 590491<\/p>\n<p>L\u2019AZIENDA AGRICOLA MILCHHOF AGOSTINI DI SELVA DI CADORE. INFORMA CHE E\u2019 A DISPOSIZONE PER CONSEGNE GRATUITE A DOMICILIO IN TUTTA LA PROVICIA DI FORMAGGI, YOGURT, RICOTTE, MOZZARELLE DI PROPRIA PRODUZIONE, POTETE CONTATTARCI VIA TELEFONICA AL 380 39,57,409. PRENOTAZIONI ANCHE VIA WHATS UP ALLO STESSO NUMERO. \u00a0LA CONSEGNA AVVERRA\u2019 IN UNO O AL MASSIMO DUE GIORNI. AZIENDA AGRICLA MILCHOFF AGOSTINI. SELVA DI CADORE. 380 3957409<\/p>\n<p>Restiamo a casa, ma rafforziamoci per rimanere in salute!\u00a0Segui online le sessioni di allenamento della Palestra All Fit di Trichiana: ogni settimana avrai 2 sessioni di allenamento gratuite!\u00a0In pi\u00f9 ogni gioved\u00ec alle 18.30 ti aspetta la diretta Facebook durante la quale farai esercizio insieme allo staff All Fit e a centinaia di altre persone connesse anche loro da casa.\u00a0Per accedere al servizio gratuito, contatta All Fit tramite messaggio sulla pagina Facebook.\u00a0Non aspettare, prepariamoci per ripartire in salute pi\u00f9 forti di prima!<\/p>\n<p>DEVI SPOSTARTI? NON SAI COME FARE IN QUESTO DIFFICILE PERIODO?\u00a0 SENTI DOLOMITI VIAGGI DI FALCADE,\u00a0 COME UN TAXI:\u00a0 AUTOVETTURE E PULMINO NOLEGGIO CON CONDUCENTE. CHIAMA IL NUMERO 329 35,26,156.\u00a0 SAPRA\u2019 CONSIGLIARTI PER UN TRASPORTO IN SICUREZZA NEL RISPETTO DELLE MISURE ATTUALI DI CONTENIMENTO DEL CONTAGIO.<\/p>\n<p>Taxi thomas disponibile x vari spostamenti servizio farmacie servizio spesa aereoporto \u00e8 molto altro con macchina sanificata e rispettando le nuove normative noi taxi &#x1f695; non ci fermiamo x info 342\/0311829<\/p>\n<p>E SEMPRE AD ALLEGHE TAXI ALLEGHE DI GIANLUCA GAIARDI garantisce il servizio senza limitazioni. Le VOSTRE ESIGENZE DI MOBILIT\u00c0 DOVRANNO ESSERE OVVIAMENTE INDEROGABILI E DIMOSTRABILI a richiesta delle Forze di Polizia . TELEFONO 340 679 6016<\/p>\n<p>ZUMBRILLENBER AGORDO CONSEGNA A DOMICILIO. PIATTI DI CARNE, PESCE, E PIZZE. A DOMICILIO, NEL RAGGIO DI 15 CHILOMETRI DA AGORDO, TUTTI I GIORNI. ANCHE WHATS UP ENTRO LE 20.30. TUTTI I GIORNI, PER PRANZO E CENA. 345 9135042<\/p>\n<p>I SERVIZI A DOMICILIO PER LE PERSONE ANZIANE DEL COMUNE DI ROCCA PIETORE. FARMACI: Farmacia dr. Fassa Caprile 0437 721112. RICETTE: Dott. Allegro 338 3312357, Dott. Mascanzoni 347 7145560. SPESA ALIMENTARE: Coop Rocca Pietore 0437 721304, Coop Alleghe 0437 523640, Coop Caprile 0437 721123, Alimentari Sottoguda 0437 722120, Alimentari Digonera 0437 529070, Macelleria Da Pian Caprile 0437 721151, Macelleria Ongaro Alleghe 0437 523317<\/p>\n<p>Cooperativa di Alleghe, Caprile, Livinallongo, Rocca Pietore. Gi\u00e0 messi a dura prova nei giorni di vaia sono al lavoro dall\u2019inizio dell\u2019emergenza Covid_19 con l\u2019apertura dei locali tutti i giorni (escluso il mercoledi pomeriggio) dalle 8 alle 12.30 e dalle 15.30 alle 19. Ottima L\u2019organizzazione per i servizio a domicilio previa telefonata allo 0437 523640<\/p>\n<p>LA PASTICCERIA LES BON BON DI AGORDO TI INFORMA CHE E&#8217; ATTIVO IL SERVIZIO DI CONSEGNA A DOMICILIO, AD AGORDO E PAESI LIMITROFI. PORTIAMO A CASA TUA LE NOSTRE COLOMBE E I NOSTRI PRODOTTI DI PASTICCERIA, MA ANCHE OVETTI SFUSI LINDT E BARATTI. CONIGLIETTI, PULCINI, PELUCHE. PER INFO E PRENOTAZIONI. TELEFONO O WHATS UP AL 342 59,80,559. RIPETO. CI TROVI ANCHE SU FACEBOOK, INSTAGRAM, O EMAIL ALL&#8217;INDIRIZZO LESBONBONSAGORDO@GMAIL.COM.\u00a0NELLA SETTIMANA DI PASQUA, CONSEGNE ANCHE IN ALTRI PAESI DELL&#8217;AGORDINO.<\/p>\n<p>&nbsp;<\/p>\n<p>&nbsp;<\/p>\n<hr \/>\n<p>&nbsp;<\/p>\n<blockquote class=\"wp-embedded-content\" data-secret=\"6FwsZk1tY1\"><p><a href=\"https:\/\/www.radiopiu.net\/wordpress\/neve-a-primavera-aggiornamento-31-marzo-del-manto-bianco-al-suolo\/\">NEVE A PRIMAVERA, AGGIORNAMENTO 31 MARZO DEL MANTO BIANCO AL SUOLO<\/a><\/p><\/blockquote>\n<p><iframe loading=\"lazy\" title=\"&#8220;NEVE A PRIMAVERA, AGGIORNAMENTO 31 MARZO DEL MANTO BIANCO AL SUOLO&#8221; &#8212; Radio Pi\u00f9\" class=\"wp-embedded-content\" sandbox=\"allow-scripts\" security=\"restricted\" style=\"position: absolute; clip: rect(1px, 1px, 1px, 1px);\" src=\"https:\/\/www.radiopiu.net\/wordpress\/neve-a-primavera-aggiornamento-31-marzo-del-manto-bianco-al-suolo\/embed\/#?secret=6FwsZk1tY1\" data-secret=\"6FwsZk1tY1\" width=\"600\" height=\"338\" frameborder=\"0\" marginwidth=\"0\" marginheight=\"0\" scrolling=\"no\"><\/iframe><\/p>\n<p>&nbsp;<\/p>\n<hr \/>\n<p>&nbsp;<\/p>\n<p><a class=\"dt-pswp-item\" href=\"https:\/\/www.radiopiu.net\/wordpress\/wp-content\/uploads\/2018\/09\/WhatsApp-Image-2018-09-20-at-16.04.06.jpeg\" data-dt-img-description=\"\" data-large_image_width=\"800\" data-large_image_height=\"100\"><img loading=\"lazy\" decoding=\"async\" class=\"size-full wp-image-61378 aligncenter\" src=\"https:\/\/www.radiopiu.net\/wordpress\/wp-content\/uploads\/2018\/09\/WhatsApp-Image-2018-09-20-at-16.04.06.jpeg\" alt=\"\" width=\"800\" height=\"100\" srcset=\"https:\/\/www.radiopiu.net\/wordpress\/wp-content\/uploads\/2018\/09\/WhatsApp-Image-2018-09-20-at-16.04.06.jpeg 800w, https:\/\/www.radiopiu.net\/wordpress\/wp-content\/uploads\/2018\/09\/WhatsApp-Image-2018-09-20-at-16.04.06-300x38.jpeg 300w, https:\/\/www.radiopiu.net\/wordpress\/wp-content\/uploads\/2018\/09\/WhatsApp-Image-2018-09-20-at-16.04.06-768x96.jpeg 768w\" sizes=\"auto, (max-width: 800px) 100vw, 800px\" \/><\/a><\/p>\n<p>&nbsp;<\/p>\n<p><center><b>Mercoledi 1<\/b><\/center><b>Tempo atteso:\u00a0<\/b>Tempo ben soleggiato con cielo sereno, aria tersa ed ottima visibilit\u00e0 ovunque. Nelle ore pi\u00f9 calde qualche modesto cumulo si former\u00e0 a ridosso delle vette prealpine, specie sopra la pedemontana. Clima notturno freddo con diffuse gelate, anche intense nei settori ancora innevati. In giornata minore freddo in quota e ancora fresco nelle valli, dove ci sar\u00e0 una forte escursione termica giornaliera.<br \/>\n<b>Precipitazioni:\u00a0<\/b>Assenti (0%).<br \/>\n<b>Temperature:\u00a0<\/b>Minime, ad eccezione di un leggero aumento sulle vette dolomitiche pi\u00f9 alte, saranno in lieve calo con gelo notturno generalizzato (-2\/-4\u00b0C nei fondovalle prealpini, -6\/-10\u00b0C tra valli dolomitiche e altopiani prealpini); massime pressoch\u00e9 stazionarie nelle valli e in contenuta ripresa in alta quota. Su Prealpi a 1500 m min -7\u00b0C max -1\u00b0C, a 2000 m min -10\u00b0C max -4\u00b0C. Su Dolomiti a 2000 m min -11\u00b0C max -4\u00b0C, a 3000 m min -16\u00b0C max -8\u00b0C.<br \/>\n<b>Venti:\u00a0<\/b>Deboli di direzione variabile per brezze nelle valli, non escluso i consueti rinforzi notturni su alcuni settori prealpini; in quota deboli da nord-est, a 5-10 km\/h sia a 2000 m che a 3000 m.<\/p>\n<hr \/>\n<p><center><b>Giovedi 2<\/b><\/center><b>Tempo atteso:\u00a0<\/b>Tempo ben soleggiato con cielo sereno, aria tersa e ottima visibilit\u00e0. Clima notturno sempre un po&#8217; freddo, specie nelle valli, con diffuse gelate al primo mattino. In giornata clima pi\u00f9 mite a tutte le quote, con forte escursione termica giornaliera nelle valli.<br \/>\n<b>Precipitazioni:\u00a0<\/b>Assenti (0%)<br \/>\n<b>Temperature:\u00a0<\/b>Minime stazionarie nei fondovalle prealpini e in aumento nelle valli dolomitiche e in quote; massime in generale rialzo a tutte le quote. Saranno raggiunte punte di 12\/13\u00b0C nelle conche prealpine e gli 8\/10\u00b0C a 1000\/1200 m grazie al buon soleggiamento. Su Prealpi a 1500 m min -3\u00b0C max 3\u00b0C, a 2000 m min -4\u00b0C max -1\u00b0C. Su Dolomiti a 2000 m min -4\u00b0C max 0\u00b0C, a 3000 m min -8\u00b0C max -7\u00b0C.<br \/>\n<b>Venti:\u00a0<\/b>Deboli di direzione variabile per brezze nelle valli, salvo consueti rinforzi notturni su alcuni settori prealpini; in quota deboli da nord-ovest, a 5-10 km\/h a 2000 m e 10-15 km\/h a 3000 m.<\/p>\n<hr \/>\n<p><center><b>Venerdi 3<\/b><\/center>Tempo stabile e ben soleggiato con cielo generalmente sereno, eccetto presenza di nubi medie stratiformi (lee clouds) provenienti da nord al pomeriggio, specie sulle Dolomiti. Clima decisamente pi\u00f9 mite a tutte le quote per avvezione d&#8217;aria assai meno fredda, probabile lieve inversione termica notturna nelle valli. Venti deboli da nord nord-ovest in quota, brezze nelle valli.<\/p>\n<hr \/>\n<p><center><b>Sabato 4<\/b><\/center>Qualche annuvolamento medio-basso durante la notte, in diradamento dopo il sorgere del sole, lasciando spazio a una splendida giornata con sole e cielo perlopi\u00f9 sereno. Temperature minime in lieve aumento e massime senza notevoli variazioni rispetto a venerd\u00ec. Venti deboli da nord nord-est in quota, deboli\/moderati a regime di brezza nelle valli. Previsore: R.L.Th<\/p>\n","protected":false},"excerpt":{"rendered":"<p>PER RICEVERE QUESTO NOTIZIARIO DIRETTAMENTE SUL TUO CELLULARE ISCRIVITI AL CANALE\u00a0TELEGRAM\u00a0\u201cRADIO PIU\u00a0 INFORMAZIONE\u201d ULTIM&#8217;ORA 9.15 BUONE NOTIZIE, MENO RICOVERI E MENO DECESSI NELLA NOTTE ULTIM&#8217;ORA 9.30\u00a0 ULTIMA CIRCOLARE MINISTERIALE, PRECISAZIONI SUGLI SPOSTAMENTI &nbsp; MESSAGGIO DALLE ASSOCIAZIONI DI TAIBON: \u00a0si avvisano i nostri gentili sostenitori e tutti coloro che hanno gi\u00e0 acquistato biglietti, che la LOTTERIA&hellip;<\/p>\n","protected":false},"author":4,"featured_media":126609,"comment_status":"closed","ping_status":"closed","sticky":false,"template":"","format":"standard","meta":{"_monsterinsights_skip_tracking":false,"_monsterinsights_sitenote_active":false,"_monsterinsights_sitenote_note":"","_monsterinsights_sitenote_category":0,"footnotes":""},"categories":[1,51,86,49],"tags":[],"class_list":["post-126394","post","type-post","status-publish","format-standard","has-post-thumbnail","hentry","category-senza-categoria","category-evidenza-top","category-gr","category-news-18","category-1","category-51","category-86","category-49","description-off"],"img_url":"https:\/\/www.radiopiu.net\/wordpress\/wp-content\/uploads\/2020\/03\/sindaci.jpg","_links":{"self":[{"href":"https:\/\/www.radiopiu.net\/wordpress\/wp-json\/wp\/v2\/posts\/126394","targetHints":{"allow":["GET"]}}],"collection":[{"href":"https:\/\/www.radiopiu.net\/wordpress\/wp-json\/wp\/v2\/posts"}],"about":[{"href":"https:\/\/www.radiopiu.net\/wordpress\/wp-json\/wp\/v2\/types\/post"}],"author":[{"embeddable":true,"href":"https:\/\/www.radiopiu.net\/wordpress\/wp-json\/wp\/v2\/users\/4"}],"replies":[{"embeddable":true,"href":"https:\/\/www.radiopiu.net\/wordpress\/wp-json\/wp\/v2\/comments?post=126394"}],"version-history":[{"count":0,"href":"https:\/\/www.radiopiu.net\/wordpress\/wp-json\/wp\/v2\/posts\/126394\/revisions"}],"wp:featuredmedia":[{"embeddable":true,"href":"https:\/\/www.radiopiu.net\/wordpress\/wp-json\/wp\/v2\/media\/126609"}],"wp:attachment":[{"href":"https:\/\/www.radiopiu.net\/wordpress\/wp-json\/wp\/v2\/media?parent=126394"}],"wp:term":[{"taxonomy":"category","embeddable":true,"href":"https:\/\/www.radiopiu.net\/wordpress\/wp-json\/wp\/v2\/categories?post=126394"},{"taxonomy":"post_tag","embeddable":true,"href":"https:\/\/www.radiopiu.net\/wordpress\/wp-json\/wp\/v2\/tags?post=126394"}],"curies":[{"name":"wp","href":"https:\/\/api.w.org\/{rel}","templated":true}]}}