{"id":126404,"date":"2020-03-31T12:35:33","date_gmt":"2020-03-31T10:35:33","guid":{"rendered":"https:\/\/www.radiopiu.net\/wordpress\/?p=126404"},"modified":"2020-03-31T14:32:05","modified_gmt":"2020-03-31T12:32:05","slug":"la-conferenza-stampa-del-presidente-del-veneto-luca-zaia-31-marzo-2020","status":"publish","type":"post","link":"https:\/\/www.radiopiu.net\/wordpress\/la-conferenza-stampa-del-presidente-del-veneto-luca-zaia-31-marzo-2020\/","title":{"rendered":"LA CONFERENZA STAMPA DEL PRESIDENTE DEL VENETO LUCA ZAIA 31 MARZO 2020"},"content":{"rendered":"<p><strong>VENEZIA<\/strong> Dalla sede centrale della Protezione Civile a Marghera, il Presidente del Veneto Luca Zaia fa il punto sull&#8217;emergenza Coronavirus<\/p>\n<h2>LEGGI LA CONFERENZA STAMPA DI LUCA ZAIA LA PROSSIMA SETTIMANA O SARA&#8217; LA SVOLTA O LO SCHIANTO SUL MURO, VIA AI TEST SIEROLOGICI. Bollo auto slitta il pagamento a giugno. Sono arrivati i primi 10 mila test rapidi<\/h2>\n<p><strong>DATI<\/strong>\u00a0 105.785 tamponi 19 445 persone\u00a0 in isolamento abbiamo puntato molto sui tamponi 9155 positivi una crescita da valutare non come dato di trend ma perch\u00e9 abbiamo 6-7 mila tamponi fermi quindi c&#8217;\u00e8 stata una frenata in laboratorio. Sono 2036 i ricoverati, 356 in terapia intensiva, 828 i dimessi, 448 deceduti, 85 i bambini nati<\/p>\n<p><strong>Grazie veneti<\/strong> ci state dando una grande mano, con le misure restrittive in maniera seria, 55 per cento di transiti in meno interregionali. Questo ha significato 5 giorni di ritardo sulla tabella di marcia, incremento di ricoverati meno di 10 giorni fa e alcune persone in pi\u00f9 in terapia intensiva. Questa settimana e la prossima ci giochiamo il futuro di questa comunit\u00e0 tutto dipende da noi la prossima settimana o si esce o ci si schianta contro il muro. Mi scrivono in tani, so che \u00e8 un sacrificio per la ragazza che non vede il suo cavallo a chi non vede pi\u00f9 i fidanzatini fino agli sportivi. Ringrazio tutti i giovani che stanno subendo la situazione. C&#8217;\u00e8 gente che si sacrifica per loro, per i loro nonni, per la comunit\u00e0. Per i giovani non \u00e8 facile avere una vita regimentata che fino a 2 mesi fa avevano libert\u00e0, porte aperte, spritz in piazza e noi vogliamo tornare a quello. Ci arriveremo graduatamente anche se in un mondo diverso da prima. Ragazzi stringiamo i denti siete il motore di questa partita, scriveremo <span style=\"color: #ff0000;\">I NIPOTI HANNO SALVATO I NONNI<\/span> grazie di cuore a tutti i ragazzi. Rinnovero&#8217; alcuni provvedimenti, ho scritto ai Prefetti perch\u00e9 chi \u00e8 fuori di casa a prendere una boccata d&#8217;aria non deve\u00a0 essere multato. Sar\u00e0 un futile motivo respirare l&#8217;aria fuori ma ci vuole un po&#8217; di elasticit\u00e0. Oltre i 200 metri se ci sono assembramenti si va gi\u00f9 pesante ma non fuori dalla porta di casa. E&#8217; la settimana cruciale. Stiamo facendo un buon lavoro, abbiamo affrontato questa partita con seriet\u00e0, il virus \u00e8 terribile non bisogna cantar vittoria a abbassare la guardia e usate la mascherina, copritevi bocca e naso il virus viene portato dall&#8217;aria \u00e8 stato dimostrato dai giapponese che con una telecamera a infrarossi hanno filmato il virus che fluttua nell&#8217;aria. Anche questa mattina ho chiesto che si liberalizzi l&#8217;importazione di mascherine. Le chirurgiche si trovano \u00e8 giusto che i nostri operatori\u00a0 in supermercato e farmacia possano venderle. Spero che il Governo dia il via libera che le mascherine chirurgiche possano essere acquistare nei supermercati.<\/p>\n<p><strong>TEST SIEROLOGICI<\/strong> Abbiamo approvato in unit\u00e0 di crisi una relazione professor Lippi e Plebani dell&#8217;Universit\u00e0 di Verona e Padova per partire con i test sierologici, facciamo i preliEvi e analizziamo Egm ed Egg ( le immunoglobuline)\u00a0 le quali ci dicono per ogni individuo se ha anticorpi e immunizzazione. Nei promessi sposi c&#8217;era chi portava gli appestati nei lazzaretti ed erano gli unici che non si ammalavano. Negli ospedali andiamo avanti con test rapidi e tamponi. Con i dipendenti della sanit\u00e0 subito la sperimentazione cos\u00ec in casa di riposo, validata l&#8217;operazione la mettiamo a disposizione per tutti e chi avr la certificazione potr\u00e0 andare via con tranquillit\u00e0. Abbiamo approvato il progetto scientifico ed \u00e8 un passo in avanti. La ricerca molecolare con la prova sierologica. Due Univerist\u00e0 si sono messe assieme per farci il piano d&#8217;attacco \u00e8 l&#8217;ennesimo e nuovo fronte.<\/p>\n<p><strong>NOI DOBBIAMO FARE COSI&#8217;&#8230; HA DETTO ZAIA CITANDO ERACLEONTE DA GELA\u00a0<\/strong><\/p>\n<p>E&#8217; iniziata l&#8217;aria tiepida<br \/>\ne dovremo restare nelle case<br \/>\nper le Antesterie<br \/>\nle feste dei fiori<br \/>\nin onore a Dioniso<br \/>\nNon usciremo<br \/>\nnon festeggeremo<br \/>\nbens\u00ec mangeremo e dormiremo<br \/>\ne berremo il dolce vino<br \/>\nperch\u00e8 dobbiamo combattere<br \/>\nLe nostre citt\u00e0 lontane<br \/>\nornamento della terra asiatica<br \/>\nhanno portato qui a Gela<br \/>\ngente del nostro popolo<br \/>\nun tempo orgoglioso<br \/>\nQueste genti ci hanno donato<br \/>\nun male nell&#8217;aria<br \/>\nche respiriamo se siamo loro vicini<br \/>\nil male ci tocca e resta con noi<br \/>\ne da noi passa ai nostri parenti<br \/>\nIl tempo trascorrer\u00e0<br \/>\ne sar\u00e0 il nostro alleato<br \/>\nil tempo ci aiuter\u00e0<br \/>\na guardare senza velocit\u00e0<br \/>\nil quotidiano trascorrere del giorno<br \/>\nSiamo forti e abbiamo sconfitto molti popoli<br \/>\ne costruito grandi citt\u00e0<br \/>\naspettiamo che questo male muoia<br \/>\nrestiamo nelle case<br \/>\ne tutti insieme vinciamo<br \/>\nEracleonte (233 a.c.)<\/p>\n<h2><span style=\"color: #ff0000;\">DOMANDE\u00a0<\/span><\/h2>\n<p><strong>TABELLE Abbiamo notato una diversa impostazione del report sui dati dove si introducono delle voti che non si capiscono, attualmente positivi, deceduti, negativizzati.<\/strong> Cosa vuol dire? Semplicemente mettere in rete extraospedalieri che non sono tutti validati come Covid. Dobbitamo rielaborare i dati che sono sporchi. Non \u00e8 indicazione protezione civile.<\/p>\n<p><strong>LA TELEFONATA DI MATTARELLA<\/strong> Mi ha chiamato il Presidente Sergio Mattarella per sapere come andava \u00e8 sul pezzo. Aveva letto i nostri dati, aveva avuto notizie del Veneto e ha voluto ulteriori informazioni<\/p>\n<p><strong>Segnalazioni di persone soprattutto veneziano e trevigiano<\/strong> che escono Vorr\u00e0 dire che si ammalano. Ho un video che vorrei proiettare un giorno vi faro&#8217; vedere come respira un malato in terapia intensiva di un giovane di 35 anni. Se non si capisce che si deve stare a casa porto il video.<\/p>\n<p><strong>Si sta diffondendo l&#8217;idea che dopo Pasqua di apra<\/strong>. Non mi fa paura la speranza, sono i pessimisti che non fanno fortuna. Sappiamo che ci sar\u00e0 un domani e dopo la pioggia arriver\u00e0 il sereno. Il tempo. Non dobbiamo farci male. Pasqua apre una nuova stagione psicologica ma non vuole dire che finire tutto per ora \u00e8 il limite dell&#8217;ordinanza.<\/p>\n<p><strong>Quando apriranno i blocchi di partenza in Germania<\/strong> non ci saranno le macerie, avr\u00e0 competitivit\u00e0 su tutti gli altri, per questo \u00e8 scandaloso che l&#8217;Europa non intervenga. Il giorno che si ripate le imprese dovranno essere torniche. Per essere come prima ci vorranno i soldi, deve essere chiaro l&#8217;Europa non puo&#8217; accettare che la Germania stanzi 500 miliari e l&#8217;Italia 25 \u00e8 una sperequazione<\/p>\n<p><strong>Quanti soldi dal Governo?<\/strong> 135 respiratori, e noi abbiamo speso 92 milioni di euro. Stiamo riversando tutto sulla sanit\u00e0 900 mila euro all&#8217;anno sono arrivati dai pescatori che hanno rinunciato al contributo annuale, accumuliamo tutto per la sanit\u00e0.<\/p>\n<p><strong>Terapia intensiva<\/strong> ci sono le nuove postazioni ma non ci bastano per mettere in sicurezza i veneti.<\/p>\n<p><strong>Rischi a uscire di casa<\/strong> Abbiamo immagini che vorrei non diffondere, sono immagini dure soprattutto per chi ha perso un familiare.<\/p>\n<p><strong>Contagio di ritorno<\/strong> Mi preoccupa ma i clinici con test sierologico togliamo ogni dubbio<\/p>\n<p><strong>Tra i 6 e gli 11 milioni i contagiati restrizioni fino al vaccino?<\/strong> CI sono notizie incoraggianti sul vaccino, prima facciamo i test sierologici poi parleremo di immunit\u00e0 di gregge.<\/p>\n<p><strong>I nuovi farmaci<\/strong> tipo quello per l&#8217;atrite reumatoide da buoni risultati, nel piano sanitario varato ieri e che presto sar\u00e0 operativo va nelle direzione che vogliamo le risposte dei test in 5 giorni e avviare i servizi a domicilio<\/p>\n<p><strong>porte aperte ai giovani,<\/strong> non chiudiamo le porte a nessun cittadino, ma io dico che anche chi \u00e8 all&#8217;estero pu\u00f2 tornare, parlo dei ragazzi che studiano in altri paesi e casi di questo genere.<\/p>\n<p>&nbsp;<\/p>\n<p>&nbsp;<\/p>\n<p>https:\/\/www.facebook.com\/zaiaufficiale\/videos\/161643831675476<\/p>\n","protected":false},"excerpt":{"rendered":"<p>VENEZIA Dalla sede centrale della Protezione Civile a Marghera, il Presidente del Veneto Luca Zaia fa il punto sull&#8217;emergenza Coronavirus LEGGI LA CONFERENZA STAMPA DI LUCA ZAIA LA PROSSIMA SETTIMANA O SARA&#8217; LA SVOLTA O LO SCHIANTO SUL MURO, VIA AI TEST SIEROLOGICI. Bollo auto slitta il pagamento a giugno. Sono arrivati i primi 10&hellip;<\/p>\n","protected":false},"author":4,"featured_media":121391,"comment_status":"closed","ping_status":"closed","sticky":false,"template":"","format":"standard","meta":{"_monsterinsights_skip_tracking":false,"_monsterinsights_sitenote_active":false,"_monsterinsights_sitenote_note":"","_monsterinsights_sitenote_category":0,"footnotes":""},"categories":[49],"tags":[],"class_list":["post-126404","post","type-post","status-publish","format-standard","has-post-thumbnail","hentry","category-news-18","category-49","description-off"],"img_url":"https:\/\/www.radiopiu.net\/wordpress\/wp-content\/uploads\/2020\/03\/covid-zaia.jpg","_links":{"self":[{"href":"https:\/\/www.radiopiu.net\/wordpress\/wp-json\/wp\/v2\/posts\/126404","targetHints":{"allow":["GET"]}}],"collection":[{"href":"https:\/\/www.radiopiu.net\/wordpress\/wp-json\/wp\/v2\/posts"}],"about":[{"href":"https:\/\/www.radiopiu.net\/wordpress\/wp-json\/wp\/v2\/types\/post"}],"author":[{"embeddable":true,"href":"https:\/\/www.radiopiu.net\/wordpress\/wp-json\/wp\/v2\/users\/4"}],"replies":[{"embeddable":true,"href":"https:\/\/www.radiopiu.net\/wordpress\/wp-json\/wp\/v2\/comments?post=126404"}],"version-history":[{"count":0,"href":"https:\/\/www.radiopiu.net\/wordpress\/wp-json\/wp\/v2\/posts\/126404\/revisions"}],"wp:featuredmedia":[{"embeddable":true,"href":"https:\/\/www.radiopiu.net\/wordpress\/wp-json\/wp\/v2\/media\/121391"}],"wp:attachment":[{"href":"https:\/\/www.radiopiu.net\/wordpress\/wp-json\/wp\/v2\/media?parent=126404"}],"wp:term":[{"taxonomy":"category","embeddable":true,"href":"https:\/\/www.radiopiu.net\/wordpress\/wp-json\/wp\/v2\/categories?post=126404"},{"taxonomy":"post_tag","embeddable":true,"href":"https:\/\/www.radiopiu.net\/wordpress\/wp-json\/wp\/v2\/tags?post=126404"}],"curies":[{"name":"wp","href":"https:\/\/api.w.org\/{rel}","templated":true}]}}