{"id":126426,"date":"2020-03-31T13:40:02","date_gmt":"2020-03-31T11:40:02","guid":{"rendered":"https:\/\/www.radiopiu.net\/wordpress\/?p=126426"},"modified":"2020-03-31T19:53:15","modified_gmt":"2020-03-31T17:53:15","slug":"silup-manca-un-medico-per-la-polizia-di-stato-in-provincia","status":"publish","type":"post","link":"https:\/\/www.radiopiu.net\/wordpress\/silup-manca-un-medico-per-la-polizia-di-stato-in-provincia\/","title":{"rendered":"SIULP: MANCA UN MEDICO PER LA POLIZIA DI STATO IN PROVINCIA"},"content":{"rendered":"<p><strong><a class=\"dt-pswp-item\" href=\"https:\/\/www.radiopiu.net\/wordpress\/wp-content\/uploads\/2018\/07\/stradale.jpg\" data-dt-img-description=\"\" data-large_image_width=\"593\" data-large_image_height=\"443\"><img loading=\"lazy\" decoding=\"async\" class=\"alignleft wp-image-55042 size-medium\" src=\"https:\/\/www.radiopiu.net\/wordpress\/wp-content\/uploads\/2018\/07\/stradale-300x224.jpg\" alt=\"\" width=\"300\" height=\"224\" srcset=\"https:\/\/www.radiopiu.net\/wordpress\/wp-content\/uploads\/2018\/07\/stradale-300x224.jpg 300w, https:\/\/www.radiopiu.net\/wordpress\/wp-content\/uploads\/2018\/07\/stradale.jpg 593w\" sizes=\"auto, (max-width: 300px) 100vw, 300px\" \/><\/a>BELLUNO<\/strong> Il SIULP Bellunese, all\u2019interno dei tavoli di confronto con l\u2019amministrazione e ancora con specifiche note concernenti gli organici, ha invocato l\u2019assegnazione di un medico della Polizia di Stato a questo territorio, da dove manca da diversi anni. Un grido d\u2019allarme ignorato dal dipartimento, impegnato nello specchiarsi della propria elefantiaca burocrazia.<span class=\"Apple-converted-space\">\u00a0 O<\/span>ra la situazione impone determinazioni certe e strutturate. non vogliamo fare inutili allarmismi ma riteniamo che oggi, nella piena crisi pandemica da Covid-19, con un picco che, secondo modelli e algoritmi a disposizione della regione veneto, sar\u00e0 imminente, non si possa pi\u00f9 prescindere dalla presenza del medico del corpo e in tal senso questa segreteria provinciale ieri ha nuovamente scritto al ministero nonch\u00e9 alle autorit\u00e0 provinciali di pubblica sicurezza. Una presenza qualificata che sostenga, monitori e coordini il personale in divisa, asintomatico e non, proprio a fronte delle diverse positivit\u00e0 che hanno interessato non uno, ma diversi poliziotti in servizio in questa provincia. operatori che non si sono risparmiati nel loro silenzioso e quotidiano servizio e che con pari dignit\u00e0 affrontano il decorso sanitario. Le donne e gli uomini in uniforme, cos\u00ec come i medici e i sanitari e quelli del soccorso pubblico, sono impegnati con altissimo senso di responsabilit\u00e0 nella delicatissima missione loro assegnata e che, in questo frangente, risulta oltremodo aggravata dal concreto e attuale rischio di essere esposti al contagio per la carenza dei dispositivi di protezione, il cui approvvigionamento \u00e8 ostaggio di un mercato impazzito con prezzi da sciacallaggio.<span class=\"Apple-converted-space\">\u00a0L<\/span>\u2019auspicio \u00e8 che all\u2019assegnazione invocata si sovrapponga un altro provvedimento chiesto da questa sigla: il monitoraggio di tutto il personale dell\u2019helping profession attraverso i tamponi. Un accertamento sanitario che la regione veneto, con delibera della giunta regionale n. 344 del 17 marzo u.s., ha previsto, ma del quale non si \u00e8 avuto ancora alcun riscontro.<\/p>\n","protected":false},"excerpt":{"rendered":"<p>BELLUNO Il SIULP Bellunese, all\u2019interno dei tavoli di confronto con l\u2019amministrazione e ancora con specifiche note concernenti gli organici, ha invocato l\u2019assegnazione di un medico della Polizia di Stato a questo territorio, da dove manca da diversi anni. Un grido d\u2019allarme ignorato dal dipartimento, impegnato nello specchiarsi della propria elefantiaca burocrazia.\u00a0 Ora la situazione impone&hellip;<\/p>\n","protected":false},"author":4,"featured_media":55042,"comment_status":"closed","ping_status":"closed","sticky":false,"template":"","format":"standard","meta":{"_monsterinsights_skip_tracking":false,"_monsterinsights_sitenote_active":false,"_monsterinsights_sitenote_note":"","_monsterinsights_sitenote_category":0,"footnotes":""},"categories":[49],"tags":[],"class_list":["post-126426","post","type-post","status-publish","format-standard","has-post-thumbnail","hentry","category-news-18","category-49","description-off"],"img_url":"https:\/\/www.radiopiu.net\/wordpress\/wp-content\/uploads\/2018\/07\/stradale.jpg","_links":{"self":[{"href":"https:\/\/www.radiopiu.net\/wordpress\/wp-json\/wp\/v2\/posts\/126426","targetHints":{"allow":["GET"]}}],"collection":[{"href":"https:\/\/www.radiopiu.net\/wordpress\/wp-json\/wp\/v2\/posts"}],"about":[{"href":"https:\/\/www.radiopiu.net\/wordpress\/wp-json\/wp\/v2\/types\/post"}],"author":[{"embeddable":true,"href":"https:\/\/www.radiopiu.net\/wordpress\/wp-json\/wp\/v2\/users\/4"}],"replies":[{"embeddable":true,"href":"https:\/\/www.radiopiu.net\/wordpress\/wp-json\/wp\/v2\/comments?post=126426"}],"version-history":[{"count":0,"href":"https:\/\/www.radiopiu.net\/wordpress\/wp-json\/wp\/v2\/posts\/126426\/revisions"}],"wp:featuredmedia":[{"embeddable":true,"href":"https:\/\/www.radiopiu.net\/wordpress\/wp-json\/wp\/v2\/media\/55042"}],"wp:attachment":[{"href":"https:\/\/www.radiopiu.net\/wordpress\/wp-json\/wp\/v2\/media?parent=126426"}],"wp:term":[{"taxonomy":"category","embeddable":true,"href":"https:\/\/www.radiopiu.net\/wordpress\/wp-json\/wp\/v2\/categories?post=126426"},{"taxonomy":"post_tag","embeddable":true,"href":"https:\/\/www.radiopiu.net\/wordpress\/wp-json\/wp\/v2\/tags?post=126426"}],"curies":[{"name":"wp","href":"https:\/\/api.w.org\/{rel}","templated":true}]}}