{"id":126696,"date":"2020-04-01T12:34:00","date_gmt":"2020-04-01T10:34:00","guid":{"rendered":"https:\/\/www.radiopiu.net\/wordpress\/?p=126696"},"modified":"2020-04-01T13:48:09","modified_gmt":"2020-04-01T11:48:09","slug":"la-conferenza-stampa-del-presidente-del-veneto-luca-zaia-1-aprile-2020","status":"publish","type":"post","link":"https:\/\/www.radiopiu.net\/wordpress\/la-conferenza-stampa-del-presidente-del-veneto-luca-zaia-1-aprile-2020\/","title":{"rendered":"LA CONFERENZA STAMPA DEL PRESIDENTE DEL VENETO LUCA ZAIA 1 APRILE 2020"},"content":{"rendered":"<p><strong>VENEZIA<\/strong> Il punto stampa del Governatore del Veneto Luca Zaia su l&#8217;emergenza COVID-19<\/p>\n<h2>LEGGI LA CONFERENZA DI ZAIA<\/h2>\n<blockquote>\n<h2><span style=\"color: #0000ff;\">dai falsi Modigliani alla fake di Eracleonte&#8230;<\/span><\/h2>\n<\/blockquote>\n<p><strong>112 mila tamponi fatti\u00a0<\/strong> Otto nuove vittime nella notte e 9625 contagiati (+251). Sono \u200b20.275 in isolamento. Rallenta la curva dei decessi (+8), e si attenua la pressione per i ricoveri in area non critica (-14) e nelle rianimazioni (-2). 350 IN TERAPIA INTENSIVA 473 MORTI (499 con quelli delle strutture ex ospedaliere)\u00a0 920 DIMESSI, 20 275 i soggetti in isolamento,\u00a0 95 NUOVI NATI<\/p>\n<blockquote><p><em>&#8220;La situazione \u00e8 complicata, non basta qualche dato positivo,\u00a0 si pensi al caso Hong Kong che fa quarantena seria, libera i cittadini e si ritrova a dover fare retromarcia. Noi non possiamo pensare di ripartire da zero, si quindi alle regole per la ripartenza\u00bb.<\/em><\/p><\/blockquote>\n<p><span style=\"color: #ff0000;\"><strong>EUROPA<\/strong> Se \u00e8 la madre di tutto si \u00e8 dimenticata di qualche suo figlio. Quando si apriranno i mercati l&#8217;Europa deve garantire a tutti le stesse misure. Non possiamo uscire dall&#8217;emergenza sanitaria con le nostre aziende distrutte e quelle tedesche tenute in vita alla grande. Saranno soldi dei tedeschi ma siamo in Europa. Bene i messaggi dei leader europei ma di quelli non ce ne facciamo nulla l&#8217;Europa \u00e8 latitante e leggittima lo strapotere delle Germania. Italia, Spagna e Francia non possono essere abbandonate \u00e8 insostenibile l&#8217;atteggiamento europeo.<\/span><\/p>\n<p>&nbsp;<\/p>\n<p><strong>NON ABBASSARE LA GUARDIA<\/strong> I dati si muovono in maniera giusta ma non abbassiamo la guardia, la situazione \u00e8 sotto controllo pur con focolai evidenti nelle case di riposo, sono arrivati i kit rapidi ovvero i test anticorpali per screenin importanti e per testare eventuali reazioni anticorpali postume. Case di risposo, non siamo pi\u00f9 nella giornate in cui entrano 20 persone alla sera in terapia intensiva. Siamo pronti al peggio abbiamo allestito 825 terapie intensive. Il dato comincia a essere positivo ma un dato da solo non da una tendenza. La prima cura contro il Coronavirus che sono i Veneti funziona. Il Ministro Speranza ha confermato che far\u00e0 il nuovo DPCM che dovrebbe confermare le misure attuali,\u00a0 appena uscir\u00e0 pur con una base giurdica complessa confermeremo le restrizioni in essere. Se riusciamo a tenere e soffrire ancora un attimo.<\/p>\n<p><strong>TAMPONI E TEST<\/strong> capacit\u00e0 di 11 mila tamponi al giorno e puntiamo a 20 mila ma ci frena la mancanza dei reagenti, ma c&#8217;\u00e8 la buona notizia il nostro coordinatore ci ha detto che il reagente &#8220;prende forma&#8221; potremo avere qualche cosa di fatto in casa. Arrivano 700 mila test rapidi per dipendenti e case di riposo principalmente e poi tutti coloro che sono a casa. I test finali, dobbiamo avere 2 tamponi negativi per chiudere la partita con i sintomatici. Siamo pronti con la fase sperimentale con i test sierologici. La situazione in generale \u00e8 complicata ma questa \u00e8 la settimana cruciale che da la direzione.<\/p>\n<p><strong>AVIGAN<\/strong> E&#8217; un prodotto che stiamo per testare, Aifa ha approvato il protocollo di sperementazione e noi siamo stato i promotori.<\/p>\n<p><strong>DONAZIONE<\/strong> Una di grossa in arrivo, abbiamo raccolto 18,5 milioni di euro attraverso l&#8217;Iban bancario. Abbiamo in canna una donazione da 7 milioni e altre da 1 milione. La Regione ad oggi ha speso 92 milioni di euro per dispositivi, test. etc.<\/p>\n<p><strong>ATTENZIONE ALLE TRUFFE\u00a0<\/strong> Su carta intestata pure sbagliata. Nessuno passa per le case a fare tamponi. Non ci risulta che ci siano iniziative porta a porta. Quindi e&#8217; una fake news.<\/p>\n<p><strong>LA POESIA DI ERACLEONTE ERA UN FAKE UN PESCE D&#8217;APRILE<\/strong>\u00a0 Colpa mia, ho controllato superficialmente, ma ammetto che era bellissima, faccio un appello all&#8217;autore che si faccia avanti, merita di essere nominato. L&#8217;essenza di quel brano \u00e8 esattamente quello che dobbiamo fare, il tempo \u00e8 galantuomo su questa partita, nel frattempo noi possiamo velocizzare l&#8217;attesa se rispettiamo le regole.<\/p>\n<p><strong>ORDINANZA SPERANZA<\/strong> Nei 200 metri si puo&#8217; portare a spasso un bimbo e confermo l&#8217;ordinanza, per il resto attendo il provvedimento del Governo che sembra voler confermare le misure ma voglio vedere il provvedimenti, il nostro sar\u00e0 pi\u00f9 restrittivo. In prossimit\u00e0 \u00e8 molto pi\u00f9 restrittivo di 200 metri.<\/p>\n<p><strong>TAMPONI<\/strong> L&#8217;azienda di Padova dichiara capacit\u00e0 di processo pari a 3000 al giorno ne hanno 9000 in frigorifero. I tempi medi superano 6 giorni che generano stati d&#8217;ansia che non sia il caso di calibrare i tamponi per evitare accumuli? Ci sono stati accumuli perch\u00e9 manca il kit non l&#8217;operatore. Molte Ulss hanno triplicato la loro capacit\u00e0 come Verona (1200 al giorno). Abbiamo interessato anche i privati. Treviso e Padova stanno seguendo la produzione di reagenti.<\/p>\n<p><strong>REAGENTI<\/strong> fatti in casa, negli ospedali stanno facendo verifiche per poter a parit\u00e0 di macchinari avere kit di reagenti fatti in casa non avendo forniture. Tamponi, operatori e macchine le abbiamo<\/p>\n<p><strong>ORDINANZE RESTRITTIVE CHE ESCE STASERA<\/strong> sembra che prevede nuove restrizioni fino al 13 aprile, ordinanza regionale ci sono novit\u00e0? Si ci saranno novit\u00e0 che non anticipo fino a dopo l&#8217;uscita del DPCM attendo i presupposti per le nostre ordinanze.<\/p>\n<p><strong>CONFINDUSTRIA SPINGE PER L&#8217;APERTURA DELLE ATTIVITA&#8217; PRODUTTIVE<\/strong> Il Governo dovrebbe prorogare tutto fino al 13 aprile, ad oggi non ci sono le condizioni per riempire strade e fabbriche. ci sono 2000 persone in ospedale e 350 in terapia intensiva. Dobbiamo fare in modo che si cementifichi la diga rispetto al virus per evitare un altro caso Hong Kong. \u00a0Pensiamo al test sierologico quando avr\u00e0 passato la fase sperimentale, affinch\u00e9 si abbia la patente di immune.<\/p>\n<p><span style=\"color: #000000;\"><strong>DAI MODELLI MATEMATICI\u00a0<\/strong> Siamo indietro di 6 giorni ma non vuole dire niente. Non \u00e8 escluso possano scoppiare focolai il virus \u00e8 in agguato.\u00a0<\/span><\/p>\n<p><strong>RIPARTENZA CON QUALI CRITERI<\/strong> Non anticipo nulla non vogliamo mettere troppa carne al fuoco. Sar\u00e0 una ripartenza soft non ci troveremo nel mondo di prima. Ci saranno mascherine, distanze, prove immunitarie<\/p>\n<p><strong>FRA DUE GIORNI DECRETO GOVERNO PER L&#8217;ECONOMIA SUGGERIMENTI?<\/strong> Io sosterrei tutti alla tedesca con 550 miliardi e andiamo alla pari dei tedeschi<\/p>\n<p><strong>NUOVE TERAPIE INTENSIVE<\/strong> SI continua a comperarle ed allestirle e spero che alla fine ci siano letti fatti<\/p>\n<p><strong>DOMANDA CHE TUTTI SI FANNO, CI SONO DUE SCUOLE DI PENSIERO, CHI VORREBBE ALLENTARE LE MISURE RESTRITTIVE ENTRO APRILE E CHI INVECE SUL FRONTE SCIENTIFICO DICE CHE NON CI SONO LE CONDIZIONI.<\/strong>\u00a0 Io penso che i cittadini stanno facendo un gran lavoro rispetando le regole e vivendo da reclusi. A Nessuno piacciono le restrizioni ma temiamo l&#8217;effetto Hong Kong, io immagino che fino a Pasqua non se ne parla. Sarebbe importante pianificare qualche cosa dopo Pasqua, ma tutto dipende dai dati. Bisogno ripartire certo su questo non si discute e sono il primo a dirlo. All&#8217;inizio di parlava di una settimana anche gli imprenditori dicevano che stavano sbagliando, quando si sono visti i morti le cose sono cambiate. Se tenevamo aperte le imprese oggi avremo un contagio collettivo\u00a0 con tanti morti e le imprese avrebbero comunque chiuso.<\/p>\n<p><strong>QUANDO FINIRA&#8217; LA SPERIMENTAZIONE SIEROLOGICA<\/strong> Dipende dalla capacit\u00e0 dei laboratori<\/p>\n<p>&nbsp;<\/p>\n<p>https:\/\/www.facebook.com\/zaiaufficiale\/videos\/771614696697664<\/p>\n","protected":false},"excerpt":{"rendered":"<p>VENEZIA Il punto stampa del Governatore del Veneto Luca Zaia su l&#8217;emergenza COVID-19 LEGGI LA CONFERENZA DI ZAIA dai falsi Modigliani alla fake di Eracleonte&#8230; 112 mila tamponi fatti\u00a0 Otto nuove vittime nella notte e 9625 contagiati (+251). Sono \u200b20.275 in isolamento. Rallenta la curva dei decessi (+8), e si attenua la pressione per i&hellip;<\/p>\n","protected":false},"author":4,"featured_media":121391,"comment_status":"closed","ping_status":"closed","sticky":false,"template":"","format":"standard","meta":{"_monsterinsights_skip_tracking":false,"_monsterinsights_sitenote_active":false,"_monsterinsights_sitenote_note":"","_monsterinsights_sitenote_category":0,"footnotes":""},"categories":[49],"tags":[],"class_list":["post-126696","post","type-post","status-publish","format-standard","has-post-thumbnail","hentry","category-news-18","category-49","description-off"],"img_url":"https:\/\/www.radiopiu.net\/wordpress\/wp-content\/uploads\/2020\/03\/covid-zaia.jpg","_links":{"self":[{"href":"https:\/\/www.radiopiu.net\/wordpress\/wp-json\/wp\/v2\/posts\/126696","targetHints":{"allow":["GET"]}}],"collection":[{"href":"https:\/\/www.radiopiu.net\/wordpress\/wp-json\/wp\/v2\/posts"}],"about":[{"href":"https:\/\/www.radiopiu.net\/wordpress\/wp-json\/wp\/v2\/types\/post"}],"author":[{"embeddable":true,"href":"https:\/\/www.radiopiu.net\/wordpress\/wp-json\/wp\/v2\/users\/4"}],"replies":[{"embeddable":true,"href":"https:\/\/www.radiopiu.net\/wordpress\/wp-json\/wp\/v2\/comments?post=126696"}],"version-history":[{"count":0,"href":"https:\/\/www.radiopiu.net\/wordpress\/wp-json\/wp\/v2\/posts\/126696\/revisions"}],"wp:featuredmedia":[{"embeddable":true,"href":"https:\/\/www.radiopiu.net\/wordpress\/wp-json\/wp\/v2\/media\/121391"}],"wp:attachment":[{"href":"https:\/\/www.radiopiu.net\/wordpress\/wp-json\/wp\/v2\/media?parent=126696"}],"wp:term":[{"taxonomy":"category","embeddable":true,"href":"https:\/\/www.radiopiu.net\/wordpress\/wp-json\/wp\/v2\/categories?post=126696"},{"taxonomy":"post_tag","embeddable":true,"href":"https:\/\/www.radiopiu.net\/wordpress\/wp-json\/wp\/v2\/tags?post=126696"}],"curies":[{"name":"wp","href":"https:\/\/api.w.org\/{rel}","templated":true}]}}