{"id":126711,"date":"2020-04-01T13:37:41","date_gmt":"2020-04-01T11:37:41","guid":{"rendered":"https:\/\/www.radiopiu.net\/wordpress\/?p=126711"},"modified":"2020-04-01T13:37:41","modified_gmt":"2020-04-01T11:37:41","slug":"polizia-locale-di-belluno-dalla-ca-in-pensione-il-nuovo-comandante-e-roberto-rossetti","status":"publish","type":"post","link":"https:\/\/www.radiopiu.net\/wordpress\/polizia-locale-di-belluno-dalla-ca-in-pensione-il-nuovo-comandante-e-roberto-rossetti\/","title":{"rendered":"POLIZIA LOCALE DI BELLUNO: DALLA CA&#8217; IN PENSIONE, IL NUOVO COMANDANTE E&#8217; ROBERTO ROSSETTI"},"content":{"rendered":"<p><strong><a class=\"dt-pswp-item\" href=\"https:\/\/www.radiopiu.net\/wordpress\/wp-content\/uploads\/2020\/04\/Roberto-Rossetti-Nuovo-comandante-Polizia-Locale-Belluno.jpeg\" data-dt-img-description=\"\" data-large_image_width=\"1326\" data-large_image_height=\"1600\"><img loading=\"lazy\" decoding=\"async\" class=\" wp-image-126698 alignleft\" src=\"https:\/\/www.radiopiu.net\/wordpress\/wp-content\/uploads\/2020\/04\/Roberto-Rossetti-Nuovo-comandante-Polizia-Locale-Belluno-249x300.jpeg\" alt=\"\" width=\"177\" height=\"213\" srcset=\"https:\/\/www.radiopiu.net\/wordpress\/wp-content\/uploads\/2020\/04\/Roberto-Rossetti-Nuovo-comandante-Polizia-Locale-Belluno-249x300.jpeg 249w, https:\/\/www.radiopiu.net\/wordpress\/wp-content\/uploads\/2020\/04\/Roberto-Rossetti-Nuovo-comandante-Polizia-Locale-Belluno-849x1024.jpeg 849w, https:\/\/www.radiopiu.net\/wordpress\/wp-content\/uploads\/2020\/04\/Roberto-Rossetti-Nuovo-comandante-Polizia-Locale-Belluno-768x927.jpeg 768w, https:\/\/www.radiopiu.net\/wordpress\/wp-content\/uploads\/2020\/04\/Roberto-Rossetti-Nuovo-comandante-Polizia-Locale-Belluno-1273x1536.jpeg 1273w, https:\/\/www.radiopiu.net\/wordpress\/wp-content\/uploads\/2020\/04\/Roberto-Rossetti-Nuovo-comandante-Polizia-Locale-Belluno.jpeg 1326w\" sizes=\"auto, (max-width: 177px) 100vw, 177px\" \/><\/a>BELLUNO<\/strong>\u00a0\u00c8 Roberto Rossetti, 56 anni, il nuovo comandante della Polizia Locale di Belluno; prende il posto di Gustavo Dalla Ca&#8217;, da oggi in pensione.\u00a0Rossetti torna quindi alla guida del comando della polizia locale del capoluogo dopo 15 anni: da luglio 2005 a dicembre 2006 aveva infatti svolto questo incarico proprio a Belluno, per poi passare a Falconara Marittima, Cesenatico, all&#8217;Unione dei comuni Misa-Nevola nell&#8217;anconetano, per tornare tra le Dolomiti nel 2017, inizialmente ad Auronzo di Cadore e poi ricoprendo il ruolo a scavalco anche a Pieve di Cadore. Da ottobre 2019 era poi rientrato tra le fila della Polizia Locale di Belluno.\u00a0Si \u00e8 quindi conclusa con la sua nomina la procedura di selezione interna avviata lo scorso 10 marzo e culminata nel decreto di nomina firmato nella serata di ieri dal Sindaco. L&#8217;incarico avr\u00e0 durata annuale e potr\u00e0 essere prorogato fino al termine del mandato dell&#8217;attuale amministrazione.\u00a0\u00ab<em>Con la nomina di Rossetti, confermiamo alla guida della nostra Polizia Locale una figura che ha acquisito importanti esperienze anche al di fuori della nostra provincia nella<span class=\"Apple-converted-space\">\u00a0 <\/span>gestione della sicurezza delle citt\u00e0 e che, al contempo, conosce la nostra realt\u00e0 &#8211; commenta Jacopo Massaro \u2013 Un grande ringraziamento per il leale lavoro svolto in questi anni va al comandante Dalla Ca&#8217;, con il quale siamo riusciti a portare avanti progetti importanti, dalla videosorveglianza all&#8217;educazione stradale, alla forte collaborazione con le altre forze dell&#8217;ordine, che hanno portato Belluno ad essere annoverata tra le citt\u00e0 pi\u00f9 sicure d&#8217;Italia. Ci mancher\u00e0 naturalmente anche il suo lato umano, che ci ha consentito di lavorare insieme con passione ed entusiasmo. Il Comandante Rossetti riceve dunque una pesante eredit\u00e0 e l&#8217;obbiettivo di proseguire su questa strada, senza mai abbassare la guardia<\/em>\u00bb.<\/p>\n","protected":false},"excerpt":{"rendered":"<p>BELLUNO\u00a0\u00c8 Roberto Rossetti, 56 anni, il nuovo comandante della Polizia Locale di Belluno; prende il posto di Gustavo Dalla Ca&#8217;, da oggi in pensione.\u00a0Rossetti torna quindi alla guida del comando della polizia locale del capoluogo dopo 15 anni: da luglio 2005 a dicembre 2006 aveva infatti svolto questo incarico proprio a Belluno, per poi passare&hellip;<\/p>\n","protected":false},"author":4,"featured_media":126698,"comment_status":"closed","ping_status":"closed","sticky":false,"template":"","format":"standard","meta":{"_monsterinsights_skip_tracking":false,"_monsterinsights_sitenote_active":false,"_monsterinsights_sitenote_note":"","_monsterinsights_sitenote_category":0,"footnotes":""},"categories":[49],"tags":[],"class_list":["post-126711","post","type-post","status-publish","format-standard","has-post-thumbnail","hentry","category-news-18","category-49","description-off"],"img_url":"https:\/\/www.radiopiu.net\/wordpress\/wp-content\/uploads\/2020\/04\/Roberto-Rossetti-Nuovo-comandante-Polizia-Locale-Belluno.jpeg","_links":{"self":[{"href":"https:\/\/www.radiopiu.net\/wordpress\/wp-json\/wp\/v2\/posts\/126711","targetHints":{"allow":["GET"]}}],"collection":[{"href":"https:\/\/www.radiopiu.net\/wordpress\/wp-json\/wp\/v2\/posts"}],"about":[{"href":"https:\/\/www.radiopiu.net\/wordpress\/wp-json\/wp\/v2\/types\/post"}],"author":[{"embeddable":true,"href":"https:\/\/www.radiopiu.net\/wordpress\/wp-json\/wp\/v2\/users\/4"}],"replies":[{"embeddable":true,"href":"https:\/\/www.radiopiu.net\/wordpress\/wp-json\/wp\/v2\/comments?post=126711"}],"version-history":[{"count":0,"href":"https:\/\/www.radiopiu.net\/wordpress\/wp-json\/wp\/v2\/posts\/126711\/revisions"}],"wp:featuredmedia":[{"embeddable":true,"href":"https:\/\/www.radiopiu.net\/wordpress\/wp-json\/wp\/v2\/media\/126698"}],"wp:attachment":[{"href":"https:\/\/www.radiopiu.net\/wordpress\/wp-json\/wp\/v2\/media?parent=126711"}],"wp:term":[{"taxonomy":"category","embeddable":true,"href":"https:\/\/www.radiopiu.net\/wordpress\/wp-json\/wp\/v2\/categories?post=126711"},{"taxonomy":"post_tag","embeddable":true,"href":"https:\/\/www.radiopiu.net\/wordpress\/wp-json\/wp\/v2\/tags?post=126711"}],"curies":[{"name":"wp","href":"https:\/\/api.w.org\/{rel}","templated":true}]}}