{"id":126915,"date":"2020-04-03T05:58:03","date_gmt":"2020-04-03T03:58:03","guid":{"rendered":"https:\/\/www.radiopiu.net\/wordpress\/?p=126915"},"modified":"2020-04-03T10:53:47","modified_gmt":"2020-04-03T08:53:47","slug":"giornale-radiopiu-03-aprile-2020-direttore-mirko-mezzacasa-2","status":"publish","type":"post","link":"https:\/\/www.radiopiu.net\/wordpress\/giornale-radiopiu-03-aprile-2020-direttore-mirko-mezzacasa-2\/","title":{"rendered":"GIORNALE RADIOPIU 03 APRILE 2020 DIRETTORE MIRKO MEZZACASA"},"content":{"rendered":"<h3><strong>PER RICEVERE QUESTO NOTIZIARIO DIRETTAMENTE SUL TUO CELLULARE ISCRIVITI AL CANALE\u00a0TELEGRAM\u00a0<\/strong><strong>\u201cRADIO PIU\u00a0 INFORMAZIONE\u201d<\/strong><\/h3>\n<p>&nbsp;<\/p>\n<hr \/>\n<p><strong>Il grazie di Voltago ad Antonio Russo, vice prefetto e commissario in seguito alla mancata elezione del sindaco lo scorso maggio, Anche in questi giorni di &#8220;crisi&#8221; per Covid_19 \u00e8 in prima linea in Municipio ed a capo della sezione di Protezione Civile<\/strong><\/p>\n<p><a class=\"dt-pswp-item\" href=\"https:\/\/www.radiopiu.net\/wordpress\/wp-content\/uploads\/2020\/04\/0902675d-a348-4e7a-86bf-9b48ac081d5c.jpg\" data-dt-img-description=\"\" data-large_image_width=\"1600\" data-large_image_height=\"1200\"><img loading=\"lazy\" decoding=\"async\" class=\"alignnone size-medium wp-image-127018\" src=\"https:\/\/www.radiopiu.net\/wordpress\/wp-content\/uploads\/2020\/04\/0902675d-a348-4e7a-86bf-9b48ac081d5c-300x225.jpg\" alt=\"\" width=\"300\" height=\"225\" srcset=\"https:\/\/www.radiopiu.net\/wordpress\/wp-content\/uploads\/2020\/04\/0902675d-a348-4e7a-86bf-9b48ac081d5c-300x225.jpg 300w, https:\/\/www.radiopiu.net\/wordpress\/wp-content\/uploads\/2020\/04\/0902675d-a348-4e7a-86bf-9b48ac081d5c-1024x768.jpg 1024w, https:\/\/www.radiopiu.net\/wordpress\/wp-content\/uploads\/2020\/04\/0902675d-a348-4e7a-86bf-9b48ac081d5c-768x576.jpg 768w, https:\/\/www.radiopiu.net\/wordpress\/wp-content\/uploads\/2020\/04\/0902675d-a348-4e7a-86bf-9b48ac081d5c-1536x1152.jpg 1536w, https:\/\/www.radiopiu.net\/wordpress\/wp-content\/uploads\/2020\/04\/0902675d-a348-4e7a-86bf-9b48ac081d5c.jpg 1600w\" sizes=\"auto, (max-width: 300px) 100vw, 300px\" \/><\/a><\/p>\n<p>&nbsp;<\/p>\n<hr \/>\n<p>&nbsp;<\/p>\n<blockquote>\n<h3>MUORE TRA LE MURA DI CASA, RITROVATO DAI VOLONTARI<\/h3>\n<\/blockquote>\n<p><strong>VALLE DI CADORE<\/strong> Egidio Chiamulera,\u00a0 83 anni di Valle di Cadore \u00e8 stato ritrovato alle 12.30 di ieri\u00a0 nella sua abitazione privo di vita. A constatare il decesso avvenuto per cause naturali il medico del Suem dopo l&#8217;allarme dato dal personale che quotidianamente portava il pranzo all&#8217;uomo che non ha risposto ai volontari. Sul posto i Carabinieri di Valle di Cadore. Egidio era un eroe del Vajont, una vita con la divisa dei vigili del fuoco anche nei tristi giorni di Longarone quando fu tra i primi ad arrivare sul luogo del disastro.<\/p>\n<p>&nbsp;<\/p>\n<blockquote>\n<h3>TRAGEDIA A BELLUNO, MUORE CADENDO DALL&#8217;ALBERO<\/h3>\n<\/blockquote>\n<p><strong>BELLUNO<\/strong> Precipita da un albero, muore un imprenditore. Bruno Fontana ha perso la vita ieri pomeriggio, cadendo dall&#8217;abete che stava potando con la motosega. Ne da notizia il <em>Corriere delle Alpi<\/em> nell&#8217;edizione di oggi.\u00a0 Un volo incontrollato di una decina di metri, che purtroppo non gli ha lasciato speranze di sopravvivere. Sul posto anche la pattuglia della Polizia stradale la pi\u00f9 vicina al giardino dell&#8217;abitazione di via Caduti 14 settembre 1944, dove l&#8217;uomo abitava da tempo e per anni aveva gestito un&#8217;attivit\u00e0 di assistenza di orologeria industriale.<\/p>\n<p>&nbsp;<\/p>\n<hr \/>\n<blockquote>\n<h3>SCOSSA DI TERREMOTO IERI SERA A PEDAVENA<\/h3>\n<\/blockquote>\n<p>Un terremoto di magnitudo\u00a01.2 \u00e8 avvenuto a 4 km\u00a0 da Pedavena ieri sera alle 22.28 \u00a0ad una profondit\u00e0 di\u00a06 km. Il terremoto \u00e8 stato localizzato dalla Sala Sismica INGV-Roma.<\/p>\n<p>&nbsp;<\/p>\n<hr \/>\n<p>&nbsp;<\/p>\n<p>&nbsp;<\/p>\n<div class=\"page-title-head hgroup\">\n<h3 class=\"entry-title\">CAMBIA IL MODULO DI AUTOCERTIFICAZIONE PER GLI SPOSTAMENTI<\/h3>\n<\/div>\n<div class=\"page-title-breadcrumbs\">CLICCA\u00a0 PER SCARICARE IL MODULO<\/div>\n<p><a href=\"https:\/\/www.radiopiu.net\/wordpress\/wp-content\/uploads\/2020\/03\/AUTOCERTIFICAZIONE-26-MARZO.pdf\">AUTOCERTIFICAZIONE 26 MARZO<\/a><\/p>\n<p>&nbsp;<\/p>\n<hr \/>\n<p>&nbsp;<\/p>\n<p>I numeri del contagio in Italia diffusi dalla Protezione civile: <strong>83.049\u00a0i malati <\/strong>(+2.477\u00a0rispetto a ieri); <strong>13.915\u00a0i morti<\/strong> (+760); <strong>18.278\u00a0i guariti <\/strong>(+1.431). Il numero totale dei casi positivi \u00e8 <strong>115.242<\/strong> (+4.668); \u00a0<strong>Nel mondo i contagi hanno superato il milione<\/strong>, oltre 50mila i deceduti; \u00a0Filippine, l&#8217;annuncio di Duterte: &#8220;<strong>Sparare a chi viola la quarantena<\/strong>&#8220;; \u00a0<strong>Nel nostro Paese oltre 10mila i sanitari positivi<\/strong>, 69 medici morti finora.<\/p>\n<p>&nbsp;<\/p>\n<p>&nbsp;<\/p>\n<hr \/>\n<h2><a class=\"dt-pswp-item\" href=\"https:\/\/www.radiopiu.net\/wordpress\/wp-content\/uploads\/2020\/04\/90867761_10218107686297713_2108294721418821632_n.jpg\" data-dt-img-description=\"\" data-large_image_width=\"960\" data-large_image_height=\"955\"><img loading=\"lazy\" decoding=\"async\" class=\"wp-image-127168 alignleft\" src=\"https:\/\/www.radiopiu.net\/wordpress\/wp-content\/uploads\/2020\/04\/90867761_10218107686297713_2108294721418821632_n.jpg\" alt=\"\" width=\"119\" height=\"118\" srcset=\"https:\/\/www.radiopiu.net\/wordpress\/wp-content\/uploads\/2020\/04\/90867761_10218107686297713_2108294721418821632_n.jpg 960w, https:\/\/www.radiopiu.net\/wordpress\/wp-content\/uploads\/2020\/04\/90867761_10218107686297713_2108294721418821632_n-300x298.jpg 300w, https:\/\/www.radiopiu.net\/wordpress\/wp-content\/uploads\/2020\/04\/90867761_10218107686297713_2108294721418821632_n-150x150.jpg 150w, https:\/\/www.radiopiu.net\/wordpress\/wp-content\/uploads\/2020\/04\/90867761_10218107686297713_2108294721418821632_n-768x764.jpg 768w\" sizes=\"auto, (max-width: 119px) 100vw, 119px\" \/><\/a><\/h2>\n<h2><\/h2>\n<h2><span style=\"color: #339966;\">OGGI LA RASSEGNA STAMPA L&#8217;ABBIAMO\u00a0 APERTA&#8230; COSI&#8217;&#8230;.<\/span><\/h2>\n<p>di GIANGIACOMO NICOLINI,<\/p>\n<p><span style=\"color: #ff0000;\">*DIRIGENTE MEDICO ALL&#8217;OSPEDALE SAN MARTINO DI BELLUNO.<\/span><\/p>\n<audio class=\"wp-audio-shortcode\" id=\"audio-126915-1\" preload=\"none\" style=\"width: 100%;\" controls=\"controls\"><source type=\"audio\/mpeg\" src=\"https:\/\/www.radiopiu.net\/wordpress\/wp-content\/uploads\/2020\/04\/apertura-rassegna-stampa.mp3?_=1\" \/><a href=\"https:\/\/www.radiopiu.net\/wordpress\/wp-content\/uploads\/2020\/04\/apertura-rassegna-stampa.mp3\">https:\/\/www.radiopiu.net\/wordpress\/wp-content\/uploads\/2020\/04\/apertura-rassegna-stampa.mp3<\/a><\/audio>\n<p>&nbsp;<\/p>\n<hr \/>\n<p>&nbsp;<\/p>\n<blockquote>\n<h3><span style=\"color: #339966;\">SONO 28 LE VITTIME DEL CORONAVIRUS IN PROVINCIA. CRESCONO<\/span> <span style=\"color: #339966;\">I POSITIVI NELLE<\/span> CASE DI RIPOSO ALTRI 4 CASI A MEL E 12 <span style=\"color: #ff0000;\"><span style=\"color: #000000;\">A LAMON E LA ULSS SOSPENDE I RICOVERI IN GERIATRIA. <span style=\"color: #ff0000;\">L<\/span><\/span>UXOTTICA GARANTISCE LO STIPENDIO PIENO AI DIPENDENTI, ANNULLATA LA FIERA MIDO 2020<\/span><\/h3>\n<\/blockquote>\n<p>&nbsp;<\/p>\n<p><span style=\"color: #339966;\">di Mirk<\/span>o Mezza<span style=\"color: #ff0000;\">casa<\/span><\/p>\n<p>Dopo il Belgio anche la Lituania colora i palazzi con il tricolore italiano, ieri sera luci sulla cattedrale mentre l&#8217;Europa quasi si scusa per la latitanza che dura da oltre un mese.<em> &#8220;Non vogliamo scuse ma schei&#8221;<\/em> \u00e8 la secca conclusione del Presidente della Regione Luca Zaia e da Bruxelles Ursula Von der Leyen dichiara <em>&#8220;Abbiamo mobilitato come Unione Europea 2770 miliardi di euro, la pi\u00f9 ampia risorsa finanziaria mai messa in una crisi europea che la storia ricordi&#8221;.\u00a0<\/em>Una cifra consistente che potrebbe anche superare i 3mila miliardi di euro. La Regione del Veneto \u00e8 un passo avanti, lunedi arrivano 100 mila test sierologici che permetteranno di ottenere la &#8220;patente&#8221; ovvero scoprire chi \u00e8 immune, per primi saranno testati 60mila dipendenti della sanit\u00e0, il dipartimento di Protezione \u00e8 gi\u00e0 pronto per scendere in campo.\u00a0 Perch\u00e8 volete essere una Regione esemplare? Ha chiesto la giornalista della televisione Svizzera Francese <em>&#8220;Non siamo i primi della classe &#8211; ha risposto Zaia &#8211;\u00a0 ci hanno dato due remi e abbiamo deciso di remare sar\u00e0 la storia a dire se abbiamo la direzione giusta. Non mi piacciono i confronti tra Regioni, ognuno ha una storia a se\u2019, il territorio del Veneto non \u00e8 paragonabile ad altre regioni&#8221;. <\/em>Dopo il decreto che varer\u00e0 il Governo anche la Regione sta \u00a0lavorando ad un\u2019ordinanza, saranno aggiunte delle restrizioni probabilmente per i mercati all&#8217;aperto e sul sistema di fare la spesa di gruppo anche se stanno calando i contagi, perch\u00e9 \u00e8 fondamentale non abbassare la guardia. <em>&#8220;I diecimila positivi sono solo la punta degli iceberg. Vi chiedo ancora sacrifici fino a Pasqua&#8221;\u00a0<\/em>\u00e8 stato detto dalla sede della Protezione Civile. Anche l&#8217;ultimo bollettino di ieri sera di Azienda Zero mette di nuovo i brividi con 22 deceduti che si aggiungono ai 14 della notte. Nelle ultime 12 ore si sono liberati 10 posti in terapia intensiva ma si sono riempiti altri 49 letti in area non critica. Quasi 9000 gli attualmente positivi, 705 i negativizzati, 525 i decessi, 1004 i dimessi. Altri tre decessi nelle ultime ore all\u2019ospedale San Martino di Belluno, \u00e8 morto Guido Sommaggere 61 anni\u00a0 di Pieve di Cadore (il pi\u00f9 giovane in provincia in questa tragedia), era ricoverato in terapia intensiva. Deceduta\u00a0 Maria Mariella Zampieri\u00a0 77 anni ricoverata in Pneumologia a Belluno in area di media intensit\u00e0 e Stefano Zortea\u00a0 75enne di Canal San Bovo ricoverato nel reparto malattie infettive. La Ulss1 da ieri ha sospeso i ricoveri in Geriatria.\u00a0 Va meglio all\u2019esame del tampone, solo un nuovo caso nelle ultime 12 ore, sono 85 le persone ricoverate negli ospedali della provincia, 41 i ricoverati al San Martino (-3), 14 nell\u2019ospedale di Comunit\u00e0 (+4) e 9 in terapia intensiva (-1) sempre 8 i pazienti a Feltre e 12 ad Agordo. Se le scuole non riapriranno entro la met\u00e0 di maggio gli esami di maturit\u00e0 (ridotti) si terranno con un colloquio on line. <em>&#8220;La scuola non \u00e8 nostra competenza &#8211; ha detto Zaia &#8211;\u00a0 e non so dire quando riaprir\u00e0 ma con questi numeri (2000 ricoverati e 500 decessi) \u00e8 impensabile portare masse di ragazzi all\u2019interno di edifici&#8221;.<\/em> E&#8217; quindi ancora tempo\u00a0 di sacrifici, poi sar\u00e0 predisposto il piano di riaperture con determinati criteri per evitare l\u2019effetto Hong Kong. In Giappone hanno riaperto troppo in fretta e con leggerezza e hanno dovuto riaprire anche terapie intensive e le quarantene. Preoccupazione per l&#8217;economia Veneta con un pil da 150 miliardi l&#8217;anno, come dire che in un mese sono stati persi dai 12 ai 13 miliardi di euro che non saranno recuperati. I Veneti hanno messo mano al portafoglio, sono stati raggiunti i 19 milioni di euro con 24.647 donazioni. I gestori dei campeggi hanno donato 1000 soggiorni di una settimana per il 2020 e per il 2021\u00a0 agli operatori sanitari del Veneto che hanno avuto un ruolo in questa partita. Buone notizie anche per gli agricoltori, firmato lo stato di crisi per l\u2019agricoltura del Veneto che potr\u00e0 dare accesso al fondo. Luxottica \u00e8 a fianco dei lavoratori, il 10 di aprile sui conti correnti verr\u00e0 bonificato l&#8217;intero importo mensile, nessuna sorpresa in busta paga, nessun taglio perch\u00e9 l&#8217;azienda integrer\u00e0 al 100 per cento la retribuzione, aggiungendo denaro a quello della cassa integrazione scattata con la sospensione delle attivit\u00e0. A chi lavora in questo periodo nei servizi essenziali bonus di 500 euro mentre i manager ad iniziare da Francesco Milleri si sono tagliati lo stipendio del 50 per cento. La Cisl ha per\u00f2 lanciato un allarme, 3400 dipendenti del settore metalmeccanico della provincia si vedranno dimezzare il salario, le richieste di cassa integrazioni sono continue, tre quarti della aziende bellunesi sono chiuse. In vista delle festivit\u00e0 pasquali la Prefettura promettere ulteriori controlli contro gli spostamenti, oltre ai tanti posti di blocco saranno usate le telecamere leggi targhe per stanare coloro che proveranno a fare i furbi per raggiungere la seconda casa o comunque luoghi di villeggiatura. Continuano i controlli delle Forze di Polizia e il capitolo dei &#8220;de coccio&#8221; aggiunge altri nomi tra i sanzionati, ad Arsi\u00e8 finiscono nei guai i giovani che in gruppo si sono ritrovati per una festa in compagnia mandando su tutte le furie anche il sindaco Luca Strappazzon. I ragazzi dovranno pagare la multa di 400 euro a testa e pare che non sia nemmeno l&#8217;unico episodio.<\/p>\n<p>&nbsp;<\/p>\n<p>&nbsp;<\/p>\n<hr \/>\n<blockquote class=\"wp-embedded-content\" data-secret=\"P3dfwTdJnU\"><p><a href=\"https:\/\/www.radiopiu.net\/wordpress\/un-altro-brivido-36-morti-in-24-ore-tornano-ad-aumentare-i-ricoveri-e-i-positivi\/\">UN ALTRO BRIVIDO, 36 MORTI IN 24 ORE, TORNANO AD AUMENTARE I RICOVERI E I POSITIVI<\/a><\/p><\/blockquote>\n<p><iframe loading=\"lazy\" title=\"&#8220;UN ALTRO BRIVIDO, 36 MORTI IN 24 ORE, TORNANO AD AUMENTARE I RICOVERI E I POSITIVI&#8221; &#8212; Radio Pi\u00f9\" class=\"wp-embedded-content\" sandbox=\"allow-scripts\" security=\"restricted\" style=\"position: absolute; clip: rect(1px, 1px, 1px, 1px);\" src=\"https:\/\/www.radiopiu.net\/wordpress\/un-altro-brivido-36-morti-in-24-ore-tornano-ad-aumentare-i-ricoveri-e-i-positivi\/embed\/#?secret=P3dfwTdJnU\" data-secret=\"P3dfwTdJnU\" width=\"600\" height=\"338\" frameborder=\"0\" marginwidth=\"0\" marginheight=\"0\" scrolling=\"no\"><\/iframe><\/p>\n<p>&nbsp;<\/p>\n<hr \/>\n<p>&nbsp;<\/p>\n<blockquote>\n<h3>ULSS 1 DOLOMITI: 652 I TAMPONI FATTI OGGI, 11 PERSONE IN PIU&#8217; IN ISOLAMENTO DOMICILIARE<\/h3>\n<\/blockquote>\n<p><strong>BELLUNO<\/strong>\u00a0GLI AGGIORNAMENTI DALLA ULSS 1 DOLOMITI<\/p>\n<p><strong>SORVEGLIANZA SANITARIA COVID-19<\/strong>\u00a0Numero totale tamponi effettuati per ricerca nCoV al 2 aprile 2020:\u00a0<b>6.774 (+ 652).\u00a0<\/b>Persone residenti in Ulss Dolomiti in isolamento domiciliare fiduciario e sorveglianza attiva al 2 aprile 2020:\u00a0<b>1.313 (+ 11 rispetto ieri)\u00a0<\/b>Alcuni tamponi sono stati effettuati pi\u00f9 volte sulle stesse persone<\/p>\n<p><strong>OSPEDALE DI BELLUNO<\/strong>\u00a0Installate altre 3 tende della Protezione Civile al Blocco F per il percorso dedicato ai sospetti COVID,\u00a0Attivato il Punto Medico Avanzato. Le degenze di MEDICINA E ONCOLOGIA sono state collocate al 2\u00b0piano del Blocco chirurgico,\u00a0le degenze della PNEUMOLOGIA e GERIATRIA sono state collocate al 3\u00b0 piano del Blocco Chirurgico (lato EST)<span class=\"Apple-converted-space\">\u00a0,\u00a0<\/span>le degenze di CHIRURGIA, NEFROLOGIA e UROLOGIA sono state compattate al 3\u00b0 piano del Blocco Chirurgico<span class=\"Apple-converted-space\">\u00a0,\u00a0<\/span>le degenze di NEUROLOGIA sono state spostate al 2\u00b0 piano del Blocco Medico. Le aree per sospetti COVID e pazienti COVID a bassa intensit\u00e0 sono collocate al 3\u00b0 e 4\u00b0piano del Blocco Medico,<span class=\"s2\">Sono stati attivati ulteriori 18 posti letto per pazienti COVID a bassa intensit\u00e0 al 3\u00b0 piano del blocco medico per un totale di 34 posti letto. I posti letto di media intensit\u00e0 sono 12 a Malattie infettive e 16 a Pneumologia COVID .\u00a0<\/span>il contenitore della Terapia Intensiva (9 posti letto) \u00e8 stato allargato anche al gruppo operatorio di Belluno dove al momento sono stati attivati ulteriori 4 posti letto di terapia intensiva dedicati a eventuali pazienti covid positivi. I pazienti in arrivo dal 118 che dovessero necessitare di ricoveri urgenti in terapia intensiva COVID negativi saranno centralizzati alla Rianimazione di Feltre. <strong>Sono temporaneamente SOSPESI i ricoveri in Geriatria NON COVID visto l&#8217;impegno dei medici della Geriatria nell&#8217;area Covid. I ricoveri gi\u00e0 destinati a questa area degenziale, saranno assegnati secondo criterio di patologia prevalente alle degenze di Cardiologia, Pneumologia, Medicina di Belluno o di Pieve<\/strong> .<\/p>\n<p><b>OSPEDALE DI AGORDO<\/b>\u00a0attivata attivit\u00e0 di ricovero per pazienti COVID positivi a bassa intensit\u00e0 di cura \u2013 modello ospedale di comunit\u00e0;<\/p>\n<p><b>OSPEDALE DI PIEVE DI CADORE\u00a0<\/b>\u00e8 attivo un filtro all\u2019ingresso per il controllo degli accessi grazie al personale della Protezione Civile, attivata un\u2019area per sospetti COVID al 2\u00b0 piano<\/p>\n<p><b>OSPEDALE DI FELTRE\u00a0<\/b>Il reparto di PNEUMOLOGIA \u00e8 stato trasferito al 6\u00b0 piano del Padiglione Dalla Palma.\u00a0Il reparto di GERIATRIA \u00e8 rientrato al 5\u00b0 piano del Padiglione Dalla Palma,\u00a0l\u2019area di degenza dedicata ai casi positivi Covid-19 \u00e8 al 4\u00b0 Piano del Padiglione Dalla Palma.\u00a0<b><\/b>L\u2019ingresso in ospedale \u00e8 consentito solo con l\u2019utilizzo di mascherina portata da casa ed esclusivamente a: mariti\/compagni di partorienti, parenti stretti di pazienti in fin di vita o deceduti, una sola persona al giorno negli orari di visita per i degenti, pazienti per visite ambulatoriali, donatori di sangue. Situazioni specifiche saranno valutate dal personale sanitario preposto. \u00c8 vietato per gli accompagnatori o visitatori entrare nelle aree COVID.<\/p>\n<p><a class=\"dt-pswp-item\" href=\"https:\/\/www.radiopiu.net\/wordpress\/wp-content\/uploads\/2020\/04\/Schermata-2020-04-02-alle-18.48.08.png\" data-dt-img-description=\"\" data-large_image_width=\"1352\" data-large_image_height=\"1714\"><img loading=\"lazy\" decoding=\"async\" class=\"alignnone wp-image-127086 \" src=\"https:\/\/www.radiopiu.net\/wordpress\/wp-content\/uploads\/2020\/04\/Schermata-2020-04-02-alle-18.48.08-808x1024.png\" alt=\"\" width=\"336\" height=\"426\" srcset=\"https:\/\/www.radiopiu.net\/wordpress\/wp-content\/uploads\/2020\/04\/Schermata-2020-04-02-alle-18.48.08-808x1024.png 808w, https:\/\/www.radiopiu.net\/wordpress\/wp-content\/uploads\/2020\/04\/Schermata-2020-04-02-alle-18.48.08-237x300.png 237w, https:\/\/www.radiopiu.net\/wordpress\/wp-content\/uploads\/2020\/04\/Schermata-2020-04-02-alle-18.48.08-768x974.png 768w, https:\/\/www.radiopiu.net\/wordpress\/wp-content\/uploads\/2020\/04\/Schermata-2020-04-02-alle-18.48.08-1212x1536.png 1212w, https:\/\/www.radiopiu.net\/wordpress\/wp-content\/uploads\/2020\/04\/Schermata-2020-04-02-alle-18.48.08.png 1352w\" sizes=\"auto, (max-width: 336px) 100vw, 336px\" \/><\/a><\/p>\n<p>&nbsp;<\/p>\n<hr \/>\n<p>&nbsp;<\/p>\n<blockquote class=\"wp-embedded-content\" data-secret=\"2ur8NSzZrp\"><p><a href=\"https:\/\/www.radiopiu.net\/wordpress\/aggiornamento-assessorato-protezione-civile-02-aprile-2020\/\">AGGIORNAMENTO ASSESSORATO PROTEZIONE CIVILE 02 APRILE 2020<\/a><\/p><\/blockquote>\n<p><iframe loading=\"lazy\" title=\"&#8220;AGGIORNAMENTO ASSESSORATO PROTEZIONE CIVILE 02 APRILE 2020&#8221; &#8212; Radio Pi\u00f9\" class=\"wp-embedded-content\" sandbox=\"allow-scripts\" security=\"restricted\" style=\"position: absolute; clip: rect(1px, 1px, 1px, 1px);\" src=\"https:\/\/www.radiopiu.net\/wordpress\/aggiornamento-assessorato-protezione-civile-02-aprile-2020\/embed\/#?secret=2ur8NSzZrp\" data-secret=\"2ur8NSzZrp\" width=\"600\" height=\"338\" frameborder=\"0\" marginwidth=\"0\" marginheight=\"0\" scrolling=\"no\"><\/iframe><\/p>\n<p>DAL GR DELLE 14:30 DI IERI L&#8217;INTERVENTO DELL&#8217;ASSESSORE GIANPAOLO BOTTACIN<\/p>\n<audio class=\"wp-audio-shortcode\" id=\"audio-126915-2\" preload=\"none\" style=\"width: 100%;\" controls=\"controls\"><source type=\"audio\/mpeg\" src=\"https:\/\/www.radiopiu.net\/wordpress\/wp-content\/uploads\/2020\/04\/bottacin.mp3?_=2\" \/><a href=\"https:\/\/www.radiopiu.net\/wordpress\/wp-content\/uploads\/2020\/04\/bottacin.mp3\">https:\/\/www.radiopiu.net\/wordpress\/wp-content\/uploads\/2020\/04\/bottacin.mp3<\/a><\/audio>\n<p>&nbsp;<\/p>\n<hr \/>\n<p>&nbsp;<\/p>\n<div class=\"page-title-head hgroup\">\n<blockquote>\n<h3 class=\"entry-title\">DATI E GRAFICI DEL GIORNO, PROVINCIA-REGIONE 02 APRILE 2020<\/h3>\n<\/blockquote>\n<\/div>\n<div class=\"page-title-breadcrumbs\">\n<p><strong>Con la collaborazione di Tiziano De Col<\/strong><\/p>\n<p>Dai dati odierni sull\u2019evoluzione del contagio in Veneto e nelle Province Venete si evince che la Provincia di Belluno segna uno tra i maggior incrementi giornalieri di contagi (dopo Vicenza) e, di conseguenza, resta con il rapporto contagi \u2013 popolazione tra i pi\u00f9 alti<br \/>\ntra le Province Venete\u00a0 dopo Padova e Verona<\/p>\n<p class=\"photoswipe-wrapper\"><a class=\"dt-pswp-item pspw-wrap-ready\" href=\"https:\/\/i2.wp.com\/www.radiopiu.net\/wordpress\/wp-content\/uploads\/2020\/04\/Schermata-2020-04-02-alle-19.02.31.png?ssl=1\" data-dt-img-description=\"\" data-large_image_width=\"710\" data-large_image_height=\"450\"><img loading=\"lazy\" decoding=\"async\" class=\"alignnone wp-image-127101 jetpack-lazy-image jetpack-lazy-image--handled\" src=\"https:\/\/i2.wp.com\/www.radiopiu.net\/wordpress\/wp-content\/uploads\/2020\/04\/Schermata-2020-04-02-alle-19.02.31.png?resize=710%2C450&amp;ssl=1\" sizes=\"auto, (max-width: 710px) 100vw, 710px\" srcset=\"https:\/\/i2.wp.com\/www.radiopiu.net\/wordpress\/wp-content\/uploads\/2020\/04\/Schermata-2020-04-02-alle-19.02.31.png?w=710&amp;ssl=1 710w, https:\/\/i2.wp.com\/www.radiopiu.net\/wordpress\/wp-content\/uploads\/2020\/04\/Schermata-2020-04-02-alle-19.02.31.png?resize=300%2C190&amp;ssl=1 300w\" alt=\"\" width=\"353\" height=\"224\" data-recalc-dims=\"1\" data-lazy-loaded=\"1\" \/><\/a><a class=\"dt-pswp-item\" href=\"https:\/\/www.radiopiu.net\/wordpress\/wp-content\/uploads\/2020\/04\/ee503ce4-c0ed-4262-9a3e-ce7dc65ec793.jpg\" data-dt-img-description=\"\" data-large_image_width=\"480\" data-large_image_height=\"289\"><img loading=\"lazy\" decoding=\"async\" class=\"alignnone wp-image-127103\" src=\"https:\/\/www.radiopiu.net\/wordpress\/wp-content\/uploads\/2020\/04\/ee503ce4-c0ed-4262-9a3e-ce7dc65ec793.jpg\" alt=\"\" width=\"367\" height=\"221\" srcset=\"https:\/\/www.radiopiu.net\/wordpress\/wp-content\/uploads\/2020\/04\/ee503ce4-c0ed-4262-9a3e-ce7dc65ec793.jpg 480w, https:\/\/www.radiopiu.net\/wordpress\/wp-content\/uploads\/2020\/04\/ee503ce4-c0ed-4262-9a3e-ce7dc65ec793-300x181.jpg 300w\" sizes=\"auto, (max-width: 367px) 100vw, 367px\" \/><\/a><\/p>\n<p>&nbsp;<\/p>\n<hr \/>\n<p>&nbsp;<\/p>\n<\/div>\n<blockquote>\n<h3 class=\"entry-title\">TRE DECESSI ALL\u2019OSPEDALE DI BELLUNO<\/h3>\n<\/blockquote>\n<p><strong><a class=\"dt-pswp-item\" href=\"https:\/\/www.radiopiu.net\/wordpress\/wp-content\/uploads\/2020\/03\/ULSS-1-DOLOMITI-LOGO.jpg\" data-dt-img-description=\"\" data-large_image_width=\"298\" data-large_image_height=\"219\"><img loading=\"lazy\" decoding=\"async\" class=\" wp-image-121256 alignleft\" src=\"https:\/\/www.radiopiu.net\/wordpress\/wp-content\/uploads\/2020\/03\/ULSS-1-DOLOMITI-LOGO.jpg\" alt=\"\" width=\"140\" height=\"103\" \/><\/a>BELLUNO<\/strong> Altri tre decessi ieri all\u2019ospedale San Martino di Belluno, lo comunica la Ulss1 con un comunicato che segnala il decesso di una persona in terapia intensiva, per scelta della famiglia \u00e8 stato chiesto di non indicare alcun particolare, nemmeno l\u2019et\u00e0. Deceduta una paziente positiva di 77 anni ricoverata in Pneumologia a Belluno in area di media intensit\u00e0 e un terzo paziente di 75 anni\u00a0 ricoverato nel reparto malattie infettive non residente nella Ulss Dolomiti. Come di consueto in questi giorni sono in corso gli accertamenti per stabilire le cause dei decessi da parte dell\u2019Istituto Superiore di Sanit\u00e0.<\/p>\n<p>&nbsp;<\/p>\n<hr \/>\n<p>&nbsp;<\/p>\n<div class=\"page-title-head hgroup\">\n<blockquote>\n<h3 class=\"entry-title\">LE SEZIONI DEL CAI RISPONDONO ALL\u2019EMERGENZA CORONAVIRUS CON DONAZIONI IN DENARO<\/h3>\n<\/blockquote>\n<\/div>\n<div class=\"page-title-breadcrumbs\">\n<p><strong>AGORDO<\/strong> Gli uomini e le donne del Club Alpino Italiano hanno devoluto pi\u00f9 di 11.000 euro in beneficenza alla Regione Veneto, alla Ulss1 e agli ospedali di Bergamo per l\u2019emergenza Coronavirus. Un gesto importante soprattutto dalle zone del bellunese due anni fa disastrate dall\u2019uragano Vaia. La sezione Agordina del Cai di Agordo\u00a0 ha fatto un versamento alla Regione Veneto di 1000 euro, la sezione di Feltre\u00a0 di 2000 euro\u00a0 all\u2019ULSS 1 e le sezioni del Cadore hanno\u00a0 promosso\u00a0 una raccolta fondi raccogliendo\u00a0 3200 euro per\u00a0 il Cai di Bergamo che ha girato agli\u00a0 ospedali della zona. <img loading=\"lazy\" decoding=\"async\" class=\"wp-image-50482 alignleft jetpack-lazy-image jetpack-lazy-image--handled\" src=\"https:\/\/i2.wp.com\/www.radiopiu.net\/wordpress\/wp-content\/uploads\/2018\/06\/anna-magro.jpg?resize=145%2C194&amp;ssl=1\" sizes=\"auto, (max-width: 145px) 100vw, 145px\" srcset=\"https:\/\/i2.wp.com\/www.radiopiu.net\/wordpress\/wp-content\/uploads\/2018\/06\/anna-magro.jpg?w=450&amp;ssl=1 450w, https:\/\/i2.wp.com\/www.radiopiu.net\/wordpress\/wp-content\/uploads\/2018\/06\/anna-magro.jpg?resize=225%2C300&amp;ssl=1 225w\" alt=\"\" width=\"145\" height=\"194\" data-recalc-dims=\"1\" data-lazy-loaded=\"1\" \/>L\u2019associazione Le Dolomiti bellunesi,\u00a0 che racchiude tutte le sezioni del Bellunese del Cai compresa la sezione di Agordo \u201cArmando Tama Da Roit\u201d, ha deciso di destinare 5000 euro alla Ulss 1 di Belluno.<\/p>\n<blockquote><p><em>\u201cUna donazione \u2013 dice Anna Magro presidente del Cai di Agordo\u00a0 (foto) \u2013\u00a0 \u00a0che ha voluto essere anche un modo per ricambiare il grande aiuto portato alle Sezioni e alle popolazioni bellunesi dopo il disastro di Vaia. Siamo solo una piccola goccia nel grande mare per\u00f2 abbiamo voluto simbolicamente dare un segno della nostra presenza e del nostro sostegno a quanti in questo periodo sono in prima linea in questo difficile momento\u201d.<\/em><\/p><\/blockquote>\n<\/div>\n<blockquote>\n<h3><\/h3>\n<\/blockquote>\n<h3><\/h3>\n<p>&nbsp;<\/p>\n<hr \/>\n<p>&nbsp;<\/p>\n<blockquote>\n<h3 class=\"entry-title\">LUXOTTICA STIPENDIO PIENO, PREMIO WELFARE PER CHI LAVORA, RIMODULAZIONE DELLE FERIE ESTIVE E I DIRIGENTI SI RIDUCONO LO STIPENDIO<\/h3>\n<h3><em>Integrazione della cassa integrazione al 100%, contributo welfare per chi lavora di 500 euro e taglio volontario degli stipendi dei manager<\/em><\/h3>\n<\/blockquote>\n<p><strong><a class=\"dt-pswp-item\" href=\"https:\/\/www.radiopiu.net\/wordpress\/wp-content\/uploads\/2020\/03\/3034a198-1837-4182-af84-edf17603d66d.jpg\" data-dt-img-description=\"\" data-large_image_width=\"1440\" data-large_image_height=\"960\"><img loading=\"lazy\" decoding=\"async\" class=\"alignleft wp-image-126351 size-medium\" src=\"https:\/\/www.radiopiu.net\/wordpress\/wp-content\/uploads\/2020\/03\/3034a198-1837-4182-af84-edf17603d66d-300x200.jpg\" alt=\"\" width=\"300\" height=\"200\" srcset=\"https:\/\/www.radiopiu.net\/wordpress\/wp-content\/uploads\/2020\/03\/3034a198-1837-4182-af84-edf17603d66d-300x200.jpg 300w, https:\/\/www.radiopiu.net\/wordpress\/wp-content\/uploads\/2020\/03\/3034a198-1837-4182-af84-edf17603d66d-1024x683.jpg 1024w, https:\/\/www.radiopiu.net\/wordpress\/wp-content\/uploads\/2020\/03\/3034a198-1837-4182-af84-edf17603d66d-768x512.jpg 768w, https:\/\/www.radiopiu.net\/wordpress\/wp-content\/uploads\/2020\/03\/3034a198-1837-4182-af84-edf17603d66d.jpg 1440w\" sizes=\"auto, (max-width: 300px) 100vw, 300px\" \/><\/a>MILANO<\/strong>\u00a0 Luxottica investe sul welfare contro la pandemia COVID-19, per ridare sicurezze alle persone e rinforzare il senso di comunit\u00e0 tra tutti i dipendenti del Gruppo. L\u2019azienda, accolte anche le istanze delle Organizzazioni Sindacali, introduce alcune iniziative mirate per sostenere le fasce di popolazione aziendale pi\u00f9 colpite dall\u2019emergenza. Integrazione della cassa integrazione \u201cCOVID-19\u201d, busta paga al 100% L\u2019azienda integrer\u00e0 al 100% la retribuzione netta mensile di tutti i dipendenti. L\u2019integrazione \u201cCOVID-19\u201d sar\u00e0 corrisposta con la busta paga del mese di Competenza. \u201cContributo welfare\u201d di 500 euro per chi lavora Per tutta la durata del periodo di cassa integrazione, l\u2019azienda riconoscer\u00e0 un \u201ccontributo welfare\u201d di 500 euro netti mensili per tutti i dipendenti che saranno chiamati a prestare servizio all\u2019interno delle sedi del Gruppo in Italia. Il contributo sar\u00e0 erogato in beni e servizi a sostegno delle esigenze sociali e assistenziali dei singoli, e sar\u00e0 calcolato sulle giornate effettivamente lavorate. Rimodulazione delle ferie estive Luxottica annuncia la riduzione del periodo di chiusura collettiva di agosto, che passer\u00e0 da tre settimane alla sola settimana di Ferragosto, per supportare la progressiva ripresa delle attivit\u00e0. A tutti i dipendenti saranno comunque garantite due settimane consecutive di ferie e un\u2019ulteriore terza settimana da programmare secondo alcune condizioni organizzative. Premio di risultato al netto di COVID-19 Azienda e sindacato hanno riconfermato la volont\u00e0, ai fini del calcolo del premio di risultato annuale, di estendere per tutto il periodo della cassa integrazione lo scomputo delle assenze per malattia certificata delle alte e basse vie respiratorie, con sintomatologia riconducibile a COVID-19. Solidariet\u00e0 del management internazionale Di fronte all\u2019attuale contesto di emergenza e in segno di solidariet\u00e0 verso tutti i dipendenti in Italia e nel mondo, il gruppo dirigente di Luxottica aderir\u00e0 da oggi su base volontaria alla riduzione dello stipendio per tutto il periodo dell\u2019emergenza, in linea con l\u2019autoriduzione del 50% del compenso dell\u2019Amministratore Delegato del Gruppo Francesco Milleri.<\/p>\n<p>&nbsp;<\/p>\n<hr \/>\n<p>&nbsp;<\/p>\n<div class=\"page-title-head hgroup\">\n<blockquote>\n<h3 class=\"entry-title\">LUXOTTICA: 10 APRILE, BUSTA PAGA AL 100 PER CENTO CON LA CASSA INTEGRAZIONE<\/h3>\n<\/blockquote>\n<\/div>\n<div class=\"page-title-breadcrumbs\">\n<blockquote><p><strong><a class=\"dt-pswp-item\" href=\"https:\/\/www.radiopiu.net\/wordpress\/wp-content\/uploads\/2020\/03\/SINDACATI.jpg\" data-dt-img-description=\"\" data-large_image_width=\"2048\" data-large_image_height=\"2048\"><img loading=\"lazy\" decoding=\"async\" class=\"alignleft wp-image-121809 \" src=\"https:\/\/www.radiopiu.net\/wordpress\/wp-content\/uploads\/2020\/03\/SINDACATI-300x300.jpg\" alt=\"\" width=\"112\" height=\"112\" srcset=\"https:\/\/www.radiopiu.net\/wordpress\/wp-content\/uploads\/2020\/03\/SINDACATI-300x300.jpg 300w, https:\/\/www.radiopiu.net\/wordpress\/wp-content\/uploads\/2020\/03\/SINDACATI-1024x1024.jpg 1024w, https:\/\/www.radiopiu.net\/wordpress\/wp-content\/uploads\/2020\/03\/SINDACATI-150x150.jpg 150w, https:\/\/www.radiopiu.net\/wordpress\/wp-content\/uploads\/2020\/03\/SINDACATI-768x768.jpg 768w, https:\/\/www.radiopiu.net\/wordpress\/wp-content\/uploads\/2020\/03\/SINDACATI-1536x1536.jpg 1536w, https:\/\/www.radiopiu.net\/wordpress\/wp-content\/uploads\/2020\/03\/SINDACATI.jpg 2048w\" sizes=\"auto, (max-width: 112px) 100vw, 112px\" \/><\/a>E\u2019 stato sottoscritto dalle segreterie nazionali FILCTEM\/CGIL, Femca e Uiltec un accordo che nell immediato prevede per i dipendenti Luxottica la cassa integrazione al 100%, pertanto tutti riceveranno la busta paga del 10.4.2020 retribuita al 100%.\u00a0 \u00a0Per tutti coloro che avessero inserito istituti propri (post apertura cassa integrazione 16.3.2020), gli verranno restituiti.\u00a0 <\/strong><\/p><\/blockquote>\n<p>&nbsp;<\/p>\n<p>&nbsp;<\/p>\n<h2>DICHIARAZIONE UNITARIA FILCTEM-FEMCA-UILTEC RIF<\/h2>\n<p>\u201cLe segreterie nazionali Filctem Femca Uiltec dopo una lunga trattativa con la dirigenza del Gruppo Luxottica esprimono grande soddisfazione per l\u2019accordo raggiunto in nottata per la gestione dell\u2019emergenza dovuto a COVID-19 che ha portato alla richiesta di cassa integrazione. L\u2019accordo rappresenta un atto di responsabilit\u00e0 da ambo le parti sia per la disponibilit\u00e0 dell\u2019azienda di integrare il trattamento di integrazione salariale al 100% e di incentivare con un bonus di 500 euro i lavoratori che saranno chiamati a lavorare, sia da parte delle organizzazioni sindacali attraverso una diversa calendarizzazione delle ferie per cogliere a pieno le opportunit\u00e0 alla ripresa lavorativa.\u201d<\/p>\n<p><strong>L\u2019ACCORDO<\/strong><\/p>\n<div class=\"su-document su-u-responsive-media-yes\"><iframe loading=\"lazy\" src=\"\/\/docs.google.com\/viewer?embedded=true&url=https:\/\/www.radiopiu.net\/wordpress\/wp-content\/uploads\/2020\/04\/Accordo-1^Aprile2020_firmato.pdf\" width=\"600\" height=\"800\" class=\"su-document\" title=\"Decreto 20.02.2020\"><\/iframe><\/div>\n<p>&nbsp;<\/p>\n<hr \/>\n<\/div>\n<p>&nbsp;<\/p>\n<div align=\"left\"><\/div>\n<blockquote>\n<h2>Accordo Luxottica, Brancher: \u201cConferma di relazioni industriali basate sul sostegno reciproco\u201d<\/h2>\n<\/blockquote>\n<div align=\"left\"><span style=\"color: #000000; font-family: Helvetica;\">\u201cL\u2019accordo Luxottica continua a confermare l&#8217;estrema attenzione e sensibilit\u00e0 dell&#8217;azienda e della propriet\u00e0 nei confronti delle sue persone\u201d. \u00c8 il commento di Nicola Brancher, segretario generale della Femca Cisl Belluno Treviso, sull\u2019accordo raggiunto questa notte con la dirigenza del Gruppo Luxottica per la gestione dell\u2019emergenza Covid-19 che ha portato alla richiesta di cassa integrazione. <\/span><span style=\"color: #000000; font-family: Helvetica;\">L\u2019accordo prevede che l\u2019azienda integrer\u00e0 al 100% la retribuzione netta mensile di tutti i dipendenti che, nell\u2019ambito della gestione dell\u2019emergenza e per effetto della sospensione delle attivit\u00e0, dovranno accedere alla cassa integrazione prevista dal Decreto \u201cCura Italia\u201d. Ma non solo. Per tutta la durata del periodo di cassa integrazione, l\u2019azienda riconoscer\u00e0 un \u201ccontributo welfare\u201d di 500 euro netti mensili per tutti i dipendenti che saranno chiamati a prestare servizio. Massima disponibilit\u00e0 e responsabilit\u00e0 da parte delle organizzazioni sindacali sulla rimodulazione delle ferie estive, con la riduzione del periodo di chiusura di agosto (solo una settimana a Ferragosto), per supportare la progressiva ripresa delle attivit\u00e0. <\/span><span style=\"color: #000000; font-family: Helvetica;\">\u201cSul piano dell&#8217;approccio alle difficolt\u00e0 attuali &#8211; afferma Brancher &#8211; il sistema di relazioni industriali propone una logica di sostegno vicendevole. In questa fase di forte sofferenza, l&#8217;azienda, oltre a sopportarne i costi, fa un ulteriore sforzo a beneficio dei lavoratori e delle lavoratrici; contestualmente gli stessi s\u2019impegnano fin da subito a sostenere le richieste dell&#8217;impresa nel momento in cui sar\u00e0 possibile e auspicabile recuperare quanto perso sul piano industriale e delle vendite di queste settimane\u201d.<\/span><\/div>\n<div align=\"left\"><\/div>\n<div align=\"left\">\n<hr \/>\n<\/div>\n<div class=\"page-title-breadcrumbs\">\n<div class=\"page-title-head hgroup\">\n<blockquote>\n<h3 class=\"entry-title\">NON TUTTI I VIRUS VENGONO PER NUOCERE<\/h3>\n<\/blockquote>\n<h2>L\u2019OPINIONE<\/h2>\n<p><b class=\"photoswipe-wrapper\"><a class=\"dt-pswp-item pspw-wrap-ready\" href=\"https:\/\/i1.wp.com\/www.radiopiu.net\/wordpress\/wp-content\/uploads\/2020\/04\/computer.jpg?ssl=1\" data-dt-img-description=\"\" data-large_image_width=\"1920\" data-large_image_height=\"1255\"><img loading=\"lazy\" decoding=\"async\" class=\"alignleft wp-image-126976 size-medium jetpack-lazy-image jetpack-lazy-image--handled\" src=\"https:\/\/i1.wp.com\/www.radiopiu.net\/wordpress\/wp-content\/uploads\/2020\/04\/computer.jpg?resize=300%2C196&amp;ssl=1\" sizes=\"auto, (max-width: 300px) 100vw, 300px\" srcset=\"https:\/\/i1.wp.com\/www.radiopiu.net\/wordpress\/wp-content\/uploads\/2020\/04\/computer.jpg?resize=300%2C196&amp;ssl=1 300w, https:\/\/i1.wp.com\/www.radiopiu.net\/wordpress\/wp-content\/uploads\/2020\/04\/computer.jpg?resize=1024%2C669&amp;ssl=1 1024w, https:\/\/i1.wp.com\/www.radiopiu.net\/wordpress\/wp-content\/uploads\/2020\/04\/computer.jpg?resize=768%2C502&amp;ssl=1 768w, https:\/\/i1.wp.com\/www.radiopiu.net\/wordpress\/wp-content\/uploads\/2020\/04\/computer.jpg?resize=1536%2C1004&amp;ssl=1 1536w, https:\/\/i1.wp.com\/www.radiopiu.net\/wordpress\/wp-content\/uploads\/2020\/04\/computer.jpg?w=1920&amp;ssl=1 1920w\" alt=\"\" width=\"300\" height=\"196\" data-recalc-dims=\"1\" data-lazy-loaded=\"1\" \/>di Daniel Sirena<\/a><\/b><\/p>\n<p><b>La ricetta anti-spopolamento che farebbe bene alle aziende, al turismo, alle periferie e all\u2019ambiente.<\/b><\/p>\n<p class=\"gmail-MsoSubtitle\"><em>Pochi giorni fa si stava ragionando, con l\u2019ing. Nicolao, sui risvolti positivi che potrebbero derivare da questa esperienza di isolamento pandemico.\u00a0Lo spunto nasce, guardando all\u2019 Agordino, ma pi\u00f9 in generale, al territorio nazionale, ai benefici che potrebbero trarre i paesini, i centri isolati e le aziende stesse, se lavorassimo da casa come durante questa quarantena. Pensando alle molte persone, dipendenti o liberi professionisti, che si sono trovate in questi giorni a lavorare in Smart Working, si potrebbe guardare al futuro investendo in questa direzione. Potrebbe essere un risparmio per le aziende, per il lavoratore e una risorsa per le periferie.\u00a0Immaginiamo banalmente un dipendente Luxottica che lavora da casa quattro giorni a settimana. La convenienza in primis sarebbe per l\u2019azienda che risparmierebbe su mensa, riscaldamento uffici, infrastrutture, ampliamento locali, posti auto, costi di servizi pubblici. Lo smart worker mangerebbe a casa risparmiando i costi di carburante ed usura dell\u2019auto, quel risparmio andrebbe in parte nei negozi del territorio, magari berrebbe il caff\u00e8 al bar del paese, userebbe la posta, avrebbe pi\u00f9 tempo per seguire i figli, darebbe numeri e senso all\u2019investire in infrastrutture internet. Evidenti sarebbero i risvolti indiretti utili al turismo, all\u2019anti spopolamento e non meno importante, con la riduzione dell\u2019inquinamento, all\u2019ambiente.\u00a0<span class=\"gmail-MsoIntenseEmphasis\">Mi permetto concludendo, un suggerimento alle piccole attivit\u00e0\u00a0<\/span><span class=\"gmail-MsoIntenseEmphasis\">commerciali.\u00a0<\/span><span class=\"gmail-MsoIntenseEmphasis\">Abbassiamo un pelo i prezzi perdendo magari qualcosina ora, ma creiamo un rapporto di fiducia a lungo termine con il consumatore. Allo stesso modo, consumatore, sforzati di acquistare nel negozio sotto casa. \u00c8 comodo quando dimentichiamo lo zucchero ma se ci compriamo solo quello tra un po\u2019 non esister\u00e0 pi\u00f9. \u00c8 una questione di fiducia reciproca, un investimento per tutti.<\/span><\/em><\/p>\n<p>&nbsp;<\/p>\n<hr \/>\n<p>&nbsp;<\/p>\n<blockquote>\n<div class=\"page-title-head hgroup\">\n<h3 class=\"entry-title\">ANCHE SISTEMI DI LETTURA TARGHE CONTRO POSSIBILI SPOSTAMENTI NEL PERIODO PASQUALE<\/h3>\n<\/div>\n<\/blockquote>\n<p><a class=\"dt-pswp-item\" href=\"https:\/\/www.radiopiu.net\/wordpress\/wp-content\/uploads\/2020\/03\/Adriana-Cogode.jpg\" data-dt-img-description=\"\" data-large_image_width=\"280\" data-large_image_height=\"300\"><img loading=\"lazy\" decoding=\"async\" class=\" wp-image-121833 alignleft\" src=\"https:\/\/www.radiopiu.net\/wordpress\/wp-content\/uploads\/2020\/03\/Adriana-Cogode.jpg\" alt=\"\" width=\"213\" height=\"228\" \/><\/a><strong>BELLUNO<\/strong> Dal 16 marzo ad oggi sono stati\u00a0 eseguiti dalle Forze di Polizia 12.054 controlli su persone e contestate 444 violazioni ai divieti di spostamento. Con riferimento ai controlli agli esercizi commerciali (34.473 dal 16 marzo) hanno portato alla denuncia di 18 gestori, all\u2019accertamento di 5 violazioni amministrative e alla sospensione di 15 attivit\u00e0. Ieri incontro in videoconferenza anche con i sindaci dove \u00e8 emersa la preoccupazione per la possibilit\u00e0 che, in occasione delle prossime festivit\u00e0 pasquali, possano verificarsi spostamenti, non ammessi, verso le localit\u00e0 turistiche della provincia nelle quali sono presenti numerose case di villeggiatura.\u00a0 Di qui la scelta \u00a0di rafforzare, gi\u00e0 dal prossimo fine settimana, i servizi di vigilanza da parte delle Forze di Polizia e delle Polizie Locali lungo le principali direttrici di accesso della provincia allo scopo di prevenire e contrastare violazioni alle disposizioni di contenimento emanate a tutela della salute dei cittadini.\u00a0 Saranno accese \u00a0le telecamere con lettura targhe presenti in alcuni comuni della provincia. Il Prefetto ha poi sottolineato come ad oggi, grazie all\u2019impegno di tutte le componenti del sistema \u2013 in primo luogo delle Forze di Polizie \u2013 nonch\u00e9 al senso civico e di responsabilit\u00e0 della comunit\u00e0 bellunese non si siano registrate criticit\u00e0 di rilievo.<\/p>\n<p>&nbsp;<\/p>\n<hr \/>\n<p>&nbsp;<\/p>\n<div class=\"page-title-head hgroup\">\n<blockquote>\n<h3 class=\"entry-title\">SONO 21 I PROVVEDIMENTI DI SOSPENSIONE DI ATTIVITA\u2019 NON ESSENZIALI<\/h3>\n<\/blockquote>\n<\/div>\n<div class=\"page-title-breadcrumbs\"><strong class=\"photoswipe-wrapper\"><img loading=\"lazy\" decoding=\"async\" class=\"wp-image-6463 alignleft jetpack-lazy-image jetpack-lazy-image--handled\" src=\"https:\/\/i1.wp.com\/www.radiopiu.net\/wordpress\/wp-content\/uploads\/2015\/06\/Belluno_palazzo_rettori_prefettura.jpg?resize=235%2C176&amp;ssl=1\" sizes=\"auto, (max-width: 235px) 100vw, 235px\" srcset=\"https:\/\/i1.wp.com\/www.radiopiu.net\/wordpress\/wp-content\/uploads\/2015\/06\/Belluno_palazzo_rettori_prefettura.jpg?resize=300%2C225&amp;ssl=1 300w, https:\/\/i1.wp.com\/www.radiopiu.net\/wordpress\/wp-content\/uploads\/2015\/06\/Belluno_palazzo_rettori_prefettura.jpg?resize=1024%2C768&amp;ssl=1 1024w, https:\/\/i1.wp.com\/www.radiopiu.net\/wordpress\/wp-content\/uploads\/2015\/06\/Belluno_palazzo_rettori_prefettura.jpg?w=2400&amp;ssl=1 2400w\" alt=\"\" width=\"235\" height=\"176\" data-recalc-dims=\"1\" data-lazy-loaded=\"1\" \/>BELLUNO<\/strong> La Prefettura ha ricevuto 670 comunicazioni da 400 imprese intenzionate a proseguire l\u2019attivit\u00e0 in quanto ritenute funzionali ad assicurare la continuit\u00e0 delle filiere dei settori \u2013\u00a0 come da decreto del MISE \u2013\u00a0 dei servizi di pubblica utilit\u00e0 e dei servizi essenziali. L\u2019istruttoria si basa su quanto dichiarato, dai legali rappresentanti delle societ\u00e0.In sette casi la comunicazione ha riguardato la prosecuzione di attivit\u00e0 a ciclo continuo, legata al rischio di incidenti presso gli impianti oppure di un grave pregiudizio agli stessi a causa della sospensione. Sono state esaminate tutte le comunicazioni pervenute sino al 31 marzo e sono stati adottati 21 provvedimenti prefettizi disospensione non avendo riscontrato la riconducibilit\u00e0 delle attivit\u00e0 ai settori essenziali per i quali \u00e8 consentita la prosecuzione.Il dato evidenzia quindi come la quasi totalit\u00e0 delle imprese abbia assegnato una corretta interpretazione al dettato normativo.I provvedimenti di sospensione adottati sono esclusivamente il frutto di una verifica tecnico amministrativa svolta in ambito istruttorio.Per quanto riguarda l\u2019attivit\u00e0 di manutenzione di siti produttivi la cui attivit\u00e0 sia sospesa: \u201c<i>E\u2019 consentito l\u2019accesso in loco di personale preposto ad attivit\u00e0 di vigilanza, manutenzione o con funzioni di controllo dei rischi. In ogni caso, fermo il rispetto delle misure precauzionali adottate, il numero di persone presenti per le citate attivit\u00e0 deve essere il pi\u00f9 possibile limitato e comunque non deve trattarsi dello stesso personale addetto alla produzione<\/i>\u201d.Con riferimento al settore dell\u2019edilizia pubblica, sono state ritenute valide tutte le comunicazioni presentate da societ\u00e0 che operano nei cantieri di ripristino dei danni prodotti dalla tempesta Vaia. I codici ATECO, consentono lo svolgimento di tutte le attivit\u00e0 connesse a lavori di ingegneria civile (in particolare i lavori pubblici) nonch\u00e9 l\u2019installazione, riparazione e manutenzione di impianti elettrici e idraulici. Rimangono aperte le interlocuzioni con le associazioni di categoria e con le organizzazioni sindacali sui rispettivi contributi nella materia,ferme restando comunque le valutazioni tecniche adottate in sede istruttoria dalla Prefettura e nell\u2019auspicabilerispetto dei reciproci ruoli, attraverso un leale e corretto confronto sul tema, nel superiore e preminente interesse della salute dei cittadini.<\/div>\n<div><\/div>\n<div>\n<hr \/>\n<\/div>\n<\/div>\n<\/div>\n<h3><\/h3>\n<blockquote>\n<h3>CORSO DI FORMAZIONE PER I CENTRI DI SERVIZIO CON IL DOTT. FRANCAVILLA<\/h3>\n<\/blockquote>\n<p><b><a class=\"dt-pswp-item\" href=\"https:\/\/www.radiopiu.net\/wordpress\/wp-content\/uploads\/2020\/03\/francavilla.jpg\" data-dt-img-description=\"\" data-large_image_width=\"247\" data-large_image_height=\"272\"><img loading=\"lazy\" decoding=\"async\" class=\" wp-image-123855 alignleft\" src=\"https:\/\/www.radiopiu.net\/wordpress\/wp-content\/uploads\/2020\/03\/francavilla.jpg\" alt=\"\" width=\"156\" height=\"172\" \/><\/a>BELLUNO<\/b>. Nell\u2019ambito delle attivit\u00e0 di supporto ai Centri di Servizio per la gestione dell\u2019emergenza COVID, la Direzione dell\u2019Ulss Dolomiti ha organizzato un corso di formazione in videoconferenza per i coordinatori\/referenti dei Centri di Servizio sulla gestione dei pazienti COVID positivi.\u00a0Il corso di formazione si svolger\u00e0 domani mattina e sar\u00e0 tenuto dal dott. Ermegildo Francavilla, gi\u00e0 direttore della UO Malattie Infettive rientrato come volontario e dalla coordinatrice infermieristica delle Malattie Infettive Valentina Susana .\u00a0Come previsto dalle indicazioni operative per la presa in carico del paziente COVID 19 nelle strutture residenziali per anziani redatto dalla Regione Veneto e secondo le indicazioni dell\u2019Istituto Superiore di Sanit\u00e0, \u00e8 di fondamentale importanza che tutti gli operatori sanitari coinvolti in ambito assistenziale siano opportunamente formati e aggiornati sulle caratteristiche del quadro clinico di COVID 19 e sul corretto uso dei Dispositivi di Protezione Individuale (DPI) nonch\u00e9 sulle misure di prevenzione del rischio.<span class=\"Apple-converted-space\">\u00a0<\/span>In particolare, in dottor Francavilla tratter\u00e0 durante il corso in videoconferenza gli aspetti clinici e terapeutici della gestione del paziente COVID positivo<span class=\"Apple-converted-space\">\u00a0 <\/span>in struttura e la coordinatrice Valentina Susana curer\u00e0 gli aspetti di utilizzo corretto dei DPI. Inoltre, il team delle Malattie Infettive sar\u00e0 a disposizione per rispondere ai quesiti dei Centri di Servizio.<\/p>\n<p>&nbsp;<\/p>\n<hr \/>\n<p>&nbsp;<\/p>\n<blockquote>\n<h3>CORONAVIRUS: IN VENETO GI\u00c0 7 MILA DOMANDE DI ACCESSO ALLA CASSA INTEGRAZIONE IN DEROGA<\/h3>\n<\/blockquote>\n<p><strong><a class=\"dt-pswp-item\" href=\"https:\/\/www.radiopiu.net\/wordpress\/wp-content\/uploads\/2016\/02\/l43-donazzan-150526182134_medium.jpg\" data-dt-img-description=\"\" data-large_image_width=\"420\" data-large_image_height=\"315\"><img loading=\"lazy\" decoding=\"async\" class=\" wp-image-17008 alignleft\" src=\"https:\/\/www.radiopiu.net\/wordpress\/wp-content\/uploads\/2016\/02\/l43-donazzan-150526182134_medium-300x225.jpg\" alt=\"\" width=\"252\" height=\"189\" \/><\/a>VENEZIA<\/strong>\u00a0A cinque giorni dall\u2019avvio della procedura, sono gi\u00e0 7 mila le domande di accesso alla cassa integrazione in deroga presentate in Veneto dalle aziende in difficolt\u00e0 a causa dell\u2019emergenza Coronavirus, per un totale di 19.500 lavoratori coinvolti. Oltre il 70% delle richieste si riferisce ad aziende e lavoratori del settore terziario, il 10% a studi professionali e il restante 20% ad altre tipologie di aziende (industriali, artigiane, agricole, cooperative, dello spettacolo, della pesca, del terzo settore).\u00a0\u201cIn pochi giorni il portale regionale &#8211; afferma\u00a0Elena Donazzan, assessore regionale al lavoro del Veneto &#8211; ha raccolto un numero importante di richieste. Due volte al giorno facciamo il punto con le strutture direttamente interessate per analizzare l\u2019andamento delle domande pervenute, nell\u2019ottica di prevedere l\u2019arco temporale coperto delle risorse finora assegnate. Ad oggi per il Veneto possiamo contare su una disponibilit\u00e0 finanziaria di circa 180 milioni di euro: 99 milioni di euro dal decreto legge 17 marzo 2020 n. 18, 40 milioni di euro dal decreto legge 2 marzo 2020 n. 9, infine 40 milioni di euro di ultima assegnazione del Ministero del Lavoro per le tre regioni che sopportano la sospensione delle attivit\u00e0 economiche da pi\u00f9 tempo (Lombardia, Veneto, Emilia Romagna)\u201d.<\/p>\n<p>&nbsp;<\/p>\n<hr \/>\n<p>&nbsp;<\/p>\n<blockquote>\n<h3>PD: CORONAVIRUS, ZANONI SCRIVE AD ARPAV<\/h3>\n<\/blockquote>\n<p><strong><a class=\"dt-pswp-item\" href=\"https:\/\/www.radiopiu.net\/wordpress\/wp-content\/uploads\/2018\/11\/PD.png\" data-dt-img-description=\"\" data-large_image_width=\"226\" data-large_image_height=\"182\"><img loading=\"lazy\" decoding=\"async\" class=\" wp-image-67744 alignleft\" src=\"https:\/\/www.radiopiu.net\/wordpress\/wp-content\/uploads\/2018\/11\/PD.png\" alt=\"\" width=\"170\" height=\"137\" \/><\/a>VENEZIA<\/strong> \u201c<em>Sostenere che non ci sia nessuno studio che metta in relazione inquinamento da polveri sottili ed epidemia da coronavirus, come afferma Arpav, non \u00e8 corretto. Una recente pubblicazione congiunta della Societ\u00e0 italiana di medicina ambientale (Sima) di Milano, dell\u2019Universit\u00e0 di Bologna \u2013 Centro interdipartimentale di ricerca industriale fonti rinnovabili, ambiente, mare ed energia \u2013 Frame e dell\u2019Universit\u00e0 degli Studi di Bari Aldo Moro, dello scorso Marzo, sostiene il contrario, sollecitando misure restrittive di contenimento dello smog<\/em>\u201d. \u00c8 quanto dichiara Andrea Zanoni, consigliere del Partito Democratico che ha scritto una lettera al direttore di Arpav, inviando il \u2018position paper\u2019 dei ricercatori della Societ\u00e0 medica e dei due Atenei, che hanno incrociato i dati pubblicati sui siti delle Agenzie regionali per la protezione ambientale con i casi di contagio da Covid-19 riportati dalla Protezione Civile.\u00a0 \u201c<em>Lo studio &#8211; spiega l\u2019esponente democratico &#8211; evidenzia una relazione tra i superamenti dei limiti di concentrazioni di Pm10, il cosiddetto particolato, nel periodo 10-29 febbraio e le persone infette da coronavirus, aggiornato al 3 marzo. Emergono tre-quattro sforamenti importanti in alcune province lombarde che potrebbero aver accelerato la diffusione virulenta dell\u2019epidemia in Pianura Padana, cosa che non \u00e8 avvenuta in altre parti del Paese che pure presentavano casi di contagi nello stesso periodo, come Roma. Nelle conclusioni dello studio si legge \u2018come la specificit\u00e0 della velocit\u00e0 di contagio che ha interessato in particolare alcune zone del Nord Italia potrebbe essere legata alle condizioni di inquinamento da particolato atmosferico\u2019 e viene suggerito \u2018di tener conto di questo contributo sollecitando misure restrittive di contenimento dell\u2019inquinamento<\/em>\u2019\u201d.<\/p>\n<p>&nbsp;<\/p>\n<hr \/>\n<p>&nbsp;<\/p>\n<blockquote>\n<h3>DE CARLO: \u201cVENETO \u00c8 DIVERSO DAL RESTO D&#8217;ITALIA. FATECI USARE I FONDI PER BONUS PER BOLLETTE E AFFITTI E PER STRUMENTI PER LA DIDATTICA A DISTANZA\u201d<\/h3>\n<\/blockquote>\n<p><strong><a class=\"dt-pswp-item\" href=\"https:\/\/www.radiopiu.net\/wordpress\/wp-content\/uploads\/2019\/03\/DE-CARLO.jpg\" data-dt-img-description=\"\" data-large_image_width=\"471\" data-large_image_height=\"471\"><img loading=\"lazy\" decoding=\"async\" class=\" wp-image-78825 alignleft\" src=\"https:\/\/www.radiopiu.net\/wordpress\/wp-content\/uploads\/2019\/03\/DE-CARLO-300x300.jpg\" alt=\"\" width=\"123\" height=\"123\" srcset=\"https:\/\/www.radiopiu.net\/wordpress\/wp-content\/uploads\/2019\/03\/DE-CARLO-300x300.jpg 300w, https:\/\/www.radiopiu.net\/wordpress\/wp-content\/uploads\/2019\/03\/DE-CARLO-150x150.jpg 150w, https:\/\/www.radiopiu.net\/wordpress\/wp-content\/uploads\/2019\/03\/DE-CARLO.jpg 471w\" sizes=\"auto, (max-width: 123px) 100vw, 123px\" \/><\/a>ROMA<\/strong> \u201cIn Veneto non ci sono emergenze alimentari che non siano gi\u00e0 seguite dai servizi sociali dei comuni e dalle associazioni di volontariato. I 400 milioni di euro destinati ai buoni spesa devono poter essere utilizzati anche per sostenere commercianti, artigiani e partite iva\u201d: questa la richiesta contenuta in una lettera indirizzata al Ministro dell&#8217;Economia Roberto Gualtieri, sottoscritta da oltre 100 amministratori veneti di Fratelli d&#8217;Italia e che vede come primo firmatario il coordinatore veneto e sindaco di Calalzo di Cadore, Luca De Carlo.\u00a0\u201cVogliamo lanciare una proposta al Governo: la situazione veneta \u00e8 diversa da quella del resto d&#8217;Italia, e quindi servono strumenti diversi e adeguati a questa realt\u00e0. Il rischio \u00e8 che queste risorse nei nostri territori rimangano inutilizzate\u201d, spiega De Carlo. \u201cLe classi penalizzate dalla crisi economica provocata da questa epidemia sono quelle dei commercianti, degli artigiani, dei lavoratori saltuari, dei liberi professionisti e delle partite iva, che oggi si trovano a dover affrontare necessit\u00e0 diverse da quelle del semplice pacco alimentare. Sono proposte a costo zero, che prevedono un uso pi\u00f9 ampio e calato nella realt\u00e0 dei nostri territori delle risorse gi\u00e0 messe a disposizione dal Governo\u201d.<\/p>\n<p>&nbsp;<\/p>\n<hr \/>\n<p>&nbsp;<\/p>\n<blockquote>\n<h3>IL COMUNE SI ORGANIZZA PER DISTRIBUIRE I BUONI SPESA<\/h3>\n<\/blockquote>\n<p><strong><a class=\"dt-pswp-item\" href=\"https:\/\/www.radiopiu.net\/wordpress\/wp-content\/uploads\/2020\/04\/FEDERICA-ZASSO.jpg\" data-dt-img-description=\"\" data-large_image_width=\"235\" data-large_image_height=\"317\"><img loading=\"lazy\" decoding=\"async\" class=\" wp-image-127029 alignleft\" src=\"https:\/\/www.radiopiu.net\/wordpress\/wp-content\/uploads\/2020\/04\/FEDERICA-ZASSO-222x300.jpg\" alt=\"\" width=\"140\" height=\"189\" srcset=\"https:\/\/www.radiopiu.net\/wordpress\/wp-content\/uploads\/2020\/04\/FEDERICA-ZASSO-222x300.jpg 222w, https:\/\/www.radiopiu.net\/wordpress\/wp-content\/uploads\/2020\/04\/FEDERICA-ZASSO.jpg 235w\" sizes=\"auto, (max-width: 140px) 100vw, 140px\" \/><\/a>AGORDO<\/strong> Il Comune di Agordo \u00e8 pronto a distribuire i buoni spesa per le persone e le famiglie bisognose in questo periodo di difficolt\u00e0 a seguito della pandemia Covid_19. Chi necessita di aiuto potr\u00e0 trovare i moduli per accedere al contributo sul sito internet del Comune, ma c&#8217;\u00e8 anche un numero di telefono per informazioni, il 339 8761599.<\/p>\n<p><strong>Ne abbiamo parlato con Federica Zasso, consigliere comunale con delega al sociale<\/strong><\/p>\n<audio class=\"wp-audio-shortcode\" id=\"audio-126915-3\" preload=\"none\" style=\"width: 100%;\" controls=\"controls\"><source type=\"audio\/mpeg\" src=\"https:\/\/www.radiopiu.net\/wordpress\/wp-content\/uploads\/2020\/04\/federerica.mp3?_=3\" \/><a href=\"https:\/\/www.radiopiu.net\/wordpress\/wp-content\/uploads\/2020\/04\/federerica.mp3\">https:\/\/www.radiopiu.net\/wordpress\/wp-content\/uploads\/2020\/04\/federerica.mp3<\/a><\/audio>\n<p>&nbsp;<\/p>\n<hr \/>\n<p>&nbsp;<\/p>\n<blockquote>\n<h3>VALPE AMBIENTE: VADEMECUM PER I POSITIVI AL COVID-19<\/h3>\n<\/blockquote>\n<p><strong><a class=\"dt-pswp-item\" href=\"https:\/\/www.radiopiu.net\/wordpress\/wp-content\/uploads\/2017\/05\/valpe.png\" data-dt-img-description=\"\" data-large_image_width=\"324\" data-large_image_height=\"155\"><img loading=\"lazy\" decoding=\"async\" class=\"size-medium wp-image-32415 alignleft\" src=\"https:\/\/www.radiopiu.net\/wordpress\/wp-content\/uploads\/2017\/05\/valpe-300x144.png\" alt=\"\" width=\"300\" height=\"144\" \/><\/a>SEDICO<\/strong>\u00a0Le persone risultate positive al tampone, in isolamento o in quarantena obbligatoria devono sospendere la raccolta differenziata per l\u2019intero periodo di quarantena e gettare tutti i rifiuti domestici (anche umido, plastica, carta e metalli) nel contenitore del secco non riciclabile in dotazione, anche mascherine, guanti monouso e altri presidi sanitari.\u00a0Tutti i rifiuti prodotti vanno messi dentro a uno o pi\u00f9 sacchetti (uno dentro l\u2019altro) ben chiusi tramite laccetti o nastro adesivo, che vanno poi gettati ogni giorno nel contenitore del secco, evitando di schiacciare e comprimere i sacchetti e di toccarli a mani nude; si raccomanda sempre l\u2019utilizzo di guanti monouso. \u00c8 importante che i sacchetti non siano bucati e che non si strappino: per questo motivo devono essere utilizzati sacchetti resistenti e anche pi\u00f9 di uno.<span class=\"Apple-converted-space\">\u00a0<\/span>Nel bidone del secco non possono essere conferiti rifiuti pericolosi, come: batterie, vernici e solventi, la cui raccolta svolta all\u2019EcoCentro \u00e8 temporaneamente sospesa.\u00a0Si consiglia, inoltre, di maneggiare il contenitore usando sempre dei guanti e di pulirlo adeguatamente.\u00a0Valpe continuer\u00e0 a svuotare i contenitori del secco non riciclabile come indicato nell\u2019EcoCalendario di ogni Comune o zona. I contenitori vanno esposti quando sono pieni nel consueto punto di esposizione. Se le normali frequenze di svuotamento non sono sufficienti, queste persone potranno richiedere una raccolta aggiuntiva straordinaria del secco non riciclabile chiamando il numero\u00a00437.640462 o 0437.643621 per gli utenti dell\u2019Unione Montana Agordina e il numero 366.7691310 per gli utenti di Sedico. Tempi e modalit\u00e0 di raccolta verranno successivamente concordarti con ogni singolo richiedente<\/p>\n<p>&nbsp;<\/p>\n<hr \/>\n<p>&nbsp;<\/p>\n<blockquote>\n<h3>I BUONI SPESA DEL COMUNE DI FELTRE<\/h3>\n<\/blockquote>\n<p><strong><a class=\"dt-pswp-item\" href=\"https:\/\/www.radiopiu.net\/wordpress\/wp-content\/uploads\/2020\/03\/FELTRE-CENTRO.jpg\" data-dt-img-description=\"\" data-large_image_width=\"1092\" data-large_image_height=\"866\"><img loading=\"lazy\" decoding=\"async\" class=\"alignleft wp-image-124727 \" src=\"https:\/\/www.radiopiu.net\/wordpress\/wp-content\/uploads\/2020\/03\/FELTRE-CENTRO-300x238.jpg\" alt=\"\" width=\"163\" height=\"129\" srcset=\"https:\/\/www.radiopiu.net\/wordpress\/wp-content\/uploads\/2020\/03\/FELTRE-CENTRO-300x238.jpg 300w, https:\/\/www.radiopiu.net\/wordpress\/wp-content\/uploads\/2020\/03\/FELTRE-CENTRO-1024x812.jpg 1024w, https:\/\/www.radiopiu.net\/wordpress\/wp-content\/uploads\/2020\/03\/FELTRE-CENTRO-768x609.jpg 768w, https:\/\/www.radiopiu.net\/wordpress\/wp-content\/uploads\/2020\/03\/FELTRE-CENTRO.jpg 1092w\" sizes=\"auto, (max-width: 163px) 100vw, 163px\" \/><\/a>FELTRE<\/strong>\u00a0La giunta comunale ha dato il via libera, nella sua seduta di ieri mattina, alle modalit\u00e0 di richiesta e assegnazione del \u201cBuono Spesa\u201d a favore di nuclei familiari in condizione di disagio economico, legato all\u2019emergenza Covid-19.<span class=\"Apple-converted-space\">\u00a0\u00a0<\/span>A questo riguardo, il provvedimento del Governo ha assegnato al Comune di Feltre \u2013 come noto &#8211; risorse per 109 mila euro. Il Buono Spesa \u00e8 riservato ai cittadini residenti nel Comune di Feltre alla data della domanda che si trovino <i>nell\u2019impossibilit\u00e0 di approvvigionarsi di beni di prima necessit\u00e0<\/i> a causa del venir meno della fonte abituale di reddito o in quanto privi di reddito direttamente disponibile e di qualsiasi forma di sostentamento (disponibilit\u00e0 bancarie, postali, affitti, redditi immobiliari, prodotti assicurativi,\u2026).<\/p>\n<p><strong>IL SINDACO DI FELTRE PAOLO PERENZIN<\/strong><\/p>\n<audio class=\"wp-audio-shortcode\" id=\"audio-126915-4\" preload=\"none\" style=\"width: 100%;\" controls=\"controls\"><source type=\"audio\/mpeg\" src=\"https:\/\/www.radiopiu.net\/wordpress\/wp-content\/uploads\/2020\/04\/PERENZIN-su-Buoni-Spesa.mp3?_=4\" \/><a href=\"https:\/\/www.radiopiu.net\/wordpress\/wp-content\/uploads\/2020\/04\/PERENZIN-su-Buoni-Spesa.mp3\">https:\/\/www.radiopiu.net\/wordpress\/wp-content\/uploads\/2020\/04\/PERENZIN-su-Buoni-Spesa.mp3<\/a><\/audio>\n<p>&nbsp;<\/p>\n<p>Gli interessati possono presentare domanda, con allegata la fotocopia di un documento di identit\u00e0, a mezzo posta elettronica all\u2019indirizzo servizisociali@aziendafeltrina-serviziallapersona.it oppure a mezzo posta elettronica certificata (PEC) all\u2019indirizzo aziendafeltrina@pecmx.it.\u00a0Solo per chi non potesse provvedere attraverso questa modalit\u00e0, potr\u00e0 essere raccolta la domanda telefonicamente chiamando i Servizi Sociali allo 0439 840680 (interni 214 215 216 218) dal luned\u00ec al venerd\u00ec dalle 10.00 alle 13.00.\u00a0Le domande verranno accolte fino all\u2019esaurimento del fondo ministeriale destinato al Comune di Feltre.<\/p>\n<p>&nbsp;<\/p>\n<hr \/>\n<p>&nbsp;<\/p>\n<blockquote>\n<h3>LA FARMACIA DOLOMITI DONA 2MILA MASCHERINE CHIRURGICHE: SARANNO SMISTATE NELLE CASE DI RIPOSO<\/h3>\n<\/blockquote>\n<p><strong><a class=\"dt-pswp-item\" href=\"https:\/\/www.radiopiu.net\/wordpress\/wp-content\/uploads\/2020\/04\/FARMACIA-DOLOMITI.jpg\" data-dt-img-description=\"\" data-large_image_width=\"1632\" data-large_image_height=\"1224\"><img loading=\"lazy\" decoding=\"async\" class=\" wp-image-127015 alignleft\" src=\"https:\/\/www.radiopiu.net\/wordpress\/wp-content\/uploads\/2020\/04\/FARMACIA-DOLOMITI-300x225.jpg\" alt=\"\" width=\"168\" height=\"126\" srcset=\"https:\/\/www.radiopiu.net\/wordpress\/wp-content\/uploads\/2020\/04\/FARMACIA-DOLOMITI-300x225.jpg 300w, https:\/\/www.radiopiu.net\/wordpress\/wp-content\/uploads\/2020\/04\/FARMACIA-DOLOMITI-1024x768.jpg 1024w, https:\/\/www.radiopiu.net\/wordpress\/wp-content\/uploads\/2020\/04\/FARMACIA-DOLOMITI-768x576.jpg 768w, https:\/\/www.radiopiu.net\/wordpress\/wp-content\/uploads\/2020\/04\/FARMACIA-DOLOMITI-1536x1152.jpg 1536w, https:\/\/www.radiopiu.net\/wordpress\/wp-content\/uploads\/2020\/04\/FARMACIA-DOLOMITI.jpg 1632w\" sizes=\"auto, (max-width: 168px) 100vw, 168px\" \/><\/a>BELLUNO<\/strong>\u00a0Non si ferma la generosit\u00e0 dei bellunesi: questa mattina la Provincia ha ricevuto 2mila mascherine chirurgiche dalla Farmacia Dolomiti del dottor Alberto Da Pian, a Trichiana. Imbustate singolarmente e pronte alla consegna.\u00a0Le mascherine donate dal dottor Da Pian sono state fatte arrivare dal Regno Unito. Sono provviste di certificazione Ce e gi\u00e0 nei prossimi giorni verranno smistate tra le case di riposo del Bellunese, per gli operatori e anche per gli ospiti.<\/p>\n<p><strong>ROBERTO PADRIN, PRESIDENTE DELLA PROVINCIA DI BELLUNO<\/strong><\/p>\n<audio class=\"wp-audio-shortcode\" id=\"audio-126915-5\" preload=\"none\" style=\"width: 100%;\" controls=\"controls\"><source type=\"audio\/mpeg\" src=\"https:\/\/www.radiopiu.net\/wordpress\/wp-content\/uploads\/2020\/04\/ROBERTO-PADRIN-mascherine-dolomiti.mp3?_=5\" \/><a href=\"https:\/\/www.radiopiu.net\/wordpress\/wp-content\/uploads\/2020\/04\/ROBERTO-PADRIN-mascherine-dolomiti.mp3\">https:\/\/www.radiopiu.net\/wordpress\/wp-content\/uploads\/2020\/04\/ROBERTO-PADRIN-mascherine-dolomiti.mp3<\/a><\/audio>\n<p>&nbsp;<\/p>\n<hr \/>\n<p>&nbsp;<\/p>\n<blockquote>\n<h3>GLI UFFICI POSTALI APERTI IN PROVINCIA DI BELLUNO<\/h3>\n<\/blockquote>\n<div class=\"su-document su-u-responsive-media-yes\"><iframe loading=\"lazy\" src=\"\/\/docs.google.com\/viewer?embedded=true&url=https:\/\/www.radiopiu.net\/wordpress\/wp-content\/uploads\/2020\/04\/UFFICI-POSTALI.pdf\" width=\"600\" height=\"800\" class=\"su-document\" title=\"Decreto 20.02.2020\"><\/iframe><\/div>\n<p>&nbsp;<\/p>\n<hr \/>\n<p>&nbsp;<\/p>\n<blockquote>\n<h3>MASCHERINE A CHILOMETRO ZERO \u2013 CONFINDUSTRIA BELLUNO DOLOMITI FA DA S\u00c9<\/h3>\n<\/blockquote>\n<p><strong><a class=\"dt-pswp-item\" href=\"https:\/\/www.radiopiu.net\/wordpress\/wp-content\/uploads\/2015\/10\/Confindustria_BL.gif\" data-dt-img-description=\"\" data-large_image_width=\"793\" data-large_image_height=\"211\"><img loading=\"lazy\" decoding=\"async\" class=\"size-medium wp-image-12471 alignleft\" src=\"https:\/\/www.radiopiu.net\/wordpress\/wp-content\/uploads\/2015\/10\/Confindustria_BL-300x80.gif\" alt=\"\" width=\"300\" height=\"80\" \/><\/a>BELLUNO<\/strong>\u00a0Vista la carenza sul mercato, ormai cronica sia a livello nazionale che mondiale, Confindustria Belluno Dolomiti si \u00e8 attivata per produrre tessuto elastico adatto alla confezione di mascherine da destinare in via prioritaria alle imprese del territorio cos\u00ec da garantire la massima sicurezza di lavoratori e imprenditori. \u201c<em>Come al solito, non siamo rimasti a guardare n\u00e9 tanto meno ad aspettare e la produzione \u2013 a chilometri zero \u2013 \u00e8 gi\u00e0 iniziata<\/em>\u201d, afferma la presidente dell\u2019Associazione Lorraine Berton.\u00a0Ad occuparsene \u00e8 l\u2019azienda Piave Maitex di Feltre, la pi\u00f9 importante realt\u00e0 tessile rimasta nel Bellunese, che ha studiato una gamma di tessuti idonei per il confezionamento di mascherine filtranti. Poi ha coinvolto velocemente un suo cliente veneto per procedere velocemente alla produzione.\u00a0La mascherina non assorbe nessun tipo di liquido, grazie al trattamento idrorepellente ed \u00e8 lavabile fino a venti volte alla temperatura di novanta gradi o fino a quaranta volte alla temperatura di sessanta gradi.\u00a0Il materiale \u00e8 stato inoltre analizzato al microscopio elettronico a scansione (il cosiddetto SEM) dall\u2019Universit\u00e0 di Padova, al fine di valutarne la struttura microscopica per avere un\u2019indicazione circa l\u2019efficacia nel bloccare le goccioline droplet, riconosciute come principale via di contagio del Covid-19.\u00a0\u201c<em>Ringrazio Piave Maitex e il suo Presidente Luca Barbini, mio predecessore in Confindustria. \u00c8 un grande segnale di responsabilit\u00e0 nei confronti del territorio, ma soprattutto conferma l\u2019enorme capacit\u00e0 di adattamento delle nostre imprese ai tempi che cambiano. Riconvertire la produzione di un\u2019azienda in pochi giorni \u00e8 un\u2019impresa straordinaria e non scontata<\/em>\u201d.\u00a0\u201cQuesta \u00e8 la dimostrazione che c\u2019\u00e8 chi parla e chi fa\u201d, rimarca Berton. \u201cNoi continueremo a fare, anzi saremo chiamati a fare sempre di pi\u00f9 se vogliamo limitare le feroci ripercussioni economiche che gi\u00e0 ci sono e che sono destinate a crescere\u201d.\u00a0Lydia Barbini, CEO di Piave Maitex: \u201cSono molto orgogliosa di tutto il mio team che in tempi record ha sviluppato una gamma di tessuti che possono essere usati per la confezione di mascherine filtranti protettive per uso civile di libera vendita in base al Decreto Legge n.18 del 17.03.2020 e della relativa Circolare del Ministero della Salute 0003572 \u2013 P \u2013 18.03.2020\u201d.\u00a0 \u201cSiamo arrivati ad una capacit\u00e0 produttiva di 50.000 mascherine al giorno e stiamo cercando di aumentarla; inoltre stiamo avviando collaborazioni con altri clienti in altre Regioni e anche all\u2019Estero\u201d\u00a0Tutte le Associate sono state avvisate della possibilit\u00e0 di ordinare il nuovo prodotto attraverso i canali ufficiali dell\u2019Associazione.<\/p>\n<p>&nbsp;<\/p>\n<hr \/>\n<p>&nbsp;<\/p>\n<blockquote>\n<h3>PENSIONI, CONGEDI E INDENNITA&#8217;: INAS CISL RESTA OPERATIVO PER ASSISTERE I CLIENTI<\/h3>\n<\/blockquote>\n<p><strong><a class=\"dt-pswp-item\" href=\"https:\/\/www.radiopiu.net\/wordpress\/wp-content\/uploads\/2018\/12\/CISL.png\" data-dt-img-description=\"\" data-large_image_width=\"292\" data-large_image_height=\"116\"><img loading=\"lazy\" decoding=\"async\" class=\"size-full wp-image-70350 alignleft\" src=\"https:\/\/www.radiopiu.net\/wordpress\/wp-content\/uploads\/2018\/12\/CISL.png\" alt=\"\" width=\"292\" height=\"116\" \/><\/a>BELLUNO<\/strong>\u00a0<span style=\"color: #000000; font-family: Helvetica;\">Fare domanda per il bonus da 600 \u20ac, chiedere all\u2019Inps un congedo per assistere un familiare o il congedo parentale per l\u2019emergenza Covid-19 o inviare richiesta di riconoscimento di infortunio sul lavoro per un caso di contagio da coronavirus in azienda: in una quotidianit\u00e0 stravolta dall\u2019emergenza sanitaria, il bisogno di attivare diritti previdenziali e socioassistenziali resta immutato. Per rendere accessibili questi diritti, il patronato Inas Cisl di Belluno e provincia resta operativo per assistere i cittadini su domande e procedure che non possono aspettare.\u00a0<\/span><\/p>\n<p><strong>STEFANO GRIS, RESPONSABILE INAS CISL BELLUNO<\/strong><\/p>\n<audio class=\"wp-audio-shortcode\" id=\"audio-126915-6\" preload=\"none\" style=\"width: 100%;\" controls=\"controls\"><source type=\"audio\/mpeg\" src=\"https:\/\/www.radiopiu.net\/wordpress\/wp-content\/uploads\/2020\/04\/STEFANO-GRIS-CISL.mp3?_=6\" \/><a href=\"https:\/\/www.radiopiu.net\/wordpress\/wp-content\/uploads\/2020\/04\/STEFANO-GRIS-CISL.mp3\">https:\/\/www.radiopiu.net\/wordpress\/wp-content\/uploads\/2020\/04\/STEFANO-GRIS-CISL.mp3<\/a><\/audio>\n<p>&nbsp;<\/p>\n<hr \/>\n<div align=\"left\"><\/div>\n<blockquote>\n<h3 align=\"left\">LA FIM LANCIA L\u2019ALLARME SALARI: CON LA CASSA INTEGRAZIONE STIPENDI DIMEZZATI<\/h3>\n<\/blockquote>\n<div align=\"left\"><\/div>\n<div align=\"left\"><strong><a class=\"dt-pswp-item\" href=\"https:\/\/www.radiopiu.net\/wordpress\/wp-content\/uploads\/2020\/04\/FIM-BELLUNO.png\" data-dt-img-description=\"\" data-large_image_width=\"263\" data-large_image_height=\"191\"><img loading=\"lazy\" decoding=\"async\" class=\" wp-image-126995 alignleft\" src=\"https:\/\/www.radiopiu.net\/wordpress\/wp-content\/uploads\/2020\/04\/FIM-BELLUNO.png\" alt=\"\" width=\"157\" height=\"114\" \/><\/a>BELLUNO<\/strong> Salari dimezzati per almeno 3.400 dipendenti del settore metalmeccanico in provincia di Belluno. A lanciare l\u2019allarme \u00e8 la segreteria della Fim Cisl Belluno Treviso.Si prospetta un periodo molto difficile per i lavoratori perch\u00e9 con la cassa integrazione a zero ore, l\u2019impatto sul reddito \u00e8 devastante: si pu\u00f2 arrivare a perdere anche il 50% dello stipendio. Considerando infatti che il lordo di un operaio di terzo livello \u00e8 pari a 1650 euro, che la cassa a zero ore paga al massimo 1000 euro al mese e che in cassa non si maturano n\u00e9 ferie n\u00e9 permessi n\u00e9 tredicesima, la perdita per ciascun lavoratore sar\u00e0 attorno al 50% dello stipendio.<\/div>\n<div align=\"left\"><\/div>\n<div align=\"left\"><strong>MATTEO CAREGNATO, FIM BELLUNO-TREVISO<\/strong><\/div>\n<div align=\"left\">\n<audio class=\"wp-audio-shortcode\" id=\"audio-126915-7\" preload=\"none\" style=\"width: 100%;\" controls=\"controls\"><source type=\"audio\/mpeg\" src=\"https:\/\/www.radiopiu.net\/wordpress\/wp-content\/uploads\/2020\/04\/Matteo-Caregnato-della-Fim-Belluno-Treviso.mp3?_=7\" \/><a href=\"https:\/\/www.radiopiu.net\/wordpress\/wp-content\/uploads\/2020\/04\/Matteo-Caregnato-della-Fim-Belluno-Treviso.mp3\">https:\/\/www.radiopiu.net\/wordpress\/wp-content\/uploads\/2020\/04\/Matteo-Caregnato-della-Fim-Belluno-Treviso.mp3<\/a><\/audio>\n<hr \/>\n<p>&nbsp;<\/p>\n<div class=\"page-title-head hgroup\">\n<blockquote>\n<h3 class=\"entry-title\">EX AFTER HOUR DA ARREDARE CON I FONDI DI CONFINE<\/h3>\n<\/blockquote>\n<\/div>\n<div class=\"page-title-breadcrumbs\">\n<p><strong class=\"photoswipe-wrapper\"><a class=\"dt-pswp-item pspw-wrap-ready\" href=\"https:\/\/i1.wp.com\/www.radiopiu.net\/wordpress\/wp-content\/uploads\/2020\/04\/PESCHIERE.jpg?ssl=1\" data-dt-img-description=\"\" data-large_image_width=\"349\" data-large_image_height=\"263\"><img loading=\"lazy\" decoding=\"async\" class=\"wp-image-127080 alignleft\" src=\"https:\/\/i1.wp.com\/www.radiopiu.net\/wordpress\/wp-content\/uploads\/2020\/04\/PESCHIERE.jpg?resize=184%2C139&amp;ssl=1\" sizes=\"auto, (max-width: 184px) 100vw, 184px\" srcset=\"https:\/\/i1.wp.com\/www.radiopiu.net\/wordpress\/wp-content\/uploads\/2020\/04\/PESCHIERE.jpg?w=349&amp;ssl=1 349w, https:\/\/i1.wp.com\/www.radiopiu.net\/wordpress\/wp-content\/uploads\/2020\/04\/PESCHIERE.jpg?resize=300%2C226&amp;ssl=1 300w\" alt=\"\" width=\"184\" height=\"139\" \/><\/a><\/strong><\/p>\n<p>&nbsp;<\/p>\n<p>&nbsp;<\/p>\n<p><strong>TAIBON<\/strong><\/p>\n<p><strong>DI GIANNI SANTOMASO<\/strong><\/p>\n<\/div>\n<\/div>\n<audio class=\"wp-audio-shortcode\" id=\"audio-126915-8\" preload=\"none\" style=\"width: 100%;\" controls=\"controls\"><source type=\"audio\/mpeg\" src=\"https:\/\/www.radiopiu.net\/wordpress\/wp-content\/uploads\/2020\/04\/pesschiere.mp3?_=8\" \/><a href=\"https:\/\/www.radiopiu.net\/wordpress\/wp-content\/uploads\/2020\/04\/pesschiere.mp3\">https:\/\/www.radiopiu.net\/wordpress\/wp-content\/uploads\/2020\/04\/pesschiere.mp3<\/a><\/audio>\n<p>&nbsp;<\/p>\n<hr \/>\n<p>&nbsp;<\/p>\n<blockquote>\n<h3>LA SEZIONE DI BELLUNO DELLA LEGA RINGRAZIA DALLA CA&#8217; PER GLI ANNI DI SERVIZIO<\/h3>\n<\/blockquote>\n<p><strong><a class=\"dt-pswp-item\" href=\"https:\/\/www.radiopiu.net\/wordpress\/wp-content\/uploads\/2018\/05\/Gutavo-Dalla-C\u00e1-1.jpg\" data-dt-img-description=\"\" data-large_image_width=\"5184\" data-large_image_height=\"3456\"><img loading=\"lazy\" decoding=\"async\" class=\"alignleft wp-image-47734 size-medium\" src=\"https:\/\/www.radiopiu.net\/wordpress\/wp-content\/uploads\/2018\/05\/Gutavo-Dalla-C\u00e1-1-300x200.jpg\" alt=\"\" width=\"300\" height=\"200\" srcset=\"https:\/\/www.radiopiu.net\/wordpress\/wp-content\/uploads\/2018\/05\/Gutavo-Dalla-C\u00e1-1-300x200.jpg 300w, https:\/\/www.radiopiu.net\/wordpress\/wp-content\/uploads\/2018\/05\/Gutavo-Dalla-C\u00e1-1-768x512.jpg 768w, https:\/\/www.radiopiu.net\/wordpress\/wp-content\/uploads\/2018\/05\/Gutavo-Dalla-C\u00e1-1-1024x683.jpg 1024w\" sizes=\"auto, (max-width: 300px) 100vw, 300px\" \/><\/a>BELLUNO<\/strong> Come segreteria politica della sezione Lega \u2018Citt\u00e0 di Belluno\u2019, di concerto con il nostro gruppo consigliare a Palazzo Rosso, ci sentiamo in dovere di ringraziare il comandante della Polizia Locale di Belluno Gustavo Dalla C\u00e0 che ha raggiunto in questi giorni il pensionamento. Un traguardo per lui importante dopo anni di onorato servizio sempre a disposizione della nostra cittadinanza e della citt\u00e0 stessa. Ci congratuliamo per l\u2019importante nomina col neocomandante Roberto Rossetti, augurandogli buon lavoro e restando sempre disponibili a collaborazioni future. Assumere in queste difficili ore tale incarico, in momento cos\u00ec complesso per Belluno, per il Veneto e per tutta l\u2019Italia, sicuramente non sar\u00e0 cosa facile. Siamo comunque certi che , considerato anche quanto fatto fin ora dalla Polizia Locale cittadina, sapr\u00e0 perfettamente svolgere il suo compito. Del resto, la nostra cittadinanza ha risposto bene, anzi in modo egregio, alle indicazioni pervenute dallo Stato, dalla Regione ed anche dal nostro Comune. Infine come Lega \u2018Citt\u00e0 di Belluno\u2019 vogliamo anche ringraziare i nostri concittadini per l\u2019impegno ed il senso civico che stanno dimostrando nell\u2019affrontare questa situazione imprevista e drammatica. E nondimeno un grandissimo ringraziamento a tutti coloro che sono in prima linea a combattere questa pandemia: medici, infermieri, volontari e forze dell\u2019ordine. Grazie!<\/p>\n<p>&nbsp;<\/p>\n<hr \/>\n<p>&nbsp;<\/p>\n<blockquote>\n<h3>LA CROCE BIANCA VAL FIORENTINA CONSEGNA LA SPESA A DOMICILIO<\/h3>\n<\/blockquote>\n<p><strong>SELVA DI CADORE<\/strong>\u00a0I volontari della Croce Bianca Val Fiorentina vengono in aiuto agli anziani e alle persone bisognose che non possono muoversi di casa attivando un servizio di consegna a domicilio della spesa. Il servizio sar\u00e0 erogato il luned\u00ec, mercoled\u00ec e sabato. Per accedere al servizio basta contattare il negozio Conad di Selva di Cadore allo 0437 720613 o l\u2019alimentari di Pescul allo 0437 521071 entro le ore 10 poi i volontari della Croce Bianca Val Fiorentina consegneranno la spesa a casa.<\/p>\n<p>&nbsp;<\/p>\n<hr \/>\n<p>&nbsp;<\/p>\n<p>&nbsp;<\/p>\n<blockquote>\n<h3>A LA VALLE PARTE LA CONSEGNA A DOMICILIO DI FARMACI E SPESA<\/h3>\n<\/blockquote>\n<p><strong>LA VALLE AGORDINA<\/strong>\u00a0Il Sindaco informa che sono stati attivati i servizi di consegna a domicilio per farmaci e per la spesa. Per la consegna dei farmaci i numeri da chiamare sono 0437 62298 oppure 0437 63896, servizio attivo dal luned\u00ec al venerd\u00ec dalle 9 alle 12:30 e dalle 15:30 alle 18:30. Per la consegna della spesa a domicilio basta telefonare al Panificio \u201cEl Forner\u201d 0437 63040, servizio garantito dal lunedi al sabato dalle 7 alle 12:30 e dalle 16:30 alle 19, anche la domenica dalle 7 alle 12:30<\/p>\n<p>&nbsp;<\/p>\n<hr \/>\n<p>&nbsp;<\/p>\n<blockquote>\n<h3>SERVIZIO A DOMICILIO ANCHE A CANALE D\u2019AGORDO<\/h3>\n<\/blockquote>\n<p><strong>CANALE D\u2019AGORDO<\/strong>\u00a0Il comune, in collaborazione con le associazioni di volontariato del territorio, ha attivato il servizio di consegna a domicilio di farmaci e beni di prima necessit\u00e0 alle persone che sono impossibiltate a muoversi (anziani, persone non autosufficienti, persone sole e\/o che non possono uscire dalla propria abitazione. Servizio attivo il luned\u00ec, mercoled\u00ec e venerd\u00ec. Per avvalersi del servizio il numero da chiamare \u00e8 320 3298245<\/p>\n<p>&nbsp;<\/p>\n<hr \/>\n<p>&nbsp;<\/p>\n<blockquote>\n<h3>SERVIZIO SPESA GRATIS PER FODOM<\/h3>\n<\/blockquote>\n<p class=\"photoswipe-wrapper\"><strong>LIVINALLONGO<\/strong>\u00a0Questo servizio \u00e8 rivolto a persone anziane e malate, ma anche alle famiglie e alle persone sole che non hanno la possibilit\u00e0 di fare acquisti. Il servizio pu\u00f2 essere richiesto ogni giorno ed \u00e8 gratuito.\u00a0Potr\u00e0 essere richiesto al 0471 444 444 dalle ore 8-18. La consegna avviene lo stesso giorno o al pi\u00f9 tardi il giorno successivo. Il servizio viene eseguito esclusivamente da volontari della Croce Bianca che possono identificarsi come collaboratori dell\u2019associazione e indossano la divisa e tesserino.<\/p>\n<p>&nbsp;<\/p>\n<hr \/>\n<p>&nbsp;<\/p>\n<blockquote>\n<h3>AGORDINOMERON, DAL 16 MARZO UN APPUNTAMENTO QUOTIDIANO SULLE FREQUENZE DI RADIO PIU&#8217;<\/h3>\n<\/blockquote>\n<p><strong><a class=\"dt-pswp-item\" href=\"https:\/\/www.radiopiu.net\/wordpress\/wp-content\/uploads\/2020\/03\/agordinomeron-pag.jpg\" data-dt-img-description=\"\" data-large_image_width=\"800\" data-large_image_height=\"600\"><img loading=\"lazy\" decoding=\"async\" class=\"size-medium wp-image-122417 alignleft\" src=\"https:\/\/www.radiopiu.net\/wordpress\/wp-content\/uploads\/2020\/03\/agordinomeron-pag-300x225.jpg\" alt=\"\" width=\"300\" height=\"225\" srcset=\"https:\/\/www.radiopiu.net\/wordpress\/wp-content\/uploads\/2020\/03\/agordinomeron-pag-300x225.jpg 300w, https:\/\/www.radiopiu.net\/wordpress\/wp-content\/uploads\/2020\/03\/agordinomeron-pag-768x576.jpg 768w, https:\/\/www.radiopiu.net\/wordpress\/wp-content\/uploads\/2020\/03\/agordinomeron-pag.jpg 800w\" sizes=\"auto, (max-width: 300px) 100vw, 300px\" \/><\/a>RADIO PIU&#8217;<\/strong> Dal 16 di marzo, ogni giorno alle 9.05 e alle 18.05, Agordinomeron ci sta tenendo compagnia con i racconti, gli aneddoti, i ritratti che alcuni amici ci hanno inviato da varie parti della vallata. A quanti hanno collaborato, rispondendo al nostro personale invito o mandando spontaneamente il loro prezioso contributo, va il nostro grazie perch\u00e9 ci hanno fatto e ci stanno facendo sorridere, riflettere, conoscere e viaggiare con l&#8217;immaginazione.\u00a0Questo programma, per\u00f2, non ha mai voluto e non vuole essere un club ristretto in cui qualcuno narra e gli altri ascoltano. Esso vuole essere un luogo aperto a tutti coloro che hanno una storia di argomento agordino da raccontare e che desiderano condividerla, per tramandarla, con i tanti ascoltatori della nostra comunit\u00e0.\u00a0Per questo l&#8217;invito che Radio Pi\u00f9 vi rivolge \u00e8 di registrare i vostri racconti e di mandarceli a questo numero 347 4914517 o via mail a radiopiu@radiopiu.it.<\/p>\n<p>&nbsp;<\/p>\n<hr \/>\n<p>&nbsp;<\/p>\n<blockquote class=\"wp-embedded-content\" data-secret=\"o4tjE3EPE5\"><p><a href=\"https:\/\/www.radiopiu.net\/wordpress\/alla-scuola-dellinfanzia-di-taibon-il-pinguino-nino\/\">ALLA SCUOLA DELL&#8217;INFANZIA DI TAIBON&#8230;IL PINGUINO NINO<\/a><\/p><\/blockquote>\n<p><iframe loading=\"lazy\" title=\"&#8220;ALLA SCUOLA DELL&#8217;INFANZIA DI TAIBON&#8230;IL PINGUINO NINO&#8221; &#8212; Radio Pi\u00f9\" class=\"wp-embedded-content\" sandbox=\"allow-scripts\" security=\"restricted\" style=\"position: absolute; clip: rect(1px, 1px, 1px, 1px);\" src=\"https:\/\/www.radiopiu.net\/wordpress\/alla-scuola-dellinfanzia-di-taibon-il-pinguino-nino\/embed\/#?secret=o4tjE3EPE5\" data-secret=\"o4tjE3EPE5\" width=\"600\" height=\"338\" frameborder=\"0\" marginwidth=\"0\" marginheight=\"0\" scrolling=\"no\"><\/iframe><\/p>\n<p>&nbsp;<\/p>\n<blockquote class=\"wp-embedded-content\" data-secret=\"LLUVjEknZu\"><p><a href=\"https:\/\/www.radiopiu.net\/wordpress\/terenzio-baldovin-19-anni-di-lozzo-morto-in-campo-di-concentramento-di-renato-bona\/\">TERENZIO BALDOVIN, 19 ANNI DI LOZZO  MORTO  IN CAMPO DI CONCENTRAMENTO di Renato Bona<\/a><\/p><\/blockquote>\n<p><iframe loading=\"lazy\" title=\"&#8220;TERENZIO BALDOVIN, 19 ANNI DI LOZZO  MORTO  IN CAMPO DI CONCENTRAMENTO di Renato Bona&#8221; &#8212; Radio Pi\u00f9\" class=\"wp-embedded-content\" sandbox=\"allow-scripts\" security=\"restricted\" style=\"position: absolute; clip: rect(1px, 1px, 1px, 1px);\" src=\"https:\/\/www.radiopiu.net\/wordpress\/terenzio-baldovin-19-anni-di-lozzo-morto-in-campo-di-concentramento-di-renato-bona\/embed\/#?secret=LLUVjEknZu\" data-secret=\"LLUVjEknZu\" width=\"600\" height=\"338\" frameborder=\"0\" marginwidth=\"0\" marginheight=\"0\" scrolling=\"no\"><\/iframe><\/p>\n<p>&nbsp;<\/p>\n<hr \/>\n<p>&nbsp;<\/p>\n<h1>IERI ALLA RADIO<\/h1>\n<p><strong><a class=\"dt-pswp-item\" href=\"https:\/\/www.radiopiu.net\/wordpress\/wp-content\/uploads\/2020\/04\/ANDREA-BALDASSI.jpg\" data-dt-img-description=\"\" data-large_image_width=\"200\" data-large_image_height=\"200\"><img loading=\"lazy\" decoding=\"async\" class=\"size-full wp-image-126935 alignleft\" src=\"https:\/\/www.radiopiu.net\/wordpress\/wp-content\/uploads\/2020\/04\/ANDREA-BALDASSI.jpg\" alt=\"\" width=\"200\" height=\"200\" srcset=\"https:\/\/www.radiopiu.net\/wordpress\/wp-content\/uploads\/2020\/04\/ANDREA-BALDASSI.jpg 200w, https:\/\/www.radiopiu.net\/wordpress\/wp-content\/uploads\/2020\/04\/ANDREA-BALDASSI-150x150.jpg 150w\" sizes=\"auto, (max-width: 200px) 100vw, 200px\" \/><\/a>CORONAVIRUS E PROCEDIMENTI LEGALI NE PARLIAMO CON L&#8217;AVVOCATO ANDREA BALDASSI<\/strong><\/p>\n<p><strong>Di Claudio Fontanive<\/strong><\/p>\n<audio class=\"wp-audio-shortcode\" id=\"audio-126915-9\" preload=\"none\" style=\"width: 100%;\" controls=\"controls\"><source type=\"audio\/mpeg\" src=\"https:\/\/www.radiopiu.net\/wordpress\/wp-content\/uploads\/2020\/04\/andrea-baldassi.mp3?_=9\" \/><a href=\"https:\/\/www.radiopiu.net\/wordpress\/wp-content\/uploads\/2020\/04\/andrea-baldassi.mp3\">https:\/\/www.radiopiu.net\/wordpress\/wp-content\/uploads\/2020\/04\/andrea-baldassi.mp3<\/a><\/audio>\n<p>&nbsp;<\/p>\n<p><strong><a class=\"dt-pswp-item\" href=\"https:\/\/www.radiopiu.net\/wordpress\/wp-content\/uploads\/2020\/03\/SPESA-SUPERMERCATO.jpg\" data-dt-img-description=\"\" data-large_image_width=\"1920\" data-large_image_height=\"1280\"><img loading=\"lazy\" decoding=\"async\" class=\"size-medium wp-image-126202 alignleft\" src=\"https:\/\/www.radiopiu.net\/wordpress\/wp-content\/uploads\/2020\/03\/SPESA-SUPERMERCATO-300x200.jpg\" alt=\"\" width=\"300\" height=\"200\" srcset=\"https:\/\/www.radiopiu.net\/wordpress\/wp-content\/uploads\/2020\/03\/SPESA-SUPERMERCATO-300x200.jpg 300w, https:\/\/www.radiopiu.net\/wordpress\/wp-content\/uploads\/2020\/03\/SPESA-SUPERMERCATO-1024x683.jpg 1024w, https:\/\/www.radiopiu.net\/wordpress\/wp-content\/uploads\/2020\/03\/SPESA-SUPERMERCATO-768x512.jpg 768w, https:\/\/www.radiopiu.net\/wordpress\/wp-content\/uploads\/2020\/03\/SPESA-SUPERMERCATO-1536x1024.jpg 1536w, https:\/\/www.radiopiu.net\/wordpress\/wp-content\/uploads\/2020\/03\/SPESA-SUPERMERCATO.jpg 1920w\" sizes=\"auto, (max-width: 300px) 100vw, 300px\" \/><\/a>KANGURO, 400 PACCHI SPESA PER LA PROVINCIA, 100 PER L&#8217;AGORDINO ALLA RADIO ALESSANDRO BUZZATTI<\/strong><\/p>\n<p><strong>Di Claudio Fontanive<\/strong><\/p>\n<audio class=\"wp-audio-shortcode\" id=\"audio-126915-10\" preload=\"none\" style=\"width: 100%;\" controls=\"controls\"><source type=\"audio\/mpeg\" src=\"https:\/\/www.radiopiu.net\/wordpress\/wp-content\/uploads\/2020\/04\/buzzatti-fiorenza-01.04.20.mp3?_=10\" \/><a href=\"https:\/\/www.radiopiu.net\/wordpress\/wp-content\/uploads\/2020\/04\/buzzatti-fiorenza-01.04.20.mp3\">https:\/\/www.radiopiu.net\/wordpress\/wp-content\/uploads\/2020\/04\/buzzatti-fiorenza-01.04.20.mp3<\/a><\/audio>\n<p>&nbsp;<\/p>\n<p><strong><a class=\"dt-pswp-item\" href=\"https:\/\/www.radiopiu.net\/wordpress\/wp-content\/uploads\/2019\/02\/Logo_Spi-CGIL-800x445.jpg\" data-dt-img-description=\"\" data-large_image_width=\"800\" data-large_image_height=\"445\"><img loading=\"lazy\" decoding=\"async\" class=\"size-medium wp-image-75538 alignleft\" src=\"https:\/\/www.radiopiu.net\/wordpress\/wp-content\/uploads\/2019\/02\/Logo_Spi-CGIL-800x445-300x167.jpg\" alt=\"\" width=\"300\" height=\"167\" srcset=\"https:\/\/www.radiopiu.net\/wordpress\/wp-content\/uploads\/2019\/02\/Logo_Spi-CGIL-800x445-300x167.jpg 300w, https:\/\/www.radiopiu.net\/wordpress\/wp-content\/uploads\/2019\/02\/Logo_Spi-CGIL-800x445-768x427.jpg 768w, https:\/\/www.radiopiu.net\/wordpress\/wp-content\/uploads\/2019\/02\/Logo_Spi-CGIL-800x445.jpg 800w\" sizes=\"auto, (max-width: 300px) 100vw, 300px\" \/><\/a>SPI CGIL IN PRIMA LINEA ACCANTO AGLI ANZIANI, NE PARLIAMO CON MARIA RITA GENTILIN<\/strong><\/p>\n<p><strong>Di Claudio Fontanive<\/strong><\/p>\n<audio class=\"wp-audio-shortcode\" id=\"audio-126915-11\" preload=\"none\" style=\"width: 100%;\" controls=\"controls\"><source type=\"audio\/mpeg\" src=\"https:\/\/www.radiopiu.net\/wordpress\/wp-content\/uploads\/2020\/04\/spi-cgil-2-aprile.mp3?_=11\" \/><a href=\"https:\/\/www.radiopiu.net\/wordpress\/wp-content\/uploads\/2020\/04\/spi-cgil-2-aprile.mp3\">https:\/\/www.radiopiu.net\/wordpress\/wp-content\/uploads\/2020\/04\/spi-cgil-2-aprile.mp3<\/a><\/audio>\n<p>&nbsp;<\/p>\n<p><span style=\"color: #ff00ff;\"><strong>IN VIVO VERSO<\/strong><\/span><\/p>\n<blockquote class=\"wp-embedded-content\" data-secret=\"pokINk9aCh\"><p><a href=\"https:\/\/www.radiopiu.net\/wordpress\/ce-la-faremo-di-doriana-puglisi\/\">CE LA FAREMO di DORIANA PUGLISI<\/a><\/p><\/blockquote>\n<p><iframe loading=\"lazy\" title=\"&#8220;CE LA FAREMO di DORIANA PUGLISI&#8221; &#8212; Radio Pi\u00f9\" class=\"wp-embedded-content\" sandbox=\"allow-scripts\" security=\"restricted\" style=\"position: absolute; clip: rect(1px, 1px, 1px, 1px);\" src=\"https:\/\/www.radiopiu.net\/wordpress\/ce-la-faremo-di-doriana-puglisi\/embed\/#?secret=pokINk9aCh\" data-secret=\"pokINk9aCh\" width=\"600\" height=\"338\" frameborder=\"0\" marginwidth=\"0\" marginheight=\"0\" scrolling=\"no\"><\/iframe><\/p>\n<p>COLLEZIONE COMPLETA<\/p>\n<blockquote class=\"wp-embedded-content\" data-secret=\"avHkRcjaIZ\"><p><a href=\"https:\/\/www.radiopiu.net\/wordpress\/in-vivo-verso\/\">In Vivo Verso<\/a><\/p><\/blockquote>\n<p><iframe loading=\"lazy\" title=\"&#8220;In Vivo Verso&#8221; &#8212; Radio Pi\u00f9\" class=\"wp-embedded-content\" sandbox=\"allow-scripts\" security=\"restricted\" style=\"position: absolute; clip: rect(1px, 1px, 1px, 1px);\" src=\"https:\/\/www.radiopiu.net\/wordpress\/in-vivo-verso\/embed\/#?secret=avHkRcjaIZ\" data-secret=\"avHkRcjaIZ\" width=\"600\" height=\"338\" frameborder=\"0\" marginwidth=\"0\" marginheight=\"0\" scrolling=\"no\"><\/iframe><\/p>\n<p><span style=\"color: #ff0000;\"><strong>DUE MINUTI UN LIBRO<\/strong><\/span><\/p>\n<blockquote class=\"wp-embedded-content\" data-secret=\"FsQHnROtgD\"><p><a href=\"https:\/\/www.radiopiu.net\/wordpress\/il-disegno-dellanima-e-la-polvere-nel-cuore\/\">IL DISEGNO DELL&#8217;ANIMA E LA POLVERE NEL CUORE<\/a><\/p><\/blockquote>\n<p><iframe loading=\"lazy\" title=\"&#8220;IL DISEGNO DELL&#8217;ANIMA E LA POLVERE NEL CUORE&#8221; &#8212; Radio Pi\u00f9\" class=\"wp-embedded-content\" sandbox=\"allow-scripts\" security=\"restricted\" style=\"position: absolute; clip: rect(1px, 1px, 1px, 1px);\" src=\"https:\/\/www.radiopiu.net\/wordpress\/il-disegno-dellanima-e-la-polvere-nel-cuore\/embed\/#?secret=FsQHnROtgD\" data-secret=\"FsQHnROtgD\" width=\"600\" height=\"338\" frameborder=\"0\" marginwidth=\"0\" marginheight=\"0\" scrolling=\"no\"><\/iframe><\/p>\n<p>LE ALTRE PUNTATE<\/p>\n<blockquote class=\"wp-embedded-content\" data-secret=\"AWbnM0Nr5J\"><p><a href=\"https:\/\/www.radiopiu.net\/wordpress\/due-minuti-un-libro\/\">Due minuti un libro<\/a><\/p><\/blockquote>\n<p><iframe loading=\"lazy\" title=\"&#8220;Due minuti un libro&#8221; &#8212; Radio Pi\u00f9\" class=\"wp-embedded-content\" sandbox=\"allow-scripts\" security=\"restricted\" style=\"position: absolute; clip: rect(1px, 1px, 1px, 1px);\" src=\"https:\/\/www.radiopiu.net\/wordpress\/due-minuti-un-libro\/embed\/#?secret=AWbnM0Nr5J\" data-secret=\"AWbnM0Nr5J\" width=\"600\" height=\"338\" frameborder=\"0\" marginwidth=\"0\" marginheight=\"0\" scrolling=\"no\"><\/iframe><\/p>\n<p><span style=\"color: #339966;\"><strong>AGORDINOMERON<\/strong><\/span><\/p>\n<blockquote class=\"wp-embedded-content\" data-secret=\"BKQcGiSFsS\"><p><a href=\"https:\/\/www.radiopiu.net\/wordpress\/agordinomeron-il-territorio-si-racconta-in-onda\/\">Agordinomeron, il territorio si racconta in onda<\/a><\/p><\/blockquote>\n<p><iframe loading=\"lazy\" title=\"&#8220;Agordinomeron, il territorio si racconta in onda&#8221; &#8212; Radio Pi\u00f9\" class=\"wp-embedded-content\" sandbox=\"allow-scripts\" security=\"restricted\" style=\"position: absolute; clip: rect(1px, 1px, 1px, 1px);\" src=\"https:\/\/www.radiopiu.net\/wordpress\/agordinomeron-il-territorio-si-racconta-in-onda\/embed\/#?secret=BKQcGiSFsS\" data-secret=\"BKQcGiSFsS\" width=\"600\" height=\"338\" frameborder=\"0\" marginwidth=\"0\" marginheight=\"0\" scrolling=\"no\"><\/iframe><\/p>\n<p>&nbsp;<\/p>\n<hr \/>\n<p>&nbsp;<\/p>\n<p>STAI A CASA, A TAIBON E\u2019 LA FARMACIA CHE VIENE DA TE! AIUTACI AD AIUTARCI\u00a0 La distribuzione dei farmaci a domicilio, per gli abitanti di Taibon<\/p>\n<p>0437 640307 LA FRUTTA DIRETTAMENTE A CASA TUA CON MIRKO E L\u2019ORTOFRUTTA MARTINI DI AGORDO<\/p>\n<p>340 2986275 LA PIZZA DIRETTAMENTE A CASA TUA CON SILVIA E BOCCON DIVINO DI TAIBON<\/p>\n<p>DA SAPPADE DI FALCADE PICCOLA BAITA PORTA SULLE VOSTRE TAVOLE I SAPORI DEL TERRITORIO WWW.PICCOLABAITA.NET PER LE ORDINAZIONI ON LINE. 0437 590491<\/p>\n<p>L\u2019AZIENDA AGRICOLA MILCHHOF AGOSTINI DI SELVA DI CADORE. INFORMA CHE E\u2019 A DISPOSIZONE PER CONSEGNE GRATUITE A DOMICILIO IN TUTTA LA PROVICIA DI FORMAGGI, YOGURT, RICOTTE, MOZZARELLE DI PROPRIA PRODUZIONE, POTETE CONTATTARCI VIA TELEFONICA AL 380 39,57,409. PRENOTAZIONI ANCHE VIA WHATS UP ALLO STESSO NUMERO. \u00a0LA CONSEGNA AVVERRA\u2019 IN UNO O AL MASSIMO DUE GIORNI. AZIENDA AGRICLA MILCHOFF AGOSTINI. SELVA DI CADORE. 380 3957409<\/p>\n<p>Restiamo a casa, ma rafforziamoci per rimanere in salute!\u00a0Segui online le sessioni di allenamento della Palestra All Fit di Trichiana: ogni settimana avrai 2 sessioni di allenamento gratuite!\u00a0In pi\u00f9 ogni gioved\u00ec alle 18.30 ti aspetta la diretta Facebook durante la quale farai esercizio insieme allo staff All Fit e a centinaia di altre persone connesse anche loro da casa.\u00a0Per accedere al servizio gratuito, contatta All Fit tramite messaggio sulla pagina Facebook.\u00a0Non aspettare, prepariamoci per ripartire in salute pi\u00f9 forti di prima!<\/p>\n<p>DEVI SPOSTARTI? NON SAI COME FARE IN QUESTO DIFFICILE PERIODO?\u00a0 SENTI DOLOMITI VIAGGI DI FALCADE,\u00a0 COME UN TAXI:\u00a0 AUTOVETTURE E PULMINO NOLEGGIO CON CONDUCENTE. CHIAMA IL NUMERO 329 35,26,156.\u00a0 SAPRA\u2019 CONSIGLIARTI PER UN TRASPORTO IN SICUREZZA NEL RISPETTO DELLE MISURE ATTUALI DI CONTENIMENTO DEL CONTAGIO.<\/p>\n<p>Taxi thomas disponibile x vari spostamenti servizio farmacie servizio spesa aereoporto \u00e8 molto altro con macchina sanificata e rispettando le nuove normative noi taxi &#x1f695; non ci fermiamo x info 342\/0311829<\/p>\n<p>E SEMPRE AD ALLEGHE TAXI ALLEGHE DI GIANLUCA GAIARDI garantisce il servizio senza limitazioni. Le VOSTRE ESIGENZE DI MOBILIT\u00c0 DOVRANNO ESSERE OVVIAMENTE INDEROGABILI E DIMOSTRABILI a richiesta delle Forze di Polizia . TELEFONO 340 679 6016<\/p>\n<p>ZUMBRILLENBER AGORDO CONSEGNA A DOMICILIO. PIATTI DI CARNE, PESCE, E PIZZE. A DOMICILIO, NEL RAGGIO DI 15 CHILOMETRI DA AGORDO, TUTTI I GIORNI. ANCHE WHATS UP ENTRO LE 20.30. TUTTI I GIORNI, PER PRANZO E CENA. 345 9135042<\/p>\n<p>I SERVIZI A DOMICILIO PER LE PERSONE ANZIANE DEL COMUNE DI ROCCA PIETORE. FARMACI: Farmacia dr. Fassa Caprile 0437 721112. RICETTE: Dott. Allegro 338 3312357, Dott. Mascanzoni 347 7145560. SPESA ALIMENTARE: Coop Rocca Pietore 0437 721304, Coop Alleghe 0437 523640, Coop Caprile 0437 721123, Alimentari Sottoguda 0437 722120, Alimentari Digonera 0437 529070, Macelleria Da Pian Caprile 0437 721151, Macelleria Ongaro Alleghe 0437 523317<\/p>\n<p>Cooperativa di Alleghe, Caprile, Livinallongo, Rocca Pietore. Gi\u00e0 messi a dura prova nei giorni di vaia sono al lavoro dall\u2019inizio dell\u2019emergenza Covid_19 con l\u2019apertura dei locali tutti i giorni (escluso il mercoledi pomeriggio) dalle 8 alle 12.30 e dalle 15.30 alle 19. Ottima L\u2019organizzazione per i servizio a domicilio previa telefonata allo 0437 523640<\/p>\n<p>LA PASTICCERIA LES BON BON DI AGORDO TI INFORMA CHE E\u2019 ATTIVO IL SERVIZIO DI CONSEGNA A DOMICILIO, AD AGORDO E PAESI LIMITROFI. PORTIAMO A CASA TUA LE NOSTRE COLOMBE E I NOSTRI PRODOTTI DI PASTICCERIA, MA ANCHE OVETTI SFUSI LINDT E BARATTI. CONIGLIETTI, PULCINI, PELUCHE. PER INFO E PRENOTAZIONI. TELEFONO O WHATS UP AL 342 59,80,559. RIPETO. CI TROVI ANCHE SU FACEBOOK, INSTAGRAM, O EMAIL ALL\u2019INDIRIZZO LESBONBONSAGORDO@GMAIL.COM.\u00a0NELLA SETTIMANA DI PASQUA, CONSEGNE ANCHE IN ALTRI PAESI DELL\u2019AGORDINO.<\/p>\n<p>A RIVAMONTE DAISY! PANINI, BRUSCHETTE, TOAST. PER LA TUA CENA ALTERNATIVA E GUSTOSA. RICHIEDI IL NOSTRO LISTINO. TROVI DECINE DI PROPOSTE, E TANTE NOVITA&#8217;. PER TE ANCHE LE NOSTRE BIRRE E I NOSTRI VINI DA ABBINARE. STATE A CASA, CHE ARRIVAMO NOI. CONSEGNAMO OGNI SERA. LE PRENOTAZIONI SI RICEVONO ENTRO LE ORE 17 AL 348 56,42,568. CONSEGNAMO A RIVAMONTE, GOSALDO, FRASSENE&#8217;, VOLTAGO, TAIBON, AGORDO, LA VALLE.<\/p>\n<p>&nbsp;<\/p>\n<hr \/>\n<p>&nbsp;<\/p>\n<blockquote>\n<h3>PANDEMIA COVID 19 IL SISTEMA SANITARIO REGGE GRAZIE A TINA ANSELMI<\/h3>\n<\/blockquote>\n<p><strong>Di Franco Piacentini, iscritto SPI CGIL<\/strong><\/p>\n<p>In questi drammatici giorni di pandemia Covid 19, senza nascondere alcune difficolt\u00e0 organizzative, il nostro sistema sociosanitario, sostanzialmente, sta rispondendo bene alla alle moltissime necessit\u00e0 di cure e di assistenza. Opportunamente a chi ha la memoria corta (soprattutto ad alcuni politici) va ricordato che se oggi l\u2019Italia sta reggendo positivamente sul versante sanitario, il merito e il ringraziamento vanno riconosciuti alla compianta Tina Anselmi. Il 23 dicembre 1978, la Camera con 381 voti favorevoli e solo 77 contrari su 458 votanti, approvava in via definitiva una delle pi\u00f9 innovative e importanti leggi di equit\u00e0 sociale. In quella data, soprattutto grazie allo straordinario impegno Tina Anselmi, affiancata dal parlamentare padovano Fulvio Palopoli, nasceva il \u201csistema sanitario nazionale\u201d.<span class=\"Apple-converted-space\">\u00a0 <\/span>Con la legge 833\/1978 (pubblicata in Gazzetta ufficiale il 28 dicembre 1978) si determinava il passaggio dal mutualismo corporativo all\u2019universalismo sanitario, come sancito all\u2019articolo 32 della nostra Carta Costituzionale. Ricordare e valorizzare questi quarant\u2019anni, sostanzialmente, di buona sanit\u00e0, rinnovando il ringraziamento a Tina Anselmi: politica e partigiana e prima donna ad aver ricoperto la carica di ministro della Repubblica Italiana, nata a Castelfranco Veneto il 25 marzo 1927 (dal 1\u00ba novembre 2016 riposa al cimitero dello stesso luogo di nascita) non significa sottovalutare, purtroppo, le tante strumentali intromissioni politiche e amministrative che tutt\u2019oggi continuano ad ostacolare la completa attuazione della riforma sanitaria del 1978.<span class=\"Apple-converted-space\">\u00a0 <\/span>Sono brutti vizi quasi tutti italiani, l\u2019anteporre difficolt\u00e0 ai cambiamenti di giustizia sociale e lo smisurato prolungamento applicativo, in tempi biblici, delle disposizioni riformatrici. <span class=\"Apple-converted-space\">\u00a0 <\/span>Altre riforme sono state e sono ostacolate nella loro esigibilit\u00e0; vedi ad esempio quella sulle<span class=\"Apple-converted-space\">\u00a0 <\/span>prestazioni socio-assistenziali, la 328 del 2000, meglio conosciuta come \u201clegge Livia Turco\u201d.<span class=\"Apple-converted-space\">\u00a0 <\/span>Sar\u00e0 ingabbiato nel ginepraio della burocrazia legislativa anche il recente Codice del Terzo Settore, che per la sua farraginosit\u00e0 di norme e vincoli, molto probabilmente, non trover\u00e0 mai completa attuazione.<span class=\"Apple-converted-space\">\u00a0 <\/span>Ritornando alla \u201criforma sanitaria Tina Anselmi\u201d, in particolare, va riletta la parte finale del primo comma dell\u2019articolo 32 della Costituzione: \u201cLa Repubblica (\u2026) garantisce cure gratuite agli indigenti\u201d.<span class=\"Apple-converted-space\">\u00a0 <\/span>Nel 1948 la stragrande maggioranza degli italiani si trovava in<span class=\"Apple-converted-space\">\u00a0 <\/span>estreme condizioni di \u201cindigenza\u201d del dopoguerra.<span class=\"Apple-converted-space\">\u00a0 <\/span>Sul diritto a \u201cstarbene in salute\u201d, rapportato invece ai giorni nostri, quel sostantivo, \u201cindigenza\u201d, dovrebbe (deve) essere oggetto di radicale cambiamento interpretativo soggettivo, altrimenti milioni di poveri italiani, fra questi molte migliaia di veneti, obbligati alla compartecipazione ai costi, per degli opinabili calcoli sui loro livelli di reddito, rinunceranno alla cure sanitarie, con la conseguenza di non vedersi riconosciuto il fondamentale e vitale \u201cobbligo\u201d delle pubbliche amministrazioni, chiamate, dalla Costituzione, alla tutela della salute come fondamentale diritto dell\u2019individuo nell\u2019interesse della collettivit\u00e0. Su questa urgenza sociale, nel doveroso riconoscimento a Tina Anselmi, la Regione Veneto, in questi giorni fortemente impegnata nell\u2019emergenza Covid 19, subito dopo questo drammatico periodo di contagiati e di molte vittime, prendendo in considerazione le proposte di CGIL CISL UIL e del Forum Terzo Settore, dia un tangibile segnale di cambiamento, eliminando la compartecipazione, a carico dei cittadini: sui costi delle prestazioni sanitarie e sulle rette delle ospitalit\u00e0 protette nelle case di riposo.<span class=\"Apple-converted-space\">\u00a0<\/span><\/p>\n<p>&nbsp;<\/p>\n<hr \/>\n<p>&nbsp;<\/p>\n<p><a class=\"dt-pswp-item\" href=\"https:\/\/www.radiopiu.net\/wordpress\/wp-content\/uploads\/2018\/09\/sport.jpg\" data-dt-img-description=\"\" data-large_image_width=\"800\" data-large_image_height=\"100\"><img loading=\"lazy\" decoding=\"async\" class=\"alignnone size-full wp-image-60761\" src=\"https:\/\/www.radiopiu.net\/wordpress\/wp-content\/uploads\/2018\/09\/sport.jpg\" alt=\"\" width=\"800\" height=\"100\" srcset=\"https:\/\/www.radiopiu.net\/wordpress\/wp-content\/uploads\/2018\/09\/sport.jpg 800w, https:\/\/www.radiopiu.net\/wordpress\/wp-content\/uploads\/2018\/09\/sport-300x38.jpg 300w, https:\/\/www.radiopiu.net\/wordpress\/wp-content\/uploads\/2018\/09\/sport-768x96.jpg 768w\" sizes=\"auto, (max-width: 800px) 100vw, 800px\" \/><\/a><\/p>\n<p>&nbsp;<\/p>\n<blockquote>\n<h3 class=\"entry-title\">ECCO LE CLASSIFICHE FINALI DELLA COPPA VENETO ENERGIAPURA<\/h3>\n<\/blockquote>\n<p><a class=\"dt-pswp-item\" href=\"https:\/\/www.radiopiu.net\/wordpress\/wp-content\/uploads\/2018\/03\/fisiVENETO.jpg\" data-dt-img-description=\"\" data-large_image_width=\"500\" data-large_image_height=\"350\"><img loading=\"lazy\" decoding=\"async\" class=\"wp-image-44765 alignleft\" src=\"https:\/\/www.radiopiu.net\/wordpress\/wp-content\/uploads\/2018\/03\/fisiVENETO.jpg\" alt=\"\" width=\"153\" height=\"107\" srcset=\"https:\/\/www.radiopiu.net\/wordpress\/wp-content\/uploads\/2018\/03\/fisiVENETO.jpg 500w, https:\/\/www.radiopiu.net\/wordpress\/wp-content\/uploads\/2018\/03\/fisiVENETO-300x210.jpg 300w\" sizes=\"auto, (max-width: 153px) 100vw, 153px\" \/><\/a>A livello di societ\u00e0 il successo \u00e8 andato allo Sci club Drusci\u00e9 che, con 5.849 punti, si \u00e8 imposto su Ski College Veneto Falcade (4.158) e Sci club Cortina (3.595). Doppio successo per Gaia Palamara tra le ragazze: la veronese del Drusci\u00e9 ha vinto sia la graduatoria Aspiranti sia quella Giovani. Tra i maschi, primo Aspiranti Elia De Zanna (Cortina), primo Giovani Gianlorenzo Di Paolo (Ski College).<\/p>\n<p>&nbsp;<\/p>\n<p><strong>LE CLASSIFICHE (premi sulla categoria per visualizzare il file)<\/strong><\/p>\n<p><a href=\"https:\/\/www.fisiveneto.com\/wp-content\/uploads\/2020\/04\/16-Coppa-Veneto-2019-2020-ASPIRANTI-FEMMINILE-FINALE.pdf\">16-Coppa-Veneto-2019-2020-ASPIRANTI-FEMMINILE-FINALE<\/a><\/p>\n<p><a href=\"https:\/\/www.fisiveneto.com\/wp-content\/uploads\/2020\/04\/16-Coppa-Veneto-2019-2020-GIOVANI-FEMMINILE-FINALE.pdf\">16-Coppa-Veneto-2019-2020-GIOVANI-FEMMINILE-FINALE<\/a><\/p>\n<p><a href=\"https:\/\/www.fisiveneto.com\/wp-content\/uploads\/2020\/04\/16-Coppa-Veneto-2019-2020-GIOVANI-MASCHILE-FINALE.pdf\">16-Coppa-Veneto-2019-2020-GIOVANI-MASCHILE-FINALE<\/a><\/p>\n<p><a href=\"https:\/\/www.fisiveneto.com\/wp-content\/uploads\/2020\/04\/16-Coppa-Veneto-2019-2020-ASPIRANTI-MASCHILE-FINALE.pdf\">16-Coppa-Veneto-2019-2020-ASPIRANTI-MASCHILE-FINALE<\/a><\/p>\n<p><a href=\"https:\/\/www.fisiveneto.com\/wp-content\/uploads\/2020\/04\/Coppa-Veneto-2019-2020-CALCOLO-CLASS.-SOC.DETT_..pdf\">Coppa-Veneto-2019-2020-CALCOLO-CLASS.-SOC.DETT_.<\/a><\/p>\n<p><a href=\"https:\/\/www.fisiveneto.com\/wp-content\/uploads\/2020\/04\/Coppa-Veneto-2019-2020-CLASSIFICA-SOCIETA.pdf\">Coppa-Veneto-2019-2020-CLASSIFICA-SOCIETA<\/a><\/p>\n<hr \/>\n<p>&nbsp;<\/p>\n<p>&nbsp;<\/p>\n<blockquote>\n<h3><b>ANNULLAMENTO PER DOLOMITI EXTREME TRAIL 2020. APPUNTAMENTO DALL&#8217;11 AL 13 GIUGNO 2021<\/b><\/h3>\n<\/blockquote>\n<p><strong>VAL DI ZOLDO<\/strong>\u00a0<span style=\"font-family: verdana, sans-serif;\"><span style=\"color: #000000;\">Causa emergenza Covid19, l&#8217;edizione 2020 di Dolomiti Extreme Trail 2020 non si disputer\u00e0. Lo staff organizzativo dell&#8217;evento della Val di Zoldo (Belluno) ha infatti deciso di annullare l&#8217;evento in programma dal 12 al 14 giugno prossimi.\u00a0<\/span><\/span><span style=\"font-family: verdana, sans-serif;\"><span style=\"color: #000000;\"><span lang=\"zxx\">\u00ab<\/span><\/span><span style=\"color: #000000;\"><span lang=\"zxx\">C<\/span><\/span><span style=\"color: #000000;\"><span lang=\"zxx\">ome tutti voi ormai ben sapete, il nostro paese, insieme a tante altre nazioni del mondo, \u00e8 messo a dura prova dall&#8217;epidemia di Covid-19. Nessuno in questo momento \u00e8 in grado di prevedere quanto durer\u00e0 lemergenza sanitaria che sta costringendo tutti noi a drastici cambiamenti di abitudini e stili di vita<\/span><\/span><span style=\"color: #000000;\"><span lang=\"zxx\">\u00bb<\/span><\/span><span style=\"color: #000000;\"><span lang=\"zxx\">\u00a0cos\u00ec i due coordinatori del comitato organizzatore, Paolo Franchi e Corrado De Rocco, si rivolgono agli iscritti<\/span><\/span><span style=\"color: #000000;\"><span lang=\"zxx\">.\u00a0<\/span><\/span><span style=\"color: #000000;\"><span lang=\"zxx\">\u00ab<\/span><\/span><span style=\"color: #000000;\"><span lang=\"zxx\">Abbiamo sperato fino all&#8217;ultimo di poter confermare il normale svolgimento del Dolomiti Extreme Trail, ma a questo punto, tenendo in considerazione l\u2019evoluzione del contagio in molte delle 47 nazioni da cui provengono i nostri iscritti, pensiamo che a giugno non possa essere garantita quella festa di sport e amicizia che noi vogliamo sia il Dxt. La decisione \u00e8 stata quella di annullare tutte le gare in programma dal 12 al 14 giugno e di rinviare l\u2019appuntamento con tutti voi al 2021. Le iscrizioni gi\u00e0 effettuate per l&#8217;edizione 2020 saranno pertanto considerate valide per il Dxt in programma dall&#8217;11 al 13 giugno del prossimo anno<\/span><\/span><span style=\"color: #000000;\"><span lang=\"zxx\">\u00bb<\/span><\/span><span style=\"color: #000000;\"><span lang=\"zxx\">.<\/span><\/span><\/span><\/p>\n<p>&nbsp;<\/p>\n<hr \/>\n<p>&nbsp;<\/p>\n<p><a class=\"dt-pswp-item\" href=\"https:\/\/www.radiopiu.net\/wordpress\/wp-content\/uploads\/2018\/09\/WhatsApp-Image-2018-09-20-at-16.04.06.jpeg\" data-dt-img-description=\"\" data-large_image_width=\"800\" data-large_image_height=\"100\"><img loading=\"lazy\" decoding=\"async\" class=\"size-full wp-image-61378 aligncenter\" src=\"https:\/\/www.radiopiu.net\/wordpress\/wp-content\/uploads\/2018\/09\/WhatsApp-Image-2018-09-20-at-16.04.06.jpeg\" alt=\"\" width=\"800\" height=\"100\" srcset=\"https:\/\/www.radiopiu.net\/wordpress\/wp-content\/uploads\/2018\/09\/WhatsApp-Image-2018-09-20-at-16.04.06.jpeg 800w, https:\/\/www.radiopiu.net\/wordpress\/wp-content\/uploads\/2018\/09\/WhatsApp-Image-2018-09-20-at-16.04.06-300x38.jpeg 300w, https:\/\/www.radiopiu.net\/wordpress\/wp-content\/uploads\/2018\/09\/WhatsApp-Image-2018-09-20-at-16.04.06-768x96.jpeg 768w\" sizes=\"auto, (max-width: 800px) 100vw, 800px\" \/><\/a><\/p>\n<p>&nbsp;<\/p>\n<p><center><b>Venerdi 3<\/b><\/center><b>Tempo atteso:\u00a0<\/b>Tempo stabile e ben soleggiato con cielo generalmente sereno al mattino, eccetto presenza di nubi medie stratiformi e di cumuli al pomeriggio. Clima meno freddo di notte e pi\u00f9 mite di giorno a tutte le quote.<br \/>\n<b>Precipitazioni:\u00a0<\/b>Assenti (0%).<br \/>\n<b>Temperature:\u00a0<\/b>In generale aumento a tutte le quote, eccetto stazionariet\u00e0 delle massime sulle cime dolomitiche. Probabile lieve inversione notturna nei fondovalle. In giornata saranno raggiunte punte di 13\/14\u00b0C nelle conche prealpine e di 9\/10\u00b0C a 1000\/1200 m grazie al buon soleggiamento. Su Prealpi a 1500 m min -1\u00b0C max 3\u00b0C, a 2000 m min -2\u00b0C max 0\u00b0C. Su Dolomiti a 2000 m min -2\u00b0C max 1\u00b0C, a 3000 m min -9\u00b0C max -8\u00b0C.<br \/>\n<b>Venti:\u00a0<\/b>Deboli di direzione variabile per brezze nelle valli, salvo consueti rinforzi notturni su alcuni settori prealpini; in quota deboli da nord-ovest, a 5-10 km\/h a 2000 m e 10-15 km\/h a 3000 m.<\/p>\n<hr \/>\n<p><center><b>Sabato 4<\/b><\/center><b>Tempo atteso:\u00a0<\/b>Qualche annuvolamento medio-basso durante la notte, in diradamento subito dopo il sorgere del sole, lasciando spazio a una splendida giornata con sole e cielo perlopi\u00f9 sereno, eccetto modesti cumuli durante le ore pi\u00f9 calde. Clima leggermente pi\u00f9 mite rispetto a venerd\u00ec.<br \/>\n<b>Precipitazioni:\u00a0<\/b>Assenti (0%).<br \/>\n<b>Temperature:\u00a0<\/b>In ulteriore lieve aumento rispetto a venerd\u00ec, eccetto stazionariet\u00e0 o leggera diminuzione delle minime in alta quota. Grazie al buon soleggiamento si prevedono massimi in aumento di 2\/3\u00b0C nelle valli rispetto a venerd\u00ec. Su Prealpi a 1500 m min -1\u00b0C max 4\u00b0C, a 2000 m min -2\u00b0C max 2\u00b0C. Su Dolomiti a 2000 m min -3\u00b0C max 3\u00b0C, a 3000 m min -10\u00b0C max -5\u00b0C.<br \/>\n<b>Venti:\u00a0<\/b>Deboli di direzione variabile per brezze nelle valli, salvo consueti rinforzi notturni su alcuni settori prealpini; in quota deboli da nordnord-ovest, a 5-10 km\/h a sia a 2000 m che a 3000 m.<\/p>\n<hr \/>\n<p><center><b>Domenica 5<\/b><\/center>Tempo stabile e ben soleggiato con cielo generalmente sereno, eccetto qualche innocuo cumulo di bel tempo durante le ore pi\u00f9 calde. Temperature in generale aumento con clima un po&#8217; pi\u00f9 mite a tutte le quote rispetto a sabato, specie nei settori pi\u00f9 assolati. Venti in quota deboli da nord-est al mattino, da sud-est al pomeriggio, deboli\/moderati per brezze nelle valli.<\/p>\n<hr \/>\n<p><center><b>Lunedi 6<\/b><\/center>Tempo stabile e ben soleggiato con cielo generalmente sereno, eccetto qualche innocuo cumulo di bel tempo durante le ore pi\u00f9 calde. Temperature minime pressoch\u00e9 stazionarie e massime in ulteriore aumento, con clima diurno quasi primaverile, specie nelle valli pi\u00f9 assolate. Venti deboli dai quadranti meridionali in quota, deboli\/moderati a regime di brezza nelle valli. Previsore: R.L.Th.<\/p>\n","protected":false},"excerpt":{"rendered":"<p>PER RICEVERE QUESTO NOTIZIARIO DIRETTAMENTE SUL TUO CELLULARE ISCRIVITI AL CANALE\u00a0TELEGRAM\u00a0\u201cRADIO PIU\u00a0 INFORMAZIONE\u201d &nbsp; Il grazie di Voltago ad Antonio Russo, vice prefetto e commissario in seguito alla mancata elezione del sindaco lo scorso maggio, Anche in questi giorni di &#8220;crisi&#8221; per Covid_19 \u00e8 in prima linea in Municipio ed a capo della sezione di&hellip;<\/p>\n","protected":false},"author":4,"featured_media":127018,"comment_status":"closed","ping_status":"closed","sticky":false,"template":"","format":"standard","meta":{"_monsterinsights_skip_tracking":false,"_monsterinsights_sitenote_active":false,"_monsterinsights_sitenote_note":"","_monsterinsights_sitenote_category":0,"footnotes":""},"categories":[1,51,86],"tags":[],"class_list":["post-126915","post","type-post","status-publish","format-standard","has-post-thumbnail","hentry","category-senza-categoria","category-evidenza-top","category-gr","category-1","category-51","category-86","description-off"],"img_url":"https:\/\/www.radiopiu.net\/wordpress\/wp-content\/uploads\/2020\/04\/0902675d-a348-4e7a-86bf-9b48ac081d5c.jpg","_links":{"self":[{"href":"https:\/\/www.radiopiu.net\/wordpress\/wp-json\/wp\/v2\/posts\/126915","targetHints":{"allow":["GET"]}}],"collection":[{"href":"https:\/\/www.radiopiu.net\/wordpress\/wp-json\/wp\/v2\/posts"}],"about":[{"href":"https:\/\/www.radiopiu.net\/wordpress\/wp-json\/wp\/v2\/types\/post"}],"author":[{"embeddable":true,"href":"https:\/\/www.radiopiu.net\/wordpress\/wp-json\/wp\/v2\/users\/4"}],"replies":[{"embeddable":true,"href":"https:\/\/www.radiopiu.net\/wordpress\/wp-json\/wp\/v2\/comments?post=126915"}],"version-history":[{"count":0,"href":"https:\/\/www.radiopiu.net\/wordpress\/wp-json\/wp\/v2\/posts\/126915\/revisions"}],"wp:featuredmedia":[{"embeddable":true,"href":"https:\/\/www.radiopiu.net\/wordpress\/wp-json\/wp\/v2\/media\/127018"}],"wp:attachment":[{"href":"https:\/\/www.radiopiu.net\/wordpress\/wp-json\/wp\/v2\/media?parent=126915"}],"wp:term":[{"taxonomy":"category","embeddable":true,"href":"https:\/\/www.radiopiu.net\/wordpress\/wp-json\/wp\/v2\/categories?post=126915"},{"taxonomy":"post_tag","embeddable":true,"href":"https:\/\/www.radiopiu.net\/wordpress\/wp-json\/wp\/v2\/tags?post=126915"}],"curies":[{"name":"wp","href":"https:\/\/api.w.org\/{rel}","templated":true}]}}