{"id":126975,"date":"2020-04-02T14:02:18","date_gmt":"2020-04-02T12:02:18","guid":{"rendered":"https:\/\/www.radiopiu.net\/wordpress\/?p=126975"},"modified":"2020-04-02T15:54:42","modified_gmt":"2020-04-02T13:54:42","slug":"non-tutti-i-virus-vengono-per-nuocere","status":"publish","type":"post","link":"https:\/\/www.radiopiu.net\/wordpress\/non-tutti-i-virus-vengono-per-nuocere\/","title":{"rendered":"NON TUTTI I VIRUS VENGONO PER NUOCERE"},"content":{"rendered":"<h2>L&#8217;OPINIONE<\/h2>\n<p><b><a class=\"dt-pswp-item\" href=\"https:\/\/www.radiopiu.net\/wordpress\/wp-content\/uploads\/2020\/04\/computer.jpg\" data-dt-img-description=\"\" data-large_image_width=\"1920\" data-large_image_height=\"1255\"><img loading=\"lazy\" decoding=\"async\" class=\"alignleft wp-image-126976 size-medium\" src=\"https:\/\/www.radiopiu.net\/wordpress\/wp-content\/uploads\/2020\/04\/computer-300x196.jpg\" alt=\"\" width=\"300\" height=\"196\" srcset=\"https:\/\/www.radiopiu.net\/wordpress\/wp-content\/uploads\/2020\/04\/computer-300x196.jpg 300w, https:\/\/www.radiopiu.net\/wordpress\/wp-content\/uploads\/2020\/04\/computer-1024x669.jpg 1024w, https:\/\/www.radiopiu.net\/wordpress\/wp-content\/uploads\/2020\/04\/computer-768x502.jpg 768w, https:\/\/www.radiopiu.net\/wordpress\/wp-content\/uploads\/2020\/04\/computer-1536x1004.jpg 1536w, https:\/\/www.radiopiu.net\/wordpress\/wp-content\/uploads\/2020\/04\/computer.jpg 1920w\" sizes=\"auto, (max-width: 300px) 100vw, 300px\" \/><\/a>di Daniel Sirena<\/b><\/p>\n<p><b>La ricetta anti-spopolamento che farebbe bene alle aziende, al turismo, alle periferie e all\u2019ambiente.<\/b><\/p>\n<p class=\"gmail-MsoSubtitle\"><em><span style=\"color: #666666;\">Pochi giorni fa si stava ragionando, con l\u2019ing. Nicolao, sui risvolti positivi che potrebbero derivare da questa esperienza di isolamento pandemico.\u00a0<\/span><span style=\"color: #666666;\">Lo spunto nasce, guardando all\u2019 Agordino, ma pi\u00f9 in generale, al territorio nazionale, ai benefici che potrebbero trarre i paesini, i centri isolati e le aziende stesse, se lavorassimo da casa come durante questa quarantena. Pensando alle molte persone, dipendenti o liberi professionisti, che si sono trovate in questi giorni a lavorare in Smart Working, si potrebbe guardare al futuro investendo in questa direzione. Potrebbe essere un risparmio per le aziende, per il lavoratore e una risorsa per le periferie.\u00a0<\/span><span style=\"color: #666666;\">Immaginiamo banalmente un dipendente Luxottica che lavora da casa quattro giorni a settimana. La convenienza in primis sarebbe per l\u2019azienda che risparmierebbe su mensa, riscaldamento uffici, infrastrutture, ampliamento locali, posti auto, costi di servizi pubblici. <\/span><span style=\"color: #666666;\">Lo smart worker mangerebbe a casa risparmiando i costi di carburante ed usura dell\u2019auto, quel risparmio andrebbe in parte nei negozi del territorio, magari berrebbe il caff\u00e8 al bar del paese, userebbe la posta, avrebbe pi\u00f9 tempo per seguire i figli, darebbe numeri e senso all\u2019investire in infrastrutture internet. Evidenti sarebbero i risvolti indiretti utili al turismo, all\u2019anti spopolamento e non meno importante, con la riduzione dell\u2019inquinamento, all\u2019ambiente.\u00a0<\/span><span style=\"color: #666666;\"><span class=\"gmail-MsoIntenseEmphasis\">Mi permetto concludendo, un suggerimento alle piccole attivit\u00e0\u00a0<\/span><span class=\"gmail-MsoIntenseEmphasis\">commerciali.\u00a0<\/span><\/span><span class=\"gmail-MsoIntenseEmphasis\"><span style=\"color: #666666;\">Abbassiamo un pelo i prezzi perdendo magari qualcosina ora, ma creiamo un rapporto di fiducia a lungo termine con il consumatore. Allo stesso modo, consumatore, sforzati di acquistare nel negozio sotto casa. \u00c8 comodo quando dimentichiamo lo zucchero ma se ci compriamo solo quello tra un po&#8217; non esister\u00e0 pi\u00f9. \u00c8 una questione di fiducia reciproca, un investimento per tutti.<\/span><\/span><\/em><\/p>\n","protected":false},"excerpt":{"rendered":"<p>L&#8217;OPINIONE di Daniel Sirena La ricetta anti-spopolamento che farebbe bene alle aziende, al turismo, alle periferie e all\u2019ambiente. Pochi giorni fa si stava ragionando, con l\u2019ing. Nicolao, sui risvolti positivi che potrebbero derivare da questa esperienza di isolamento pandemico.\u00a0Lo spunto nasce, guardando all\u2019 Agordino, ma pi\u00f9 in generale, al territorio nazionale, ai benefici che potrebbero&hellip;<\/p>\n","protected":false},"author":4,"featured_media":126976,"comment_status":"closed","ping_status":"closed","sticky":false,"template":"","format":"standard","meta":{"_monsterinsights_skip_tracking":false,"_monsterinsights_sitenote_active":false,"_monsterinsights_sitenote_note":"","_monsterinsights_sitenote_category":0,"footnotes":""},"categories":[104,49],"tags":[],"class_list":["post-126975","post","type-post","status-publish","format-standard","has-post-thumbnail","hentry","category-evidenza_3","category-news-18","category-104","category-49","description-off"],"img_url":"https:\/\/www.radiopiu.net\/wordpress\/wp-content\/uploads\/2020\/04\/computer.jpg","_links":{"self":[{"href":"https:\/\/www.radiopiu.net\/wordpress\/wp-json\/wp\/v2\/posts\/126975","targetHints":{"allow":["GET"]}}],"collection":[{"href":"https:\/\/www.radiopiu.net\/wordpress\/wp-json\/wp\/v2\/posts"}],"about":[{"href":"https:\/\/www.radiopiu.net\/wordpress\/wp-json\/wp\/v2\/types\/post"}],"author":[{"embeddable":true,"href":"https:\/\/www.radiopiu.net\/wordpress\/wp-json\/wp\/v2\/users\/4"}],"replies":[{"embeddable":true,"href":"https:\/\/www.radiopiu.net\/wordpress\/wp-json\/wp\/v2\/comments?post=126975"}],"version-history":[{"count":0,"href":"https:\/\/www.radiopiu.net\/wordpress\/wp-json\/wp\/v2\/posts\/126975\/revisions"}],"wp:featuredmedia":[{"embeddable":true,"href":"https:\/\/www.radiopiu.net\/wordpress\/wp-json\/wp\/v2\/media\/126976"}],"wp:attachment":[{"href":"https:\/\/www.radiopiu.net\/wordpress\/wp-json\/wp\/v2\/media?parent=126975"}],"wp:term":[{"taxonomy":"category","embeddable":true,"href":"https:\/\/www.radiopiu.net\/wordpress\/wp-json\/wp\/v2\/categories?post=126975"},{"taxonomy":"post_tag","embeddable":true,"href":"https:\/\/www.radiopiu.net\/wordpress\/wp-json\/wp\/v2\/tags?post=126975"}],"curies":[{"name":"wp","href":"https:\/\/api.w.org\/{rel}","templated":true}]}}