{"id":127186,"date":"2020-04-03T09:49:01","date_gmt":"2020-04-03T07:49:01","guid":{"rendered":"https:\/\/www.radiopiu.net\/wordpress\/?p=127186"},"modified":"2020-04-03T09:49:01","modified_gmt":"2020-04-03T07:49:01","slug":"la-fim-lancia-lallarme-salari-con-la-cassa-integrazione-stipendi-dimezzati","status":"publish","type":"post","link":"https:\/\/www.radiopiu.net\/wordpress\/la-fim-lancia-lallarme-salari-con-la-cassa-integrazione-stipendi-dimezzati\/","title":{"rendered":"LA FIM LANCIA L\u2019ALLARME SALARI: CON LA CASSA INTEGRAZIONE STIPENDI DIMEZZATI"},"content":{"rendered":"<div align=\"left\"><\/div>\n<blockquote>\n<h3 align=\"left\">LA FIM LANCIA L\u2019ALLARME SALARI: CON LA CASSA INTEGRAZIONE STIPENDI DIMEZZATI<\/h3>\n<\/blockquote>\n<div align=\"left\"><\/div>\n<div align=\"left\"><strong><a class=\"dt-pswp-item\" href=\"https:\/\/www.radiopiu.net\/wordpress\/wp-content\/uploads\/2020\/04\/FIM-BELLUNO.png\" data-dt-img-description=\"\" data-large_image_width=\"263\" data-large_image_height=\"191\"><img loading=\"lazy\" decoding=\"async\" class=\" wp-image-126995 alignleft\" src=\"https:\/\/www.radiopiu.net\/wordpress\/wp-content\/uploads\/2020\/04\/FIM-BELLUNO.png\" alt=\"\" width=\"157\" height=\"114\" \/><\/a>BELLUNO<\/strong> Salari dimezzati per almeno 3.400 dipendenti del settore metalmeccanico in provincia di Belluno. A lanciare l\u2019allarme \u00e8 la segreteria della Fim Cisl Belluno Treviso.Si prospetta un periodo molto difficile per i lavoratori perch\u00e9 con la cassa integrazione a zero ore, l\u2019impatto sul reddito \u00e8 devastante: si pu\u00f2 arrivare a perdere anche il 50% dello stipendio. Considerando infatti che il lordo di un operaio di terzo livello \u00e8 pari a 1650 euro, che la cassa a zero ore paga al massimo 1000 euro al mese e che in cassa non si maturano n\u00e9 ferie n\u00e9 permessi n\u00e9 tredicesima, la perdita per ciascun lavoratore sar\u00e0 attorno al 50% dello stipendio.<\/div>\n<div align=\"left\"><\/div>\n<div align=\"left\"><strong>MATTEO CAREGNATO, FIM BELLUNO-TREVISO<\/strong><\/div>\n<div align=\"left\">\n<audio class=\"wp-audio-shortcode\" id=\"audio-127186-1\" preload=\"none\" style=\"width: 100%;\" controls=\"controls\"><source type=\"audio\/mpeg\" src=\"https:\/\/www.radiopiu.net\/wordpress\/wp-content\/uploads\/2020\/04\/Matteo-Caregnato-della-Fim-Belluno-Treviso.mp3?_=1\" \/><a href=\"https:\/\/www.radiopiu.net\/wordpress\/wp-content\/uploads\/2020\/04\/Matteo-Caregnato-della-Fim-Belluno-Treviso.mp3\">https:\/\/www.radiopiu.net\/wordpress\/wp-content\/uploads\/2020\/04\/Matteo-Caregnato-della-Fim-Belluno-Treviso.mp3<\/a><\/audio>\n<\/div>\n","protected":false},"excerpt":{"rendered":"<p>LA FIM LANCIA L\u2019ALLARME SALARI: CON LA CASSA INTEGRAZIONE STIPENDI DIMEZZATI BELLUNO Salari dimezzati per almeno 3.400 dipendenti del settore metalmeccanico in provincia di Belluno. A lanciare l\u2019allarme \u00e8 la segreteria della Fim Cisl Belluno Treviso.Si prospetta un periodo molto difficile per i lavoratori perch\u00e9 con la cassa integrazione a zero ore, l\u2019impatto sul reddito&hellip;<\/p>\n","protected":false},"author":1,"featured_media":126995,"comment_status":"closed","ping_status":"closed","sticky":false,"template":"","format":"standard","meta":{"_monsterinsights_skip_tracking":false,"_monsterinsights_sitenote_active":false,"_monsterinsights_sitenote_note":"","_monsterinsights_sitenote_category":0,"footnotes":""},"categories":[49],"tags":[],"class_list":["post-127186","post","type-post","status-publish","format-standard","has-post-thumbnail","hentry","category-news-18","category-49","description-off"],"img_url":"https:\/\/www.radiopiu.net\/wordpress\/wp-content\/uploads\/2020\/04\/FIM-BELLUNO.png","_links":{"self":[{"href":"https:\/\/www.radiopiu.net\/wordpress\/wp-json\/wp\/v2\/posts\/127186","targetHints":{"allow":["GET"]}}],"collection":[{"href":"https:\/\/www.radiopiu.net\/wordpress\/wp-json\/wp\/v2\/posts"}],"about":[{"href":"https:\/\/www.radiopiu.net\/wordpress\/wp-json\/wp\/v2\/types\/post"}],"author":[{"embeddable":true,"href":"https:\/\/www.radiopiu.net\/wordpress\/wp-json\/wp\/v2\/users\/1"}],"replies":[{"embeddable":true,"href":"https:\/\/www.radiopiu.net\/wordpress\/wp-json\/wp\/v2\/comments?post=127186"}],"version-history":[{"count":0,"href":"https:\/\/www.radiopiu.net\/wordpress\/wp-json\/wp\/v2\/posts\/127186\/revisions"}],"wp:featuredmedia":[{"embeddable":true,"href":"https:\/\/www.radiopiu.net\/wordpress\/wp-json\/wp\/v2\/media\/126995"}],"wp:attachment":[{"href":"https:\/\/www.radiopiu.net\/wordpress\/wp-json\/wp\/v2\/media?parent=127186"}],"wp:term":[{"taxonomy":"category","embeddable":true,"href":"https:\/\/www.radiopiu.net\/wordpress\/wp-json\/wp\/v2\/categories?post=127186"},{"taxonomy":"post_tag","embeddable":true,"href":"https:\/\/www.radiopiu.net\/wordpress\/wp-json\/wp\/v2\/tags?post=127186"}],"curies":[{"name":"wp","href":"https:\/\/api.w.org\/{rel}","templated":true}]}}