{"id":127202,"date":"2020-04-03T11:31:52","date_gmt":"2020-04-03T09:31:52","guid":{"rendered":"https:\/\/www.radiopiu.net\/wordpress\/?p=127202"},"modified":"2020-04-03T17:01:54","modified_gmt":"2020-04-03T15:01:54","slug":"diretta-di-adriano-rasi-caldogno-direttore-generale-ulss-1-dolomiti","status":"publish","type":"post","link":"https:\/\/www.radiopiu.net\/wordpress\/diretta-di-adriano-rasi-caldogno-direttore-generale-ulss-1-dolomiti\/","title":{"rendered":"LEGGI LA CONFERENZA STAMPA DEL DIRETTORE DELLA ULSS1 E LE DOMANDE PER LE QUALI ATTENDIAMO UNA RISPOSTA"},"content":{"rendered":"<h2><\/h2>\n<blockquote class=\"wp-embedded-content\" data-secret=\"ouQ5JQHd48\"><p><a href=\"https:\/\/www.radiopiu.net\/wordpress\/il-coronavirus-non-risparmia-la-casa-di-soggiorno-di-taibon-un-paziente-in-ospedale-e-4-membri-dello-staff-in-isolamento\/\">IL CORONAVIRUS NON RISPARMIA LA CASA DI SOGGIORNO DI TAIBON, UN PAZIENTE IN OSPEDALE E 4 MEMBRI DELLO STAFF IN ISOLAMENTO<\/a><\/p><\/blockquote>\n<p><iframe loading=\"lazy\" title=\"&#8220;IL CORONAVIRUS NON RISPARMIA LA CASA DI SOGGIORNO DI TAIBON, UN PAZIENTE IN OSPEDALE E 4 MEMBRI DELLO STAFF IN ISOLAMENTO&#8221; &#8212; Radio Pi\u00f9\" class=\"wp-embedded-content\" sandbox=\"allow-scripts\" security=\"restricted\" style=\"position: absolute; clip: rect(1px, 1px, 1px, 1px);\" src=\"https:\/\/www.radiopiu.net\/wordpress\/il-coronavirus-non-risparmia-la-casa-di-soggiorno-di-taibon-un-paziente-in-ospedale-e-4-membri-dello-staff-in-isolamento\/embed\/#?secret=ouQ5JQHd48\" data-secret=\"ouQ5JQHd48\" width=\"600\" height=\"338\" frameborder=\"0\" marginwidth=\"0\" marginheight=\"0\" scrolling=\"no\"><\/iframe><\/p>\n<ol>\n<li><\/li>\n<\/ol>\n<blockquote>\n<h2>LEGGI LA CONFERENZA STAMPA DI ADRIANO RASI CALDOGNO, DIRETTORE ULSS1 DOLOMITI<\/h2>\n<\/blockquote>\n<p><strong>DATI 499 POSITIVI DAL 21 FEBBRAIO, 452 OGGI POSITIVI 1349 IN ISOLAMENTO DOMICILIARE\u00a0<\/strong><\/p>\n<p>&nbsp;<\/p>\n<blockquote>\n<h1>79 CASI DI POSITIVITA&#8217; NELLE CASE DI RIPOSO<\/h1>\n<\/blockquote>\n<p><strong>CASE DI RIPOSO Attualmente il numero di ospiti oggetto di tamponi \u00e8 di 160, di questi<span style=\"color: #ff0000;\"> 54<\/span> sono risultati positivi;\u00a0 i dipendenti oggetto di tampone sono stati 538 con <span style=\"color: #ff0000;\">25<\/span> persone positivi la campagna prosegue con 2-3 case di riposo al giorno con un monte di\u00a0 60-100 tamponi sempre\u00a0 al giorno.<\/strong><\/p>\n<p>&nbsp;<\/p>\n<p>&nbsp;<\/p>\n<p>9 pazienti in terapia intensiva, 50 in area non critica 42 a Belluno e 8 a Feltre e negli ospedali di comunit\u00e0 di Agordo e Belluno 26 ricoverati pazienti affetti da Coronavirus. Dato importante che desta attenzione dalla popolazione il numero di tamponi, ieri alle 16 sono stati effettuati dal 21 febbraio 7426 tamponi, 4178 effettuati su dipendenti e 981\u00a0 nell&#8217;ambito delle case di riposo. Non coincidono con il numero di pensione poich\u00e9 ripetuti a scadenze pre determinate ed effettuati a persone che hanno finito il periodo di quarantena. La percentuale popolazione risultata positiva in provincia 0.23% media veneta 0.20% questo dato \u00e8 direttamente proporzionale al numero di tamponi, tanto \u00e8 maggiore tanto \u00e8 positivo. Indici confortanti: asintomatici 70,4% media regionale 64,2% Pazienti covid area non critica 15,9% del totale di positivi media regionale 17,8%. Pazienti in terapia intensiva 2,2% media regionale 3,6%. Periodo di degenza pi\u00f9 lungo dimessi 8% regione 9.4% Decessi 3,5 contro media 4,9% che sono proporzionati al numero di tamponi svolti. Altro elemento situazione case di riposo nella provincia gestite da enti autonomi che hanno l&#8217;apporto di tipo sanitario dell&#8217;Ulss Dolomiti. In questo periodo consci della delicatezza delle situazioni (ospitano non autosufficienti e in larghissima misura di et\u00e0 avanzata) poich\u00e9 con soggetti fragili, noi abbiamo attivato da tempo una task force dedicata competente per dare sostegno ai centri di servizio. Questo gruppo ha effettuato sopralluoghi per verificare l&#8217;applicazione dei sistemi sanitari partendo dalle situazioni con maggiori criticit\u00e0. Nell&#8217;ordine: casa di riposo di Alano di Piave, casa di Puos d&#8217;Alpago e Santa Croce del Lago. Sono i centri servizio con situazioni di maggiore criticit\u00e0, situazioni affrontate e governate in maniera lineare sia dalle direzioni delle case di riposo che con il supporto della task force della Ulss1. I dipendenti e i medici di medicina generale operanti nei centri di servizio sono oggetto di un piano speicifico di tamponamento per evidenziare la percentuale di positivi al loro interno. Oltre a sanitari e medici attivati in due case di riposo due gruppi che sono in grado di svolgere in maniera sistematica questa azione sulle varie struture. Sono 30 i centri di servizio in provincia ogni giorno mediamente vengono visitate 2-3 case di riposo abbiamo svolto una mole notevole di tamponi. Altro tema la criticit\u00e0 verificata nelle settimane scorse dei\u00a0 dispositivi di protezione, tema nazionale riverberato in tutte le situazioni locali, nella UIss1\u00a0 e case di riposo. Superate le difficolt\u00e0 iniziali &#8211; problema nazionale e non solo &#8211;\u00a0 che ha messo in pressione tutta la catena distributiva e produttiva, ormai da diversi giorni la situazione \u00e8 stabilizzata e da tempo abbiamo avviato su indicazioni\u00a0 regionali una distribuzione in ausilio alle loro disponibilit\u00e0 di 15 mila mascherine, distribuzione in corso pari al fabbisogno stimato di 2 settimane. Rimpinguate le disponibilit\u00e0 con ulteriori stok tramite la Prefettura. Questa situazione monitorata con le direzioni case di riposo, ci sono stati incontri con tutti i direttori con periodicit\u00e0 frequente. Si sono tenute varie video conferenze per fare il punto della situazione e intervenire a supporto delle case di riposo. Ieri incontro con i rappresentanti sindacali da loro richiesto per avere la situazione dei centri servizi e sono state date tutte le informazioni disponibili \u00e8 stato un incontro positivo. CI siamo incontrati con la RSU della nostra azienda. Prossima settimana incontro richiesto dalle organizzazioni sindacali dipendenti medici dopo una riunione analoga di una settimana fa per illustrare cosa stiamo facendo. La nostra azione non si ferma a questo, si terr\u00e0 con l&#8217;Ail un corso di formazione con il dottor Ermenegildo Francavilla rientrato in servizio a titolo volontario. Sar\u00e0 un corso dedicato ai referenti centri di servizio per i casi positivi Covid e uso dispositivi individuali. Attivato un sostegno psicologico per gli operatori delle case di riposo e pazienti presenti nelle strutture. Diffuso a tutte le case di riposo il materiale informativo per la gestione delll&#8217;emergenza e supporto natura psicologico.<\/p>\n<p>&nbsp;<\/p>\n<p>&nbsp;<\/p>\n<p>https:\/\/www.facebook.com\/RasiCaldognoUlssDolomiti\/videos\/214689219951592<\/p>\n","protected":false},"excerpt":{"rendered":"<p>IL CORONAVIRUS NON RISPARMIA LA CASA DI SOGGIORNO DI TAIBON, UN PAZIENTE IN OSPEDALE E 4 MEMBRI DELLO STAFF IN ISOLAMENTO LEGGI LA CONFERENZA STAMPA DI ADRIANO RASI CALDOGNO, DIRETTORE ULSS1 DOLOMITI DATI 499 POSITIVI DAL 21 FEBBRAIO, 452 OGGI POSITIVI 1349 IN ISOLAMENTO DOMICILIARE\u00a0 &nbsp; 79 CASI DI POSITIVITA&#8217; NELLE CASE DI RIPOSO CASE&hellip;<\/p>\n","protected":false},"author":4,"featured_media":121260,"comment_status":"closed","ping_status":"closed","sticky":false,"template":"","format":"standard","meta":{"_monsterinsights_skip_tracking":false,"_monsterinsights_sitenote_active":false,"_monsterinsights_sitenote_note":"","_monsterinsights_sitenote_category":0,"footnotes":""},"categories":[104,49],"tags":[],"class_list":["post-127202","post","type-post","status-publish","format-standard","has-post-thumbnail","hentry","category-evidenza_3","category-news-18","category-104","category-49","description-off"],"img_url":"https:\/\/www.radiopiu.net\/wordpress\/wp-content\/uploads\/2020\/03\/covid-ulss.jpg","_links":{"self":[{"href":"https:\/\/www.radiopiu.net\/wordpress\/wp-json\/wp\/v2\/posts\/127202","targetHints":{"allow":["GET"]}}],"collection":[{"href":"https:\/\/www.radiopiu.net\/wordpress\/wp-json\/wp\/v2\/posts"}],"about":[{"href":"https:\/\/www.radiopiu.net\/wordpress\/wp-json\/wp\/v2\/types\/post"}],"author":[{"embeddable":true,"href":"https:\/\/www.radiopiu.net\/wordpress\/wp-json\/wp\/v2\/users\/4"}],"replies":[{"embeddable":true,"href":"https:\/\/www.radiopiu.net\/wordpress\/wp-json\/wp\/v2\/comments?post=127202"}],"version-history":[{"count":0,"href":"https:\/\/www.radiopiu.net\/wordpress\/wp-json\/wp\/v2\/posts\/127202\/revisions"}],"wp:featuredmedia":[{"embeddable":true,"href":"https:\/\/www.radiopiu.net\/wordpress\/wp-json\/wp\/v2\/media\/121260"}],"wp:attachment":[{"href":"https:\/\/www.radiopiu.net\/wordpress\/wp-json\/wp\/v2\/media?parent=127202"}],"wp:term":[{"taxonomy":"category","embeddable":true,"href":"https:\/\/www.radiopiu.net\/wordpress\/wp-json\/wp\/v2\/categories?post=127202"},{"taxonomy":"post_tag","embeddable":true,"href":"https:\/\/www.radiopiu.net\/wordpress\/wp-json\/wp\/v2\/tags?post=127202"}],"curies":[{"name":"wp","href":"https:\/\/api.w.org\/{rel}","templated":true}]}}